{"id":1003,"date":"2025-09-25T14:46:00","date_gmt":"2025-09-25T19:46:00","guid":{"rendered":"https:\/\/emisarioec.com\/?p=1003"},"modified":"2025-10-01T01:24:20","modified_gmt":"2025-10-01T06:24:20","slug":"prefecta-marcela-aguinaga-lidera-eventos-clave-para-el-desarrollo-del-canton-playas-hay-que-reactivar-la-economia-de-esta-zona","status":"publish","type":"post","link":"https:\/\/emisarioec.com\/index.php\/2025\/09\/25\/prefecta-marcela-aguinaga-lidera-eventos-clave-para-el-desarrollo-del-canton-playas-hay-que-reactivar-la-economia-de-esta-zona\/","title":{"rendered":"Prefecta Marcela Agui\u00f1aga lidera eventos clave para el desarrollo del cant\u00f3n Playas: \u201cHay que reactivar la econom\u00eda de esta zona\u201d"},"content":{"rendered":"\n<p>Una de las ciudades m\u00e1s afectadas por la inseguridad en Ecuador es Playas, reconocido balneario de la provincia del Guayas, que ahora cuenta con una gran oportunidad para su reactivaci\u00f3n econ\u00f3mica, gracias a una campa\u00f1a impulsada por la prefecta Marcela Agui\u00f1aga y el viceprefecto Carlos Serrano. Recientemente, las autoridades lideraron dos grandes eventos para promover el desarrollo local: una minga, en conmemoraci\u00f3n al D\u00eda Internacional de Limpieza de Playas, y el Festival denominado \u201cAlma Guayaca con Sabor a Playas\u201d.<\/p>\n\n\n\n<p>En el festival impulsado por el Gobierno Provincial del Guayas, m\u00e1s de 50 emprendedores expusieron lo mejor de la gastronom\u00eda, las artesan\u00edas y otros productos con gran aceptaci\u00f3n de los asistentes. La prefecta Agui\u00f1aga aprovech\u00f3 su visita a cada uno de los stands para felicitar personalmente por su esfuerzo y creatividad a cada uno de los participantes. \u201cPlayas necesita de nosotros. Hay que reactivar la econom\u00eda de esta zona, por eso generamos estos espacios para apoyar a sus emprendedores y habitantes\u201d, resalt\u00f3.<\/p>\n\n\n\n<p>Esta jornada hist\u00f3rica de reactivaci\u00f3n econ\u00f3mica marca un precedente en el cant\u00f3n, promoviendo la sostenibilidad y el apoyo a los emprendimientos locales.<\/p>\n\n\n\n<p>Como parte de la agenda de actividades en este centro tur\u00edstico, la prefecta Agui\u00f1aga, voluntarios, funcionarios y residentes de la zona, tambi\u00e9n participaron en una minga de limpieza, centrada en la recolecci\u00f3n de 2,2 toneladas de desechos. Esta iniciativa se alinea a la visi\u00f3n del Gobierno Provincial para garantizar la conservaci\u00f3n de los recursos naturales, proteger los ecosistemas marinos y mejorar la calidad de vida de los guayasenses. \u201cNuestro objetivo es crear conciencia del cuidado de la playa, que sepamos que la basura que generamos\u2026 podemos llev\u00e1rnosla a la casa o desecharla en el lugar m\u00e1s adecuado\u201d, concluy\u00f3 Mar\u00eda Auxiliadora J\u00e1come, directora de Gesti\u00f3n Ambiental de la Prefectura.<\/p>\n\n\n\n<p>El plan de reactivaci\u00f3n de Playas, contempla una serie de activaciones que se organizan en varios puntos de la localidad, con el objetivo de fortalecer la generaci\u00f3n de empleo, atraer turistas nacionales, as\u00ed como de otros pa\u00edses.&nbsp;<\/p>\n\n\n\n<figure class=\"wp-block-embed is-type-video is-provider-tiktok wp-block-embed-tiktok\"><div class=\"wp-block-embed__wrapper\">\n<blockquote class=\"tiktok-embed\" cite=\"https:\/\/www.tiktok.com\/@emisarioec\/video\/7556126548210896139\" data-video-id=\"7556126548210896139\" data-embed-from=\"oembed\" style=\"max-width:605px; min-width:325px;\"> <section> <a target=\"_blank\" title=\"@emisarioec\" href=\"https:\/\/www.tiktok.com\/@emisarioec?refer=embed\">@emisarioec<\/a> <p>\ud83d\udccc ATENTOS\ud83d\udc4f  Prefecta  @marcelaguinagav    lidera eventos clave para el desarrollo del cant\u00f3n Playas: \u201cHay que reactivar la econom\u00eda de esta zona\u201d  Una de las ciudades m\u00e1s afectadas por la inseguridad en Ecuador es Playas, reconocido balneario de la provincia del Guayas, que ahora cuenta con una gran oportunidad para su reactivaci\u00f3n econ\u00f3mica, gracias a una campa\u00f1a impulsada por la prefecta Marcela Agui\u00f1aga y el viceprefecto Carlos Serrano. Recientemente, las autoridades lideraron dos grandes eventos para promover el desarrollo local: una minga, en conmemoraci\u00f3n al D\u00eda Internacional de Limpieza de Playas, y el Festival denominado \u201cAlma Guayaca con Sabor a Playas\u201d. En el festival impulsado por el Gobierno Provincial del Guayas, m\u00e1s de 50 emprendedores expusieron lo mejor de la gastronom\u00eda, las artesan\u00edas y otros productos con gran aceptaci\u00f3n de los asistentes. La prefecta Agui\u00f1aga aprovech\u00f3 su visita a cada uno de los stands para felicitar personalmente por su esfuerzo y creatividad a cada uno de los participantes. \u201cPlayas necesita de nosotros. Hay que reactivar la econom\u00eda de esta zona, por eso generamos estos espacios para apoyar a sus emprendedores y habitantes\u201d, resalt\u00f3. Esta jornada hist\u00f3rica de reactivaci\u00f3n econ\u00f3mica marca un precedente en el cant\u00f3n, promoviendo la sostenibilidad y el apoyo a los emprendimientos locales. Como parte de la agenda de actividades en este centro tur\u00edstico, la prefecta Agui\u00f1aga, voluntarios, funcionarios y residentes de la zona, tambi\u00e9n participaron en una minga de limpieza, centrada en la recolecci\u00f3n de 2,2 toneladas de desechos. Esta iniciativa se alinea a la visi\u00f3n del Gobierno Provincial para garantizar la conservaci\u00f3n de los recursos naturales, proteger los ecosistemas marinos y mejorar la calidad de vida de los guayasenses. \u201cNuestro objetivo es crear conciencia del cuidado de la playa, que sepamos que la basura que generamos\u2026 podemos llev\u00e1rnosla a la casa o desecharla en el lugar m\u00e1s adecuado\u201d, concluy\u00f3 Mar\u00eda Auxiliadora J\u00e1come, directora de Gesti\u00f3n Ambiental de la @prefecturadelguayas. El plan de reactivaci\u00f3n de Playas, contempla una serie de activaciones que se organizan en varios puntos de la localidad, con el objetivo de fortalecer la generaci\u00f3n de empleo, atraer turistas nacionales, as\u00ed como de otros pa\u00edses.<\/p> <a target=\"_blank\" title=\"\u266c sonido original - Emisario Ec - Emisario Ec\" href=\"https:\/\/www.tiktok.com\/music\/sonido-original-Emisario-Ec-7556126592540412684?refer=embed\">\u266c sonido original &#8211; Emisario Ec &#8211; Emisario Ec<\/a> <\/section> <\/blockquote> <script async src=\"https:\/\/www.tiktok.com\/embed.js\"><\/script>\n<\/div><\/figure>\n","protected":false},"excerpt":{"rendered":"<p>Emprendedores locales ven con optimismo la agenda de actividades propuesta por la Prefectura Ciudadana del Guayas<\/p>\n","protected":false},"author":2,"featured_media":1004,"comment_status":"closed","ping_status":"open","sticky":false,"template":"","format":"standard","meta":{"footnotes":""},"categories":[6],"tags":[17,442,15],"class_list":["post-1003","post","type-post","status-publish","format-standard","has-post-thumbnail","hentry","category-actualidad","tag-guayas","tag-playas","tag-prefecta-marcela-aguinaga"],"yoast_head":"<!-- This site is optimized with the Yoast SEO plugin v27.4 - https:\/\/yoast.com\/product\/yoast-seo-wordpress\/ -->\n<title>Prefecta Marcela Agui\u00f1aga lidera eventos clave para el desarrollo del cant\u00f3n Playas: \u201cHay que reactivar la econom\u00eda de esta zona\u201d - Emisario Ec<\/title>\n<meta name=\"robots\" content=\"index, follow, max-snippet:-1, max-image-preview:large, max-video-preview:-1\" \/>\n<link rel=\"canonical\" href=\"https:\/\/emisarioec.com\/index.php\/2025\/09\/25\/prefecta-marcela-aguinaga-lidera-eventos-clave-para-el-desarrollo-del-canton-playas-hay-que-reactivar-la-economia-de-esta-zona\/\" \/>\n<meta property=\"og:locale\" content=\"es_ES\" \/>\n<meta property=\"og:type\" content=\"article\" \/>\n<meta property=\"og:title\" content=\"Prefecta Marcela Agui\u00f1aga lidera eventos clave para el desarrollo del cant\u00f3n Playas: \u201cHay que reactivar la econom\u00eda de esta zona\u201d - Emisario Ec\" \/>\n<meta property=\"og:description\" content=\"Emprendedores locales ven con optimismo la agenda de actividades propuesta por la Prefectura Ciudadana del Guayas\" \/>\n<meta property=\"og:url\" content=\"https:\/\/emisarioec.com\/index.php\/2025\/09\/25\/prefecta-marcela-aguinaga-lidera-eventos-clave-para-el-desarrollo-del-canton-playas-hay-que-reactivar-la-economia-de-esta-zona\/\" \/>\n<meta property=\"og:site_name\" content=\"Emisario Ec\" \/>\n<meta property=\"article:published_time\" content=\"2025-09-25T19:46:00+00:00\" \/>\n<meta property=\"article:modified_time\" content=\"2025-10-01T06:24:20+00:00\" \/>\n<meta property=\"og:image\" content=\"https:\/\/emisarioec.com\/wp-content\/uploads\/2025\/10\/2-1.jpg\" \/>\n\t<meta property=\"og:image:width\" content=\"860\" \/>\n\t<meta property=\"og:image:height\" content=\"573\" \/>\n\t<meta property=\"og:image:type\" content=\"image\/jpeg\" \/>\n<meta name=\"author\" content=\"Emisario Ec\" \/>\n<meta name=\"twitter:card\" content=\"summary_large_image\" \/>\n<meta name=\"twitter:label1\" content=\"Escrito por\" \/>\n\t<meta name=\"twitter:data1\" content=\"Emisario Ec\" \/>\n\t<meta name=\"twitter:label2\" content=\"Tiempo de lectura\" \/>\n\t<meta name=\"twitter:data2\" content=\"2 minutos\" \/>\n<script type=\"application\/ld+json\" class=\"yoast-schema-graph\">{\"@context\":\"https:\\\/\\\/schema.org\",\"@graph\":[{\"@type\":\"Article\",\"@id\":\"https:\\\/\\\/emisarioec.com\\\/index.php\\\/2025\\\/09\\\/25\\\/prefecta-marcela-aguinaga-lidera-eventos-clave-para-el-desarrollo-del-canton-playas-hay-que-reactivar-la-economia-de-esta-zona\\\/#article\",\"isPartOf\":{\"@id\":\"https:\\\/\\\/emisarioec.com\\\/index.php\\\/2025\\\/09\\\/25\\\/prefecta-marcela-aguinaga-lidera-eventos-clave-para-el-desarrollo-del-canton-playas-hay-que-reactivar-la-economia-de-esta-zona\\\/\"},\"author\":{\"name\":\"Emisario Ec\",\"@id\":\"https:\\\/\\\/emisarioec.com\\\/#\\\/schema\\\/person\\\/2afb9da152d200f9b3feecf5f92da2d5\"},\"headline\":\"Prefecta Marcela Agui\u00f1aga lidera eventos clave para el desarrollo del cant\u00f3n Playas: \u201cHay que reactivar la econom\u00eda de esta zona\u201d\",\"datePublished\":\"2025-09-25T19:46:00+00:00\",\"dateModified\":\"2025-10-01T06:24:20+00:00\",\"mainEntityOfPage\":{\"@id\":\"https:\\\/\\\/emisarioec.com\\\/index.php\\\/2025\\\/09\\\/25\\\/prefecta-marcela-aguinaga-lidera-eventos-clave-para-el-desarrollo-del-canton-playas-hay-que-reactivar-la-economia-de-esta-zona\\\/\"},\"wordCount\":387,\"publisher\":{\"@id\":\"https:\\\/\\\/emisarioec.com\\\/#organization\"},\"image\":{\"@id\":\"https:\\\/\\\/emisarioec.com\\\/index.php\\\/2025\\\/09\\\/25\\\/prefecta-marcela-aguinaga-lidera-eventos-clave-para-el-desarrollo-del-canton-playas-hay-que-reactivar-la-economia-de-esta-zona\\\/#primaryimage\"},\"thumbnailUrl\":\"https:\\\/\\\/emisarioec.com\\\/wp-content\\\/uploads\\\/2025\\\/10\\\/2-1.jpg\",\"keywords\":[\"Guayas\",\"Playas\",\"Prefecta Marcela Agui\u00f1aga\"],\"articleSection\":[\"Actualidad\"],\"inLanguage\":\"es\"},{\"@type\":\"WebPage\",\"@id\":\"https:\\\/\\\/emisarioec.com\\\/index.php\\\/2025\\\/09\\\/25\\\/prefecta-marcela-aguinaga-lidera-eventos-clave-para-el-desarrollo-del-canton-playas-hay-que-reactivar-la-economia-de-esta-zona\\\/\",\"url\":\"https:\\\/\\\/emisarioec.com\\\/index.php\\\/2025\\\/09\\\/25\\\/prefecta-marcela-aguinaga-lidera-eventos-clave-para-el-desarrollo-del-canton-playas-hay-que-reactivar-la-economia-de-esta-zona\\\/\",\"name\":\"Prefecta Marcela Agui\u00f1aga lidera eventos clave para el desarrollo del cant\u00f3n Playas: \u201cHay que reactivar la econom\u00eda de esta zona\u201d - Emisario Ec\",\"isPartOf\":{\"@id\":\"https:\\\/\\\/emisarioec.com\\\/#website\"},\"primaryImageOfPage\":{\"@id\":\"https:\\\/\\\/emisarioec.com\\\/index.php\\\/2025\\\/09\\\/25\\\/prefecta-marcela-aguinaga-lidera-eventos-clave-para-el-desarrollo-del-canton-playas-hay-que-reactivar-la-economia-de-esta-zona\\\/#primaryimage\"},\"image\":{\"@id\":\"https:\\\/\\\/emisarioec.com\\\/index.php\\\/2025\\\/09\\\/25\\\/prefecta-marcela-aguinaga-lidera-eventos-clave-para-el-desarrollo-del-canton-playas-hay-que-reactivar-la-economia-de-esta-zona\\\/#primaryimage\"},\"thumbnailUrl\":\"https:\\\/\\\/emisarioec.com\\\/wp-content\\\/uploads\\\/2025\\\/10\\\/2-1.jpg\",\"datePublished\":\"2025-09-25T19:46:00+00:00\",\"dateModified\":\"2025-10-01T06:24:20+00:00\",\"breadcrumb\":{\"@id\":\"https:\\\/\\\/emisarioec.com\\\/index.php\\\/2025\\\/09\\\/25\\\/prefecta-marcela-aguinaga-lidera-eventos-clave-para-el-desarrollo-del-canton-playas-hay-que-reactivar-la-economia-de-esta-zona\\\/#breadcrumb\"},\"inLanguage\":\"es\",\"potentialAction\":[{\"@type\":\"ReadAction\",\"target\":[\"https:\\\/\\\/emisarioec.com\\\/index.php\\\/2025\\\/09\\\/25\\\/prefecta-marcela-aguinaga-lidera-eventos-clave-para-el-desarrollo-del-canton-playas-hay-que-reactivar-la-economia-de-esta-zona\\\/\"]}]},{\"@type\":\"ImageObject\",\"inLanguage\":\"es\",\"@id\":\"https:\\\/\\\/emisarioec.com\\\/index.php\\\/2025\\\/09\\\/25\\\/prefecta-marcela-aguinaga-lidera-eventos-clave-para-el-desarrollo-del-canton-playas-hay-que-reactivar-la-economia-de-esta-zona\\\/#primaryimage\",\"url\":\"https:\\\/\\\/emisarioec.com\\\/wp-content\\\/uploads\\\/2025\\\/10\\\/2-1.jpg\",\"contentUrl\":\"https:\\\/\\\/emisarioec.com\\\/wp-content\\\/uploads\\\/2025\\\/10\\\/2-1.jpg\",\"width\":860,\"height\":573},{\"@type\":\"BreadcrumbList\",\"@id\":\"https:\\\/\\\/emisarioec.com\\\/index.php\\\/2025\\\/09\\\/25\\\/prefecta-marcela-aguinaga-lidera-eventos-clave-para-el-desarrollo-del-canton-playas-hay-que-reactivar-la-economia-de-esta-zona\\\/#breadcrumb\",\"itemListElement\":[{\"@type\":\"ListItem\",\"position\":1,\"name\":\"Portada\",\"item\":\"https:\\\/\\\/emisarioec.com\\\/\"},{\"@type\":\"ListItem\",\"position\":2,\"name\":\"Prefecta Marcela Agui\u00f1aga lidera eventos clave para el desarrollo del cant\u00f3n Playas: \u201cHay que reactivar la econom\u00eda de esta zona\u201d\"}]},{\"@type\":\"WebSite\",\"@id\":\"https:\\\/\\\/emisarioec.com\\\/#website\",\"url\":\"https:\\\/\\\/emisarioec.com\\\/\",\"name\":\"Emisario Ec\",\"description\":\"Informar es un derecho que corresponde a hechos\",\"publisher\":{\"@id\":\"https:\\\/\\\/emisarioec.com\\\/#organization\"},\"potentialAction\":[{\"@type\":\"SearchAction\",\"target\":{\"@type\":\"EntryPoint\",\"urlTemplate\":\"https:\\\/\\\/emisarioec.com\\\/?s={search_term_string}\"},\"query-input\":{\"@type\":\"PropertyValueSpecification\",\"valueRequired\":true,\"valueName\":\"search_term_string\"}}],\"inLanguage\":\"es\"},{\"@type\":\"Organization\",\"@id\":\"https:\\\/\\\/emisarioec.com\\\/#organization\",\"name\":\"Emisario Ec\",\"url\":\"https:\\\/\\\/emisarioec.com\\\/\",\"logo\":{\"@type\":\"ImageObject\",\"inLanguage\":\"es\",\"@id\":\"https:\\\/\\\/emisarioec.com\\\/#\\\/schema\\\/logo\\\/image\\\/\",\"url\":\"https:\\\/\\\/emisarioec.com\\\/wp-content\\\/uploads\\\/2025\\\/06\\\/cropped-cropped-emisario-ico.png\",\"contentUrl\":\"https:\\\/\\\/emisarioec.com\\\/wp-content\\\/uploads\\\/2025\\\/06\\\/cropped-cropped-emisario-ico.png\",\"width\":512,\"height\":512,\"caption\":\"Emisario Ec\"},\"image\":{\"@id\":\"https:\\\/\\\/emisarioec.com\\\/#\\\/schema\\\/logo\\\/image\\\/\"}},{\"@type\":\"Person\",\"@id\":\"https:\\\/\\\/emisarioec.com\\\/#\\\/schema\\\/person\\\/2afb9da152d200f9b3feecf5f92da2d5\",\"name\":\"Emisario Ec\",\"url\":\"https:\\\/\\\/emisarioec.com\\\/index.php\\\/author\\\/admin_roberto\\\/\"}]}<\/script>\n<!-- \/ Yoast SEO plugin. -->","yoast_head_json":{"title":"Prefecta Marcela Agui\u00f1aga lidera eventos clave para el desarrollo del cant\u00f3n Playas: \u201cHay que reactivar la econom\u00eda de esta zona\u201d - Emisario Ec","robots":{"index":"index","follow":"follow","max-snippet":"max-snippet:-1","max-image-preview":"max-image-preview:large","max-video-preview":"max-video-preview:-1"},"canonical":"https:\/\/emisarioec.com\/index.php\/2025\/09\/25\/prefecta-marcela-aguinaga-lidera-eventos-clave-para-el-desarrollo-del-canton-playas-hay-que-reactivar-la-economia-de-esta-zona\/","og_locale":"es_ES","og_type":"article","og_title":"Prefecta Marcela Agui\u00f1aga lidera eventos clave para el desarrollo del cant\u00f3n Playas: \u201cHay que reactivar la econom\u00eda de esta zona\u201d - Emisario Ec","og_description":"Emprendedores locales ven con optimismo la agenda de actividades propuesta por la Prefectura Ciudadana del Guayas","og_url":"https:\/\/emisarioec.com\/index.php\/2025\/09\/25\/prefecta-marcela-aguinaga-lidera-eventos-clave-para-el-desarrollo-del-canton-playas-hay-que-reactivar-la-economia-de-esta-zona\/","og_site_name":"Emisario Ec","article_published_time":"2025-09-25T19:46:00+00:00","article_modified_time":"2025-10-01T06:24:20+00:00","og_image":[{"width":860,"height":573,"url":"https:\/\/emisarioec.com\/wp-content\/uploads\/2025\/10\/2-1.jpg","type":"image\/jpeg"}],"author":"Emisario Ec","twitter_card":"summary_large_image","twitter_misc":{"Escrito por":"Emisario Ec","Tiempo de lectura":"2 minutos"},"schema":{"@context":"https:\/\/schema.org","@graph":[{"@type":"Article","@id":"https:\/\/emisarioec.com\/index.php\/2025\/09\/25\/prefecta-marcela-aguinaga-lidera-eventos-clave-para-el-desarrollo-del-canton-playas-hay-que-reactivar-la-economia-de-esta-zona\/#article","isPartOf":{"@id":"https:\/\/emisarioec.com\/index.php\/2025\/09\/25\/prefecta-marcela-aguinaga-lidera-eventos-clave-para-el-desarrollo-del-canton-playas-hay-que-reactivar-la-economia-de-esta-zona\/"},"author":{"name":"Emisario Ec","@id":"https:\/\/emisarioec.com\/#\/schema\/person\/2afb9da152d200f9b3feecf5f92da2d5"},"headline":"Prefecta Marcela Agui\u00f1aga lidera eventos clave para el desarrollo del cant\u00f3n Playas: \u201cHay que reactivar la econom\u00eda de esta zona\u201d","datePublished":"2025-09-25T19:46:00+00:00","dateModified":"2025-10-01T06:24:20+00:00","mainEntityOfPage":{"@id":"https:\/\/emisarioec.com\/index.php\/2025\/09\/25\/prefecta-marcela-aguinaga-lidera-eventos-clave-para-el-desarrollo-del-canton-playas-hay-que-reactivar-la-economia-de-esta-zona\/"},"wordCount":387,"publisher":{"@id":"https:\/\/emisarioec.com\/#organization"},"image":{"@id":"https:\/\/emisarioec.com\/index.php\/2025\/09\/25\/prefecta-marcela-aguinaga-lidera-eventos-clave-para-el-desarrollo-del-canton-playas-hay-que-reactivar-la-economia-de-esta-zona\/#primaryimage"},"thumbnailUrl":"https:\/\/emisarioec.com\/wp-content\/uploads\/2025\/10\/2-1.jpg","keywords":["Guayas","Playas","Prefecta Marcela Agui\u00f1aga"],"articleSection":["Actualidad"],"inLanguage":"es"},{"@type":"WebPage","@id":"https:\/\/emisarioec.com\/index.php\/2025\/09\/25\/prefecta-marcela-aguinaga-lidera-eventos-clave-para-el-desarrollo-del-canton-playas-hay-que-reactivar-la-economia-de-esta-zona\/","url":"https:\/\/emisarioec.com\/index.php\/2025\/09\/25\/prefecta-marcela-aguinaga-lidera-eventos-clave-para-el-desarrollo-del-canton-playas-hay-que-reactivar-la-economia-de-esta-zona\/","name":"Prefecta Marcela Agui\u00f1aga lidera eventos clave para el desarrollo del cant\u00f3n Playas: \u201cHay que reactivar la econom\u00eda de esta zona\u201d - Emisario Ec","isPartOf":{"@id":"https:\/\/emisarioec.com\/#website"},"primaryImageOfPage":{"@id":"https:\/\/emisarioec.com\/index.php\/2025\/09\/25\/prefecta-marcela-aguinaga-lidera-eventos-clave-para-el-desarrollo-del-canton-playas-hay-que-reactivar-la-economia-de-esta-zona\/#primaryimage"},"image":{"@id":"https:\/\/emisarioec.com\/index.php\/2025\/09\/25\/prefecta-marcela-aguinaga-lidera-eventos-clave-para-el-desarrollo-del-canton-playas-hay-que-reactivar-la-economia-de-esta-zona\/#primaryimage"},"thumbnailUrl":"https:\/\/emisarioec.com\/wp-content\/uploads\/2025\/10\/2-1.jpg","datePublished":"2025-09-25T19:46:00+00:00","dateModified":"2025-10-01T06:24:20+00:00","breadcrumb":{"@id":"https:\/\/emisarioec.com\/index.php\/2025\/09\/25\/prefecta-marcela-aguinaga-lidera-eventos-clave-para-el-desarrollo-del-canton-playas-hay-que-reactivar-la-economia-de-esta-zona\/#breadcrumb"},"inLanguage":"es","potentialAction":[{"@type":"ReadAction","target":["https:\/\/emisarioec.com\/index.php\/2025\/09\/25\/prefecta-marcela-aguinaga-lidera-eventos-clave-para-el-desarrollo-del-canton-playas-hay-que-reactivar-la-economia-de-esta-zona\/"]}]},{"@type":"ImageObject","inLanguage":"es","@id":"https:\/\/emisarioec.com\/index.php\/2025\/09\/25\/prefecta-marcela-aguinaga-lidera-eventos-clave-para-el-desarrollo-del-canton-playas-hay-que-reactivar-la-economia-de-esta-zona\/#primaryimage","url":"https:\/\/emisarioec.com\/wp-content\/uploads\/2025\/10\/2-1.jpg","contentUrl":"https:\/\/emisarioec.com\/wp-content\/uploads\/2025\/10\/2-1.jpg","width":860,"height":573},{"@type":"BreadcrumbList","@id":"https:\/\/emisarioec.com\/index.php\/2025\/09\/25\/prefecta-marcela-aguinaga-lidera-eventos-clave-para-el-desarrollo-del-canton-playas-hay-que-reactivar-la-economia-de-esta-zona\/#breadcrumb","itemListElement":[{"@type":"ListItem","position":1,"name":"Portada","item":"https:\/\/emisarioec.com\/"},{"@type":"ListItem","position":2,"name":"Prefecta Marcela Agui\u00f1aga lidera eventos clave para el desarrollo del cant\u00f3n Playas: \u201cHay que reactivar la econom\u00eda de esta zona\u201d"}]},{"@type":"WebSite","@id":"https:\/\/emisarioec.com\/#website","url":"https:\/\/emisarioec.com\/","name":"Emisario Ec","description":"Informar es un derecho que corresponde a hechos","publisher":{"@id":"https:\/\/emisarioec.com\/#organization"},"potentialAction":[{"@type":"SearchAction","target":{"@type":"EntryPoint","urlTemplate":"https:\/\/emisarioec.com\/?s={search_term_string}"},"query-input":{"@type":"PropertyValueSpecification","valueRequired":true,"valueName":"search_term_string"}}],"inLanguage":"es"},{"@type":"Organization","@id":"https:\/\/emisarioec.com\/#organization","name":"Emisario Ec","url":"https:\/\/emisarioec.com\/","logo":{"@type":"ImageObject","inLanguage":"es","@id":"https:\/\/emisarioec.com\/#\/schema\/logo\/image\/","url":"https:\/\/emisarioec.com\/wp-content\/uploads\/2025\/06\/cropped-cropped-emisario-ico.png","contentUrl":"https:\/\/emisarioec.com\/wp-content\/uploads\/2025\/06\/cropped-cropped-emisario-ico.png","width":512,"height":512,"caption":"Emisario Ec"},"image":{"@id":"https:\/\/emisarioec.com\/#\/schema\/logo\/image\/"}},{"@type":"Person","@id":"https:\/\/emisarioec.com\/#\/schema\/person\/2afb9da152d200f9b3feecf5f92da2d5","name":"Emisario Ec","url":"https:\/\/emisarioec.com\/index.php\/author\/admin_roberto\/"}]}},"jetpack_featured_media_url":"https:\/\/emisarioec.com\/wp-content\/uploads\/2025\/10\/2-1.jpg","_links":{"self":[{"href":"https:\/\/emisarioec.com\/index.php\/wp-json\/wp\/v2\/posts\/1003","targetHints":{"allow":["GET"]}}],"collection":[{"href":"https:\/\/emisarioec.com\/index.php\/wp-json\/wp\/v2\/posts"}],"about":[{"href":"https:\/\/emisarioec.com\/index.php\/wp-json\/wp\/v2\/types\/post"}],"author":[{"embeddable":true,"href":"https:\/\/emisarioec.com\/index.php\/wp-json\/wp\/v2\/users\/2"}],"replies":[{"embeddable":true,"href":"https:\/\/emisarioec.com\/index.php\/wp-json\/wp\/v2\/comments?post=1003"}],"version-history":[{"count":2,"href":"https:\/\/emisarioec.com\/index.php\/wp-json\/wp\/v2\/posts\/1003\/revisions"}],"predecessor-version":[{"id":1020,"href":"https:\/\/emisarioec.com\/index.php\/wp-json\/wp\/v2\/posts\/1003\/revisions\/1020"}],"wp:featuredmedia":[{"embeddable":true,"href":"https:\/\/emisarioec.com\/index.php\/wp-json\/wp\/v2\/media\/1004"}],"wp:attachment":[{"href":"https:\/\/emisarioec.com\/index.php\/wp-json\/wp\/v2\/media?parent=1003"}],"wp:term":[{"taxonomy":"category","embeddable":true,"href":"https:\/\/emisarioec.com\/index.php\/wp-json\/wp\/v2\/categories?post=1003"},{"taxonomy":"post_tag","embeddable":true,"href":"https:\/\/emisarioec.com\/index.php\/wp-json\/wp\/v2\/tags?post=1003"}],"curies":[{"name":"wp","href":"https:\/\/api.w.org\/{rel}","templated":true}]}}