{"id":1291,"date":"2025-12-04T16:45:00","date_gmt":"2025-12-04T21:45:00","guid":{"rendered":"https:\/\/emisarioec.com\/?p=1291"},"modified":"2025-12-04T16:59:29","modified_gmt":"2025-12-04T21:59:29","slug":"el-gobierno-del-nuevo-ecuador-activa-la-campana-derechos-con-dignidad-2025","status":"publish","type":"post","link":"https:\/\/emisarioec.com\/index.php\/2025\/12\/04\/el-gobierno-del-nuevo-ecuador-activa-la-campana-derechos-con-dignidad-2025\/","title":{"rendered":"El Gobierno del Nuevo Ecuador activa la campa\u00f1a \u201cDerechos con Dignidad 2025\u201d"},"content":{"rendered":"\n<p>Bajo el lema, <em>tu solidaridad vale m\u00e1s cuando llega a quienes de verdad lo necesitan<\/em>, el Gobierno del presidente Daniel Noboa, a trav\u00e9s del Ministerio de Desarrollo Humano (MDH) puso en marcha la campa\u00f1a \u201cDerechos con Dignidad 2025\u201d. El lanzamiento oficial se hizo hoy, jueves 4 de diciembre, en la ciudad de Guayaquil, con un evento masivo y una caravana de sensibilizaci\u00f3n que fue liderado por la ministra de desarrollo humano, Zaida Rovira, y que cont\u00f3 con la participaci\u00f3n de alrededor de 1.500 personas.<\/p>\n\n\n\n<p>La campa\u00f1a, que se activa durante diciembre, tiene como objetivo sensibilizar a la ciudadan\u00eda para que no entregue dinero en las calles a personas vulnerables como ni\u00f1as, ni\u00f1os, adolescentes, personas con discapacidad y adultos mayores, que est\u00e1n siendo usadas y reclutadas por grupos delincuenciales y mafias. Adem\u00e1s de invitar a la ciudadan\u00eda a mostrar su solidaridad a trav\u00e9s de la entrega donaciones de alimentos no perecibles, juguetes y ropa en buen estado, y confites en los puntos seguros que habilit\u00f3 esta cartera de Estado en todas sus oficinas a nivel nacional.<\/p>\n\n\n\n<p><em>En su intervenci\u00f3n, la ministra Rovira se\u00f1al\u00f3 que, en diciembre, estas mafias se aprovechan de la buena voluntad y solidaridad ciudadana y utilizan al sector m\u00e1s vulnerable de la poblaci\u00f3n para que salga a pedir caridad. \u201cPor eso, esta campa\u00f1a va dirigida a cada uno de los ecuatorianos, con el objetivo de sensibilizarlos sobre esta situaci\u00f3n. No podemos seguir fomentando estas pr\u00e1cticas entregando dinero en la calle. La forma de ayudar es entregar sus donaciones en lugares seguros y que han sido habilitados por el MDH a nivel nacional\u201d, dijo.<\/em><\/p>\n\n\n\n<p><em>La Ministra manifest\u00f3 que no se va a permitir que se vulneren los derechos de la poblaci\u00f3n m\u00e1s vulnerable e invit\u00f3 a toda la ciudadan\u00eda a protegerlos. \u201cNuestros ni\u00f1os tienes derecho a la salud, a estudiar, a recrearse; las personas con discapacidad y los adultos mayores deben tener la protecci\u00f3n del Estado; y eso lo vamos lograr, \u00fanicamente, si somos conscientes del riesgo que corren cuando est\u00e1n involucrados en estas pr\u00e1cticas\u201d, agreg\u00f3.<\/em><\/p>\n\n\n\n<p>Los puntos seguros de donaci\u00f3n que activ\u00f3 el MDH en todo el pa\u00eds estar\u00e1n habilitados del 1 al 31 de diciembre, la atenci\u00f3n ser\u00e1 de lunes a viernes de 08h30 a 16h00. Para mayor informaci\u00f3n de los puntos de donaci\u00f3n seguros Derechos con Dignidad pueden visitar la p\u00e1gina web institucional: <a href=\"http:\/\/www.desarrollohumano.gob.ec\/\">www.desarrollohumano.gob.ec<\/a><\/p>\n\n\n\n<p>A trav\u00e9s de esta campa\u00f1a, la meta para este a\u00f1o es alcanzar a alrededor de 150.000 personas, para lo cual se movilizar\u00e1n 8.000 t\u00e9cnicos del MDH, quienes efectuar\u00e1n varias acciones como identificaci\u00f3n y abordajes en calles, plazas, parques y avenidas; sensibilizaci\u00f3n ciudadana y actividades de contenci\u00f3n, principalmente en comunidades y ciudades en donde se agudiza esta problem\u00e1tica.<\/p>\n\n\n\n<p>Derechos con Dignidad refuerza los servicios permanentes que tiene el Ministerio de Desarrollo Humano, en coordinaci\u00f3n con organizaciones sociales y gobiernos locales, para prevenir y erradicar esta problem\u00e1tica que, actualmente, atiende a cerca de 15.000 ni\u00f1as, ni\u00f1os, adolescentes, personas con discapacidad y adultos mayores, lo que representa una inversi\u00f3n que supera los USD 11 millones para este 2025.<\/p>\n","protected":false},"excerpt":{"rendered":"<p>La campa\u00f1a, que se activa durante diciembre, tiene como objetivo sensibilizar a la ciudadan\u00eda para que no entregue dinero en las calles a personas vulnerables<\/p>\n","protected":false},"author":2,"featured_media":1294,"comment_status":"closed","ping_status":"open","sticky":false,"template":"","format":"standard","meta":{"footnotes":""},"categories":[6],"tags":[556,33,557],"class_list":["post-1291","post","type-post","status-publish","format-standard","has-post-thumbnail","hentry","category-actualidad","tag-derechos-con-dignidad-2025","tag-ecuador","tag-ministerio-de-desarrollo-humano-mdh"],"yoast_head":"<!-- This site is optimized with the Yoast SEO plugin v27.5 - https:\/\/yoast.com\/product\/yoast-seo-wordpress\/ -->\n<title>El Gobierno del Nuevo Ecuador activa la campa\u00f1a \u201cDerechos con Dignidad 2025\u201d - Emisario Ec<\/title>\n<meta name=\"robots\" content=\"index, follow, max-snippet:-1, max-image-preview:large, max-video-preview:-1\" \/>\n<link rel=\"canonical\" href=\"https:\/\/emisarioec.com\/index.php\/2025\/12\/04\/el-gobierno-del-nuevo-ecuador-activa-la-campana-derechos-con-dignidad-2025\/\" \/>\n<meta property=\"og:locale\" content=\"es_ES\" \/>\n<meta property=\"og:type\" content=\"article\" \/>\n<meta property=\"og:title\" content=\"El Gobierno del Nuevo Ecuador activa la campa\u00f1a \u201cDerechos con Dignidad 2025\u201d - Emisario Ec\" \/>\n<meta property=\"og:description\" content=\"La campa\u00f1a, que se activa durante diciembre, tiene como objetivo sensibilizar a la ciudadan\u00eda para que no entregue dinero en las calles a personas vulnerables\" \/>\n<meta property=\"og:url\" content=\"https:\/\/emisarioec.com\/index.php\/2025\/12\/04\/el-gobierno-del-nuevo-ecuador-activa-la-campana-derechos-con-dignidad-2025\/\" \/>\n<meta property=\"og:site_name\" content=\"Emisario Ec\" \/>\n<meta property=\"article:published_time\" content=\"2025-12-04T21:45:00+00:00\" \/>\n<meta property=\"article:modified_time\" content=\"2025-12-04T21:59:29+00:00\" \/>\n<meta property=\"og:image\" content=\"https:\/\/emisarioec.com\/wp-content\/uploads\/2025\/12\/1-10.jpg\" \/>\n\t<meta property=\"og:image:width\" content=\"860\" \/>\n\t<meta property=\"og:image:height\" content=\"573\" \/>\n\t<meta property=\"og:image:type\" content=\"image\/jpeg\" \/>\n<meta name=\"author\" content=\"Emisario Ec\" \/>\n<meta name=\"twitter:card\" content=\"summary_large_image\" \/>\n<meta name=\"twitter:label1\" content=\"Escrito por\" \/>\n\t<meta name=\"twitter:data1\" content=\"Emisario Ec\" \/>\n\t<meta name=\"twitter:label2\" content=\"Tiempo de lectura\" \/>\n\t<meta name=\"twitter:data2\" content=\"3 minutos\" \/>\n<script type=\"application\/ld+json\" class=\"yoast-schema-graph\">{\"@context\":\"https:\\\/\\\/schema.org\",\"@graph\":[{\"@type\":\"Article\",\"@id\":\"https:\\\/\\\/emisarioec.com\\\/index.php\\\/2025\\\/12\\\/04\\\/el-gobierno-del-nuevo-ecuador-activa-la-campana-derechos-con-dignidad-2025\\\/#article\",\"isPartOf\":{\"@id\":\"https:\\\/\\\/emisarioec.com\\\/index.php\\\/2025\\\/12\\\/04\\\/el-gobierno-del-nuevo-ecuador-activa-la-campana-derechos-con-dignidad-2025\\\/\"},\"author\":{\"name\":\"Emisario Ec\",\"@id\":\"https:\\\/\\\/emisarioec.com\\\/#\\\/schema\\\/person\\\/2afb9da152d200f9b3feecf5f92da2d5\"},\"headline\":\"El Gobierno del Nuevo Ecuador activa la campa\u00f1a \u201cDerechos con Dignidad 2025\u201d\",\"datePublished\":\"2025-12-04T21:45:00+00:00\",\"dateModified\":\"2025-12-04T21:59:29+00:00\",\"mainEntityOfPage\":{\"@id\":\"https:\\\/\\\/emisarioec.com\\\/index.php\\\/2025\\\/12\\\/04\\\/el-gobierno-del-nuevo-ecuador-activa-la-campana-derechos-con-dignidad-2025\\\/\"},\"wordCount\":557,\"publisher\":{\"@id\":\"https:\\\/\\\/emisarioec.com\\\/#organization\"},\"image\":{\"@id\":\"https:\\\/\\\/emisarioec.com\\\/index.php\\\/2025\\\/12\\\/04\\\/el-gobierno-del-nuevo-ecuador-activa-la-campana-derechos-con-dignidad-2025\\\/#primaryimage\"},\"thumbnailUrl\":\"https:\\\/\\\/emisarioec.com\\\/wp-content\\\/uploads\\\/2025\\\/12\\\/1-10.jpg\",\"keywords\":[\"\u201cDerechos con Dignidad 2025\u201d\",\"Ecuador\",\"Ministerio de Desarrollo Humano (MDH)\"],\"articleSection\":[\"Actualidad\"],\"inLanguage\":\"es\"},{\"@type\":\"WebPage\",\"@id\":\"https:\\\/\\\/emisarioec.com\\\/index.php\\\/2025\\\/12\\\/04\\\/el-gobierno-del-nuevo-ecuador-activa-la-campana-derechos-con-dignidad-2025\\\/\",\"url\":\"https:\\\/\\\/emisarioec.com\\\/index.php\\\/2025\\\/12\\\/04\\\/el-gobierno-del-nuevo-ecuador-activa-la-campana-derechos-con-dignidad-2025\\\/\",\"name\":\"El Gobierno del Nuevo Ecuador activa la campa\u00f1a \u201cDerechos con Dignidad 2025\u201d - Emisario Ec\",\"isPartOf\":{\"@id\":\"https:\\\/\\\/emisarioec.com\\\/#website\"},\"primaryImageOfPage\":{\"@id\":\"https:\\\/\\\/emisarioec.com\\\/index.php\\\/2025\\\/12\\\/04\\\/el-gobierno-del-nuevo-ecuador-activa-la-campana-derechos-con-dignidad-2025\\\/#primaryimage\"},\"image\":{\"@id\":\"https:\\\/\\\/emisarioec.com\\\/index.php\\\/2025\\\/12\\\/04\\\/el-gobierno-del-nuevo-ecuador-activa-la-campana-derechos-con-dignidad-2025\\\/#primaryimage\"},\"thumbnailUrl\":\"https:\\\/\\\/emisarioec.com\\\/wp-content\\\/uploads\\\/2025\\\/12\\\/1-10.jpg\",\"datePublished\":\"2025-12-04T21:45:00+00:00\",\"dateModified\":\"2025-12-04T21:59:29+00:00\",\"breadcrumb\":{\"@id\":\"https:\\\/\\\/emisarioec.com\\\/index.php\\\/2025\\\/12\\\/04\\\/el-gobierno-del-nuevo-ecuador-activa-la-campana-derechos-con-dignidad-2025\\\/#breadcrumb\"},\"inLanguage\":\"es\",\"potentialAction\":[{\"@type\":\"ReadAction\",\"target\":[\"https:\\\/\\\/emisarioec.com\\\/index.php\\\/2025\\\/12\\\/04\\\/el-gobierno-del-nuevo-ecuador-activa-la-campana-derechos-con-dignidad-2025\\\/\"]}]},{\"@type\":\"ImageObject\",\"inLanguage\":\"es\",\"@id\":\"https:\\\/\\\/emisarioec.com\\\/index.php\\\/2025\\\/12\\\/04\\\/el-gobierno-del-nuevo-ecuador-activa-la-campana-derechos-con-dignidad-2025\\\/#primaryimage\",\"url\":\"https:\\\/\\\/emisarioec.com\\\/wp-content\\\/uploads\\\/2025\\\/12\\\/1-10.jpg\",\"contentUrl\":\"https:\\\/\\\/emisarioec.com\\\/wp-content\\\/uploads\\\/2025\\\/12\\\/1-10.jpg\",\"width\":860,\"height\":573},{\"@type\":\"BreadcrumbList\",\"@id\":\"https:\\\/\\\/emisarioec.com\\\/index.php\\\/2025\\\/12\\\/04\\\/el-gobierno-del-nuevo-ecuador-activa-la-campana-derechos-con-dignidad-2025\\\/#breadcrumb\",\"itemListElement\":[{\"@type\":\"ListItem\",\"position\":1,\"name\":\"Portada\",\"item\":\"https:\\\/\\\/emisarioec.com\\\/\"},{\"@type\":\"ListItem\",\"position\":2,\"name\":\"El Gobierno del Nuevo Ecuador activa la campa\u00f1a \u201cDerechos con Dignidad 2025\u201d\"}]},{\"@type\":\"WebSite\",\"@id\":\"https:\\\/\\\/emisarioec.com\\\/#website\",\"url\":\"https:\\\/\\\/emisarioec.com\\\/\",\"name\":\"Emisario Ec\",\"description\":\"Informar es un derecho que corresponde a hechos\",\"publisher\":{\"@id\":\"https:\\\/\\\/emisarioec.com\\\/#organization\"},\"potentialAction\":[{\"@type\":\"SearchAction\",\"target\":{\"@type\":\"EntryPoint\",\"urlTemplate\":\"https:\\\/\\\/emisarioec.com\\\/?s={search_term_string}\"},\"query-input\":{\"@type\":\"PropertyValueSpecification\",\"valueRequired\":true,\"valueName\":\"search_term_string\"}}],\"inLanguage\":\"es\"},{\"@type\":\"Organization\",\"@id\":\"https:\\\/\\\/emisarioec.com\\\/#organization\",\"name\":\"Emisario Ec\",\"url\":\"https:\\\/\\\/emisarioec.com\\\/\",\"logo\":{\"@type\":\"ImageObject\",\"inLanguage\":\"es\",\"@id\":\"https:\\\/\\\/emisarioec.com\\\/#\\\/schema\\\/logo\\\/image\\\/\",\"url\":\"https:\\\/\\\/emisarioec.com\\\/wp-content\\\/uploads\\\/2025\\\/06\\\/cropped-cropped-emisario-ico.png\",\"contentUrl\":\"https:\\\/\\\/emisarioec.com\\\/wp-content\\\/uploads\\\/2025\\\/06\\\/cropped-cropped-emisario-ico.png\",\"width\":512,\"height\":512,\"caption\":\"Emisario Ec\"},\"image\":{\"@id\":\"https:\\\/\\\/emisarioec.com\\\/#\\\/schema\\\/logo\\\/image\\\/\"}},{\"@type\":\"Person\",\"@id\":\"https:\\\/\\\/emisarioec.com\\\/#\\\/schema\\\/person\\\/2afb9da152d200f9b3feecf5f92da2d5\",\"name\":\"Emisario Ec\",\"url\":\"https:\\\/\\\/emisarioec.com\\\/index.php\\\/author\\\/admin_roberto\\\/\"}]}<\/script>\n<!-- \/ Yoast SEO plugin. -->","yoast_head_json":{"title":"El Gobierno del Nuevo Ecuador activa la campa\u00f1a \u201cDerechos con Dignidad 2025\u201d - Emisario Ec","robots":{"index":"index","follow":"follow","max-snippet":"max-snippet:-1","max-image-preview":"max-image-preview:large","max-video-preview":"max-video-preview:-1"},"canonical":"https:\/\/emisarioec.com\/index.php\/2025\/12\/04\/el-gobierno-del-nuevo-ecuador-activa-la-campana-derechos-con-dignidad-2025\/","og_locale":"es_ES","og_type":"article","og_title":"El Gobierno del Nuevo Ecuador activa la campa\u00f1a \u201cDerechos con Dignidad 2025\u201d - Emisario Ec","og_description":"La campa\u00f1a, que se activa durante diciembre, tiene como objetivo sensibilizar a la ciudadan\u00eda para que no entregue dinero en las calles a personas vulnerables","og_url":"https:\/\/emisarioec.com\/index.php\/2025\/12\/04\/el-gobierno-del-nuevo-ecuador-activa-la-campana-derechos-con-dignidad-2025\/","og_site_name":"Emisario Ec","article_published_time":"2025-12-04T21:45:00+00:00","article_modified_time":"2025-12-04T21:59:29+00:00","og_image":[{"width":860,"height":573,"url":"https:\/\/emisarioec.com\/wp-content\/uploads\/2025\/12\/1-10.jpg","type":"image\/jpeg"}],"author":"Emisario Ec","twitter_card":"summary_large_image","twitter_misc":{"Escrito por":"Emisario Ec","Tiempo de lectura":"3 minutos"},"schema":{"@context":"https:\/\/schema.org","@graph":[{"@type":"Article","@id":"https:\/\/emisarioec.com\/index.php\/2025\/12\/04\/el-gobierno-del-nuevo-ecuador-activa-la-campana-derechos-con-dignidad-2025\/#article","isPartOf":{"@id":"https:\/\/emisarioec.com\/index.php\/2025\/12\/04\/el-gobierno-del-nuevo-ecuador-activa-la-campana-derechos-con-dignidad-2025\/"},"author":{"name":"Emisario Ec","@id":"https:\/\/emisarioec.com\/#\/schema\/person\/2afb9da152d200f9b3feecf5f92da2d5"},"headline":"El Gobierno del Nuevo Ecuador activa la campa\u00f1a \u201cDerechos con Dignidad 2025\u201d","datePublished":"2025-12-04T21:45:00+00:00","dateModified":"2025-12-04T21:59:29+00:00","mainEntityOfPage":{"@id":"https:\/\/emisarioec.com\/index.php\/2025\/12\/04\/el-gobierno-del-nuevo-ecuador-activa-la-campana-derechos-con-dignidad-2025\/"},"wordCount":557,"publisher":{"@id":"https:\/\/emisarioec.com\/#organization"},"image":{"@id":"https:\/\/emisarioec.com\/index.php\/2025\/12\/04\/el-gobierno-del-nuevo-ecuador-activa-la-campana-derechos-con-dignidad-2025\/#primaryimage"},"thumbnailUrl":"https:\/\/emisarioec.com\/wp-content\/uploads\/2025\/12\/1-10.jpg","keywords":["\u201cDerechos con Dignidad 2025\u201d","Ecuador","Ministerio de Desarrollo Humano (MDH)"],"articleSection":["Actualidad"],"inLanguage":"es"},{"@type":"WebPage","@id":"https:\/\/emisarioec.com\/index.php\/2025\/12\/04\/el-gobierno-del-nuevo-ecuador-activa-la-campana-derechos-con-dignidad-2025\/","url":"https:\/\/emisarioec.com\/index.php\/2025\/12\/04\/el-gobierno-del-nuevo-ecuador-activa-la-campana-derechos-con-dignidad-2025\/","name":"El Gobierno del Nuevo Ecuador activa la campa\u00f1a \u201cDerechos con Dignidad 2025\u201d - Emisario Ec","isPartOf":{"@id":"https:\/\/emisarioec.com\/#website"},"primaryImageOfPage":{"@id":"https:\/\/emisarioec.com\/index.php\/2025\/12\/04\/el-gobierno-del-nuevo-ecuador-activa-la-campana-derechos-con-dignidad-2025\/#primaryimage"},"image":{"@id":"https:\/\/emisarioec.com\/index.php\/2025\/12\/04\/el-gobierno-del-nuevo-ecuador-activa-la-campana-derechos-con-dignidad-2025\/#primaryimage"},"thumbnailUrl":"https:\/\/emisarioec.com\/wp-content\/uploads\/2025\/12\/1-10.jpg","datePublished":"2025-12-04T21:45:00+00:00","dateModified":"2025-12-04T21:59:29+00:00","breadcrumb":{"@id":"https:\/\/emisarioec.com\/index.php\/2025\/12\/04\/el-gobierno-del-nuevo-ecuador-activa-la-campana-derechos-con-dignidad-2025\/#breadcrumb"},"inLanguage":"es","potentialAction":[{"@type":"ReadAction","target":["https:\/\/emisarioec.com\/index.php\/2025\/12\/04\/el-gobierno-del-nuevo-ecuador-activa-la-campana-derechos-con-dignidad-2025\/"]}]},{"@type":"ImageObject","inLanguage":"es","@id":"https:\/\/emisarioec.com\/index.php\/2025\/12\/04\/el-gobierno-del-nuevo-ecuador-activa-la-campana-derechos-con-dignidad-2025\/#primaryimage","url":"https:\/\/emisarioec.com\/wp-content\/uploads\/2025\/12\/1-10.jpg","contentUrl":"https:\/\/emisarioec.com\/wp-content\/uploads\/2025\/12\/1-10.jpg","width":860,"height":573},{"@type":"BreadcrumbList","@id":"https:\/\/emisarioec.com\/index.php\/2025\/12\/04\/el-gobierno-del-nuevo-ecuador-activa-la-campana-derechos-con-dignidad-2025\/#breadcrumb","itemListElement":[{"@type":"ListItem","position":1,"name":"Portada","item":"https:\/\/emisarioec.com\/"},{"@type":"ListItem","position":2,"name":"El Gobierno del Nuevo Ecuador activa la campa\u00f1a \u201cDerechos con Dignidad 2025\u201d"}]},{"@type":"WebSite","@id":"https:\/\/emisarioec.com\/#website","url":"https:\/\/emisarioec.com\/","name":"Emisario Ec","description":"Informar es un derecho que corresponde a hechos","publisher":{"@id":"https:\/\/emisarioec.com\/#organization"},"potentialAction":[{"@type":"SearchAction","target":{"@type":"EntryPoint","urlTemplate":"https:\/\/emisarioec.com\/?s={search_term_string}"},"query-input":{"@type":"PropertyValueSpecification","valueRequired":true,"valueName":"search_term_string"}}],"inLanguage":"es"},{"@type":"Organization","@id":"https:\/\/emisarioec.com\/#organization","name":"Emisario Ec","url":"https:\/\/emisarioec.com\/","logo":{"@type":"ImageObject","inLanguage":"es","@id":"https:\/\/emisarioec.com\/#\/schema\/logo\/image\/","url":"https:\/\/emisarioec.com\/wp-content\/uploads\/2025\/06\/cropped-cropped-emisario-ico.png","contentUrl":"https:\/\/emisarioec.com\/wp-content\/uploads\/2025\/06\/cropped-cropped-emisario-ico.png","width":512,"height":512,"caption":"Emisario Ec"},"image":{"@id":"https:\/\/emisarioec.com\/#\/schema\/logo\/image\/"}},{"@type":"Person","@id":"https:\/\/emisarioec.com\/#\/schema\/person\/2afb9da152d200f9b3feecf5f92da2d5","name":"Emisario Ec","url":"https:\/\/emisarioec.com\/index.php\/author\/admin_roberto\/"}]}},"jetpack_featured_media_url":"https:\/\/emisarioec.com\/wp-content\/uploads\/2025\/12\/1-10.jpg","_links":{"self":[{"href":"https:\/\/emisarioec.com\/index.php\/wp-json\/wp\/v2\/posts\/1291","targetHints":{"allow":["GET"]}}],"collection":[{"href":"https:\/\/emisarioec.com\/index.php\/wp-json\/wp\/v2\/posts"}],"about":[{"href":"https:\/\/emisarioec.com\/index.php\/wp-json\/wp\/v2\/types\/post"}],"author":[{"embeddable":true,"href":"https:\/\/emisarioec.com\/index.php\/wp-json\/wp\/v2\/users\/2"}],"replies":[{"embeddable":true,"href":"https:\/\/emisarioec.com\/index.php\/wp-json\/wp\/v2\/comments?post=1291"}],"version-history":[{"count":1,"href":"https:\/\/emisarioec.com\/index.php\/wp-json\/wp\/v2\/posts\/1291\/revisions"}],"predecessor-version":[{"id":1293,"href":"https:\/\/emisarioec.com\/index.php\/wp-json\/wp\/v2\/posts\/1291\/revisions\/1293"}],"wp:featuredmedia":[{"embeddable":true,"href":"https:\/\/emisarioec.com\/index.php\/wp-json\/wp\/v2\/media\/1294"}],"wp:attachment":[{"href":"https:\/\/emisarioec.com\/index.php\/wp-json\/wp\/v2\/media?parent=1291"}],"wp:term":[{"taxonomy":"category","embeddable":true,"href":"https:\/\/emisarioec.com\/index.php\/wp-json\/wp\/v2\/categories?post=1291"},{"taxonomy":"post_tag","embeddable":true,"href":"https:\/\/emisarioec.com\/index.php\/wp-json\/wp\/v2\/tags?post=1291"}],"curies":[{"name":"wp","href":"https:\/\/api.w.org\/{rel}","templated":true}]}}