{"id":1308,"date":"2025-12-06T14:50:28","date_gmt":"2025-12-06T19:50:28","guid":{"rendered":"https:\/\/emisarioec.com\/?p=1308"},"modified":"2025-12-07T14:50:59","modified_gmt":"2025-12-07T19:50:59","slug":"ecuador-y-emiratos-arabes-unidos-marcan-un-hito-con-la-firma-del-tratado-internacional-de-promocion-y-proteccion-de-inversiones-en-el-marco-de-la-gira-del-presidente-daniel-noboa","status":"publish","type":"post","link":"https:\/\/emisarioec.com\/index.php\/2025\/12\/06\/ecuador-y-emiratos-arabes-unidos-marcan-un-hito-con-la-firma-del-tratado-internacional-de-promocion-y-proteccion-de-inversiones-en-el-marco-de-la-gira-del-presidente-daniel-noboa\/","title":{"rendered":"Ecuador y Emiratos \u00c1rabes Unidos marcan un hito con la firma del Tratado Internacional de Promoci\u00f3n y Protecci\u00f3n de Inversiones en el marco de la gira del Presidente Daniel Noboa"},"content":{"rendered":"\n<p>El Gobierno de la Rep\u00fablica del Ecuador y el Gobierno de los Emiratos \u00c1rabes Unidos suscribieron hoy un Tratado Internacional de Promoci\u00f3n y Protecci\u00f3n de Inversiones, un hito para la agenda econ\u00f3mica nacional que marca una nueva etapa de cooperaci\u00f3n estrat\u00e9gica orientada a atraer inversiones de alto impacto.<\/p>\n\n\n\n<p>Este acuerdo permitir\u00e1 canalizar capital hacia sectores estrat\u00e9gicos como infraestructura, energ\u00edas renovables, agroindustria, log\u00edstica, econom\u00eda digital, turismo, miner\u00eda responsable y proyectos de desarrollo sostenible, generando capacidades, transferencia tecnol\u00f3gica y dinamizaci\u00f3n econ\u00f3mica en el pa\u00eds.<\/p>\n\n\n\n<p>Liderado por el Presidente Daniel Noboa, el tratado es resultado de un riguroso proceso t\u00e9cnico y de negociaci\u00f3n impulsado por el Gobierno Nacional a trav\u00e9s del equipo del Ministerio de Producci\u00f3n, Comercio Exterior e Inversiones.<\/p>\n\n\n\n<p>El acuerdo establece garant\u00edas claras, reglas modernas y un entorno seguro y predecible para la inversi\u00f3n emirat\u00ed, enviando una se\u00f1al contundente al mundo: Ecuador est\u00e1 abierto a la inversi\u00f3n, al crecimiento y a alianzas internacionales que generen empleo, fortalezcan la competitividad y potencien el desarrollo productivo.<\/p>\n\n\n\n<p>El Gobierno del Ecuador destaca que esta firma es un paso firme en su estrategia de integraci\u00f3n econ\u00f3mica internacional, posicionando al pa\u00eds como un socio confiable para inversiones de largo plazo. Asimismo, reafirma su compromiso con generar condiciones que promuevan el emprendimiento, la innovaci\u00f3n y el desarrollo sostenible, en beneficio de los ciudadanos y del tejido productivo nacional.<\/p>\n","protected":false},"excerpt":{"rendered":"<p>Este acuerdo permitir\u00e1 canalizar capital hacia sectores estrat\u00e9gicos como infraestructura, energ\u00edas renovables, agroindustria, log\u00edstica, econom\u00eda digital, turismo, miner\u00eda responsable y proyectos de desarrollo sostenible<\/p>\n","protected":false},"author":2,"featured_media":1309,"comment_status":"closed","ping_status":"open","sticky":false,"template":"","format":"standard","meta":{"footnotes":""},"categories":[9],"tags":[567,568,99],"class_list":["post-1308","post","type-post","status-publish","format-standard","has-post-thumbnail","hentry","category-politica","tag-ecuador-y-emiratos-arabes-unidos","tag-firma-del-tratado-internacional-de-promocion-y-proteccion-de-inversiones","tag-presidente-daniel-noboa-azin"],"yoast_head":"<!-- This site is optimized with the Yoast SEO plugin v27.5 - https:\/\/yoast.com\/product\/yoast-seo-wordpress\/ -->\n<title>Ecuador y Emiratos \u00c1rabes Unidos marcan un hito con la firma del Tratado Internacional de Promoci\u00f3n y Protecci\u00f3n de Inversiones en el marco de la gira del Presidente Daniel Noboa - Emisario Ec<\/title>\n<meta name=\"robots\" content=\"index, follow, max-snippet:-1, max-image-preview:large, max-video-preview:-1\" \/>\n<link rel=\"canonical\" href=\"https:\/\/emisarioec.com\/index.php\/2025\/12\/06\/ecuador-y-emiratos-arabes-unidos-marcan-un-hito-con-la-firma-del-tratado-internacional-de-promocion-y-proteccion-de-inversiones-en-el-marco-de-la-gira-del-presidente-daniel-noboa\/\" \/>\n<meta property=\"og:locale\" content=\"es_ES\" \/>\n<meta property=\"og:type\" content=\"article\" \/>\n<meta property=\"og:title\" content=\"Ecuador y Emiratos \u00c1rabes Unidos marcan un hito con la firma del Tratado Internacional de Promoci\u00f3n y Protecci\u00f3n de Inversiones en el marco de la gira del Presidente Daniel Noboa - Emisario Ec\" \/>\n<meta property=\"og:description\" content=\"Este acuerdo permitir\u00e1 canalizar capital hacia sectores estrat\u00e9gicos como infraestructura, energ\u00edas renovables, agroindustria, log\u00edstica, econom\u00eda digital, turismo, miner\u00eda responsable y proyectos de desarrollo sostenible\" \/>\n<meta property=\"og:url\" content=\"https:\/\/emisarioec.com\/index.php\/2025\/12\/06\/ecuador-y-emiratos-arabes-unidos-marcan-un-hito-con-la-firma-del-tratado-internacional-de-promocion-y-proteccion-de-inversiones-en-el-marco-de-la-gira-del-presidente-daniel-noboa\/\" \/>\n<meta property=\"og:site_name\" content=\"Emisario Ec\" \/>\n<meta property=\"article:published_time\" content=\"2025-12-06T19:50:28+00:00\" \/>\n<meta property=\"article:modified_time\" content=\"2025-12-07T19:50:59+00:00\" \/>\n<meta property=\"og:image\" content=\"https:\/\/emisarioec.com\/wp-content\/uploads\/2025\/12\/1-14.jpg\" \/>\n\t<meta property=\"og:image:width\" content=\"880\" \/>\n\t<meta property=\"og:image:height\" content=\"587\" \/>\n\t<meta property=\"og:image:type\" content=\"image\/jpeg\" \/>\n<meta name=\"author\" content=\"Emisario Ec\" \/>\n<meta name=\"twitter:card\" content=\"summary_large_image\" \/>\n<meta name=\"twitter:label1\" content=\"Escrito por\" \/>\n\t<meta name=\"twitter:data1\" content=\"Emisario Ec\" \/>\n\t<meta name=\"twitter:label2\" content=\"Tiempo de lectura\" \/>\n\t<meta name=\"twitter:data2\" content=\"2 minutos\" \/>\n<script type=\"application\/ld+json\" class=\"yoast-schema-graph\">{\"@context\":\"https:\\\/\\\/schema.org\",\"@graph\":[{\"@type\":\"Article\",\"@id\":\"https:\\\/\\\/emisarioec.com\\\/index.php\\\/2025\\\/12\\\/06\\\/ecuador-y-emiratos-arabes-unidos-marcan-un-hito-con-la-firma-del-tratado-internacional-de-promocion-y-proteccion-de-inversiones-en-el-marco-de-la-gira-del-presidente-daniel-noboa\\\/#article\",\"isPartOf\":{\"@id\":\"https:\\\/\\\/emisarioec.com\\\/index.php\\\/2025\\\/12\\\/06\\\/ecuador-y-emiratos-arabes-unidos-marcan-un-hito-con-la-firma-del-tratado-internacional-de-promocion-y-proteccion-de-inversiones-en-el-marco-de-la-gira-del-presidente-daniel-noboa\\\/\"},\"author\":{\"name\":\"Emisario Ec\",\"@id\":\"https:\\\/\\\/emisarioec.com\\\/#\\\/schema\\\/person\\\/2afb9da152d200f9b3feecf5f92da2d5\"},\"headline\":\"Ecuador y Emiratos \u00c1rabes Unidos marcan un hito con la firma del Tratado Internacional de Promoci\u00f3n y Protecci\u00f3n de Inversiones en el marco de la gira del Presidente Daniel Noboa\",\"datePublished\":\"2025-12-06T19:50:28+00:00\",\"dateModified\":\"2025-12-07T19:50:59+00:00\",\"mainEntityOfPage\":{\"@id\":\"https:\\\/\\\/emisarioec.com\\\/index.php\\\/2025\\\/12\\\/06\\\/ecuador-y-emiratos-arabes-unidos-marcan-un-hito-con-la-firma-del-tratado-internacional-de-promocion-y-proteccion-de-inversiones-en-el-marco-de-la-gira-del-presidente-daniel-noboa\\\/\"},\"wordCount\":280,\"publisher\":{\"@id\":\"https:\\\/\\\/emisarioec.com\\\/#organization\"},\"image\":{\"@id\":\"https:\\\/\\\/emisarioec.com\\\/index.php\\\/2025\\\/12\\\/06\\\/ecuador-y-emiratos-arabes-unidos-marcan-un-hito-con-la-firma-del-tratado-internacional-de-promocion-y-proteccion-de-inversiones-en-el-marco-de-la-gira-del-presidente-daniel-noboa\\\/#primaryimage\"},\"thumbnailUrl\":\"https:\\\/\\\/emisarioec.com\\\/wp-content\\\/uploads\\\/2025\\\/12\\\/1-14.jpg\",\"keywords\":[\"Ecuador y Emiratos \u00c1rabes Unidos\",\"firma del Tratado Internacional de Promoci\u00f3n y Protecci\u00f3n de Inversiones\",\"presidente Daniel Noboa Azin\"],\"articleSection\":[\"Pol\u00edtica\"],\"inLanguage\":\"es\"},{\"@type\":\"WebPage\",\"@id\":\"https:\\\/\\\/emisarioec.com\\\/index.php\\\/2025\\\/12\\\/06\\\/ecuador-y-emiratos-arabes-unidos-marcan-un-hito-con-la-firma-del-tratado-internacional-de-promocion-y-proteccion-de-inversiones-en-el-marco-de-la-gira-del-presidente-daniel-noboa\\\/\",\"url\":\"https:\\\/\\\/emisarioec.com\\\/index.php\\\/2025\\\/12\\\/06\\\/ecuador-y-emiratos-arabes-unidos-marcan-un-hito-con-la-firma-del-tratado-internacional-de-promocion-y-proteccion-de-inversiones-en-el-marco-de-la-gira-del-presidente-daniel-noboa\\\/\",\"name\":\"Ecuador y Emiratos \u00c1rabes Unidos marcan un hito con la firma del Tratado Internacional de Promoci\u00f3n y Protecci\u00f3n de Inversiones en el marco de la gira del Presidente Daniel Noboa - Emisario Ec\",\"isPartOf\":{\"@id\":\"https:\\\/\\\/emisarioec.com\\\/#website\"},\"primaryImageOfPage\":{\"@id\":\"https:\\\/\\\/emisarioec.com\\\/index.php\\\/2025\\\/12\\\/06\\\/ecuador-y-emiratos-arabes-unidos-marcan-un-hito-con-la-firma-del-tratado-internacional-de-promocion-y-proteccion-de-inversiones-en-el-marco-de-la-gira-del-presidente-daniel-noboa\\\/#primaryimage\"},\"image\":{\"@id\":\"https:\\\/\\\/emisarioec.com\\\/index.php\\\/2025\\\/12\\\/06\\\/ecuador-y-emiratos-arabes-unidos-marcan-un-hito-con-la-firma-del-tratado-internacional-de-promocion-y-proteccion-de-inversiones-en-el-marco-de-la-gira-del-presidente-daniel-noboa\\\/#primaryimage\"},\"thumbnailUrl\":\"https:\\\/\\\/emisarioec.com\\\/wp-content\\\/uploads\\\/2025\\\/12\\\/1-14.jpg\",\"datePublished\":\"2025-12-06T19:50:28+00:00\",\"dateModified\":\"2025-12-07T19:50:59+00:00\",\"breadcrumb\":{\"@id\":\"https:\\\/\\\/emisarioec.com\\\/index.php\\\/2025\\\/12\\\/06\\\/ecuador-y-emiratos-arabes-unidos-marcan-un-hito-con-la-firma-del-tratado-internacional-de-promocion-y-proteccion-de-inversiones-en-el-marco-de-la-gira-del-presidente-daniel-noboa\\\/#breadcrumb\"},\"inLanguage\":\"es\",\"potentialAction\":[{\"@type\":\"ReadAction\",\"target\":[\"https:\\\/\\\/emisarioec.com\\\/index.php\\\/2025\\\/12\\\/06\\\/ecuador-y-emiratos-arabes-unidos-marcan-un-hito-con-la-firma-del-tratado-internacional-de-promocion-y-proteccion-de-inversiones-en-el-marco-de-la-gira-del-presidente-daniel-noboa\\\/\"]}]},{\"@type\":\"ImageObject\",\"inLanguage\":\"es\",\"@id\":\"https:\\\/\\\/emisarioec.com\\\/index.php\\\/2025\\\/12\\\/06\\\/ecuador-y-emiratos-arabes-unidos-marcan-un-hito-con-la-firma-del-tratado-internacional-de-promocion-y-proteccion-de-inversiones-en-el-marco-de-la-gira-del-presidente-daniel-noboa\\\/#primaryimage\",\"url\":\"https:\\\/\\\/emisarioec.com\\\/wp-content\\\/uploads\\\/2025\\\/12\\\/1-14.jpg\",\"contentUrl\":\"https:\\\/\\\/emisarioec.com\\\/wp-content\\\/uploads\\\/2025\\\/12\\\/1-14.jpg\",\"width\":880,\"height\":587},{\"@type\":\"BreadcrumbList\",\"@id\":\"https:\\\/\\\/emisarioec.com\\\/index.php\\\/2025\\\/12\\\/06\\\/ecuador-y-emiratos-arabes-unidos-marcan-un-hito-con-la-firma-del-tratado-internacional-de-promocion-y-proteccion-de-inversiones-en-el-marco-de-la-gira-del-presidente-daniel-noboa\\\/#breadcrumb\",\"itemListElement\":[{\"@type\":\"ListItem\",\"position\":1,\"name\":\"Portada\",\"item\":\"https:\\\/\\\/emisarioec.com\\\/\"},{\"@type\":\"ListItem\",\"position\":2,\"name\":\"Ecuador y Emiratos \u00c1rabes Unidos marcan un hito con la firma del Tratado Internacional de Promoci\u00f3n y Protecci\u00f3n de Inversiones en el marco de la gira del Presidente Daniel Noboa\"}]},{\"@type\":\"WebSite\",\"@id\":\"https:\\\/\\\/emisarioec.com\\\/#website\",\"url\":\"https:\\\/\\\/emisarioec.com\\\/\",\"name\":\"Emisario Ec\",\"description\":\"Informar es un derecho que corresponde a hechos\",\"publisher\":{\"@id\":\"https:\\\/\\\/emisarioec.com\\\/#organization\"},\"potentialAction\":[{\"@type\":\"SearchAction\",\"target\":{\"@type\":\"EntryPoint\",\"urlTemplate\":\"https:\\\/\\\/emisarioec.com\\\/?s={search_term_string}\"},\"query-input\":{\"@type\":\"PropertyValueSpecification\",\"valueRequired\":true,\"valueName\":\"search_term_string\"}}],\"inLanguage\":\"es\"},{\"@type\":\"Organization\",\"@id\":\"https:\\\/\\\/emisarioec.com\\\/#organization\",\"name\":\"Emisario Ec\",\"url\":\"https:\\\/\\\/emisarioec.com\\\/\",\"logo\":{\"@type\":\"ImageObject\",\"inLanguage\":\"es\",\"@id\":\"https:\\\/\\\/emisarioec.com\\\/#\\\/schema\\\/logo\\\/image\\\/\",\"url\":\"https:\\\/\\\/emisarioec.com\\\/wp-content\\\/uploads\\\/2025\\\/06\\\/cropped-cropped-emisario-ico.png\",\"contentUrl\":\"https:\\\/\\\/emisarioec.com\\\/wp-content\\\/uploads\\\/2025\\\/06\\\/cropped-cropped-emisario-ico.png\",\"width\":512,\"height\":512,\"caption\":\"Emisario Ec\"},\"image\":{\"@id\":\"https:\\\/\\\/emisarioec.com\\\/#\\\/schema\\\/logo\\\/image\\\/\"}},{\"@type\":\"Person\",\"@id\":\"https:\\\/\\\/emisarioec.com\\\/#\\\/schema\\\/person\\\/2afb9da152d200f9b3feecf5f92da2d5\",\"name\":\"Emisario Ec\",\"url\":\"https:\\\/\\\/emisarioec.com\\\/index.php\\\/author\\\/admin_roberto\\\/\"}]}<\/script>\n<!-- \/ Yoast SEO plugin. -->","yoast_head_json":{"title":"Ecuador y Emiratos \u00c1rabes Unidos marcan un hito con la firma del Tratado Internacional de Promoci\u00f3n y Protecci\u00f3n de Inversiones en el marco de la gira del Presidente Daniel Noboa - Emisario Ec","robots":{"index":"index","follow":"follow","max-snippet":"max-snippet:-1","max-image-preview":"max-image-preview:large","max-video-preview":"max-video-preview:-1"},"canonical":"https:\/\/emisarioec.com\/index.php\/2025\/12\/06\/ecuador-y-emiratos-arabes-unidos-marcan-un-hito-con-la-firma-del-tratado-internacional-de-promocion-y-proteccion-de-inversiones-en-el-marco-de-la-gira-del-presidente-daniel-noboa\/","og_locale":"es_ES","og_type":"article","og_title":"Ecuador y Emiratos \u00c1rabes Unidos marcan un hito con la firma del Tratado Internacional de Promoci\u00f3n y Protecci\u00f3n de Inversiones en el marco de la gira del Presidente Daniel Noboa - Emisario Ec","og_description":"Este acuerdo permitir\u00e1 canalizar capital hacia sectores estrat\u00e9gicos como infraestructura, energ\u00edas renovables, agroindustria, log\u00edstica, econom\u00eda digital, turismo, miner\u00eda responsable y proyectos de desarrollo sostenible","og_url":"https:\/\/emisarioec.com\/index.php\/2025\/12\/06\/ecuador-y-emiratos-arabes-unidos-marcan-un-hito-con-la-firma-del-tratado-internacional-de-promocion-y-proteccion-de-inversiones-en-el-marco-de-la-gira-del-presidente-daniel-noboa\/","og_site_name":"Emisario Ec","article_published_time":"2025-12-06T19:50:28+00:00","article_modified_time":"2025-12-07T19:50:59+00:00","og_image":[{"width":880,"height":587,"url":"https:\/\/emisarioec.com\/wp-content\/uploads\/2025\/12\/1-14.jpg","type":"image\/jpeg"}],"author":"Emisario Ec","twitter_card":"summary_large_image","twitter_misc":{"Escrito por":"Emisario Ec","Tiempo de lectura":"2 minutos"},"schema":{"@context":"https:\/\/schema.org","@graph":[{"@type":"Article","@id":"https:\/\/emisarioec.com\/index.php\/2025\/12\/06\/ecuador-y-emiratos-arabes-unidos-marcan-un-hito-con-la-firma-del-tratado-internacional-de-promocion-y-proteccion-de-inversiones-en-el-marco-de-la-gira-del-presidente-daniel-noboa\/#article","isPartOf":{"@id":"https:\/\/emisarioec.com\/index.php\/2025\/12\/06\/ecuador-y-emiratos-arabes-unidos-marcan-un-hito-con-la-firma-del-tratado-internacional-de-promocion-y-proteccion-de-inversiones-en-el-marco-de-la-gira-del-presidente-daniel-noboa\/"},"author":{"name":"Emisario Ec","@id":"https:\/\/emisarioec.com\/#\/schema\/person\/2afb9da152d200f9b3feecf5f92da2d5"},"headline":"Ecuador y Emiratos \u00c1rabes Unidos marcan un hito con la firma del Tratado Internacional de Promoci\u00f3n y Protecci\u00f3n de Inversiones en el marco de la gira del Presidente Daniel Noboa","datePublished":"2025-12-06T19:50:28+00:00","dateModified":"2025-12-07T19:50:59+00:00","mainEntityOfPage":{"@id":"https:\/\/emisarioec.com\/index.php\/2025\/12\/06\/ecuador-y-emiratos-arabes-unidos-marcan-un-hito-con-la-firma-del-tratado-internacional-de-promocion-y-proteccion-de-inversiones-en-el-marco-de-la-gira-del-presidente-daniel-noboa\/"},"wordCount":280,"publisher":{"@id":"https:\/\/emisarioec.com\/#organization"},"image":{"@id":"https:\/\/emisarioec.com\/index.php\/2025\/12\/06\/ecuador-y-emiratos-arabes-unidos-marcan-un-hito-con-la-firma-del-tratado-internacional-de-promocion-y-proteccion-de-inversiones-en-el-marco-de-la-gira-del-presidente-daniel-noboa\/#primaryimage"},"thumbnailUrl":"https:\/\/emisarioec.com\/wp-content\/uploads\/2025\/12\/1-14.jpg","keywords":["Ecuador y Emiratos \u00c1rabes Unidos","firma del Tratado Internacional de Promoci\u00f3n y Protecci\u00f3n de Inversiones","presidente Daniel Noboa Azin"],"articleSection":["Pol\u00edtica"],"inLanguage":"es"},{"@type":"WebPage","@id":"https:\/\/emisarioec.com\/index.php\/2025\/12\/06\/ecuador-y-emiratos-arabes-unidos-marcan-un-hito-con-la-firma-del-tratado-internacional-de-promocion-y-proteccion-de-inversiones-en-el-marco-de-la-gira-del-presidente-daniel-noboa\/","url":"https:\/\/emisarioec.com\/index.php\/2025\/12\/06\/ecuador-y-emiratos-arabes-unidos-marcan-un-hito-con-la-firma-del-tratado-internacional-de-promocion-y-proteccion-de-inversiones-en-el-marco-de-la-gira-del-presidente-daniel-noboa\/","name":"Ecuador y Emiratos \u00c1rabes Unidos marcan un hito con la firma del Tratado Internacional de Promoci\u00f3n y Protecci\u00f3n de Inversiones en el marco de la gira del Presidente Daniel Noboa - Emisario Ec","isPartOf":{"@id":"https:\/\/emisarioec.com\/#website"},"primaryImageOfPage":{"@id":"https:\/\/emisarioec.com\/index.php\/2025\/12\/06\/ecuador-y-emiratos-arabes-unidos-marcan-un-hito-con-la-firma-del-tratado-internacional-de-promocion-y-proteccion-de-inversiones-en-el-marco-de-la-gira-del-presidente-daniel-noboa\/#primaryimage"},"image":{"@id":"https:\/\/emisarioec.com\/index.php\/2025\/12\/06\/ecuador-y-emiratos-arabes-unidos-marcan-un-hito-con-la-firma-del-tratado-internacional-de-promocion-y-proteccion-de-inversiones-en-el-marco-de-la-gira-del-presidente-daniel-noboa\/#primaryimage"},"thumbnailUrl":"https:\/\/emisarioec.com\/wp-content\/uploads\/2025\/12\/1-14.jpg","datePublished":"2025-12-06T19:50:28+00:00","dateModified":"2025-12-07T19:50:59+00:00","breadcrumb":{"@id":"https:\/\/emisarioec.com\/index.php\/2025\/12\/06\/ecuador-y-emiratos-arabes-unidos-marcan-un-hito-con-la-firma-del-tratado-internacional-de-promocion-y-proteccion-de-inversiones-en-el-marco-de-la-gira-del-presidente-daniel-noboa\/#breadcrumb"},"inLanguage":"es","potentialAction":[{"@type":"ReadAction","target":["https:\/\/emisarioec.com\/index.php\/2025\/12\/06\/ecuador-y-emiratos-arabes-unidos-marcan-un-hito-con-la-firma-del-tratado-internacional-de-promocion-y-proteccion-de-inversiones-en-el-marco-de-la-gira-del-presidente-daniel-noboa\/"]}]},{"@type":"ImageObject","inLanguage":"es","@id":"https:\/\/emisarioec.com\/index.php\/2025\/12\/06\/ecuador-y-emiratos-arabes-unidos-marcan-un-hito-con-la-firma-del-tratado-internacional-de-promocion-y-proteccion-de-inversiones-en-el-marco-de-la-gira-del-presidente-daniel-noboa\/#primaryimage","url":"https:\/\/emisarioec.com\/wp-content\/uploads\/2025\/12\/1-14.jpg","contentUrl":"https:\/\/emisarioec.com\/wp-content\/uploads\/2025\/12\/1-14.jpg","width":880,"height":587},{"@type":"BreadcrumbList","@id":"https:\/\/emisarioec.com\/index.php\/2025\/12\/06\/ecuador-y-emiratos-arabes-unidos-marcan-un-hito-con-la-firma-del-tratado-internacional-de-promocion-y-proteccion-de-inversiones-en-el-marco-de-la-gira-del-presidente-daniel-noboa\/#breadcrumb","itemListElement":[{"@type":"ListItem","position":1,"name":"Portada","item":"https:\/\/emisarioec.com\/"},{"@type":"ListItem","position":2,"name":"Ecuador y Emiratos \u00c1rabes Unidos marcan un hito con la firma del Tratado Internacional de Promoci\u00f3n y Protecci\u00f3n de Inversiones en el marco de la gira del Presidente Daniel Noboa"}]},{"@type":"WebSite","@id":"https:\/\/emisarioec.com\/#website","url":"https:\/\/emisarioec.com\/","name":"Emisario Ec","description":"Informar es un derecho que corresponde a hechos","publisher":{"@id":"https:\/\/emisarioec.com\/#organization"},"potentialAction":[{"@type":"SearchAction","target":{"@type":"EntryPoint","urlTemplate":"https:\/\/emisarioec.com\/?s={search_term_string}"},"query-input":{"@type":"PropertyValueSpecification","valueRequired":true,"valueName":"search_term_string"}}],"inLanguage":"es"},{"@type":"Organization","@id":"https:\/\/emisarioec.com\/#organization","name":"Emisario Ec","url":"https:\/\/emisarioec.com\/","logo":{"@type":"ImageObject","inLanguage":"es","@id":"https:\/\/emisarioec.com\/#\/schema\/logo\/image\/","url":"https:\/\/emisarioec.com\/wp-content\/uploads\/2025\/06\/cropped-cropped-emisario-ico.png","contentUrl":"https:\/\/emisarioec.com\/wp-content\/uploads\/2025\/06\/cropped-cropped-emisario-ico.png","width":512,"height":512,"caption":"Emisario Ec"},"image":{"@id":"https:\/\/emisarioec.com\/#\/schema\/logo\/image\/"}},{"@type":"Person","@id":"https:\/\/emisarioec.com\/#\/schema\/person\/2afb9da152d200f9b3feecf5f92da2d5","name":"Emisario Ec","url":"https:\/\/emisarioec.com\/index.php\/author\/admin_roberto\/"}]}},"jetpack_featured_media_url":"https:\/\/emisarioec.com\/wp-content\/uploads\/2025\/12\/1-14.jpg","_links":{"self":[{"href":"https:\/\/emisarioec.com\/index.php\/wp-json\/wp\/v2\/posts\/1308","targetHints":{"allow":["GET"]}}],"collection":[{"href":"https:\/\/emisarioec.com\/index.php\/wp-json\/wp\/v2\/posts"}],"about":[{"href":"https:\/\/emisarioec.com\/index.php\/wp-json\/wp\/v2\/types\/post"}],"author":[{"embeddable":true,"href":"https:\/\/emisarioec.com\/index.php\/wp-json\/wp\/v2\/users\/2"}],"replies":[{"embeddable":true,"href":"https:\/\/emisarioec.com\/index.php\/wp-json\/wp\/v2\/comments?post=1308"}],"version-history":[{"count":1,"href":"https:\/\/emisarioec.com\/index.php\/wp-json\/wp\/v2\/posts\/1308\/revisions"}],"predecessor-version":[{"id":1310,"href":"https:\/\/emisarioec.com\/index.php\/wp-json\/wp\/v2\/posts\/1308\/revisions\/1310"}],"wp:featuredmedia":[{"embeddable":true,"href":"https:\/\/emisarioec.com\/index.php\/wp-json\/wp\/v2\/media\/1309"}],"wp:attachment":[{"href":"https:\/\/emisarioec.com\/index.php\/wp-json\/wp\/v2\/media?parent=1308"}],"wp:term":[{"taxonomy":"category","embeddable":true,"href":"https:\/\/emisarioec.com\/index.php\/wp-json\/wp\/v2\/categories?post=1308"},{"taxonomy":"post_tag","embeddable":true,"href":"https:\/\/emisarioec.com\/index.php\/wp-json\/wp\/v2\/tags?post=1308"}],"curies":[{"name":"wp","href":"https:\/\/api.w.org\/{rel}","templated":true}]}}