{"id":1318,"date":"2025-12-04T15:35:32","date_gmt":"2025-12-04T20:35:32","guid":{"rendered":"https:\/\/emisarioec.com\/?p=1318"},"modified":"2025-12-10T15:35:46","modified_gmt":"2025-12-10T20:35:46","slug":"vii-encuentro-de-sociedad-civil","status":"publish","type":"post","link":"https:\/\/emisarioec.com\/index.php\/2025\/12\/04\/vii-encuentro-de-sociedad-civil\/","title":{"rendered":"VII Encuentro de Sociedad Civil"},"content":{"rendered":"\n<p>Cuando la escucha, la cooperaci\u00f3n y el compromiso comunitario se encuentran, nacen caminos capaces de transformar realidades profundamente afectadas por la violencia. Bajo esta premisa, la <strong>Mesa Regional de Cooperaci\u00f3n para el Desarrollo<\/strong> realiz\u00f3 el pasado <strong>4 de diciembre<\/strong> el <strong>VII Encuentro de Sociedad Civil<\/strong>, un espacio de construcci\u00f3n colectiva orientado a fortalecer la prevenci\u00f3n y la respuesta frente al <strong>reclutamiento de ni\u00f1as, ni\u00f1os y adolescentes<\/strong>, as\u00ed como al <strong>desplazamiento forzoso<\/strong> que viven comunidades de <strong>Isla Trinitaria<\/strong> y <strong>Socio Vivienda<\/strong> en Guayaquil.<\/p>\n\n\n\n<p>Organizado por la <strong>Mesa de Cooperaci\u00f3n<\/strong>, en articulaci\u00f3n con la <strong>RED NOROESTE<\/strong> y con la participaci\u00f3n de organizaciones nacionales e internacionales, universidades, agencias de cooperaci\u00f3n, gobiernos locales y actores comunitarios \u2014entre ellos <strong>Misi\u00f3n Alianza<\/strong>, como uno de sus miembros activos\u2014 el Encuentro convoc\u00f3 a instituciones p\u00fablicas, sociedad civil y especialistas para compartir informaci\u00f3n clave, visibilizar las voces de las comunidades y generar propuestas concretas que impulsen un trabajo articulado m\u00e1s s\u00f3lido, humano y sostenible.<\/p>\n\n\n\n<p>En un pa\u00eds donde miles de familias enfrentan situaciones de riesgo y desplazamiento, la articulaci\u00f3n entre instituciones se vuelve <strong>esencial para proteger<\/strong> a ni\u00f1as, ni\u00f1os y adolescentes, fortalecer la resiliencia comunitaria y construir oportunidades de futuro. Este Encuentro busc\u00f3 profundizar ese camino, ampliando los aprendizajes obtenidos durante 2025 y avanzando hacia rutas de acci\u00f3n que respondan directamente a las necesidades expresadas por las propias comunidades.<\/p>\n\n\n\n<p>Durante la jornada se desarrollaron <strong>paneles, presentaciones de estudios, testimonios comunitarios y espacios de reflexi\u00f3n<\/strong>, donde se analizaron problem\u00e1ticas como:<\/p>\n\n\n\n<ul class=\"wp-block-list\">\n<li>El impacto de la violencia criminal en las familias.<\/li>\n\n\n\n<li>Las causas y efectos sociales del reclutamiento de j\u00f3venes y adolescentes.<\/li>\n\n\n\n<li>El rol de los liderazgos comunitarios.<\/li>\n\n\n\n<li>Las estrategias frente al desplazamiento.<\/li>\n<\/ul>\n\n\n\n<p>Adem\u00e1s, el VII Encuentro incluy\u00f3 espacios internos donde representantes de la sociedad civil trabajaron en la <strong>construcci\u00f3n colaborativa de planes de acci\u00f3n<\/strong> para cada comunidad, que orienten las acciones conjuntas durante 2026. Estas hojas de ruta contemplan l\u00edneas estrat\u00e9gicas, responsabilidades, aliados clave, recursos necesarios, cronogramas y metas de impacto, con el objetivo de fortalecer la protecci\u00f3n comunitaria y acompa\u00f1ar las iniciativas locales.<\/p>\n\n\n\n<p>Inspirado en el compromiso que la <strong>Mesa de Cooperaci\u00f3n<\/strong> ha consolidado durante los \u00faltimos a\u00f1os, el <strong>7mo. Encuentro<\/strong> busca generar acuerdos claros que potencien el apoyo a las comunidades, abran nuevas oportunidades para quienes m\u00e1s las necesitan y permitan alcanzar resultados colectivos que trasciendan en el tiempo.<\/p>\n\n\n\n<p>La participaci\u00f3n fue gratuita y se realiz\u00f3 en el <strong>Auditorio de la Universidad del Pac\u00edfico, desde las 08h30 a 13h30.<\/strong><\/p>\n","protected":false},"excerpt":{"rendered":"<p>Prevenci\u00f3n y respuesta a las violencias con \u00e9nfasis en reclutamiento de ni\u00f1os, ni\u00f1as y adolescentes y desplazamiento forzoso en Guayaquil<\/p>\n","protected":false},"author":2,"featured_media":1319,"comment_status":"closed","ping_status":"open","sticky":false,"template":"","format":"standard","meta":{"footnotes":""},"categories":[6],"tags":[33,22,574,575],"class_list":["post-1318","post","type-post","status-publish","format-standard","has-post-thumbnail","hentry","category-actualidad","tag-ecuador","tag-guayaquil","tag-mesa-regional-de-cooperacion-para-el-desarrollo-r","tag-vii-encuentro-de-sociedad-civil"],"yoast_head":"<!-- This site is optimized with the Yoast SEO plugin v27.5 - https:\/\/yoast.com\/product\/yoast-seo-wordpress\/ -->\n<title>VII Encuentro de Sociedad Civil - Emisario Ec<\/title>\n<meta name=\"robots\" content=\"index, follow, max-snippet:-1, max-image-preview:large, max-video-preview:-1\" \/>\n<link rel=\"canonical\" href=\"https:\/\/emisarioec.com\/index.php\/2025\/12\/04\/vii-encuentro-de-sociedad-civil\/\" \/>\n<meta property=\"og:locale\" content=\"es_ES\" \/>\n<meta property=\"og:type\" content=\"article\" \/>\n<meta property=\"og:title\" content=\"VII Encuentro de Sociedad Civil - Emisario Ec\" \/>\n<meta property=\"og:description\" content=\"Prevenci\u00f3n y respuesta a las violencias con \u00e9nfasis en reclutamiento de ni\u00f1os, ni\u00f1as y adolescentes y desplazamiento forzoso en Guayaquil\" \/>\n<meta property=\"og:url\" content=\"https:\/\/emisarioec.com\/index.php\/2025\/12\/04\/vii-encuentro-de-sociedad-civil\/\" \/>\n<meta property=\"og:site_name\" content=\"Emisario Ec\" \/>\n<meta property=\"article:published_time\" content=\"2025-12-04T20:35:32+00:00\" \/>\n<meta property=\"article:modified_time\" content=\"2025-12-10T20:35:46+00:00\" \/>\n<meta property=\"og:image\" content=\"https:\/\/emisarioec.com\/wp-content\/uploads\/2025\/12\/1-17.jpg\" \/>\n\t<meta property=\"og:image:width\" content=\"880\" \/>\n\t<meta property=\"og:image:height\" content=\"495\" \/>\n\t<meta property=\"og:image:type\" content=\"image\/jpeg\" \/>\n<meta name=\"author\" content=\"Emisario Ec\" \/>\n<meta name=\"twitter:card\" content=\"summary_large_image\" \/>\n<meta name=\"twitter:label1\" content=\"Escrito por\" \/>\n\t<meta name=\"twitter:data1\" content=\"Emisario Ec\" \/>\n\t<meta name=\"twitter:label2\" content=\"Tiempo de lectura\" \/>\n\t<meta name=\"twitter:data2\" content=\"3 minutos\" \/>\n<script type=\"application\/ld+json\" class=\"yoast-schema-graph\">{\"@context\":\"https:\\\/\\\/schema.org\",\"@graph\":[{\"@type\":\"Article\",\"@id\":\"https:\\\/\\\/emisarioec.com\\\/index.php\\\/2025\\\/12\\\/04\\\/vii-encuentro-de-sociedad-civil\\\/#article\",\"isPartOf\":{\"@id\":\"https:\\\/\\\/emisarioec.com\\\/index.php\\\/2025\\\/12\\\/04\\\/vii-encuentro-de-sociedad-civil\\\/\"},\"author\":{\"name\":\"Emisario Ec\",\"@id\":\"https:\\\/\\\/emisarioec.com\\\/#\\\/schema\\\/person\\\/2afb9da152d200f9b3feecf5f92da2d5\"},\"headline\":\"VII Encuentro de Sociedad Civil\",\"datePublished\":\"2025-12-04T20:35:32+00:00\",\"dateModified\":\"2025-12-10T20:35:46+00:00\",\"mainEntityOfPage\":{\"@id\":\"https:\\\/\\\/emisarioec.com\\\/index.php\\\/2025\\\/12\\\/04\\\/vii-encuentro-de-sociedad-civil\\\/\"},\"wordCount\":438,\"publisher\":{\"@id\":\"https:\\\/\\\/emisarioec.com\\\/#organization\"},\"image\":{\"@id\":\"https:\\\/\\\/emisarioec.com\\\/index.php\\\/2025\\\/12\\\/04\\\/vii-encuentro-de-sociedad-civil\\\/#primaryimage\"},\"thumbnailUrl\":\"https:\\\/\\\/emisarioec.com\\\/wp-content\\\/uploads\\\/2025\\\/12\\\/1-17.jpg\",\"keywords\":[\"Ecuador\",\"Guayaquil\",\"Mesa Regional de Cooperaci\u00f3n para el Desarrollo r\",\"VII Encuentro de Sociedad Civil\"],\"articleSection\":[\"Actualidad\"],\"inLanguage\":\"es\"},{\"@type\":\"WebPage\",\"@id\":\"https:\\\/\\\/emisarioec.com\\\/index.php\\\/2025\\\/12\\\/04\\\/vii-encuentro-de-sociedad-civil\\\/\",\"url\":\"https:\\\/\\\/emisarioec.com\\\/index.php\\\/2025\\\/12\\\/04\\\/vii-encuentro-de-sociedad-civil\\\/\",\"name\":\"VII Encuentro de Sociedad Civil - Emisario Ec\",\"isPartOf\":{\"@id\":\"https:\\\/\\\/emisarioec.com\\\/#website\"},\"primaryImageOfPage\":{\"@id\":\"https:\\\/\\\/emisarioec.com\\\/index.php\\\/2025\\\/12\\\/04\\\/vii-encuentro-de-sociedad-civil\\\/#primaryimage\"},\"image\":{\"@id\":\"https:\\\/\\\/emisarioec.com\\\/index.php\\\/2025\\\/12\\\/04\\\/vii-encuentro-de-sociedad-civil\\\/#primaryimage\"},\"thumbnailUrl\":\"https:\\\/\\\/emisarioec.com\\\/wp-content\\\/uploads\\\/2025\\\/12\\\/1-17.jpg\",\"datePublished\":\"2025-12-04T20:35:32+00:00\",\"dateModified\":\"2025-12-10T20:35:46+00:00\",\"breadcrumb\":{\"@id\":\"https:\\\/\\\/emisarioec.com\\\/index.php\\\/2025\\\/12\\\/04\\\/vii-encuentro-de-sociedad-civil\\\/#breadcrumb\"},\"inLanguage\":\"es\",\"potentialAction\":[{\"@type\":\"ReadAction\",\"target\":[\"https:\\\/\\\/emisarioec.com\\\/index.php\\\/2025\\\/12\\\/04\\\/vii-encuentro-de-sociedad-civil\\\/\"]}]},{\"@type\":\"ImageObject\",\"inLanguage\":\"es\",\"@id\":\"https:\\\/\\\/emisarioec.com\\\/index.php\\\/2025\\\/12\\\/04\\\/vii-encuentro-de-sociedad-civil\\\/#primaryimage\",\"url\":\"https:\\\/\\\/emisarioec.com\\\/wp-content\\\/uploads\\\/2025\\\/12\\\/1-17.jpg\",\"contentUrl\":\"https:\\\/\\\/emisarioec.com\\\/wp-content\\\/uploads\\\/2025\\\/12\\\/1-17.jpg\",\"width\":880,\"height\":495},{\"@type\":\"BreadcrumbList\",\"@id\":\"https:\\\/\\\/emisarioec.com\\\/index.php\\\/2025\\\/12\\\/04\\\/vii-encuentro-de-sociedad-civil\\\/#breadcrumb\",\"itemListElement\":[{\"@type\":\"ListItem\",\"position\":1,\"name\":\"Portada\",\"item\":\"https:\\\/\\\/emisarioec.com\\\/\"},{\"@type\":\"ListItem\",\"position\":2,\"name\":\"VII Encuentro de Sociedad Civil\"}]},{\"@type\":\"WebSite\",\"@id\":\"https:\\\/\\\/emisarioec.com\\\/#website\",\"url\":\"https:\\\/\\\/emisarioec.com\\\/\",\"name\":\"Emisario Ec\",\"description\":\"Informar es un derecho que corresponde a hechos\",\"publisher\":{\"@id\":\"https:\\\/\\\/emisarioec.com\\\/#organization\"},\"potentialAction\":[{\"@type\":\"SearchAction\",\"target\":{\"@type\":\"EntryPoint\",\"urlTemplate\":\"https:\\\/\\\/emisarioec.com\\\/?s={search_term_string}\"},\"query-input\":{\"@type\":\"PropertyValueSpecification\",\"valueRequired\":true,\"valueName\":\"search_term_string\"}}],\"inLanguage\":\"es\"},{\"@type\":\"Organization\",\"@id\":\"https:\\\/\\\/emisarioec.com\\\/#organization\",\"name\":\"Emisario Ec\",\"url\":\"https:\\\/\\\/emisarioec.com\\\/\",\"logo\":{\"@type\":\"ImageObject\",\"inLanguage\":\"es\",\"@id\":\"https:\\\/\\\/emisarioec.com\\\/#\\\/schema\\\/logo\\\/image\\\/\",\"url\":\"https:\\\/\\\/emisarioec.com\\\/wp-content\\\/uploads\\\/2025\\\/06\\\/cropped-cropped-emisario-ico.png\",\"contentUrl\":\"https:\\\/\\\/emisarioec.com\\\/wp-content\\\/uploads\\\/2025\\\/06\\\/cropped-cropped-emisario-ico.png\",\"width\":512,\"height\":512,\"caption\":\"Emisario Ec\"},\"image\":{\"@id\":\"https:\\\/\\\/emisarioec.com\\\/#\\\/schema\\\/logo\\\/image\\\/\"}},{\"@type\":\"Person\",\"@id\":\"https:\\\/\\\/emisarioec.com\\\/#\\\/schema\\\/person\\\/2afb9da152d200f9b3feecf5f92da2d5\",\"name\":\"Emisario Ec\",\"url\":\"https:\\\/\\\/emisarioec.com\\\/index.php\\\/author\\\/admin_roberto\\\/\"}]}<\/script>\n<!-- \/ Yoast SEO plugin. -->","yoast_head_json":{"title":"VII Encuentro de Sociedad Civil - Emisario Ec","robots":{"index":"index","follow":"follow","max-snippet":"max-snippet:-1","max-image-preview":"max-image-preview:large","max-video-preview":"max-video-preview:-1"},"canonical":"https:\/\/emisarioec.com\/index.php\/2025\/12\/04\/vii-encuentro-de-sociedad-civil\/","og_locale":"es_ES","og_type":"article","og_title":"VII Encuentro de Sociedad Civil - Emisario Ec","og_description":"Prevenci\u00f3n y respuesta a las violencias con \u00e9nfasis en reclutamiento de ni\u00f1os, ni\u00f1as y adolescentes y desplazamiento forzoso en Guayaquil","og_url":"https:\/\/emisarioec.com\/index.php\/2025\/12\/04\/vii-encuentro-de-sociedad-civil\/","og_site_name":"Emisario Ec","article_published_time":"2025-12-04T20:35:32+00:00","article_modified_time":"2025-12-10T20:35:46+00:00","og_image":[{"width":880,"height":495,"url":"https:\/\/emisarioec.com\/wp-content\/uploads\/2025\/12\/1-17.jpg","type":"image\/jpeg"}],"author":"Emisario Ec","twitter_card":"summary_large_image","twitter_misc":{"Escrito por":"Emisario Ec","Tiempo de lectura":"3 minutos"},"schema":{"@context":"https:\/\/schema.org","@graph":[{"@type":"Article","@id":"https:\/\/emisarioec.com\/index.php\/2025\/12\/04\/vii-encuentro-de-sociedad-civil\/#article","isPartOf":{"@id":"https:\/\/emisarioec.com\/index.php\/2025\/12\/04\/vii-encuentro-de-sociedad-civil\/"},"author":{"name":"Emisario Ec","@id":"https:\/\/emisarioec.com\/#\/schema\/person\/2afb9da152d200f9b3feecf5f92da2d5"},"headline":"VII Encuentro de Sociedad Civil","datePublished":"2025-12-04T20:35:32+00:00","dateModified":"2025-12-10T20:35:46+00:00","mainEntityOfPage":{"@id":"https:\/\/emisarioec.com\/index.php\/2025\/12\/04\/vii-encuentro-de-sociedad-civil\/"},"wordCount":438,"publisher":{"@id":"https:\/\/emisarioec.com\/#organization"},"image":{"@id":"https:\/\/emisarioec.com\/index.php\/2025\/12\/04\/vii-encuentro-de-sociedad-civil\/#primaryimage"},"thumbnailUrl":"https:\/\/emisarioec.com\/wp-content\/uploads\/2025\/12\/1-17.jpg","keywords":["Ecuador","Guayaquil","Mesa Regional de Cooperaci\u00f3n para el Desarrollo r","VII Encuentro de Sociedad Civil"],"articleSection":["Actualidad"],"inLanguage":"es"},{"@type":"WebPage","@id":"https:\/\/emisarioec.com\/index.php\/2025\/12\/04\/vii-encuentro-de-sociedad-civil\/","url":"https:\/\/emisarioec.com\/index.php\/2025\/12\/04\/vii-encuentro-de-sociedad-civil\/","name":"VII Encuentro de Sociedad Civil - Emisario Ec","isPartOf":{"@id":"https:\/\/emisarioec.com\/#website"},"primaryImageOfPage":{"@id":"https:\/\/emisarioec.com\/index.php\/2025\/12\/04\/vii-encuentro-de-sociedad-civil\/#primaryimage"},"image":{"@id":"https:\/\/emisarioec.com\/index.php\/2025\/12\/04\/vii-encuentro-de-sociedad-civil\/#primaryimage"},"thumbnailUrl":"https:\/\/emisarioec.com\/wp-content\/uploads\/2025\/12\/1-17.jpg","datePublished":"2025-12-04T20:35:32+00:00","dateModified":"2025-12-10T20:35:46+00:00","breadcrumb":{"@id":"https:\/\/emisarioec.com\/index.php\/2025\/12\/04\/vii-encuentro-de-sociedad-civil\/#breadcrumb"},"inLanguage":"es","potentialAction":[{"@type":"ReadAction","target":["https:\/\/emisarioec.com\/index.php\/2025\/12\/04\/vii-encuentro-de-sociedad-civil\/"]}]},{"@type":"ImageObject","inLanguage":"es","@id":"https:\/\/emisarioec.com\/index.php\/2025\/12\/04\/vii-encuentro-de-sociedad-civil\/#primaryimage","url":"https:\/\/emisarioec.com\/wp-content\/uploads\/2025\/12\/1-17.jpg","contentUrl":"https:\/\/emisarioec.com\/wp-content\/uploads\/2025\/12\/1-17.jpg","width":880,"height":495},{"@type":"BreadcrumbList","@id":"https:\/\/emisarioec.com\/index.php\/2025\/12\/04\/vii-encuentro-de-sociedad-civil\/#breadcrumb","itemListElement":[{"@type":"ListItem","position":1,"name":"Portada","item":"https:\/\/emisarioec.com\/"},{"@type":"ListItem","position":2,"name":"VII Encuentro de Sociedad Civil"}]},{"@type":"WebSite","@id":"https:\/\/emisarioec.com\/#website","url":"https:\/\/emisarioec.com\/","name":"Emisario Ec","description":"Informar es un derecho que corresponde a hechos","publisher":{"@id":"https:\/\/emisarioec.com\/#organization"},"potentialAction":[{"@type":"SearchAction","target":{"@type":"EntryPoint","urlTemplate":"https:\/\/emisarioec.com\/?s={search_term_string}"},"query-input":{"@type":"PropertyValueSpecification","valueRequired":true,"valueName":"search_term_string"}}],"inLanguage":"es"},{"@type":"Organization","@id":"https:\/\/emisarioec.com\/#organization","name":"Emisario Ec","url":"https:\/\/emisarioec.com\/","logo":{"@type":"ImageObject","inLanguage":"es","@id":"https:\/\/emisarioec.com\/#\/schema\/logo\/image\/","url":"https:\/\/emisarioec.com\/wp-content\/uploads\/2025\/06\/cropped-cropped-emisario-ico.png","contentUrl":"https:\/\/emisarioec.com\/wp-content\/uploads\/2025\/06\/cropped-cropped-emisario-ico.png","width":512,"height":512,"caption":"Emisario Ec"},"image":{"@id":"https:\/\/emisarioec.com\/#\/schema\/logo\/image\/"}},{"@type":"Person","@id":"https:\/\/emisarioec.com\/#\/schema\/person\/2afb9da152d200f9b3feecf5f92da2d5","name":"Emisario Ec","url":"https:\/\/emisarioec.com\/index.php\/author\/admin_roberto\/"}]}},"jetpack_featured_media_url":"https:\/\/emisarioec.com\/wp-content\/uploads\/2025\/12\/1-17.jpg","_links":{"self":[{"href":"https:\/\/emisarioec.com\/index.php\/wp-json\/wp\/v2\/posts\/1318","targetHints":{"allow":["GET"]}}],"collection":[{"href":"https:\/\/emisarioec.com\/index.php\/wp-json\/wp\/v2\/posts"}],"about":[{"href":"https:\/\/emisarioec.com\/index.php\/wp-json\/wp\/v2\/types\/post"}],"author":[{"embeddable":true,"href":"https:\/\/emisarioec.com\/index.php\/wp-json\/wp\/v2\/users\/2"}],"replies":[{"embeddable":true,"href":"https:\/\/emisarioec.com\/index.php\/wp-json\/wp\/v2\/comments?post=1318"}],"version-history":[{"count":1,"href":"https:\/\/emisarioec.com\/index.php\/wp-json\/wp\/v2\/posts\/1318\/revisions"}],"predecessor-version":[{"id":1320,"href":"https:\/\/emisarioec.com\/index.php\/wp-json\/wp\/v2\/posts\/1318\/revisions\/1320"}],"wp:featuredmedia":[{"embeddable":true,"href":"https:\/\/emisarioec.com\/index.php\/wp-json\/wp\/v2\/media\/1319"}],"wp:attachment":[{"href":"https:\/\/emisarioec.com\/index.php\/wp-json\/wp\/v2\/media?parent=1318"}],"wp:term":[{"taxonomy":"category","embeddable":true,"href":"https:\/\/emisarioec.com\/index.php\/wp-json\/wp\/v2\/categories?post=1318"},{"taxonomy":"post_tag","embeddable":true,"href":"https:\/\/emisarioec.com\/index.php\/wp-json\/wp\/v2\/tags?post=1318"}],"curies":[{"name":"wp","href":"https:\/\/api.w.org\/{rel}","templated":true}]}}