{"id":1427,"date":"2025-12-08T08:15:00","date_gmt":"2025-12-08T13:15:00","guid":{"rendered":"https:\/\/emisarioec.com\/?p=1427"},"modified":"2025-12-23T12:03:42","modified_gmt":"2025-12-23T17:03:42","slug":"en-guayaquil-la-iglesia-la-merced-fue-el-escenario-del-concierto-sinfonia-de-navidad-organizado-por-la-prefectura-a-traves-del-proyecto-guayas-sinfonica-que-puso-en-escena-a-150-jo","status":"publish","type":"post","link":"https:\/\/emisarioec.com\/index.php\/2025\/12\/08\/en-guayaquil-la-iglesia-la-merced-fue-el-escenario-del-concierto-sinfonia-de-navidad-organizado-por-la-prefectura-a-traves-del-proyecto-guayas-sinfonica-que-puso-en-escena-a-150-jo\/","title":{"rendered":"En Guayaquil, la Iglesia La Merced fue el escenario del Concierto \u201cSinfon\u00eda de Navidad\u201d organizado por la Prefectura a trav\u00e9s del proyecto Guayas Sinf\u00f3nica, que puso en escena a 150 j\u00f3venes talentos de la provincia"},"content":{"rendered":"\n<p>Como parte de su trabajo de formaci\u00f3n art\u00edstica en la provincia, 150 ni\u00f1as, ni\u00f1os y j\u00f3venes integrantes de Guayas Sinf\u00f3nica, programa impulsado por la Prefectura del Guayas, participaron en el concierto &#8216;Sinfon\u00eda de Navidad&#8217;. La Bas\u00edlica Menor de Nuestra Se\u00f1ora de La Merced fue el escenario de la jornada musical que reuni\u00f3 al coro y la orquesta, para interpretar un repertorio que combin\u00f3 villancicos tradicionales como &#8216;Mi burrito sabanero&#8217;, &#8216;Jingle Bells&#8217; y un mosaico de canciones navide\u00f1as ecuatorianas.<\/p>\n\n\n\n<p>La actividad organizada por el Gobierno Provincial, el pasado viernes 19 de diciembre, gener\u00f3 un ambiente de recogimiento, alegr\u00eda y celebraci\u00f3n familiar. Un evento que se suma a las presentaciones que Guayas Sinf\u00f3nica ha programado en distintos centros comerciales de Guayaquil.<\/p>\n\n\n\n<p>Daniel V\u00e9lez, p\u00e1rroco y superior de la Iglesia La Merced, destac\u00f3 la importancia de este tipo de iniciativas y el impacto que generan en la sociedad: \u201cEspectacular, realmente es maravilloso. Que la ciudad tenga un grupo as\u00ed nos alegra, pero sobre todo que la Prefectura se preocupe por los ni\u00f1os y los j\u00f3venes para que est\u00e9n encaminados en Dios, en el bien divino\u201d, afirm\u00f3.<\/p>\n\n\n\n<p>La agenda cultural propuesta por la Prefectura del Guayas, busca ampliar el acceso a eventos musicales gratuitos en espacios abiertos, tanto para ni\u00f1os, como j\u00f3venes y adultos.<\/p>\n\n\n\n<p><\/p>\n\n\n\n<figure class=\"wp-block-embed is-type-video is-provider-tiktok wp-block-embed-tiktok\"><div class=\"wp-block-embed__wrapper\">\n<blockquote class=\"tiktok-embed\" cite=\"https:\/\/www.tiktok.com\/@emisarioec\/video\/7587098980283092280\" data-video-id=\"7587098980283092280\" data-embed-from=\"oembed\" style=\"max-width:605px; min-width:325px;\"> <section> <a target=\"_blank\" title=\"@emisarioec\" href=\"https:\/\/www.tiktok.com\/@emisarioec?refer=embed\">@emisarioec<\/a> <p>\ud83d\udccc ATENTOS\ud83d\udc4f  En Guayaquil, la Iglesia La Merced fue el escenario del Concierto \u201cSinfon\u00eda de Navidad\u201d organizado por la Prefectura a trav\u00e9s del proyecto Guayas Sinf\u00f3nica, que puso en escena a 150 j\u00f3venes talentos de la provincia Como parte de su trabajo de formaci\u00f3n art\u00edstica en la provincia, 150 ni\u00f1as, ni\u00f1os y j\u00f3venes integrantes de Guayas Sinf\u00f3nica, programa impulsado por la Prefectura del Guayas, participaron en el concierto \u2018Sinfon\u00eda de Navidad\u2019. La Bas\u00edlica Menor de Nuestra Se\u00f1ora de La Merced fue el escenario de la jornada musical que reuni\u00f3 al coro y la orquesta, para interpretar un repertorio que combin\u00f3 villancicos tradicionales como \u2018Mi burrito sabanero\u2019, \u2018Jingle Bells\u2019 y un mosaico de canciones navide\u00f1as ecuatorianas. La actividad organizada por el Gobierno Provincial, el pasado viernes 19 de diciembre, gener\u00f3 un ambiente de recogimiento, alegr\u00eda y celebraci\u00f3n familiar. Un evento que se suma a las presentaciones que Guayas Sinf\u00f3nica ha programado en distintos centros comerciales de Guayaquil. Daniel V\u00e9lez, p\u00e1rroco y superior de la Iglesia La Merced, destac\u00f3 la importancia de este tipo de iniciativas y el impacto que generan en la sociedad: \u201cEspectacular, realmente es maravilloso. Que la ciudad tenga un grupo as\u00ed nos alegra, pero sobre todo que la Prefectura se preocupe por los ni\u00f1os y los j\u00f3venes para que est\u00e9n encaminados en Dios, en el bien divino\u201d, afirm\u00f3. La agenda cultural propuesta por la Prefectura del Guayas, busca ampliar el acceso a eventos musicales gratuitos en espacios abiertos, tanto para ni\u00f1os, como j\u00f3venes y adultos.  @prefecturadelguayas @marcelaguinagav<\/p> <a target=\"_blank\" title=\"\u266c sonido original - Emisario Ec - Emisario Ec\" href=\"https:\/\/www.tiktok.com\/music\/sonido-original-Emisario-Ec-7587099067466566412?refer=embed\">\u266c sonido original &#8211; Emisario Ec &#8211; Emisario Ec<\/a> <\/section> <\/blockquote> <script async src=\"https:\/\/www.tiktok.com\/embed.js\"><\/script>\n<\/div><\/figure>\n","protected":false},"excerpt":{"rendered":"<p>El repertorio musical combin\u00f3 villancicos tradicionales y otras canciones navide\u00f1as escuchadas en Ecuador<\/p>\n","protected":false},"author":2,"featured_media":1428,"comment_status":"closed","ping_status":"open","sticky":false,"template":"","format":"standard","meta":{"footnotes":""},"categories":[6],"tags":[629,630,628,15,11],"class_list":["post-1427","post","type-post","status-publish","format-standard","has-post-thumbnail","hentry","category-actualidad","tag-sinfonia-de-navidad","tag-guayas-sinfonica","tag-iglesia-la-merced","tag-prefecta-marcela-aguinaga","tag-prefectura-del-guayas"],"yoast_head":"<!-- This site is optimized with the Yoast SEO plugin v27.5 - https:\/\/yoast.com\/product\/yoast-seo-wordpress\/ -->\n<title>En Guayaquil, la Iglesia La Merced fue el escenario del Concierto \u201cSinfon\u00eda de Navidad\u201d organizado por la Prefectura a trav\u00e9s del proyecto Guayas Sinf\u00f3nica, que puso en escena a 150 j\u00f3venes talentos de la provincia - Emisario Ec<\/title>\n<meta name=\"robots\" content=\"index, follow, max-snippet:-1, max-image-preview:large, max-video-preview:-1\" \/>\n<link rel=\"canonical\" href=\"https:\/\/emisarioec.com\/index.php\/2025\/12\/08\/en-guayaquil-la-iglesia-la-merced-fue-el-escenario-del-concierto-sinfonia-de-navidad-organizado-por-la-prefectura-a-traves-del-proyecto-guayas-sinfonica-que-puso-en-escena-a-150-jo\/\" \/>\n<meta property=\"og:locale\" content=\"es_ES\" \/>\n<meta property=\"og:type\" content=\"article\" \/>\n<meta property=\"og:title\" content=\"En Guayaquil, la Iglesia La Merced fue el escenario del Concierto \u201cSinfon\u00eda de Navidad\u201d organizado por la Prefectura a trav\u00e9s del proyecto Guayas Sinf\u00f3nica, que puso en escena a 150 j\u00f3venes talentos de la provincia - Emisario Ec\" \/>\n<meta property=\"og:description\" content=\"El repertorio musical combin\u00f3 villancicos tradicionales y otras canciones navide\u00f1as escuchadas en Ecuador\" \/>\n<meta property=\"og:url\" content=\"https:\/\/emisarioec.com\/index.php\/2025\/12\/08\/en-guayaquil-la-iglesia-la-merced-fue-el-escenario-del-concierto-sinfonia-de-navidad-organizado-por-la-prefectura-a-traves-del-proyecto-guayas-sinfonica-que-puso-en-escena-a-150-jo\/\" \/>\n<meta property=\"og:site_name\" content=\"Emisario Ec\" \/>\n<meta property=\"article:published_time\" content=\"2025-12-08T13:15:00+00:00\" \/>\n<meta property=\"article:modified_time\" content=\"2025-12-23T17:03:42+00:00\" \/>\n<meta property=\"og:image\" content=\"https:\/\/emisarioec.com\/wp-content\/uploads\/2025\/12\/1-39.jpg\" \/>\n\t<meta property=\"og:image:width\" content=\"832\" \/>\n\t<meta property=\"og:image:height\" content=\"624\" \/>\n\t<meta property=\"og:image:type\" content=\"image\/jpeg\" \/>\n<meta name=\"author\" content=\"Emisario Ec\" \/>\n<meta name=\"twitter:card\" content=\"summary_large_image\" \/>\n<meta name=\"twitter:label1\" content=\"Escrito por\" \/>\n\t<meta name=\"twitter:data1\" content=\"Emisario Ec\" \/>\n\t<meta name=\"twitter:label2\" content=\"Tiempo de lectura\" \/>\n\t<meta name=\"twitter:data2\" content=\"2 minutos\" \/>\n<script type=\"application\/ld+json\" class=\"yoast-schema-graph\">{\"@context\":\"https:\\\/\\\/schema.org\",\"@graph\":[{\"@type\":\"Article\",\"@id\":\"https:\\\/\\\/emisarioec.com\\\/index.php\\\/2025\\\/12\\\/08\\\/en-guayaquil-la-iglesia-la-merced-fue-el-escenario-del-concierto-sinfonia-de-navidad-organizado-por-la-prefectura-a-traves-del-proyecto-guayas-sinfonica-que-puso-en-escena-a-150-jo\\\/#article\",\"isPartOf\":{\"@id\":\"https:\\\/\\\/emisarioec.com\\\/index.php\\\/2025\\\/12\\\/08\\\/en-guayaquil-la-iglesia-la-merced-fue-el-escenario-del-concierto-sinfonia-de-navidad-organizado-por-la-prefectura-a-traves-del-proyecto-guayas-sinfonica-que-puso-en-escena-a-150-jo\\\/\"},\"author\":{\"name\":\"Emisario Ec\",\"@id\":\"https:\\\/\\\/emisarioec.com\\\/#\\\/schema\\\/person\\\/2afb9da152d200f9b3feecf5f92da2d5\"},\"headline\":\"En Guayaquil, la Iglesia La Merced fue el escenario del Concierto \u201cSinfon\u00eda de Navidad\u201d organizado por la Prefectura a trav\u00e9s del proyecto Guayas Sinf\u00f3nica, que puso en escena a 150 j\u00f3venes talentos de la provincia\",\"datePublished\":\"2025-12-08T13:15:00+00:00\",\"dateModified\":\"2025-12-23T17:03:42+00:00\",\"mainEntityOfPage\":{\"@id\":\"https:\\\/\\\/emisarioec.com\\\/index.php\\\/2025\\\/12\\\/08\\\/en-guayaquil-la-iglesia-la-merced-fue-el-escenario-del-concierto-sinfonia-de-navidad-organizado-por-la-prefectura-a-traves-del-proyecto-guayas-sinfonica-que-puso-en-escena-a-150-jo\\\/\"},\"wordCount\":272,\"publisher\":{\"@id\":\"https:\\\/\\\/emisarioec.com\\\/#organization\"},\"image\":{\"@id\":\"https:\\\/\\\/emisarioec.com\\\/index.php\\\/2025\\\/12\\\/08\\\/en-guayaquil-la-iglesia-la-merced-fue-el-escenario-del-concierto-sinfonia-de-navidad-organizado-por-la-prefectura-a-traves-del-proyecto-guayas-sinfonica-que-puso-en-escena-a-150-jo\\\/#primaryimage\"},\"thumbnailUrl\":\"https:\\\/\\\/emisarioec.com\\\/wp-content\\\/uploads\\\/2025\\\/12\\\/1-39.jpg\",\"keywords\":[\"\u201cSinfon\u00eda de Navidad\u201d\",\"Guayas Sinf\u00f3nica\",\"Iglesia La Merced\",\"Prefecta Marcela Agui\u00f1aga\",\"Prefectura del Guayas\"],\"articleSection\":[\"Actualidad\"],\"inLanguage\":\"es\"},{\"@type\":\"WebPage\",\"@id\":\"https:\\\/\\\/emisarioec.com\\\/index.php\\\/2025\\\/12\\\/08\\\/en-guayaquil-la-iglesia-la-merced-fue-el-escenario-del-concierto-sinfonia-de-navidad-organizado-por-la-prefectura-a-traves-del-proyecto-guayas-sinfonica-que-puso-en-escena-a-150-jo\\\/\",\"url\":\"https:\\\/\\\/emisarioec.com\\\/index.php\\\/2025\\\/12\\\/08\\\/en-guayaquil-la-iglesia-la-merced-fue-el-escenario-del-concierto-sinfonia-de-navidad-organizado-por-la-prefectura-a-traves-del-proyecto-guayas-sinfonica-que-puso-en-escena-a-150-jo\\\/\",\"name\":\"En Guayaquil, la Iglesia La Merced fue el escenario del Concierto \u201cSinfon\u00eda de Navidad\u201d organizado por la Prefectura a trav\u00e9s del proyecto Guayas Sinf\u00f3nica, que puso en escena a 150 j\u00f3venes talentos de la provincia - Emisario Ec\",\"isPartOf\":{\"@id\":\"https:\\\/\\\/emisarioec.com\\\/#website\"},\"primaryImageOfPage\":{\"@id\":\"https:\\\/\\\/emisarioec.com\\\/index.php\\\/2025\\\/12\\\/08\\\/en-guayaquil-la-iglesia-la-merced-fue-el-escenario-del-concierto-sinfonia-de-navidad-organizado-por-la-prefectura-a-traves-del-proyecto-guayas-sinfonica-que-puso-en-escena-a-150-jo\\\/#primaryimage\"},\"image\":{\"@id\":\"https:\\\/\\\/emisarioec.com\\\/index.php\\\/2025\\\/12\\\/08\\\/en-guayaquil-la-iglesia-la-merced-fue-el-escenario-del-concierto-sinfonia-de-navidad-organizado-por-la-prefectura-a-traves-del-proyecto-guayas-sinfonica-que-puso-en-escena-a-150-jo\\\/#primaryimage\"},\"thumbnailUrl\":\"https:\\\/\\\/emisarioec.com\\\/wp-content\\\/uploads\\\/2025\\\/12\\\/1-39.jpg\",\"datePublished\":\"2025-12-08T13:15:00+00:00\",\"dateModified\":\"2025-12-23T17:03:42+00:00\",\"breadcrumb\":{\"@id\":\"https:\\\/\\\/emisarioec.com\\\/index.php\\\/2025\\\/12\\\/08\\\/en-guayaquil-la-iglesia-la-merced-fue-el-escenario-del-concierto-sinfonia-de-navidad-organizado-por-la-prefectura-a-traves-del-proyecto-guayas-sinfonica-que-puso-en-escena-a-150-jo\\\/#breadcrumb\"},\"inLanguage\":\"es\",\"potentialAction\":[{\"@type\":\"ReadAction\",\"target\":[\"https:\\\/\\\/emisarioec.com\\\/index.php\\\/2025\\\/12\\\/08\\\/en-guayaquil-la-iglesia-la-merced-fue-el-escenario-del-concierto-sinfonia-de-navidad-organizado-por-la-prefectura-a-traves-del-proyecto-guayas-sinfonica-que-puso-en-escena-a-150-jo\\\/\"]}]},{\"@type\":\"ImageObject\",\"inLanguage\":\"es\",\"@id\":\"https:\\\/\\\/emisarioec.com\\\/index.php\\\/2025\\\/12\\\/08\\\/en-guayaquil-la-iglesia-la-merced-fue-el-escenario-del-concierto-sinfonia-de-navidad-organizado-por-la-prefectura-a-traves-del-proyecto-guayas-sinfonica-que-puso-en-escena-a-150-jo\\\/#primaryimage\",\"url\":\"https:\\\/\\\/emisarioec.com\\\/wp-content\\\/uploads\\\/2025\\\/12\\\/1-39.jpg\",\"contentUrl\":\"https:\\\/\\\/emisarioec.com\\\/wp-content\\\/uploads\\\/2025\\\/12\\\/1-39.jpg\",\"width\":832,\"height\":624},{\"@type\":\"BreadcrumbList\",\"@id\":\"https:\\\/\\\/emisarioec.com\\\/index.php\\\/2025\\\/12\\\/08\\\/en-guayaquil-la-iglesia-la-merced-fue-el-escenario-del-concierto-sinfonia-de-navidad-organizado-por-la-prefectura-a-traves-del-proyecto-guayas-sinfonica-que-puso-en-escena-a-150-jo\\\/#breadcrumb\",\"itemListElement\":[{\"@type\":\"ListItem\",\"position\":1,\"name\":\"Portada\",\"item\":\"https:\\\/\\\/emisarioec.com\\\/\"},{\"@type\":\"ListItem\",\"position\":2,\"name\":\"En Guayaquil, la Iglesia La Merced fue el escenario del Concierto \u201cSinfon\u00eda de Navidad\u201d organizado por la Prefectura a trav\u00e9s del proyecto Guayas Sinf\u00f3nica, que puso en escena a 150 j\u00f3venes talentos de la provincia\"}]},{\"@type\":\"WebSite\",\"@id\":\"https:\\\/\\\/emisarioec.com\\\/#website\",\"url\":\"https:\\\/\\\/emisarioec.com\\\/\",\"name\":\"Emisario Ec\",\"description\":\"Informar es un derecho que corresponde a hechos\",\"publisher\":{\"@id\":\"https:\\\/\\\/emisarioec.com\\\/#organization\"},\"potentialAction\":[{\"@type\":\"SearchAction\",\"target\":{\"@type\":\"EntryPoint\",\"urlTemplate\":\"https:\\\/\\\/emisarioec.com\\\/?s={search_term_string}\"},\"query-input\":{\"@type\":\"PropertyValueSpecification\",\"valueRequired\":true,\"valueName\":\"search_term_string\"}}],\"inLanguage\":\"es\"},{\"@type\":\"Organization\",\"@id\":\"https:\\\/\\\/emisarioec.com\\\/#organization\",\"name\":\"Emisario Ec\",\"url\":\"https:\\\/\\\/emisarioec.com\\\/\",\"logo\":{\"@type\":\"ImageObject\",\"inLanguage\":\"es\",\"@id\":\"https:\\\/\\\/emisarioec.com\\\/#\\\/schema\\\/logo\\\/image\\\/\",\"url\":\"https:\\\/\\\/emisarioec.com\\\/wp-content\\\/uploads\\\/2025\\\/06\\\/cropped-cropped-emisario-ico.png\",\"contentUrl\":\"https:\\\/\\\/emisarioec.com\\\/wp-content\\\/uploads\\\/2025\\\/06\\\/cropped-cropped-emisario-ico.png\",\"width\":512,\"height\":512,\"caption\":\"Emisario Ec\"},\"image\":{\"@id\":\"https:\\\/\\\/emisarioec.com\\\/#\\\/schema\\\/logo\\\/image\\\/\"}},{\"@type\":\"Person\",\"@id\":\"https:\\\/\\\/emisarioec.com\\\/#\\\/schema\\\/person\\\/2afb9da152d200f9b3feecf5f92da2d5\",\"name\":\"Emisario Ec\",\"url\":\"https:\\\/\\\/emisarioec.com\\\/index.php\\\/author\\\/admin_roberto\\\/\"}]}<\/script>\n<!-- \/ Yoast SEO plugin. -->","yoast_head_json":{"title":"En Guayaquil, la Iglesia La Merced fue el escenario del Concierto \u201cSinfon\u00eda de Navidad\u201d organizado por la Prefectura a trav\u00e9s del proyecto Guayas Sinf\u00f3nica, que puso en escena a 150 j\u00f3venes talentos de la provincia - Emisario Ec","robots":{"index":"index","follow":"follow","max-snippet":"max-snippet:-1","max-image-preview":"max-image-preview:large","max-video-preview":"max-video-preview:-1"},"canonical":"https:\/\/emisarioec.com\/index.php\/2025\/12\/08\/en-guayaquil-la-iglesia-la-merced-fue-el-escenario-del-concierto-sinfonia-de-navidad-organizado-por-la-prefectura-a-traves-del-proyecto-guayas-sinfonica-que-puso-en-escena-a-150-jo\/","og_locale":"es_ES","og_type":"article","og_title":"En Guayaquil, la Iglesia La Merced fue el escenario del Concierto \u201cSinfon\u00eda de Navidad\u201d organizado por la Prefectura a trav\u00e9s del proyecto Guayas Sinf\u00f3nica, que puso en escena a 150 j\u00f3venes talentos de la provincia - Emisario Ec","og_description":"El repertorio musical combin\u00f3 villancicos tradicionales y otras canciones navide\u00f1as escuchadas en Ecuador","og_url":"https:\/\/emisarioec.com\/index.php\/2025\/12\/08\/en-guayaquil-la-iglesia-la-merced-fue-el-escenario-del-concierto-sinfonia-de-navidad-organizado-por-la-prefectura-a-traves-del-proyecto-guayas-sinfonica-que-puso-en-escena-a-150-jo\/","og_site_name":"Emisario Ec","article_published_time":"2025-12-08T13:15:00+00:00","article_modified_time":"2025-12-23T17:03:42+00:00","og_image":[{"width":832,"height":624,"url":"https:\/\/emisarioec.com\/wp-content\/uploads\/2025\/12\/1-39.jpg","type":"image\/jpeg"}],"author":"Emisario Ec","twitter_card":"summary_large_image","twitter_misc":{"Escrito por":"Emisario Ec","Tiempo de lectura":"2 minutos"},"schema":{"@context":"https:\/\/schema.org","@graph":[{"@type":"Article","@id":"https:\/\/emisarioec.com\/index.php\/2025\/12\/08\/en-guayaquil-la-iglesia-la-merced-fue-el-escenario-del-concierto-sinfonia-de-navidad-organizado-por-la-prefectura-a-traves-del-proyecto-guayas-sinfonica-que-puso-en-escena-a-150-jo\/#article","isPartOf":{"@id":"https:\/\/emisarioec.com\/index.php\/2025\/12\/08\/en-guayaquil-la-iglesia-la-merced-fue-el-escenario-del-concierto-sinfonia-de-navidad-organizado-por-la-prefectura-a-traves-del-proyecto-guayas-sinfonica-que-puso-en-escena-a-150-jo\/"},"author":{"name":"Emisario Ec","@id":"https:\/\/emisarioec.com\/#\/schema\/person\/2afb9da152d200f9b3feecf5f92da2d5"},"headline":"En Guayaquil, la Iglesia La Merced fue el escenario del Concierto \u201cSinfon\u00eda de Navidad\u201d organizado por la Prefectura a trav\u00e9s del proyecto Guayas Sinf\u00f3nica, que puso en escena a 150 j\u00f3venes talentos de la provincia","datePublished":"2025-12-08T13:15:00+00:00","dateModified":"2025-12-23T17:03:42+00:00","mainEntityOfPage":{"@id":"https:\/\/emisarioec.com\/index.php\/2025\/12\/08\/en-guayaquil-la-iglesia-la-merced-fue-el-escenario-del-concierto-sinfonia-de-navidad-organizado-por-la-prefectura-a-traves-del-proyecto-guayas-sinfonica-que-puso-en-escena-a-150-jo\/"},"wordCount":272,"publisher":{"@id":"https:\/\/emisarioec.com\/#organization"},"image":{"@id":"https:\/\/emisarioec.com\/index.php\/2025\/12\/08\/en-guayaquil-la-iglesia-la-merced-fue-el-escenario-del-concierto-sinfonia-de-navidad-organizado-por-la-prefectura-a-traves-del-proyecto-guayas-sinfonica-que-puso-en-escena-a-150-jo\/#primaryimage"},"thumbnailUrl":"https:\/\/emisarioec.com\/wp-content\/uploads\/2025\/12\/1-39.jpg","keywords":["\u201cSinfon\u00eda de Navidad\u201d","Guayas Sinf\u00f3nica","Iglesia La Merced","Prefecta Marcela Agui\u00f1aga","Prefectura del Guayas"],"articleSection":["Actualidad"],"inLanguage":"es"},{"@type":"WebPage","@id":"https:\/\/emisarioec.com\/index.php\/2025\/12\/08\/en-guayaquil-la-iglesia-la-merced-fue-el-escenario-del-concierto-sinfonia-de-navidad-organizado-por-la-prefectura-a-traves-del-proyecto-guayas-sinfonica-que-puso-en-escena-a-150-jo\/","url":"https:\/\/emisarioec.com\/index.php\/2025\/12\/08\/en-guayaquil-la-iglesia-la-merced-fue-el-escenario-del-concierto-sinfonia-de-navidad-organizado-por-la-prefectura-a-traves-del-proyecto-guayas-sinfonica-que-puso-en-escena-a-150-jo\/","name":"En Guayaquil, la Iglesia La Merced fue el escenario del Concierto \u201cSinfon\u00eda de Navidad\u201d organizado por la Prefectura a trav\u00e9s del proyecto Guayas Sinf\u00f3nica, que puso en escena a 150 j\u00f3venes talentos de la provincia - Emisario Ec","isPartOf":{"@id":"https:\/\/emisarioec.com\/#website"},"primaryImageOfPage":{"@id":"https:\/\/emisarioec.com\/index.php\/2025\/12\/08\/en-guayaquil-la-iglesia-la-merced-fue-el-escenario-del-concierto-sinfonia-de-navidad-organizado-por-la-prefectura-a-traves-del-proyecto-guayas-sinfonica-que-puso-en-escena-a-150-jo\/#primaryimage"},"image":{"@id":"https:\/\/emisarioec.com\/index.php\/2025\/12\/08\/en-guayaquil-la-iglesia-la-merced-fue-el-escenario-del-concierto-sinfonia-de-navidad-organizado-por-la-prefectura-a-traves-del-proyecto-guayas-sinfonica-que-puso-en-escena-a-150-jo\/#primaryimage"},"thumbnailUrl":"https:\/\/emisarioec.com\/wp-content\/uploads\/2025\/12\/1-39.jpg","datePublished":"2025-12-08T13:15:00+00:00","dateModified":"2025-12-23T17:03:42+00:00","breadcrumb":{"@id":"https:\/\/emisarioec.com\/index.php\/2025\/12\/08\/en-guayaquil-la-iglesia-la-merced-fue-el-escenario-del-concierto-sinfonia-de-navidad-organizado-por-la-prefectura-a-traves-del-proyecto-guayas-sinfonica-que-puso-en-escena-a-150-jo\/#breadcrumb"},"inLanguage":"es","potentialAction":[{"@type":"ReadAction","target":["https:\/\/emisarioec.com\/index.php\/2025\/12\/08\/en-guayaquil-la-iglesia-la-merced-fue-el-escenario-del-concierto-sinfonia-de-navidad-organizado-por-la-prefectura-a-traves-del-proyecto-guayas-sinfonica-que-puso-en-escena-a-150-jo\/"]}]},{"@type":"ImageObject","inLanguage":"es","@id":"https:\/\/emisarioec.com\/index.php\/2025\/12\/08\/en-guayaquil-la-iglesia-la-merced-fue-el-escenario-del-concierto-sinfonia-de-navidad-organizado-por-la-prefectura-a-traves-del-proyecto-guayas-sinfonica-que-puso-en-escena-a-150-jo\/#primaryimage","url":"https:\/\/emisarioec.com\/wp-content\/uploads\/2025\/12\/1-39.jpg","contentUrl":"https:\/\/emisarioec.com\/wp-content\/uploads\/2025\/12\/1-39.jpg","width":832,"height":624},{"@type":"BreadcrumbList","@id":"https:\/\/emisarioec.com\/index.php\/2025\/12\/08\/en-guayaquil-la-iglesia-la-merced-fue-el-escenario-del-concierto-sinfonia-de-navidad-organizado-por-la-prefectura-a-traves-del-proyecto-guayas-sinfonica-que-puso-en-escena-a-150-jo\/#breadcrumb","itemListElement":[{"@type":"ListItem","position":1,"name":"Portada","item":"https:\/\/emisarioec.com\/"},{"@type":"ListItem","position":2,"name":"En Guayaquil, la Iglesia La Merced fue el escenario del Concierto \u201cSinfon\u00eda de Navidad\u201d organizado por la Prefectura a trav\u00e9s del proyecto Guayas Sinf\u00f3nica, que puso en escena a 150 j\u00f3venes talentos de la provincia"}]},{"@type":"WebSite","@id":"https:\/\/emisarioec.com\/#website","url":"https:\/\/emisarioec.com\/","name":"Emisario Ec","description":"Informar es un derecho que corresponde a hechos","publisher":{"@id":"https:\/\/emisarioec.com\/#organization"},"potentialAction":[{"@type":"SearchAction","target":{"@type":"EntryPoint","urlTemplate":"https:\/\/emisarioec.com\/?s={search_term_string}"},"query-input":{"@type":"PropertyValueSpecification","valueRequired":true,"valueName":"search_term_string"}}],"inLanguage":"es"},{"@type":"Organization","@id":"https:\/\/emisarioec.com\/#organization","name":"Emisario Ec","url":"https:\/\/emisarioec.com\/","logo":{"@type":"ImageObject","inLanguage":"es","@id":"https:\/\/emisarioec.com\/#\/schema\/logo\/image\/","url":"https:\/\/emisarioec.com\/wp-content\/uploads\/2025\/06\/cropped-cropped-emisario-ico.png","contentUrl":"https:\/\/emisarioec.com\/wp-content\/uploads\/2025\/06\/cropped-cropped-emisario-ico.png","width":512,"height":512,"caption":"Emisario Ec"},"image":{"@id":"https:\/\/emisarioec.com\/#\/schema\/logo\/image\/"}},{"@type":"Person","@id":"https:\/\/emisarioec.com\/#\/schema\/person\/2afb9da152d200f9b3feecf5f92da2d5","name":"Emisario Ec","url":"https:\/\/emisarioec.com\/index.php\/author\/admin_roberto\/"}]}},"jetpack_featured_media_url":"https:\/\/emisarioec.com\/wp-content\/uploads\/2025\/12\/1-39.jpg","_links":{"self":[{"href":"https:\/\/emisarioec.com\/index.php\/wp-json\/wp\/v2\/posts\/1427","targetHints":{"allow":["GET"]}}],"collection":[{"href":"https:\/\/emisarioec.com\/index.php\/wp-json\/wp\/v2\/posts"}],"about":[{"href":"https:\/\/emisarioec.com\/index.php\/wp-json\/wp\/v2\/types\/post"}],"author":[{"embeddable":true,"href":"https:\/\/emisarioec.com\/index.php\/wp-json\/wp\/v2\/users\/2"}],"replies":[{"embeddable":true,"href":"https:\/\/emisarioec.com\/index.php\/wp-json\/wp\/v2\/comments?post=1427"}],"version-history":[{"count":2,"href":"https:\/\/emisarioec.com\/index.php\/wp-json\/wp\/v2\/posts\/1427\/revisions"}],"predecessor-version":[{"id":1434,"href":"https:\/\/emisarioec.com\/index.php\/wp-json\/wp\/v2\/posts\/1427\/revisions\/1434"}],"wp:featuredmedia":[{"embeddable":true,"href":"https:\/\/emisarioec.com\/index.php\/wp-json\/wp\/v2\/media\/1428"}],"wp:attachment":[{"href":"https:\/\/emisarioec.com\/index.php\/wp-json\/wp\/v2\/media?parent=1427"}],"wp:term":[{"taxonomy":"category","embeddable":true,"href":"https:\/\/emisarioec.com\/index.php\/wp-json\/wp\/v2\/categories?post=1427"},{"taxonomy":"post_tag","embeddable":true,"href":"https:\/\/emisarioec.com\/index.php\/wp-json\/wp\/v2\/tags?post=1427"}],"curies":[{"name":"wp","href":"https:\/\/api.w.org\/{rel}","templated":true}]}}