{"id":1486,"date":"2025-12-31T16:50:00","date_gmt":"2025-12-31T21:50:00","guid":{"rendered":"https:\/\/emisarioec.com\/?p=1486"},"modified":"2025-12-31T17:15:11","modified_gmt":"2025-12-31T22:15:11","slug":"la-gestion-del-presidente-daniel-noboa-ha-permitido-impulsar-importantes-logros-en-salud-publica-durante-2025","status":"publish","type":"post","link":"https:\/\/emisarioec.com\/index.php\/2025\/12\/31\/la-gestion-del-presidente-daniel-noboa-ha-permitido-impulsar-importantes-logros-en-salud-publica-durante-2025\/","title":{"rendered":"La gesti\u00f3n del presidente Daniel Noboa ha permitido impulsar importantes logros en salud p\u00fablica durante 2025"},"content":{"rendered":"\n<p>Para el Gobierno Nacional, el&nbsp;<strong>fortalecimiento del sistema de salud p\u00fablica en Ecuador<\/strong>&nbsp;ha representado una prioridad gubernamental firme y constante con el prop\u00f3sito de mejorar la&nbsp;<strong>calidad de vida<\/strong>&nbsp;de la poblaci\u00f3n, acercar los&nbsp;<strong>servicios de salud<\/strong>&nbsp;a todos los territorios y garantizar el&nbsp;<strong>bienestar integral<\/strong>&nbsp;de los ecuatorianos.<\/p>\n\n\n\n<p><strong><em>Inversi\u00f3n estrat\u00e9gica en medicamentos, dispositivos m\u00e9dicos y servicios externalizados<\/em><\/strong><strong><em><\/em><\/strong><\/p>\n\n\n\n<ul class=\"wp-block-list\">\n<li><strong>USD 281.4 MM<\/strong>\u00a0para garantizar adquisici\u00f3n y abastecimiento de medicamentos esenciales, vitales y de alta rotaci\u00f3n.\u00a0 Adem\u00e1s, dispositivos m\u00e9dicos de uso general.<\/li>\n\n\n\n<li><strong>USD 865.1 MM<\/strong>\u00a0para pago a proveedores de bienes y servicios.<\/li>\n\n\n\n<li><strong>USD 73.8 MM\u00a0<\/strong>para pago a dializadoras y continuidad de servicios para personas con enfermedad renal.\u00a0<\/li>\n\n\n\n<li><strong>USD 5.5 MM\u00a0<\/strong>para servicios externalizados como limpieza, lavander\u00eda, seguridad, alimentaci\u00f3n en casas de salud.<\/li>\n<\/ul>\n\n\n\n<p><strong><em>Mejoramiento de infraestructura y equipamiento sanitario a nivel nacional<\/em><\/strong><strong><em><\/em><\/strong><\/p>\n\n\n\n<ul class=\"wp-block-list\">\n<li><strong>USD 27.6 MM<\/strong>\u00a0para adquisici\u00f3n y mantenimiento de equipos m\u00e9dicos y mobiliario destinados a aportar con la capacidad resolutiva de los establecimientos del pa\u00eds. \u00a0<\/li>\n\n\n\n<li><strong>USD 23.2 MM<\/strong>\u00a0para obras de infraestructura en centros de salud de primer nivel y hospitales de segundo y tercer nivel de atenci\u00f3n.<\/li>\n<\/ul>\n\n\n\n<p><strong><em>Resultados en atenci\u00f3n integral y cobertura de servicios de salud<\/em><\/strong><strong><em><\/em><\/strong><\/p>\n\n\n\n<p>El MSP en 2025 reporta&nbsp;<strong>75.7 millones de atenciones en salud y consultas m\u00e9dicas<\/strong>&nbsp;en prevenci\u00f3n y morbilidad a escala nacional.<\/p>\n\n\n\n<p><strong><em>Atenci\u00f3n a poblaciones prioritarias y fortalecimiento de servicios especializados<\/em><\/strong><strong><em><\/em><\/strong><\/p>\n\n\n\n<ul class=\"wp-block-list\">\n<li><strong>USD<\/strong>\u00a0<strong>1.8 MM para la compra y entrega de 14.095 ayudas t\u00e9cnicas<\/strong>\u00a0de movilidad y autocuidado; pr\u00f3tesis y \u00f3rtesis; aud\u00edfonos; implantes cocleares; implantes osteointegrados; vibrador de conducci\u00f3n \u00f3sea, que aportaron a mejorar la\u00a0<strong>calidad de vida de 10.027 personas con discapacidad<\/strong>.<\/li>\n\n\n\n<li><strong>108.421 pacientes beneficiados con atenci\u00f3n prehospitalaria en ambulancias<\/strong>\u00a0de soporte vital avanzado,\u00a0<strong>933 pacientes evacuados<\/strong>\u00a0desde diferentes puntos del pa\u00eds en\u00a0<strong>transporte sanitario a\u00e9reo<\/strong>\u00a0y\u00a0<strong>156.268 atenciones e intervenciones\u00a0<\/strong>en\u00a0<strong>unidades m\u00f3viles\u00a0<\/strong>generales y quir\u00fargicas con cirug\u00edas de baja y mediana complejidad.<\/li>\n<\/ul>\n\n\n\n<p><strong><em>Avances de la Estrategia Nacional Ecuador Crece sin Desnutrici\u00f3n Infantil<\/em><\/strong><\/p>\n\n\n\n<ul class=\"wp-block-list\">\n<li>Incremento en la\u00a0<strong>cobertura del paquete priorizado<\/strong>\u00a0(conjunto de servicios de salud) en\u00a0<strong>mujeres embarazadas<\/strong>, de 49,21% con 125.194 gestantes atendidas a 60,12% con 143.860 atenciones.<\/li>\n\n\n\n<li>Aumento de la cobertura en\u00a0<strong>ni\u00f1os y ni\u00f1as menores de 24 meses<\/strong>\u00a0de 20,17% con 101.940 ni\u00f1as y ni\u00f1os atendidos a 26,65% con 128.360 atenciones.<\/li>\n\n\n\n<li>Para fortalecer la\u00a0<strong>promoci\u00f3n, protecci\u00f3n y fomento a la lactancia materna<\/strong>, se implementaron\u00a0<strong>504 Salas de Apoyo a la Lactancia Materna<\/strong>\u00a0en centros de trabajo p\u00fablicos y privados y\u00a0<strong>1.526 Grupos de Apoyo<\/strong>\u00a0en establecimientos de salud.<\/li>\n<\/ul>\n\n\n\n<p><strong><em>Cobertura nacional de vacunaci\u00f3n y garant\u00eda de abastecimiento<\/em><\/strong><strong><em><\/em><\/strong><\/p>\n\n\n\n<ul class=\"wp-block-list\">\n<li><strong>5.3 millones de personas fueron vacunadas<\/strong>\u00a0contra m\u00e1s de\u00a0<strong>30 enfermedades<\/strong>\u00a0en 2025 entre esquema regular e influenza. Este resultado incluye el\u00a0<strong>mill\u00f3n de personas inmunizadas<\/strong>\u00a0durante las 3 jornadas de\u00a0<strong>Vacunat\u00f3n<\/strong>\u00a0contra influenza realizadas en las \u00faltimas semanas del a\u00f1o.<\/li>\n\n\n\n<li>La inversi\u00f3n para la\u00a0<strong>adquisici\u00f3n de vacunas<\/strong>\u00a0en este a\u00f1o fue de\u00a0<strong>USD 48.6 MM<\/strong>\u00a0con lo que se mantiene\u00a0<strong>100% de abastecimiento de vacunas<\/strong>\u00a0a nivel nacional.<\/li>\n<\/ul>\n\n\n\n<p><strong><em>Promoci\u00f3n de la salud, corresponsabilidad ciudadana y capacitaci\u00f3n del talento humano<\/em><\/strong><strong><em><\/em><\/strong><\/p>\n\n\n\n<ul class=\"wp-block-list\">\n<li>Se han realizado\u00a0<strong>815. 929 actividades colectivas de promoci\u00f3n de salud<\/strong>, relacionadas con salud mental, salud sexual y reproductiva, actividad f\u00edsica, alimentaci\u00f3n saludable y nutrici\u00f3n, participaci\u00f3n social en salud, salud intercultural, derechos humanos, salud ambiental, salud en el trabajo, entre otros. Estas acciones requieren la corresponsabilidad de las comunidades para aportar al sistema de salud.<\/li>\n\n\n\n<li><strong>60.139 profesionales<\/strong>\u00a0han sido\u00a0<strong>capacitados<\/strong>\u00a0en derechos humanos, atenci\u00f3n a v\u00edctimas de trata de personas, violencia de g\u00e9nero, movilidad humana. La formaci\u00f3n profesional promueve una atenci\u00f3n segura, digna y de calidad, centrada en el cuidado de la salud.<\/li>\n<\/ul>\n\n\n\n<p><strong><em>Impulso de pol\u00edticas p\u00fablicas y normativas en salud<\/em><\/strong><\/p>\n\n\n\n<ul class=\"wp-block-list\">\n<li>Pol\u00edtica Nacional de\u00a0<strong>Salud Mental<\/strong>\u00a02025-2030, un instrumento que marca como prioridad el bienestar emocional, la prevenci\u00f3n y la atenci\u00f3n integral de la salud mental en los territorios.<\/li>\n\n\n\n<li>Pol\u00edtica para el Abordaje Integral del\u00a0<strong>Embarazo en Adolescentes<\/strong>\u00a02026 \u2013 2035, una respuesta nacional para garantizar los derechos de ni\u00f1as, ni\u00f1os y adolescentes.<\/li>\n\n\n\n<li>Implementaci\u00f3n de la figura de\u00a0<strong>M\u00e9dico y Enfermera residente asistencial<\/strong>, gesti\u00f3n que permite una asignaci\u00f3n mensual de USD 1.412 para los m\u00e9dicos residentes y USD 1.086 para las enfermeras, acorde a sus actividades.<\/li>\n\n\n\n<li>Conformaci\u00f3n del\u00a0<strong>Comit\u00e9 Interinstitucional<\/strong>\u00a0de\u00a0<strong>Salud Materna\u00a0<\/strong>que tiene como fin reducir la morbimortalidad materna y neonatal en Ecuador.<\/li>\n<\/ul>\n\n\n\n<p><strong><em>Implementaci\u00f3n de estrategias, manuales y protocolos prioritarios<\/em><\/strong><\/p>\n\n\n\n<ul class=\"wp-block-list\">\n<li>Estrategia para Eliminaci\u00f3n de la Transmisi\u00f3n\u00a0<strong>Materno Infantil del VIH\u00a0<\/strong>que asegura la detecci\u00f3n temprana y tratamiento integral para embarazadas y el beb\u00e9<\/li>\n\n\n\n<li>Manual\u00a0<strong>de Suplementaci\u00f3n con<\/strong>\u00a0<strong>micronutrientes<\/strong>\u00a0para ni\u00f1as y ni\u00f1os menores de cinco a\u00f1os, gestantes y mujeres en periodo de lactancia, una herramienta que estandariza la atenci\u00f3n preventiva y terap\u00e9utica para prevenir la malnutrici\u00f3n y fortalecer la atenci\u00f3n primaria.<\/li>\n\n\n\n<li>Manual de extracci\u00f3n, procesamiento y administraci\u00f3n de\u00a0<strong>leche materna,\u00a0<\/strong>una gu\u00eda esencial para asegurar calidad y estandarizaci\u00f3n en los procesos de los Bancos de Leche Humana del pa\u00eds.<\/li>\n\n\n\n<li>Protocolo\u00a0<strong>Score Mam\u00e1<\/strong>\u00a0y\u00a0<strong>Claves Obst\u00e9tricas<\/strong>, una herramienta clave para detectar tempranamente y manejar emergencias maternas con el fin de reducir la mortalidad materna en todos los niveles de atenci\u00f3n.<\/li>\n<\/ul>\n\n\n\n<p><strong><em>Compromiso del Gobierno Nacional con la equidad, la vida y el bienestar colectivo<\/em><\/strong><\/p>\n\n\n\n<p>Estos hitos reflejan el compromiso del Gobierno Nacional con la&nbsp;<strong>equidad, la promoci\u00f3n de la salud y la protecci\u00f3n de la vida&nbsp;<\/strong>que, sin duda, sientan bases s\u00f3lidas para fortalecer el sistema sanitario orientadas a un fin com\u00fan, un Ecuador donde prevalezca el bienestar colectivo de la poblaci\u00f3n ecuatoriana y el cuidado de su salud integral.<\/p>\n","protected":false},"excerpt":{"rendered":"<p>Inversi\u00f3n estrat\u00e9gica en medicamentos, dispositivos m\u00e9dicos y servicios externalizados<\/p>\n","protected":false},"author":2,"featured_media":1487,"comment_status":"closed","ping_status":"open","sticky":false,"template":"","format":"standard","meta":{"footnotes":""},"categories":[8],"tags":[663,99],"class_list":["post-1486","post","type-post","status-publish","format-standard","has-post-thumbnail","hentry","category-cronica-roja","tag-importantes-logros-en-salud-publica","tag-presidente-daniel-noboa-azin"],"yoast_head":"<!-- This site is optimized with the Yoast SEO plugin v27.4 - https:\/\/yoast.com\/product\/yoast-seo-wordpress\/ -->\n<title>La gesti\u00f3n del presidente Daniel Noboa ha permitido impulsar importantes logros en salud p\u00fablica durante 2025 - Emisario Ec<\/title>\n<meta name=\"robots\" content=\"index, follow, max-snippet:-1, max-image-preview:large, max-video-preview:-1\" \/>\n<link rel=\"canonical\" href=\"https:\/\/emisarioec.com\/index.php\/2025\/12\/31\/la-gestion-del-presidente-daniel-noboa-ha-permitido-impulsar-importantes-logros-en-salud-publica-durante-2025\/\" \/>\n<meta property=\"og:locale\" content=\"es_ES\" \/>\n<meta property=\"og:type\" content=\"article\" \/>\n<meta property=\"og:title\" content=\"La gesti\u00f3n del presidente Daniel Noboa ha permitido impulsar importantes logros en salud p\u00fablica durante 2025 - Emisario Ec\" \/>\n<meta property=\"og:description\" content=\"Inversi\u00f3n estrat\u00e9gica en medicamentos, dispositivos m\u00e9dicos y servicios externalizados\" \/>\n<meta property=\"og:url\" content=\"https:\/\/emisarioec.com\/index.php\/2025\/12\/31\/la-gestion-del-presidente-daniel-noboa-ha-permitido-impulsar-importantes-logros-en-salud-publica-durante-2025\/\" \/>\n<meta property=\"og:site_name\" content=\"Emisario Ec\" \/>\n<meta property=\"article:published_time\" content=\"2025-12-31T21:50:00+00:00\" \/>\n<meta property=\"article:modified_time\" content=\"2025-12-31T22:15:11+00:00\" \/>\n<meta property=\"og:image\" content=\"https:\/\/emisarioec.com\/wp-content\/uploads\/2025\/12\/1-53.jpg\" \/>\n\t<meta property=\"og:image:width\" content=\"880\" \/>\n\t<meta property=\"og:image:height\" content=\"997\" \/>\n\t<meta property=\"og:image:type\" content=\"image\/jpeg\" \/>\n<meta name=\"author\" content=\"Emisario Ec\" \/>\n<meta name=\"twitter:card\" content=\"summary_large_image\" \/>\n<meta name=\"twitter:label1\" content=\"Escrito por\" \/>\n\t<meta name=\"twitter:data1\" content=\"Emisario Ec\" \/>\n\t<meta name=\"twitter:label2\" content=\"Tiempo de lectura\" \/>\n\t<meta name=\"twitter:data2\" content=\"5 minutos\" \/>\n<script type=\"application\/ld+json\" class=\"yoast-schema-graph\">{\"@context\":\"https:\\\/\\\/schema.org\",\"@graph\":[{\"@type\":\"Article\",\"@id\":\"https:\\\/\\\/emisarioec.com\\\/index.php\\\/2025\\\/12\\\/31\\\/la-gestion-del-presidente-daniel-noboa-ha-permitido-impulsar-importantes-logros-en-salud-publica-durante-2025\\\/#article\",\"isPartOf\":{\"@id\":\"https:\\\/\\\/emisarioec.com\\\/index.php\\\/2025\\\/12\\\/31\\\/la-gestion-del-presidente-daniel-noboa-ha-permitido-impulsar-importantes-logros-en-salud-publica-durante-2025\\\/\"},\"author\":{\"name\":\"Emisario Ec\",\"@id\":\"https:\\\/\\\/emisarioec.com\\\/#\\\/schema\\\/person\\\/2afb9da152d200f9b3feecf5f92da2d5\"},\"headline\":\"La gesti\u00f3n del presidente Daniel Noboa ha permitido impulsar importantes logros en salud p\u00fablica durante 2025\",\"datePublished\":\"2025-12-31T21:50:00+00:00\",\"dateModified\":\"2025-12-31T22:15:11+00:00\",\"mainEntityOfPage\":{\"@id\":\"https:\\\/\\\/emisarioec.com\\\/index.php\\\/2025\\\/12\\\/31\\\/la-gestion-del-presidente-daniel-noboa-ha-permitido-impulsar-importantes-logros-en-salud-publica-durante-2025\\\/\"},\"wordCount\":975,\"publisher\":{\"@id\":\"https:\\\/\\\/emisarioec.com\\\/#organization\"},\"image\":{\"@id\":\"https:\\\/\\\/emisarioec.com\\\/index.php\\\/2025\\\/12\\\/31\\\/la-gestion-del-presidente-daniel-noboa-ha-permitido-impulsar-importantes-logros-en-salud-publica-durante-2025\\\/#primaryimage\"},\"thumbnailUrl\":\"https:\\\/\\\/emisarioec.com\\\/wp-content\\\/uploads\\\/2025\\\/12\\\/1-53.jpg\",\"keywords\":[\"importantes logros en salud p\u00fablica\",\"presidente Daniel Noboa Azin\"],\"articleSection\":[\"Cr\u00f3nica roja\"],\"inLanguage\":\"es\"},{\"@type\":\"WebPage\",\"@id\":\"https:\\\/\\\/emisarioec.com\\\/index.php\\\/2025\\\/12\\\/31\\\/la-gestion-del-presidente-daniel-noboa-ha-permitido-impulsar-importantes-logros-en-salud-publica-durante-2025\\\/\",\"url\":\"https:\\\/\\\/emisarioec.com\\\/index.php\\\/2025\\\/12\\\/31\\\/la-gestion-del-presidente-daniel-noboa-ha-permitido-impulsar-importantes-logros-en-salud-publica-durante-2025\\\/\",\"name\":\"La gesti\u00f3n del presidente Daniel Noboa ha permitido impulsar importantes logros en salud p\u00fablica durante 2025 - Emisario Ec\",\"isPartOf\":{\"@id\":\"https:\\\/\\\/emisarioec.com\\\/#website\"},\"primaryImageOfPage\":{\"@id\":\"https:\\\/\\\/emisarioec.com\\\/index.php\\\/2025\\\/12\\\/31\\\/la-gestion-del-presidente-daniel-noboa-ha-permitido-impulsar-importantes-logros-en-salud-publica-durante-2025\\\/#primaryimage\"},\"image\":{\"@id\":\"https:\\\/\\\/emisarioec.com\\\/index.php\\\/2025\\\/12\\\/31\\\/la-gestion-del-presidente-daniel-noboa-ha-permitido-impulsar-importantes-logros-en-salud-publica-durante-2025\\\/#primaryimage\"},\"thumbnailUrl\":\"https:\\\/\\\/emisarioec.com\\\/wp-content\\\/uploads\\\/2025\\\/12\\\/1-53.jpg\",\"datePublished\":\"2025-12-31T21:50:00+00:00\",\"dateModified\":\"2025-12-31T22:15:11+00:00\",\"breadcrumb\":{\"@id\":\"https:\\\/\\\/emisarioec.com\\\/index.php\\\/2025\\\/12\\\/31\\\/la-gestion-del-presidente-daniel-noboa-ha-permitido-impulsar-importantes-logros-en-salud-publica-durante-2025\\\/#breadcrumb\"},\"inLanguage\":\"es\",\"potentialAction\":[{\"@type\":\"ReadAction\",\"target\":[\"https:\\\/\\\/emisarioec.com\\\/index.php\\\/2025\\\/12\\\/31\\\/la-gestion-del-presidente-daniel-noboa-ha-permitido-impulsar-importantes-logros-en-salud-publica-durante-2025\\\/\"]}]},{\"@type\":\"ImageObject\",\"inLanguage\":\"es\",\"@id\":\"https:\\\/\\\/emisarioec.com\\\/index.php\\\/2025\\\/12\\\/31\\\/la-gestion-del-presidente-daniel-noboa-ha-permitido-impulsar-importantes-logros-en-salud-publica-durante-2025\\\/#primaryimage\",\"url\":\"https:\\\/\\\/emisarioec.com\\\/wp-content\\\/uploads\\\/2025\\\/12\\\/1-53.jpg\",\"contentUrl\":\"https:\\\/\\\/emisarioec.com\\\/wp-content\\\/uploads\\\/2025\\\/12\\\/1-53.jpg\",\"width\":880,\"height\":997},{\"@type\":\"BreadcrumbList\",\"@id\":\"https:\\\/\\\/emisarioec.com\\\/index.php\\\/2025\\\/12\\\/31\\\/la-gestion-del-presidente-daniel-noboa-ha-permitido-impulsar-importantes-logros-en-salud-publica-durante-2025\\\/#breadcrumb\",\"itemListElement\":[{\"@type\":\"ListItem\",\"position\":1,\"name\":\"Portada\",\"item\":\"https:\\\/\\\/emisarioec.com\\\/\"},{\"@type\":\"ListItem\",\"position\":2,\"name\":\"La gesti\u00f3n del presidente Daniel Noboa ha permitido impulsar importantes logros en salud p\u00fablica durante 2025\"}]},{\"@type\":\"WebSite\",\"@id\":\"https:\\\/\\\/emisarioec.com\\\/#website\",\"url\":\"https:\\\/\\\/emisarioec.com\\\/\",\"name\":\"Emisario Ec\",\"description\":\"Informar es un derecho que corresponde a hechos\",\"publisher\":{\"@id\":\"https:\\\/\\\/emisarioec.com\\\/#organization\"},\"potentialAction\":[{\"@type\":\"SearchAction\",\"target\":{\"@type\":\"EntryPoint\",\"urlTemplate\":\"https:\\\/\\\/emisarioec.com\\\/?s={search_term_string}\"},\"query-input\":{\"@type\":\"PropertyValueSpecification\",\"valueRequired\":true,\"valueName\":\"search_term_string\"}}],\"inLanguage\":\"es\"},{\"@type\":\"Organization\",\"@id\":\"https:\\\/\\\/emisarioec.com\\\/#organization\",\"name\":\"Emisario Ec\",\"url\":\"https:\\\/\\\/emisarioec.com\\\/\",\"logo\":{\"@type\":\"ImageObject\",\"inLanguage\":\"es\",\"@id\":\"https:\\\/\\\/emisarioec.com\\\/#\\\/schema\\\/logo\\\/image\\\/\",\"url\":\"https:\\\/\\\/emisarioec.com\\\/wp-content\\\/uploads\\\/2025\\\/06\\\/cropped-cropped-emisario-ico.png\",\"contentUrl\":\"https:\\\/\\\/emisarioec.com\\\/wp-content\\\/uploads\\\/2025\\\/06\\\/cropped-cropped-emisario-ico.png\",\"width\":512,\"height\":512,\"caption\":\"Emisario Ec\"},\"image\":{\"@id\":\"https:\\\/\\\/emisarioec.com\\\/#\\\/schema\\\/logo\\\/image\\\/\"}},{\"@type\":\"Person\",\"@id\":\"https:\\\/\\\/emisarioec.com\\\/#\\\/schema\\\/person\\\/2afb9da152d200f9b3feecf5f92da2d5\",\"name\":\"Emisario Ec\",\"url\":\"https:\\\/\\\/emisarioec.com\\\/index.php\\\/author\\\/admin_roberto\\\/\"}]}<\/script>\n<!-- \/ Yoast SEO plugin. -->","yoast_head_json":{"title":"La gesti\u00f3n del presidente Daniel Noboa ha permitido impulsar importantes logros en salud p\u00fablica durante 2025 - Emisario Ec","robots":{"index":"index","follow":"follow","max-snippet":"max-snippet:-1","max-image-preview":"max-image-preview:large","max-video-preview":"max-video-preview:-1"},"canonical":"https:\/\/emisarioec.com\/index.php\/2025\/12\/31\/la-gestion-del-presidente-daniel-noboa-ha-permitido-impulsar-importantes-logros-en-salud-publica-durante-2025\/","og_locale":"es_ES","og_type":"article","og_title":"La gesti\u00f3n del presidente Daniel Noboa ha permitido impulsar importantes logros en salud p\u00fablica durante 2025 - Emisario Ec","og_description":"Inversi\u00f3n estrat\u00e9gica en medicamentos, dispositivos m\u00e9dicos y servicios externalizados","og_url":"https:\/\/emisarioec.com\/index.php\/2025\/12\/31\/la-gestion-del-presidente-daniel-noboa-ha-permitido-impulsar-importantes-logros-en-salud-publica-durante-2025\/","og_site_name":"Emisario Ec","article_published_time":"2025-12-31T21:50:00+00:00","article_modified_time":"2025-12-31T22:15:11+00:00","og_image":[{"width":880,"height":997,"url":"https:\/\/emisarioec.com\/wp-content\/uploads\/2025\/12\/1-53.jpg","type":"image\/jpeg"}],"author":"Emisario Ec","twitter_card":"summary_large_image","twitter_misc":{"Escrito por":"Emisario Ec","Tiempo de lectura":"5 minutos"},"schema":{"@context":"https:\/\/schema.org","@graph":[{"@type":"Article","@id":"https:\/\/emisarioec.com\/index.php\/2025\/12\/31\/la-gestion-del-presidente-daniel-noboa-ha-permitido-impulsar-importantes-logros-en-salud-publica-durante-2025\/#article","isPartOf":{"@id":"https:\/\/emisarioec.com\/index.php\/2025\/12\/31\/la-gestion-del-presidente-daniel-noboa-ha-permitido-impulsar-importantes-logros-en-salud-publica-durante-2025\/"},"author":{"name":"Emisario Ec","@id":"https:\/\/emisarioec.com\/#\/schema\/person\/2afb9da152d200f9b3feecf5f92da2d5"},"headline":"La gesti\u00f3n del presidente Daniel Noboa ha permitido impulsar importantes logros en salud p\u00fablica durante 2025","datePublished":"2025-12-31T21:50:00+00:00","dateModified":"2025-12-31T22:15:11+00:00","mainEntityOfPage":{"@id":"https:\/\/emisarioec.com\/index.php\/2025\/12\/31\/la-gestion-del-presidente-daniel-noboa-ha-permitido-impulsar-importantes-logros-en-salud-publica-durante-2025\/"},"wordCount":975,"publisher":{"@id":"https:\/\/emisarioec.com\/#organization"},"image":{"@id":"https:\/\/emisarioec.com\/index.php\/2025\/12\/31\/la-gestion-del-presidente-daniel-noboa-ha-permitido-impulsar-importantes-logros-en-salud-publica-durante-2025\/#primaryimage"},"thumbnailUrl":"https:\/\/emisarioec.com\/wp-content\/uploads\/2025\/12\/1-53.jpg","keywords":["importantes logros en salud p\u00fablica","presidente Daniel Noboa Azin"],"articleSection":["Cr\u00f3nica roja"],"inLanguage":"es"},{"@type":"WebPage","@id":"https:\/\/emisarioec.com\/index.php\/2025\/12\/31\/la-gestion-del-presidente-daniel-noboa-ha-permitido-impulsar-importantes-logros-en-salud-publica-durante-2025\/","url":"https:\/\/emisarioec.com\/index.php\/2025\/12\/31\/la-gestion-del-presidente-daniel-noboa-ha-permitido-impulsar-importantes-logros-en-salud-publica-durante-2025\/","name":"La gesti\u00f3n del presidente Daniel Noboa ha permitido impulsar importantes logros en salud p\u00fablica durante 2025 - Emisario Ec","isPartOf":{"@id":"https:\/\/emisarioec.com\/#website"},"primaryImageOfPage":{"@id":"https:\/\/emisarioec.com\/index.php\/2025\/12\/31\/la-gestion-del-presidente-daniel-noboa-ha-permitido-impulsar-importantes-logros-en-salud-publica-durante-2025\/#primaryimage"},"image":{"@id":"https:\/\/emisarioec.com\/index.php\/2025\/12\/31\/la-gestion-del-presidente-daniel-noboa-ha-permitido-impulsar-importantes-logros-en-salud-publica-durante-2025\/#primaryimage"},"thumbnailUrl":"https:\/\/emisarioec.com\/wp-content\/uploads\/2025\/12\/1-53.jpg","datePublished":"2025-12-31T21:50:00+00:00","dateModified":"2025-12-31T22:15:11+00:00","breadcrumb":{"@id":"https:\/\/emisarioec.com\/index.php\/2025\/12\/31\/la-gestion-del-presidente-daniel-noboa-ha-permitido-impulsar-importantes-logros-en-salud-publica-durante-2025\/#breadcrumb"},"inLanguage":"es","potentialAction":[{"@type":"ReadAction","target":["https:\/\/emisarioec.com\/index.php\/2025\/12\/31\/la-gestion-del-presidente-daniel-noboa-ha-permitido-impulsar-importantes-logros-en-salud-publica-durante-2025\/"]}]},{"@type":"ImageObject","inLanguage":"es","@id":"https:\/\/emisarioec.com\/index.php\/2025\/12\/31\/la-gestion-del-presidente-daniel-noboa-ha-permitido-impulsar-importantes-logros-en-salud-publica-durante-2025\/#primaryimage","url":"https:\/\/emisarioec.com\/wp-content\/uploads\/2025\/12\/1-53.jpg","contentUrl":"https:\/\/emisarioec.com\/wp-content\/uploads\/2025\/12\/1-53.jpg","width":880,"height":997},{"@type":"BreadcrumbList","@id":"https:\/\/emisarioec.com\/index.php\/2025\/12\/31\/la-gestion-del-presidente-daniel-noboa-ha-permitido-impulsar-importantes-logros-en-salud-publica-durante-2025\/#breadcrumb","itemListElement":[{"@type":"ListItem","position":1,"name":"Portada","item":"https:\/\/emisarioec.com\/"},{"@type":"ListItem","position":2,"name":"La gesti\u00f3n del presidente Daniel Noboa ha permitido impulsar importantes logros en salud p\u00fablica durante 2025"}]},{"@type":"WebSite","@id":"https:\/\/emisarioec.com\/#website","url":"https:\/\/emisarioec.com\/","name":"Emisario Ec","description":"Informar es un derecho que corresponde a hechos","publisher":{"@id":"https:\/\/emisarioec.com\/#organization"},"potentialAction":[{"@type":"SearchAction","target":{"@type":"EntryPoint","urlTemplate":"https:\/\/emisarioec.com\/?s={search_term_string}"},"query-input":{"@type":"PropertyValueSpecification","valueRequired":true,"valueName":"search_term_string"}}],"inLanguage":"es"},{"@type":"Organization","@id":"https:\/\/emisarioec.com\/#organization","name":"Emisario Ec","url":"https:\/\/emisarioec.com\/","logo":{"@type":"ImageObject","inLanguage":"es","@id":"https:\/\/emisarioec.com\/#\/schema\/logo\/image\/","url":"https:\/\/emisarioec.com\/wp-content\/uploads\/2025\/06\/cropped-cropped-emisario-ico.png","contentUrl":"https:\/\/emisarioec.com\/wp-content\/uploads\/2025\/06\/cropped-cropped-emisario-ico.png","width":512,"height":512,"caption":"Emisario Ec"},"image":{"@id":"https:\/\/emisarioec.com\/#\/schema\/logo\/image\/"}},{"@type":"Person","@id":"https:\/\/emisarioec.com\/#\/schema\/person\/2afb9da152d200f9b3feecf5f92da2d5","name":"Emisario Ec","url":"https:\/\/emisarioec.com\/index.php\/author\/admin_roberto\/"}]}},"jetpack_featured_media_url":"https:\/\/emisarioec.com\/wp-content\/uploads\/2025\/12\/1-53.jpg","_links":{"self":[{"href":"https:\/\/emisarioec.com\/index.php\/wp-json\/wp\/v2\/posts\/1486","targetHints":{"allow":["GET"]}}],"collection":[{"href":"https:\/\/emisarioec.com\/index.php\/wp-json\/wp\/v2\/posts"}],"about":[{"href":"https:\/\/emisarioec.com\/index.php\/wp-json\/wp\/v2\/types\/post"}],"author":[{"embeddable":true,"href":"https:\/\/emisarioec.com\/index.php\/wp-json\/wp\/v2\/users\/2"}],"replies":[{"embeddable":true,"href":"https:\/\/emisarioec.com\/index.php\/wp-json\/wp\/v2\/comments?post=1486"}],"version-history":[{"count":1,"href":"https:\/\/emisarioec.com\/index.php\/wp-json\/wp\/v2\/posts\/1486\/revisions"}],"predecessor-version":[{"id":1488,"href":"https:\/\/emisarioec.com\/index.php\/wp-json\/wp\/v2\/posts\/1486\/revisions\/1488"}],"wp:featuredmedia":[{"embeddable":true,"href":"https:\/\/emisarioec.com\/index.php\/wp-json\/wp\/v2\/media\/1487"}],"wp:attachment":[{"href":"https:\/\/emisarioec.com\/index.php\/wp-json\/wp\/v2\/media?parent=1486"}],"wp:term":[{"taxonomy":"category","embeddable":true,"href":"https:\/\/emisarioec.com\/index.php\/wp-json\/wp\/v2\/categories?post=1486"},{"taxonomy":"post_tag","embeddable":true,"href":"https:\/\/emisarioec.com\/index.php\/wp-json\/wp\/v2\/tags?post=1486"}],"curies":[{"name":"wp","href":"https:\/\/api.w.org\/{rel}","templated":true}]}}