{"id":2000,"date":"2026-03-08T13:05:00","date_gmt":"2026-03-08T18:05:00","guid":{"rendered":"https:\/\/emisarioec.com\/?p=2000"},"modified":"2026-03-09T12:06:22","modified_gmt":"2026-03-09T17:06:22","slug":"camino-violeta-el-gobierno-de-daniel-noboa-abre-registro-de-formalizacion-para-mujeres-emprendedoras","status":"publish","type":"post","link":"https:\/\/emisarioec.com\/index.php\/2026\/03\/08\/camino-violeta-el-gobierno-de-daniel-noboa-abre-registro-de-formalizacion-para-mujeres-emprendedoras\/","title":{"rendered":"\u201cCamino Violeta\u201d: el Gobierno de Daniel Noboa abre registro de formalizaci\u00f3n para mujeres emprendedoras"},"content":{"rendered":"\n<p>Gobierno de Daniel Noboa, a trav\u00e9s del Ministerio de Producci\u00f3n, Comercio Exterior e Inversiones, present\u00f3 oficialmente \u201cCamino Violeta, el primer paso a la formalizaci\u00f3n\u201d, una iniciativa que incluye la creaci\u00f3n del Registro de Mujeres Emprendedoras No Formalizadas (MENF), un instrumento que reconoce y visibiliza el esfuerzo de miles de ecuatorianas que sostienen la econom\u00eda desde sus hogares, barrios y comunidades.<\/p>\n\n\n\n<p>Este registro es una herramienta pr\u00e1ctica y transformadora que facilita el acceso de m\u00e1s mujeres a oportunidades reales de consolidaci\u00f3n y transici\u00f3n hacia la formalidad, reafirmando el compromiso del Gobierno Nacional de reducir las brechas hist\u00f3ricas en cr\u00e9dito, capacitaci\u00f3n y redes de apoyo. La iniciativa \u201cCamino Violeta\u201d se enmarca en la pol\u00edtica p\u00fablica de la Econom\u00eda Violeta y cuenta con el respaldo de BanEcuador, que a trav\u00e9s de los productos financieros \u201cCr\u00e9dito Violeta\u201d y \u201cCr\u00e9dito Emprende Violeta\u201d, brindar\u00e1 acompa\u00f1amiento y financiamiento especializado para fortalecer el liderazgo femenino y su participaci\u00f3n en la producci\u00f3n nacional.<\/p>\n\n\n\n<p>El MENF se integra al Registro Nacional de Emprendimiento (RNE), en cumplimiento del Decreto Ejecutivo 190, y constituye una acci\u00f3n concreta para avanzar hacia un modelo de desarrollo m\u00e1s inclusivo, moderno y competitivo.<br>Adem\u00e1s, permitir\u00e1 que las emprendedoras accedan a capacitaciones t\u00e9cnicas y empresariales, incentivos tributarios, cursos orientados a exportaci\u00f3n y productos financieros especializados, fortaleciendo sus iniciativas y acompa\u00f1\u00e1ndolas en el proceso de formalizaci\u00f3n y crecimiento.<\/p>\n\n\n\n<p>Este instrumento estar\u00e1 habilitado en la plataforma del Sistema Integrado RUM,contar\u00e1 con una vigencia inicial de tres meses y podr\u00e1 renovarse, por una sola ocasi\u00f3n, conforme a los lineamientos establecidos. La inscripci\u00f3n ser\u00e1 completamente gratuita y permitir\u00e1 a las emprendedoras acceder a los beneficios previstos en la Ley Org\u00e1nica para Impulsar la Econom\u00eda de las Mujeres Emprendedoras, fortaleciendo as\u00ed sus oportunidades de desarrollo.<\/p>\n\n\n\n<p>El Gobierno Nacional, a trav\u00e9s del Ministerio, invita a las mujeres emprendedoras del pa\u00eds a registrarse y aprovechar \u201cCamino Violeta\u201d, una iniciativa que busca fortalecer sus emprendimientos, acompa\u00f1arlas en su transici\u00f3n hacia la formalidad y consolidar su papel en la construcci\u00f3n de un Ecuador m\u00e1s justo, inclusivo y productivo.<\/p>\n","protected":false},"excerpt":{"rendered":"<p>Este registro es una herramienta pr\u00e1ctica y transformadora que facilita el acceso de m\u00e1s mujeres a oportunidades reales de consolidaci\u00f3n y transici\u00f3n hacia la formalidad<\/p>\n","protected":false},"author":2,"featured_media":2001,"comment_status":"closed","ping_status":"open","sticky":false,"template":"","format":"standard","meta":{"footnotes":""},"categories":[9],"tags":[908,33,909,99],"class_list":["post-2000","post","type-post","status-publish","format-standard","has-post-thumbnail","hentry","category-politica","tag-camino-violeta","tag-ecuador","tag-mujeres-emprendedoras","tag-presidente-daniel-noboa-azin"],"yoast_head":"<!-- This site is optimized with the Yoast SEO plugin v27.4 - https:\/\/yoast.com\/product\/yoast-seo-wordpress\/ -->\n<title>\u201cCamino Violeta\u201d: el Gobierno de Daniel Noboa abre registro de formalizaci\u00f3n para mujeres emprendedoras - Emisario Ec<\/title>\n<meta name=\"robots\" content=\"index, follow, max-snippet:-1, max-image-preview:large, max-video-preview:-1\" \/>\n<link rel=\"canonical\" href=\"https:\/\/emisarioec.com\/index.php\/2026\/03\/08\/camino-violeta-el-gobierno-de-daniel-noboa-abre-registro-de-formalizacion-para-mujeres-emprendedoras\/\" \/>\n<meta property=\"og:locale\" content=\"es_ES\" \/>\n<meta property=\"og:type\" content=\"article\" \/>\n<meta property=\"og:title\" content=\"\u201cCamino Violeta\u201d: el Gobierno de Daniel Noboa abre registro de formalizaci\u00f3n para mujeres emprendedoras - Emisario Ec\" \/>\n<meta property=\"og:description\" content=\"Este registro es una herramienta pr\u00e1ctica y transformadora que facilita el acceso de m\u00e1s mujeres a oportunidades reales de consolidaci\u00f3n y transici\u00f3n hacia la formalidad\" \/>\n<meta property=\"og:url\" content=\"https:\/\/emisarioec.com\/index.php\/2026\/03\/08\/camino-violeta-el-gobierno-de-daniel-noboa-abre-registro-de-formalizacion-para-mujeres-emprendedoras\/\" \/>\n<meta property=\"og:site_name\" content=\"Emisario Ec\" \/>\n<meta property=\"article:published_time\" content=\"2026-03-08T18:05:00+00:00\" \/>\n<meta property=\"article:modified_time\" content=\"2026-03-09T17:06:22+00:00\" \/>\n<meta property=\"og:image\" content=\"https:\/\/emisarioec.com\/wp-content\/uploads\/2026\/03\/1-28.jpg\" \/>\n\t<meta property=\"og:image:width\" content=\"880\" \/>\n\t<meta property=\"og:image:height\" content=\"455\" \/>\n\t<meta property=\"og:image:type\" content=\"image\/jpeg\" \/>\n<meta name=\"author\" content=\"Emisario Ec\" \/>\n<meta name=\"twitter:card\" content=\"summary_large_image\" \/>\n<meta name=\"twitter:label1\" content=\"Escrito por\" \/>\n\t<meta name=\"twitter:data1\" content=\"Emisario Ec\" \/>\n\t<meta name=\"twitter:label2\" content=\"Tiempo de lectura\" \/>\n\t<meta name=\"twitter:data2\" content=\"2 minutos\" \/>\n<script type=\"application\/ld+json\" class=\"yoast-schema-graph\">{\"@context\":\"https:\\\/\\\/schema.org\",\"@graph\":[{\"@type\":\"Article\",\"@id\":\"https:\\\/\\\/emisarioec.com\\\/index.php\\\/2026\\\/03\\\/08\\\/camino-violeta-el-gobierno-de-daniel-noboa-abre-registro-de-formalizacion-para-mujeres-emprendedoras\\\/#article\",\"isPartOf\":{\"@id\":\"https:\\\/\\\/emisarioec.com\\\/index.php\\\/2026\\\/03\\\/08\\\/camino-violeta-el-gobierno-de-daniel-noboa-abre-registro-de-formalizacion-para-mujeres-emprendedoras\\\/\"},\"author\":{\"name\":\"Emisario Ec\",\"@id\":\"https:\\\/\\\/emisarioec.com\\\/#\\\/schema\\\/person\\\/2afb9da152d200f9b3feecf5f92da2d5\"},\"headline\":\"\u201cCamino Violeta\u201d: el Gobierno de Daniel Noboa abre registro de formalizaci\u00f3n para mujeres emprendedoras\",\"datePublished\":\"2026-03-08T18:05:00+00:00\",\"dateModified\":\"2026-03-09T17:06:22+00:00\",\"mainEntityOfPage\":{\"@id\":\"https:\\\/\\\/emisarioec.com\\\/index.php\\\/2026\\\/03\\\/08\\\/camino-violeta-el-gobierno-de-daniel-noboa-abre-registro-de-formalizacion-para-mujeres-emprendedoras\\\/\"},\"wordCount\":385,\"publisher\":{\"@id\":\"https:\\\/\\\/emisarioec.com\\\/#organization\"},\"image\":{\"@id\":\"https:\\\/\\\/emisarioec.com\\\/index.php\\\/2026\\\/03\\\/08\\\/camino-violeta-el-gobierno-de-daniel-noboa-abre-registro-de-formalizacion-para-mujeres-emprendedoras\\\/#primaryimage\"},\"thumbnailUrl\":\"https:\\\/\\\/emisarioec.com\\\/wp-content\\\/uploads\\\/2026\\\/03\\\/1-28.jpg\",\"keywords\":[\"\u201cCamino Violeta\u201d\",\"Ecuador\",\"mujeres emprendedoras\",\"presidente Daniel Noboa Azin\"],\"articleSection\":[\"Pol\u00edtica\"],\"inLanguage\":\"es\"},{\"@type\":\"WebPage\",\"@id\":\"https:\\\/\\\/emisarioec.com\\\/index.php\\\/2026\\\/03\\\/08\\\/camino-violeta-el-gobierno-de-daniel-noboa-abre-registro-de-formalizacion-para-mujeres-emprendedoras\\\/\",\"url\":\"https:\\\/\\\/emisarioec.com\\\/index.php\\\/2026\\\/03\\\/08\\\/camino-violeta-el-gobierno-de-daniel-noboa-abre-registro-de-formalizacion-para-mujeres-emprendedoras\\\/\",\"name\":\"\u201cCamino Violeta\u201d: el Gobierno de Daniel Noboa abre registro de formalizaci\u00f3n para mujeres emprendedoras - Emisario Ec\",\"isPartOf\":{\"@id\":\"https:\\\/\\\/emisarioec.com\\\/#website\"},\"primaryImageOfPage\":{\"@id\":\"https:\\\/\\\/emisarioec.com\\\/index.php\\\/2026\\\/03\\\/08\\\/camino-violeta-el-gobierno-de-daniel-noboa-abre-registro-de-formalizacion-para-mujeres-emprendedoras\\\/#primaryimage\"},\"image\":{\"@id\":\"https:\\\/\\\/emisarioec.com\\\/index.php\\\/2026\\\/03\\\/08\\\/camino-violeta-el-gobierno-de-daniel-noboa-abre-registro-de-formalizacion-para-mujeres-emprendedoras\\\/#primaryimage\"},\"thumbnailUrl\":\"https:\\\/\\\/emisarioec.com\\\/wp-content\\\/uploads\\\/2026\\\/03\\\/1-28.jpg\",\"datePublished\":\"2026-03-08T18:05:00+00:00\",\"dateModified\":\"2026-03-09T17:06:22+00:00\",\"breadcrumb\":{\"@id\":\"https:\\\/\\\/emisarioec.com\\\/index.php\\\/2026\\\/03\\\/08\\\/camino-violeta-el-gobierno-de-daniel-noboa-abre-registro-de-formalizacion-para-mujeres-emprendedoras\\\/#breadcrumb\"},\"inLanguage\":\"es\",\"potentialAction\":[{\"@type\":\"ReadAction\",\"target\":[\"https:\\\/\\\/emisarioec.com\\\/index.php\\\/2026\\\/03\\\/08\\\/camino-violeta-el-gobierno-de-daniel-noboa-abre-registro-de-formalizacion-para-mujeres-emprendedoras\\\/\"]}]},{\"@type\":\"ImageObject\",\"inLanguage\":\"es\",\"@id\":\"https:\\\/\\\/emisarioec.com\\\/index.php\\\/2026\\\/03\\\/08\\\/camino-violeta-el-gobierno-de-daniel-noboa-abre-registro-de-formalizacion-para-mujeres-emprendedoras\\\/#primaryimage\",\"url\":\"https:\\\/\\\/emisarioec.com\\\/wp-content\\\/uploads\\\/2026\\\/03\\\/1-28.jpg\",\"contentUrl\":\"https:\\\/\\\/emisarioec.com\\\/wp-content\\\/uploads\\\/2026\\\/03\\\/1-28.jpg\",\"width\":880,\"height\":455},{\"@type\":\"BreadcrumbList\",\"@id\":\"https:\\\/\\\/emisarioec.com\\\/index.php\\\/2026\\\/03\\\/08\\\/camino-violeta-el-gobierno-de-daniel-noboa-abre-registro-de-formalizacion-para-mujeres-emprendedoras\\\/#breadcrumb\",\"itemListElement\":[{\"@type\":\"ListItem\",\"position\":1,\"name\":\"Portada\",\"item\":\"https:\\\/\\\/emisarioec.com\\\/\"},{\"@type\":\"ListItem\",\"position\":2,\"name\":\"\u201cCamino Violeta\u201d: el Gobierno de Daniel Noboa abre registro de formalizaci\u00f3n para mujeres emprendedoras\"}]},{\"@type\":\"WebSite\",\"@id\":\"https:\\\/\\\/emisarioec.com\\\/#website\",\"url\":\"https:\\\/\\\/emisarioec.com\\\/\",\"name\":\"Emisario Ec\",\"description\":\"Informar es un derecho que corresponde a hechos\",\"publisher\":{\"@id\":\"https:\\\/\\\/emisarioec.com\\\/#organization\"},\"potentialAction\":[{\"@type\":\"SearchAction\",\"target\":{\"@type\":\"EntryPoint\",\"urlTemplate\":\"https:\\\/\\\/emisarioec.com\\\/?s={search_term_string}\"},\"query-input\":{\"@type\":\"PropertyValueSpecification\",\"valueRequired\":true,\"valueName\":\"search_term_string\"}}],\"inLanguage\":\"es\"},{\"@type\":\"Organization\",\"@id\":\"https:\\\/\\\/emisarioec.com\\\/#organization\",\"name\":\"Emisario Ec\",\"url\":\"https:\\\/\\\/emisarioec.com\\\/\",\"logo\":{\"@type\":\"ImageObject\",\"inLanguage\":\"es\",\"@id\":\"https:\\\/\\\/emisarioec.com\\\/#\\\/schema\\\/logo\\\/image\\\/\",\"url\":\"https:\\\/\\\/emisarioec.com\\\/wp-content\\\/uploads\\\/2025\\\/06\\\/cropped-cropped-emisario-ico.png\",\"contentUrl\":\"https:\\\/\\\/emisarioec.com\\\/wp-content\\\/uploads\\\/2025\\\/06\\\/cropped-cropped-emisario-ico.png\",\"width\":512,\"height\":512,\"caption\":\"Emisario Ec\"},\"image\":{\"@id\":\"https:\\\/\\\/emisarioec.com\\\/#\\\/schema\\\/logo\\\/image\\\/\"}},{\"@type\":\"Person\",\"@id\":\"https:\\\/\\\/emisarioec.com\\\/#\\\/schema\\\/person\\\/2afb9da152d200f9b3feecf5f92da2d5\",\"name\":\"Emisario Ec\",\"url\":\"https:\\\/\\\/emisarioec.com\\\/index.php\\\/author\\\/admin_roberto\\\/\"}]}<\/script>\n<!-- \/ Yoast SEO plugin. -->","yoast_head_json":{"title":"\u201cCamino Violeta\u201d: el Gobierno de Daniel Noboa abre registro de formalizaci\u00f3n para mujeres emprendedoras - Emisario Ec","robots":{"index":"index","follow":"follow","max-snippet":"max-snippet:-1","max-image-preview":"max-image-preview:large","max-video-preview":"max-video-preview:-1"},"canonical":"https:\/\/emisarioec.com\/index.php\/2026\/03\/08\/camino-violeta-el-gobierno-de-daniel-noboa-abre-registro-de-formalizacion-para-mujeres-emprendedoras\/","og_locale":"es_ES","og_type":"article","og_title":"\u201cCamino Violeta\u201d: el Gobierno de Daniel Noboa abre registro de formalizaci\u00f3n para mujeres emprendedoras - Emisario Ec","og_description":"Este registro es una herramienta pr\u00e1ctica y transformadora que facilita el acceso de m\u00e1s mujeres a oportunidades reales de consolidaci\u00f3n y transici\u00f3n hacia la formalidad","og_url":"https:\/\/emisarioec.com\/index.php\/2026\/03\/08\/camino-violeta-el-gobierno-de-daniel-noboa-abre-registro-de-formalizacion-para-mujeres-emprendedoras\/","og_site_name":"Emisario Ec","article_published_time":"2026-03-08T18:05:00+00:00","article_modified_time":"2026-03-09T17:06:22+00:00","og_image":[{"width":880,"height":455,"url":"https:\/\/emisarioec.com\/wp-content\/uploads\/2026\/03\/1-28.jpg","type":"image\/jpeg"}],"author":"Emisario Ec","twitter_card":"summary_large_image","twitter_misc":{"Escrito por":"Emisario Ec","Tiempo de lectura":"2 minutos"},"schema":{"@context":"https:\/\/schema.org","@graph":[{"@type":"Article","@id":"https:\/\/emisarioec.com\/index.php\/2026\/03\/08\/camino-violeta-el-gobierno-de-daniel-noboa-abre-registro-de-formalizacion-para-mujeres-emprendedoras\/#article","isPartOf":{"@id":"https:\/\/emisarioec.com\/index.php\/2026\/03\/08\/camino-violeta-el-gobierno-de-daniel-noboa-abre-registro-de-formalizacion-para-mujeres-emprendedoras\/"},"author":{"name":"Emisario Ec","@id":"https:\/\/emisarioec.com\/#\/schema\/person\/2afb9da152d200f9b3feecf5f92da2d5"},"headline":"\u201cCamino Violeta\u201d: el Gobierno de Daniel Noboa abre registro de formalizaci\u00f3n para mujeres emprendedoras","datePublished":"2026-03-08T18:05:00+00:00","dateModified":"2026-03-09T17:06:22+00:00","mainEntityOfPage":{"@id":"https:\/\/emisarioec.com\/index.php\/2026\/03\/08\/camino-violeta-el-gobierno-de-daniel-noboa-abre-registro-de-formalizacion-para-mujeres-emprendedoras\/"},"wordCount":385,"publisher":{"@id":"https:\/\/emisarioec.com\/#organization"},"image":{"@id":"https:\/\/emisarioec.com\/index.php\/2026\/03\/08\/camino-violeta-el-gobierno-de-daniel-noboa-abre-registro-de-formalizacion-para-mujeres-emprendedoras\/#primaryimage"},"thumbnailUrl":"https:\/\/emisarioec.com\/wp-content\/uploads\/2026\/03\/1-28.jpg","keywords":["\u201cCamino Violeta\u201d","Ecuador","mujeres emprendedoras","presidente Daniel Noboa Azin"],"articleSection":["Pol\u00edtica"],"inLanguage":"es"},{"@type":"WebPage","@id":"https:\/\/emisarioec.com\/index.php\/2026\/03\/08\/camino-violeta-el-gobierno-de-daniel-noboa-abre-registro-de-formalizacion-para-mujeres-emprendedoras\/","url":"https:\/\/emisarioec.com\/index.php\/2026\/03\/08\/camino-violeta-el-gobierno-de-daniel-noboa-abre-registro-de-formalizacion-para-mujeres-emprendedoras\/","name":"\u201cCamino Violeta\u201d: el Gobierno de Daniel Noboa abre registro de formalizaci\u00f3n para mujeres emprendedoras - Emisario Ec","isPartOf":{"@id":"https:\/\/emisarioec.com\/#website"},"primaryImageOfPage":{"@id":"https:\/\/emisarioec.com\/index.php\/2026\/03\/08\/camino-violeta-el-gobierno-de-daniel-noboa-abre-registro-de-formalizacion-para-mujeres-emprendedoras\/#primaryimage"},"image":{"@id":"https:\/\/emisarioec.com\/index.php\/2026\/03\/08\/camino-violeta-el-gobierno-de-daniel-noboa-abre-registro-de-formalizacion-para-mujeres-emprendedoras\/#primaryimage"},"thumbnailUrl":"https:\/\/emisarioec.com\/wp-content\/uploads\/2026\/03\/1-28.jpg","datePublished":"2026-03-08T18:05:00+00:00","dateModified":"2026-03-09T17:06:22+00:00","breadcrumb":{"@id":"https:\/\/emisarioec.com\/index.php\/2026\/03\/08\/camino-violeta-el-gobierno-de-daniel-noboa-abre-registro-de-formalizacion-para-mujeres-emprendedoras\/#breadcrumb"},"inLanguage":"es","potentialAction":[{"@type":"ReadAction","target":["https:\/\/emisarioec.com\/index.php\/2026\/03\/08\/camino-violeta-el-gobierno-de-daniel-noboa-abre-registro-de-formalizacion-para-mujeres-emprendedoras\/"]}]},{"@type":"ImageObject","inLanguage":"es","@id":"https:\/\/emisarioec.com\/index.php\/2026\/03\/08\/camino-violeta-el-gobierno-de-daniel-noboa-abre-registro-de-formalizacion-para-mujeres-emprendedoras\/#primaryimage","url":"https:\/\/emisarioec.com\/wp-content\/uploads\/2026\/03\/1-28.jpg","contentUrl":"https:\/\/emisarioec.com\/wp-content\/uploads\/2026\/03\/1-28.jpg","width":880,"height":455},{"@type":"BreadcrumbList","@id":"https:\/\/emisarioec.com\/index.php\/2026\/03\/08\/camino-violeta-el-gobierno-de-daniel-noboa-abre-registro-de-formalizacion-para-mujeres-emprendedoras\/#breadcrumb","itemListElement":[{"@type":"ListItem","position":1,"name":"Portada","item":"https:\/\/emisarioec.com\/"},{"@type":"ListItem","position":2,"name":"\u201cCamino Violeta\u201d: el Gobierno de Daniel Noboa abre registro de formalizaci\u00f3n para mujeres emprendedoras"}]},{"@type":"WebSite","@id":"https:\/\/emisarioec.com\/#website","url":"https:\/\/emisarioec.com\/","name":"Emisario Ec","description":"Informar es un derecho que corresponde a hechos","publisher":{"@id":"https:\/\/emisarioec.com\/#organization"},"potentialAction":[{"@type":"SearchAction","target":{"@type":"EntryPoint","urlTemplate":"https:\/\/emisarioec.com\/?s={search_term_string}"},"query-input":{"@type":"PropertyValueSpecification","valueRequired":true,"valueName":"search_term_string"}}],"inLanguage":"es"},{"@type":"Organization","@id":"https:\/\/emisarioec.com\/#organization","name":"Emisario Ec","url":"https:\/\/emisarioec.com\/","logo":{"@type":"ImageObject","inLanguage":"es","@id":"https:\/\/emisarioec.com\/#\/schema\/logo\/image\/","url":"https:\/\/emisarioec.com\/wp-content\/uploads\/2025\/06\/cropped-cropped-emisario-ico.png","contentUrl":"https:\/\/emisarioec.com\/wp-content\/uploads\/2025\/06\/cropped-cropped-emisario-ico.png","width":512,"height":512,"caption":"Emisario Ec"},"image":{"@id":"https:\/\/emisarioec.com\/#\/schema\/logo\/image\/"}},{"@type":"Person","@id":"https:\/\/emisarioec.com\/#\/schema\/person\/2afb9da152d200f9b3feecf5f92da2d5","name":"Emisario Ec","url":"https:\/\/emisarioec.com\/index.php\/author\/admin_roberto\/"}]}},"jetpack_featured_media_url":"https:\/\/emisarioec.com\/wp-content\/uploads\/2026\/03\/1-28.jpg","_links":{"self":[{"href":"https:\/\/emisarioec.com\/index.php\/wp-json\/wp\/v2\/posts\/2000","targetHints":{"allow":["GET"]}}],"collection":[{"href":"https:\/\/emisarioec.com\/index.php\/wp-json\/wp\/v2\/posts"}],"about":[{"href":"https:\/\/emisarioec.com\/index.php\/wp-json\/wp\/v2\/types\/post"}],"author":[{"embeddable":true,"href":"https:\/\/emisarioec.com\/index.php\/wp-json\/wp\/v2\/users\/2"}],"replies":[{"embeddable":true,"href":"https:\/\/emisarioec.com\/index.php\/wp-json\/wp\/v2\/comments?post=2000"}],"version-history":[{"count":1,"href":"https:\/\/emisarioec.com\/index.php\/wp-json\/wp\/v2\/posts\/2000\/revisions"}],"predecessor-version":[{"id":2002,"href":"https:\/\/emisarioec.com\/index.php\/wp-json\/wp\/v2\/posts\/2000\/revisions\/2002"}],"wp:featuredmedia":[{"embeddable":true,"href":"https:\/\/emisarioec.com\/index.php\/wp-json\/wp\/v2\/media\/2001"}],"wp:attachment":[{"href":"https:\/\/emisarioec.com\/index.php\/wp-json\/wp\/v2\/media?parent=2000"}],"wp:term":[{"taxonomy":"category","embeddable":true,"href":"https:\/\/emisarioec.com\/index.php\/wp-json\/wp\/v2\/categories?post=2000"},{"taxonomy":"post_tag","embeddable":true,"href":"https:\/\/emisarioec.com\/index.php\/wp-json\/wp\/v2\/tags?post=2000"}],"curies":[{"name":"wp","href":"https:\/\/api.w.org\/{rel}","templated":true}]}}