{"id":2084,"date":"2026-03-16T07:45:00","date_gmt":"2026-03-16T12:45:00","guid":{"rendered":"https:\/\/emisarioec.com\/?p=2084"},"modified":"2026-03-16T08:40:10","modified_gmt":"2026-03-16T13:40:10","slug":"guaridas-del-terror-fueron-destruidas-en-duran-en-la-primera-noche-del-toque-de-queda","status":"publish","type":"post","link":"https:\/\/emisarioec.com\/index.php\/2026\/03\/16\/guaridas-del-terror-fueron-destruidas-en-duran-en-la-primera-noche-del-toque-de-queda\/","title":{"rendered":"Guaridas del terror fueron destruidas en Dur\u00e1n, en la primera noche del Toque de Queda"},"content":{"rendered":"\n<p>Durante horas de la madrugada, el ministro de Defensa Nacional, Gian Carlo Loffredo, verific\u00f3 el desarrollo de las operaciones e intervenciones ejecutadas por las Fuerzas Armadas en el cant\u00f3n Dur\u00e1n, provincia del Guayas, en el marco de la primera noche del toque de queda dispuesto para recuperar el control de los sectores m\u00e1s golpeados por la violencia criminal.<\/p>\n\n\n\n<p>Con informaci\u00f3n de inteligencia, personal militar ejecut\u00f3 una intervenci\u00f3n en una vivienda ubicada en el sector El Arbolito, utilizada como punto estrat\u00e9gico de vigilancia por integrantes del Grupo de Delincuencia Organizada CK. El inmueble pertenece al sujeto conocido con el alias \u201cBob Marley\u201d, cabecilla de la facci\u00f3n CK BM, quien actualmente se encuentra recluido en la c\u00e1rcel del Encuentro. En el lugar se identific\u00f3 infraestructura tecnol\u00f3gica empleada para controlar accesos y movimientos en el sector, considerado un \u00e1rea hiperfocalizada de violencia dentro del cant\u00f3n.<\/p>\n\n\n\n<p>En esta intervenci\u00f3n se localizaron c\u00e1maras de videovigilancia tipo bala y domo, equipos de comunicaci\u00f3n y transmisi\u00f3n de se\u00f1al, m\u00f3dems de internet, un repetidor de se\u00f1al, router, DVR, cableado coaxial, reflectores, adem\u00e1s de armas blancas, municiones de diferentes calibres, una gramera, una pipa artesanal y varias dosis de sustancias sujetas a fiscalizaci\u00f3n. Todo este sistema era utilizado por la estructura criminal para monitorear y controlar los accesos estrat\u00e9gicos del sector.<\/p>\n\n\n\n<p>De manera paralela, en el sector Fincas Delia, en Dur\u00e1n, mediante informaci\u00f3n de inteligencia militar se localiz\u00f3 un \u00e1rea utilizada por el mismo GDO CK para retener a v\u00edctimas de secuestro y extorsi\u00f3n. En el lugar se identific\u00f3 una estructura improvisada construida con ca\u00f1a y madera, utilizada como sitio clandestino de cautiverio.<\/p>\n\n\n\n<p>Con la intervenci\u00f3n de personal especializado Experto en Demoliciones, las Fuerzas Armadas procedieron a destruir e inhabilitar completamente esta infraestructura criminal destinada a la retenci\u00f3n ilegal de personas, eliminando as\u00ed uno de los espacios utilizados por esta organizaci\u00f3n para ejecutar sus delitos.<\/p>\n\n\n\n<p>Estas acciones forman parte de las operaciones que se ejecutan durante el estado de excepci\u00f3n y el toque de queda, con el objetivo de desarticular las estructuras log\u00edsticas y operativas de los grupos criminales que han intentado convertir ciertos sectores del pa\u00eds en centros de control del terror.<\/p>\n\n\n\n<p>Continuamos, para recuperar cada espacio por las familias ecuatorianas<\/p>\n\n\n\n<figure class=\"wp-block-embed is-type-video is-provider-tiktok wp-block-embed-tiktok\"><div class=\"wp-block-embed__wrapper\">\n<blockquote class=\"tiktok-embed\" cite=\"https:\/\/www.tiktok.com\/@emisarioec\/video\/7617847212122443028\" data-video-id=\"7617847212122443028\" data-embed-from=\"oembed\" style=\"max-width:605px; min-width:325px;\"> <section> <a target=\"_blank\" title=\"@emisarioec\" href=\"https:\/\/www.tiktok.com\/@emisarioec?refer=embed\">@emisarioec<\/a> <p>\ud83d\udccc ATENTOS\ud83d\udc4f  Guaridas del terror fueron destruidas en Dur\u00e1n, en la primera noche del Toque de Queda Durante horas de la madrugada, el ministro de Defensa Nacional, Gian Carlo Loffredo, verific\u00f3 el desarrollo de las operaciones e intervenciones ejecutadas por las Fuerzas Armadas en el cant\u00f3n Dur\u00e1n, provincia del Guayas, en el marco de la primera noche del toque de queda dispuesto para recuperar el control de los sectores m\u00e1s golpeados por la violencia criminal. Con informaci\u00f3n de inteligencia, personal militar ejecut\u00f3 una intervenci\u00f3n en una vivienda ubicada en el sector El Arbolito, utilizada como punto estrat\u00e9gico de vigilancia por integrantes del Grupo de Delincuencia Organizada CK. El inmueble pertenece al sujeto conocido con el alias \u201cBob Marley\u201d, cabecilla de la facci\u00f3n CK BM, quien actualmente se encuentra recluido en la c\u00e1rcel del Encuentro. En el lugar se identific\u00f3 infraestructura tecnol\u00f3gica empleada para controlar accesos y movimientos en el sector, considerado un \u00e1rea hiperfocalizada de violencia dentro del cant\u00f3n. En esta intervenci\u00f3n se localizaron c\u00e1maras de videovigilancia tipo bala y domo, equipos de comunicaci\u00f3n y transmisi\u00f3n de se\u00f1al, m\u00f3dems de internet, un repetidor de se\u00f1al, router, DVR, cableado coaxial, reflectores, adem\u00e1s de armas blancas, municiones de diferentes calibres, una gramera, una pipa artesanal y varias dosis de sustancias sujetas a fiscalizaci\u00f3n. Todo este sistema era utilizado por la estructura criminal para monitorear y controlar los accesos estrat\u00e9gicos del sector. De manera paralela, en el sector Fincas Delia, en Dur\u00e1n, mediante informaci\u00f3n de inteligencia militar se localiz\u00f3 un \u00e1rea utilizada por el mismo GDO CK para retener a v\u00edctimas de secuestro y extorsi\u00f3n. En el lugar se identific\u00f3 una estructura improvisada construida con ca\u00f1a y madera, utilizada como sitio clandestino de cautiverio. Con la intervenci\u00f3n de personal especializado Experto en Demoliciones, las Fuerzas Armadas procedieron a destruir e inhabilitar completamente esta infraestructura criminal destinada a la retenci\u00f3n ilegal de personas, eliminando as\u00ed uno de los espacios utilizados por esta organizaci\u00f3n para ejecutar sus delitos. Estas acciones forman parte de las operaciones que se ejecutan durante el estado de excepci\u00f3n y el toque de queda, con el objetivo de desarticular las estructuras log\u00edsticas y operativas de los grupos criminales que han intentado convertir ciertos sectores del pa\u00eds en centros de control del terror. @comunicacionec  @presidenciaec  @john.reimberg.ovi  @policiaecuadoroficial  @fuerzasarmadas_ec  @mininteriorec<\/p> <a target=\"_blank\" title=\"\u266c sonido original - Emisario Ec - Emisario Ec\" href=\"https:\/\/www.tiktok.com\/music\/sonido-original-Emisario-Ec-7617847246335675154?refer=embed\">\u266c sonido original &#8211; Emisario Ec &#8211; Emisario Ec<\/a> <\/section> <\/blockquote> <script async src=\"https:\/\/www.tiktok.com\/embed.js\"><\/script>\n<\/div><\/figure>\n","protected":false},"excerpt":{"rendered":"<p>Con informaci\u00f3n de inteligencia, personal militar ejecut\u00f3 una intervenci\u00f3n en una vivienda ubicada en el sector El Arbolito<\/p>\n","protected":false},"author":2,"featured_media":2085,"comment_status":"closed","ping_status":"open","sticky":false,"template":"","format":"standard","meta":{"footnotes":""},"categories":[6],"tags":[119,33,948,17,949],"class_list":["post-2084","post","type-post","status-publish","format-standard","has-post-thumbnail","hentry","category-actualidad","tag-duran","tag-ecuador","tag-guaridas-del-terror","tag-guayas","tag-toque-de-queda"],"yoast_head":"<!-- This site is optimized with the Yoast SEO plugin v27.5 - https:\/\/yoast.com\/product\/yoast-seo-wordpress\/ -->\n<title>Guaridas del terror fueron destruidas en Dur\u00e1n, en la primera noche del Toque de Queda - Emisario Ec<\/title>\n<meta name=\"robots\" content=\"index, follow, max-snippet:-1, max-image-preview:large, max-video-preview:-1\" \/>\n<link rel=\"canonical\" href=\"https:\/\/emisarioec.com\/index.php\/2026\/03\/16\/guaridas-del-terror-fueron-destruidas-en-duran-en-la-primera-noche-del-toque-de-queda\/\" \/>\n<meta property=\"og:locale\" content=\"es_ES\" \/>\n<meta property=\"og:type\" content=\"article\" \/>\n<meta property=\"og:title\" content=\"Guaridas del terror fueron destruidas en Dur\u00e1n, en la primera noche del Toque de Queda - Emisario Ec\" \/>\n<meta property=\"og:description\" content=\"Con informaci\u00f3n de inteligencia, personal militar ejecut\u00f3 una intervenci\u00f3n en una vivienda ubicada en el sector El Arbolito\" \/>\n<meta property=\"og:url\" content=\"https:\/\/emisarioec.com\/index.php\/2026\/03\/16\/guaridas-del-terror-fueron-destruidas-en-duran-en-la-primera-noche-del-toque-de-queda\/\" \/>\n<meta property=\"og:site_name\" content=\"Emisario Ec\" \/>\n<meta property=\"article:published_time\" content=\"2026-03-16T12:45:00+00:00\" \/>\n<meta property=\"article:modified_time\" content=\"2026-03-16T13:40:10+00:00\" \/>\n<meta property=\"og:image\" content=\"https:\/\/emisarioec.com\/wp-content\/uploads\/2026\/03\/1-47.jpg\" \/>\n\t<meta property=\"og:image:width\" content=\"800\" \/>\n\t<meta property=\"og:image:height\" content=\"450\" \/>\n\t<meta property=\"og:image:type\" content=\"image\/jpeg\" \/>\n<meta name=\"author\" content=\"Emisario Ec\" \/>\n<meta name=\"twitter:card\" content=\"summary_large_image\" \/>\n<meta name=\"twitter:label1\" content=\"Escrito por\" \/>\n\t<meta name=\"twitter:data1\" content=\"Emisario Ec\" \/>\n\t<meta name=\"twitter:label2\" content=\"Tiempo de lectura\" \/>\n\t<meta name=\"twitter:data2\" content=\"2 minutos\" \/>\n<script type=\"application\/ld+json\" class=\"yoast-schema-graph\">{\"@context\":\"https:\\\/\\\/schema.org\",\"@graph\":[{\"@type\":\"Article\",\"@id\":\"https:\\\/\\\/emisarioec.com\\\/index.php\\\/2026\\\/03\\\/16\\\/guaridas-del-terror-fueron-destruidas-en-duran-en-la-primera-noche-del-toque-de-queda\\\/#article\",\"isPartOf\":{\"@id\":\"https:\\\/\\\/emisarioec.com\\\/index.php\\\/2026\\\/03\\\/16\\\/guaridas-del-terror-fueron-destruidas-en-duran-en-la-primera-noche-del-toque-de-queda\\\/\"},\"author\":{\"name\":\"Emisario Ec\",\"@id\":\"https:\\\/\\\/emisarioec.com\\\/#\\\/schema\\\/person\\\/2afb9da152d200f9b3feecf5f92da2d5\"},\"headline\":\"Guaridas del terror fueron destruidas en Dur\u00e1n, en la primera noche del Toque de Queda\",\"datePublished\":\"2026-03-16T12:45:00+00:00\",\"dateModified\":\"2026-03-16T13:40:10+00:00\",\"mainEntityOfPage\":{\"@id\":\"https:\\\/\\\/emisarioec.com\\\/index.php\\\/2026\\\/03\\\/16\\\/guaridas-del-terror-fueron-destruidas-en-duran-en-la-primera-noche-del-toque-de-queda\\\/\"},\"wordCount\":416,\"publisher\":{\"@id\":\"https:\\\/\\\/emisarioec.com\\\/#organization\"},\"image\":{\"@id\":\"https:\\\/\\\/emisarioec.com\\\/index.php\\\/2026\\\/03\\\/16\\\/guaridas-del-terror-fueron-destruidas-en-duran-en-la-primera-noche-del-toque-de-queda\\\/#primaryimage\"},\"thumbnailUrl\":\"https:\\\/\\\/emisarioec.com\\\/wp-content\\\/uploads\\\/2026\\\/03\\\/1-47.jpg\",\"keywords\":[\"Dur\u00e1n\",\"Ecuador\",\"Guaridas del terror\",\"Guayas\",\"Toque de Queda\"],\"articleSection\":[\"Actualidad\"],\"inLanguage\":\"es\"},{\"@type\":\"WebPage\",\"@id\":\"https:\\\/\\\/emisarioec.com\\\/index.php\\\/2026\\\/03\\\/16\\\/guaridas-del-terror-fueron-destruidas-en-duran-en-la-primera-noche-del-toque-de-queda\\\/\",\"url\":\"https:\\\/\\\/emisarioec.com\\\/index.php\\\/2026\\\/03\\\/16\\\/guaridas-del-terror-fueron-destruidas-en-duran-en-la-primera-noche-del-toque-de-queda\\\/\",\"name\":\"Guaridas del terror fueron destruidas en Dur\u00e1n, en la primera noche del Toque de Queda - Emisario Ec\",\"isPartOf\":{\"@id\":\"https:\\\/\\\/emisarioec.com\\\/#website\"},\"primaryImageOfPage\":{\"@id\":\"https:\\\/\\\/emisarioec.com\\\/index.php\\\/2026\\\/03\\\/16\\\/guaridas-del-terror-fueron-destruidas-en-duran-en-la-primera-noche-del-toque-de-queda\\\/#primaryimage\"},\"image\":{\"@id\":\"https:\\\/\\\/emisarioec.com\\\/index.php\\\/2026\\\/03\\\/16\\\/guaridas-del-terror-fueron-destruidas-en-duran-en-la-primera-noche-del-toque-de-queda\\\/#primaryimage\"},\"thumbnailUrl\":\"https:\\\/\\\/emisarioec.com\\\/wp-content\\\/uploads\\\/2026\\\/03\\\/1-47.jpg\",\"datePublished\":\"2026-03-16T12:45:00+00:00\",\"dateModified\":\"2026-03-16T13:40:10+00:00\",\"breadcrumb\":{\"@id\":\"https:\\\/\\\/emisarioec.com\\\/index.php\\\/2026\\\/03\\\/16\\\/guaridas-del-terror-fueron-destruidas-en-duran-en-la-primera-noche-del-toque-de-queda\\\/#breadcrumb\"},\"inLanguage\":\"es\",\"potentialAction\":[{\"@type\":\"ReadAction\",\"target\":[\"https:\\\/\\\/emisarioec.com\\\/index.php\\\/2026\\\/03\\\/16\\\/guaridas-del-terror-fueron-destruidas-en-duran-en-la-primera-noche-del-toque-de-queda\\\/\"]}]},{\"@type\":\"ImageObject\",\"inLanguage\":\"es\",\"@id\":\"https:\\\/\\\/emisarioec.com\\\/index.php\\\/2026\\\/03\\\/16\\\/guaridas-del-terror-fueron-destruidas-en-duran-en-la-primera-noche-del-toque-de-queda\\\/#primaryimage\",\"url\":\"https:\\\/\\\/emisarioec.com\\\/wp-content\\\/uploads\\\/2026\\\/03\\\/1-47.jpg\",\"contentUrl\":\"https:\\\/\\\/emisarioec.com\\\/wp-content\\\/uploads\\\/2026\\\/03\\\/1-47.jpg\",\"width\":800,\"height\":450},{\"@type\":\"BreadcrumbList\",\"@id\":\"https:\\\/\\\/emisarioec.com\\\/index.php\\\/2026\\\/03\\\/16\\\/guaridas-del-terror-fueron-destruidas-en-duran-en-la-primera-noche-del-toque-de-queda\\\/#breadcrumb\",\"itemListElement\":[{\"@type\":\"ListItem\",\"position\":1,\"name\":\"Portada\",\"item\":\"https:\\\/\\\/emisarioec.com\\\/\"},{\"@type\":\"ListItem\",\"position\":2,\"name\":\"Guaridas del terror fueron destruidas en Dur\u00e1n, en la primera noche del Toque de Queda\"}]},{\"@type\":\"WebSite\",\"@id\":\"https:\\\/\\\/emisarioec.com\\\/#website\",\"url\":\"https:\\\/\\\/emisarioec.com\\\/\",\"name\":\"Emisario Ec\",\"description\":\"Informar es un derecho que corresponde a hechos\",\"publisher\":{\"@id\":\"https:\\\/\\\/emisarioec.com\\\/#organization\"},\"potentialAction\":[{\"@type\":\"SearchAction\",\"target\":{\"@type\":\"EntryPoint\",\"urlTemplate\":\"https:\\\/\\\/emisarioec.com\\\/?s={search_term_string}\"},\"query-input\":{\"@type\":\"PropertyValueSpecification\",\"valueRequired\":true,\"valueName\":\"search_term_string\"}}],\"inLanguage\":\"es\"},{\"@type\":\"Organization\",\"@id\":\"https:\\\/\\\/emisarioec.com\\\/#organization\",\"name\":\"Emisario Ec\",\"url\":\"https:\\\/\\\/emisarioec.com\\\/\",\"logo\":{\"@type\":\"ImageObject\",\"inLanguage\":\"es\",\"@id\":\"https:\\\/\\\/emisarioec.com\\\/#\\\/schema\\\/logo\\\/image\\\/\",\"url\":\"https:\\\/\\\/emisarioec.com\\\/wp-content\\\/uploads\\\/2025\\\/06\\\/cropped-cropped-emisario-ico.png\",\"contentUrl\":\"https:\\\/\\\/emisarioec.com\\\/wp-content\\\/uploads\\\/2025\\\/06\\\/cropped-cropped-emisario-ico.png\",\"width\":512,\"height\":512,\"caption\":\"Emisario Ec\"},\"image\":{\"@id\":\"https:\\\/\\\/emisarioec.com\\\/#\\\/schema\\\/logo\\\/image\\\/\"}},{\"@type\":\"Person\",\"@id\":\"https:\\\/\\\/emisarioec.com\\\/#\\\/schema\\\/person\\\/2afb9da152d200f9b3feecf5f92da2d5\",\"name\":\"Emisario Ec\",\"url\":\"https:\\\/\\\/emisarioec.com\\\/index.php\\\/author\\\/admin_roberto\\\/\"}]}<\/script>\n<!-- \/ Yoast SEO plugin. -->","yoast_head_json":{"title":"Guaridas del terror fueron destruidas en Dur\u00e1n, en la primera noche del Toque de Queda - Emisario Ec","robots":{"index":"index","follow":"follow","max-snippet":"max-snippet:-1","max-image-preview":"max-image-preview:large","max-video-preview":"max-video-preview:-1"},"canonical":"https:\/\/emisarioec.com\/index.php\/2026\/03\/16\/guaridas-del-terror-fueron-destruidas-en-duran-en-la-primera-noche-del-toque-de-queda\/","og_locale":"es_ES","og_type":"article","og_title":"Guaridas del terror fueron destruidas en Dur\u00e1n, en la primera noche del Toque de Queda - Emisario Ec","og_description":"Con informaci\u00f3n de inteligencia, personal militar ejecut\u00f3 una intervenci\u00f3n en una vivienda ubicada en el sector El Arbolito","og_url":"https:\/\/emisarioec.com\/index.php\/2026\/03\/16\/guaridas-del-terror-fueron-destruidas-en-duran-en-la-primera-noche-del-toque-de-queda\/","og_site_name":"Emisario Ec","article_published_time":"2026-03-16T12:45:00+00:00","article_modified_time":"2026-03-16T13:40:10+00:00","og_image":[{"width":800,"height":450,"url":"https:\/\/emisarioec.com\/wp-content\/uploads\/2026\/03\/1-47.jpg","type":"image\/jpeg"}],"author":"Emisario Ec","twitter_card":"summary_large_image","twitter_misc":{"Escrito por":"Emisario Ec","Tiempo de lectura":"2 minutos"},"schema":{"@context":"https:\/\/schema.org","@graph":[{"@type":"Article","@id":"https:\/\/emisarioec.com\/index.php\/2026\/03\/16\/guaridas-del-terror-fueron-destruidas-en-duran-en-la-primera-noche-del-toque-de-queda\/#article","isPartOf":{"@id":"https:\/\/emisarioec.com\/index.php\/2026\/03\/16\/guaridas-del-terror-fueron-destruidas-en-duran-en-la-primera-noche-del-toque-de-queda\/"},"author":{"name":"Emisario Ec","@id":"https:\/\/emisarioec.com\/#\/schema\/person\/2afb9da152d200f9b3feecf5f92da2d5"},"headline":"Guaridas del terror fueron destruidas en Dur\u00e1n, en la primera noche del Toque de Queda","datePublished":"2026-03-16T12:45:00+00:00","dateModified":"2026-03-16T13:40:10+00:00","mainEntityOfPage":{"@id":"https:\/\/emisarioec.com\/index.php\/2026\/03\/16\/guaridas-del-terror-fueron-destruidas-en-duran-en-la-primera-noche-del-toque-de-queda\/"},"wordCount":416,"publisher":{"@id":"https:\/\/emisarioec.com\/#organization"},"image":{"@id":"https:\/\/emisarioec.com\/index.php\/2026\/03\/16\/guaridas-del-terror-fueron-destruidas-en-duran-en-la-primera-noche-del-toque-de-queda\/#primaryimage"},"thumbnailUrl":"https:\/\/emisarioec.com\/wp-content\/uploads\/2026\/03\/1-47.jpg","keywords":["Dur\u00e1n","Ecuador","Guaridas del terror","Guayas","Toque de Queda"],"articleSection":["Actualidad"],"inLanguage":"es"},{"@type":"WebPage","@id":"https:\/\/emisarioec.com\/index.php\/2026\/03\/16\/guaridas-del-terror-fueron-destruidas-en-duran-en-la-primera-noche-del-toque-de-queda\/","url":"https:\/\/emisarioec.com\/index.php\/2026\/03\/16\/guaridas-del-terror-fueron-destruidas-en-duran-en-la-primera-noche-del-toque-de-queda\/","name":"Guaridas del terror fueron destruidas en Dur\u00e1n, en la primera noche del Toque de Queda - Emisario Ec","isPartOf":{"@id":"https:\/\/emisarioec.com\/#website"},"primaryImageOfPage":{"@id":"https:\/\/emisarioec.com\/index.php\/2026\/03\/16\/guaridas-del-terror-fueron-destruidas-en-duran-en-la-primera-noche-del-toque-de-queda\/#primaryimage"},"image":{"@id":"https:\/\/emisarioec.com\/index.php\/2026\/03\/16\/guaridas-del-terror-fueron-destruidas-en-duran-en-la-primera-noche-del-toque-de-queda\/#primaryimage"},"thumbnailUrl":"https:\/\/emisarioec.com\/wp-content\/uploads\/2026\/03\/1-47.jpg","datePublished":"2026-03-16T12:45:00+00:00","dateModified":"2026-03-16T13:40:10+00:00","breadcrumb":{"@id":"https:\/\/emisarioec.com\/index.php\/2026\/03\/16\/guaridas-del-terror-fueron-destruidas-en-duran-en-la-primera-noche-del-toque-de-queda\/#breadcrumb"},"inLanguage":"es","potentialAction":[{"@type":"ReadAction","target":["https:\/\/emisarioec.com\/index.php\/2026\/03\/16\/guaridas-del-terror-fueron-destruidas-en-duran-en-la-primera-noche-del-toque-de-queda\/"]}]},{"@type":"ImageObject","inLanguage":"es","@id":"https:\/\/emisarioec.com\/index.php\/2026\/03\/16\/guaridas-del-terror-fueron-destruidas-en-duran-en-la-primera-noche-del-toque-de-queda\/#primaryimage","url":"https:\/\/emisarioec.com\/wp-content\/uploads\/2026\/03\/1-47.jpg","contentUrl":"https:\/\/emisarioec.com\/wp-content\/uploads\/2026\/03\/1-47.jpg","width":800,"height":450},{"@type":"BreadcrumbList","@id":"https:\/\/emisarioec.com\/index.php\/2026\/03\/16\/guaridas-del-terror-fueron-destruidas-en-duran-en-la-primera-noche-del-toque-de-queda\/#breadcrumb","itemListElement":[{"@type":"ListItem","position":1,"name":"Portada","item":"https:\/\/emisarioec.com\/"},{"@type":"ListItem","position":2,"name":"Guaridas del terror fueron destruidas en Dur\u00e1n, en la primera noche del Toque de Queda"}]},{"@type":"WebSite","@id":"https:\/\/emisarioec.com\/#website","url":"https:\/\/emisarioec.com\/","name":"Emisario Ec","description":"Informar es un derecho que corresponde a hechos","publisher":{"@id":"https:\/\/emisarioec.com\/#organization"},"potentialAction":[{"@type":"SearchAction","target":{"@type":"EntryPoint","urlTemplate":"https:\/\/emisarioec.com\/?s={search_term_string}"},"query-input":{"@type":"PropertyValueSpecification","valueRequired":true,"valueName":"search_term_string"}}],"inLanguage":"es"},{"@type":"Organization","@id":"https:\/\/emisarioec.com\/#organization","name":"Emisario Ec","url":"https:\/\/emisarioec.com\/","logo":{"@type":"ImageObject","inLanguage":"es","@id":"https:\/\/emisarioec.com\/#\/schema\/logo\/image\/","url":"https:\/\/emisarioec.com\/wp-content\/uploads\/2025\/06\/cropped-cropped-emisario-ico.png","contentUrl":"https:\/\/emisarioec.com\/wp-content\/uploads\/2025\/06\/cropped-cropped-emisario-ico.png","width":512,"height":512,"caption":"Emisario Ec"},"image":{"@id":"https:\/\/emisarioec.com\/#\/schema\/logo\/image\/"}},{"@type":"Person","@id":"https:\/\/emisarioec.com\/#\/schema\/person\/2afb9da152d200f9b3feecf5f92da2d5","name":"Emisario Ec","url":"https:\/\/emisarioec.com\/index.php\/author\/admin_roberto\/"}]}},"jetpack_featured_media_url":"https:\/\/emisarioec.com\/wp-content\/uploads\/2026\/03\/1-47.jpg","_links":{"self":[{"href":"https:\/\/emisarioec.com\/index.php\/wp-json\/wp\/v2\/posts\/2084","targetHints":{"allow":["GET"]}}],"collection":[{"href":"https:\/\/emisarioec.com\/index.php\/wp-json\/wp\/v2\/posts"}],"about":[{"href":"https:\/\/emisarioec.com\/index.php\/wp-json\/wp\/v2\/types\/post"}],"author":[{"embeddable":true,"href":"https:\/\/emisarioec.com\/index.php\/wp-json\/wp\/v2\/users\/2"}],"replies":[{"embeddable":true,"href":"https:\/\/emisarioec.com\/index.php\/wp-json\/wp\/v2\/comments?post=2084"}],"version-history":[{"count":2,"href":"https:\/\/emisarioec.com\/index.php\/wp-json\/wp\/v2\/posts\/2084\/revisions"}],"predecessor-version":[{"id":2088,"href":"https:\/\/emisarioec.com\/index.php\/wp-json\/wp\/v2\/posts\/2084\/revisions\/2088"}],"wp:featuredmedia":[{"embeddable":true,"href":"https:\/\/emisarioec.com\/index.php\/wp-json\/wp\/v2\/media\/2085"}],"wp:attachment":[{"href":"https:\/\/emisarioec.com\/index.php\/wp-json\/wp\/v2\/media?parent=2084"}],"wp:term":[{"taxonomy":"category","embeddable":true,"href":"https:\/\/emisarioec.com\/index.php\/wp-json\/wp\/v2\/categories?post=2084"},{"taxonomy":"post_tag","embeddable":true,"href":"https:\/\/emisarioec.com\/index.php\/wp-json\/wp\/v2\/tags?post=2084"}],"curies":[{"name":"wp","href":"https:\/\/api.w.org\/{rel}","templated":true}]}}