{"id":2649,"date":"2026-04-22T14:10:00","date_gmt":"2026-04-22T19:10:00","guid":{"rendered":"https:\/\/emisarioec.com\/?p=2649"},"modified":"2026-04-23T14:06:45","modified_gmt":"2026-04-23T19:06:45","slug":"ministerio-del-trabajo-presento-su-rendicion-de-cuentas-2025","status":"publish","type":"post","link":"https:\/\/emisarioec.com\/index.php\/2026\/04\/22\/ministerio-del-trabajo-presento-su-rendicion-de-cuentas-2025\/","title":{"rendered":"Ministerio del Trabajo present\u00f3 su Rendici\u00f3n de cuentas 2025"},"content":{"rendered":"\n<p><strong>\u201cEl futuro est\u00e1 en el empleo\u201d<\/strong>, destac\u00f3 Harold Burbano, Ministro del Trabajo, este mi\u00e9rcoles 22 de abril de 2026, durante la Rendici\u00f3n de Cuentas 2025 de esta cartera de Estado.<\/p>\n\n\n\n<p>Durante su intervenci\u00f3n,&nbsp;<strong>se\u00f1al\u00f3<\/strong>&nbsp;que m\u00e1s de 146 mil personas accedieron a oportunidades laborales y fortalecieron sus habilidades, evidenciando el impacto de las pol\u00edticas de empleabilidad impulsadas en el pa\u00eds.<\/p>\n\n\n\n<p>En materia de seguridad laboral, resalt\u00f3 la aprobaci\u00f3n de 18.052 Planes de Prevenci\u00f3n de Riesgos Laborales y 6.694 Reglamentos de Higiene y Seguridad, acciones que han permitido promover entornos de trabajo m\u00e1s seguros a trav\u00e9s de la prevenci\u00f3n y el cumplimiento normativo.<\/p>\n\n\n\n<p>Asimismo, subray\u00f3 el compromiso institucional con la construcci\u00f3n de espacios laborales libres de violencia, acoso y discriminaci\u00f3n, destacando el registro de 2.817 planes de igualdad a nivel nacional.<\/p>\n\n\n\n<p>El Ministro tambi\u00e9n enfatiz\u00f3 que el di\u00e1logo entre trabajadores y empleadores fue clave durante 2025. Por primera vez, se alcanz\u00f3 un acuerdo para la fijaci\u00f3n del Salario B\u00e1sico Unificado, establecido en USD 482. Adem\u00e1s, 40.485 trabajadores se beneficiaron de la suscripci\u00f3n de 66 contratos colectivos, que regulan las condiciones laborales y garantizan sus derechos.<\/p>\n\n\n\n<p>En cuanto al fortalecimiento del sector artesanal, indic\u00f3 que 14.655 personas obtuvieron su titulaci\u00f3n como Maestros de Taller en diversas ramas, as\u00ed como operadores y mec\u00e1nicos de equipos camineros.<\/p>\n\n\n\n<p>Finalmente, el titular del Ministerio del Trabajo se\u00f1al\u00f3 que \u201c<strong>estamos construyendo un sistema laboral y un servicio p\u00fablico m\u00e1s justos, seguros, igualitarios y orientados al bienestar de todos.\u201d<\/strong><\/p>\n\n\n\n<p>El Nuevo Ecuador se construye sin dejar a nadie atr\u00e1s, porque somos una fuerza que trabaja junta por el progreso con empleo, salarios dignos, con transparencia, respetando los derechos laborales para el beneficio de todos.<\/p>\n","protected":false},"excerpt":{"rendered":"<p>En materia de seguridad laboral, resalt\u00f3 la aprobaci\u00f3n de 18.052 Planes de Prevenci\u00f3n de Riesgos Laborales y 6.694 Reglamentos de Higiene y Seguridad<\/p>\n","protected":false},"author":2,"featured_media":2650,"comment_status":"closed","ping_status":"open","sticky":false,"template":"","format":"standard","meta":{"footnotes":""},"categories":[6],"tags":[1210,1209,99],"class_list":["post-2649","post","type-post","status-publish","format-standard","has-post-thumbnail","hentry","category-actualidad","tag-harold-burbano","tag-ministerio-del-trabajo","tag-presidente-daniel-noboa-azin"],"yoast_head":"<!-- This site is optimized with the Yoast SEO plugin v27.4 - https:\/\/yoast.com\/product\/yoast-seo-wordpress\/ -->\n<title>Ministerio del Trabajo present\u00f3 su Rendici\u00f3n de cuentas 2025 - Emisario Ec<\/title>\n<meta name=\"robots\" content=\"index, follow, max-snippet:-1, max-image-preview:large, max-video-preview:-1\" \/>\n<link rel=\"canonical\" href=\"https:\/\/emisarioec.com\/index.php\/2026\/04\/22\/ministerio-del-trabajo-presento-su-rendicion-de-cuentas-2025\/\" \/>\n<meta property=\"og:locale\" content=\"es_ES\" \/>\n<meta property=\"og:type\" content=\"article\" \/>\n<meta property=\"og:title\" content=\"Ministerio del Trabajo present\u00f3 su Rendici\u00f3n de cuentas 2025 - Emisario Ec\" \/>\n<meta property=\"og:description\" content=\"En materia de seguridad laboral, resalt\u00f3 la aprobaci\u00f3n de 18.052 Planes de Prevenci\u00f3n de Riesgos Laborales y 6.694 Reglamentos de Higiene y Seguridad\" \/>\n<meta property=\"og:url\" content=\"https:\/\/emisarioec.com\/index.php\/2026\/04\/22\/ministerio-del-trabajo-presento-su-rendicion-de-cuentas-2025\/\" \/>\n<meta property=\"og:site_name\" content=\"Emisario Ec\" \/>\n<meta property=\"article:published_time\" content=\"2026-04-22T19:10:00+00:00\" \/>\n<meta property=\"article:modified_time\" content=\"2026-04-23T19:06:45+00:00\" \/>\n<meta property=\"og:image\" content=\"https:\/\/emisarioec.com\/wp-content\/uploads\/2026\/04\/1-86.jpg\" \/>\n\t<meta property=\"og:image:width\" content=\"880\" \/>\n\t<meta property=\"og:image:height\" content=\"586\" \/>\n\t<meta property=\"og:image:type\" content=\"image\/jpeg\" \/>\n<meta name=\"author\" content=\"Emisario Ec\" \/>\n<meta name=\"twitter:card\" content=\"summary_large_image\" \/>\n<meta name=\"twitter:label1\" content=\"Escrito por\" \/>\n\t<meta name=\"twitter:data1\" content=\"Emisario Ec\" \/>\n\t<meta name=\"twitter:label2\" content=\"Tiempo de lectura\" \/>\n\t<meta name=\"twitter:data2\" content=\"2 minutos\" \/>\n<script type=\"application\/ld+json\" class=\"yoast-schema-graph\">{\"@context\":\"https:\\\/\\\/schema.org\",\"@graph\":[{\"@type\":\"Article\",\"@id\":\"https:\\\/\\\/emisarioec.com\\\/index.php\\\/2026\\\/04\\\/22\\\/ministerio-del-trabajo-presento-su-rendicion-de-cuentas-2025\\\/#article\",\"isPartOf\":{\"@id\":\"https:\\\/\\\/emisarioec.com\\\/index.php\\\/2026\\\/04\\\/22\\\/ministerio-del-trabajo-presento-su-rendicion-de-cuentas-2025\\\/\"},\"author\":{\"name\":\"Emisario Ec\",\"@id\":\"https:\\\/\\\/emisarioec.com\\\/#\\\/schema\\\/person\\\/2afb9da152d200f9b3feecf5f92da2d5\"},\"headline\":\"Ministerio del Trabajo present\u00f3 su Rendici\u00f3n de cuentas 2025\",\"datePublished\":\"2026-04-22T19:10:00+00:00\",\"dateModified\":\"2026-04-23T19:06:45+00:00\",\"mainEntityOfPage\":{\"@id\":\"https:\\\/\\\/emisarioec.com\\\/index.php\\\/2026\\\/04\\\/22\\\/ministerio-del-trabajo-presento-su-rendicion-de-cuentas-2025\\\/\"},\"wordCount\":301,\"publisher\":{\"@id\":\"https:\\\/\\\/emisarioec.com\\\/#organization\"},\"image\":{\"@id\":\"https:\\\/\\\/emisarioec.com\\\/index.php\\\/2026\\\/04\\\/22\\\/ministerio-del-trabajo-presento-su-rendicion-de-cuentas-2025\\\/#primaryimage\"},\"thumbnailUrl\":\"https:\\\/\\\/emisarioec.com\\\/wp-content\\\/uploads\\\/2026\\\/04\\\/1-86.jpg\",\"keywords\":[\"Harold Burbano\",\"Ministerio del Trabajo\",\"presidente Daniel Noboa Azin\"],\"articleSection\":[\"Actualidad\"],\"inLanguage\":\"es\"},{\"@type\":\"WebPage\",\"@id\":\"https:\\\/\\\/emisarioec.com\\\/index.php\\\/2026\\\/04\\\/22\\\/ministerio-del-trabajo-presento-su-rendicion-de-cuentas-2025\\\/\",\"url\":\"https:\\\/\\\/emisarioec.com\\\/index.php\\\/2026\\\/04\\\/22\\\/ministerio-del-trabajo-presento-su-rendicion-de-cuentas-2025\\\/\",\"name\":\"Ministerio del Trabajo present\u00f3 su Rendici\u00f3n de cuentas 2025 - Emisario Ec\",\"isPartOf\":{\"@id\":\"https:\\\/\\\/emisarioec.com\\\/#website\"},\"primaryImageOfPage\":{\"@id\":\"https:\\\/\\\/emisarioec.com\\\/index.php\\\/2026\\\/04\\\/22\\\/ministerio-del-trabajo-presento-su-rendicion-de-cuentas-2025\\\/#primaryimage\"},\"image\":{\"@id\":\"https:\\\/\\\/emisarioec.com\\\/index.php\\\/2026\\\/04\\\/22\\\/ministerio-del-trabajo-presento-su-rendicion-de-cuentas-2025\\\/#primaryimage\"},\"thumbnailUrl\":\"https:\\\/\\\/emisarioec.com\\\/wp-content\\\/uploads\\\/2026\\\/04\\\/1-86.jpg\",\"datePublished\":\"2026-04-22T19:10:00+00:00\",\"dateModified\":\"2026-04-23T19:06:45+00:00\",\"breadcrumb\":{\"@id\":\"https:\\\/\\\/emisarioec.com\\\/index.php\\\/2026\\\/04\\\/22\\\/ministerio-del-trabajo-presento-su-rendicion-de-cuentas-2025\\\/#breadcrumb\"},\"inLanguage\":\"es\",\"potentialAction\":[{\"@type\":\"ReadAction\",\"target\":[\"https:\\\/\\\/emisarioec.com\\\/index.php\\\/2026\\\/04\\\/22\\\/ministerio-del-trabajo-presento-su-rendicion-de-cuentas-2025\\\/\"]}]},{\"@type\":\"ImageObject\",\"inLanguage\":\"es\",\"@id\":\"https:\\\/\\\/emisarioec.com\\\/index.php\\\/2026\\\/04\\\/22\\\/ministerio-del-trabajo-presento-su-rendicion-de-cuentas-2025\\\/#primaryimage\",\"url\":\"https:\\\/\\\/emisarioec.com\\\/wp-content\\\/uploads\\\/2026\\\/04\\\/1-86.jpg\",\"contentUrl\":\"https:\\\/\\\/emisarioec.com\\\/wp-content\\\/uploads\\\/2026\\\/04\\\/1-86.jpg\",\"width\":880,\"height\":586},{\"@type\":\"BreadcrumbList\",\"@id\":\"https:\\\/\\\/emisarioec.com\\\/index.php\\\/2026\\\/04\\\/22\\\/ministerio-del-trabajo-presento-su-rendicion-de-cuentas-2025\\\/#breadcrumb\",\"itemListElement\":[{\"@type\":\"ListItem\",\"position\":1,\"name\":\"Portada\",\"item\":\"https:\\\/\\\/emisarioec.com\\\/\"},{\"@type\":\"ListItem\",\"position\":2,\"name\":\"Ministerio del Trabajo present\u00f3 su Rendici\u00f3n de cuentas 2025\"}]},{\"@type\":\"WebSite\",\"@id\":\"https:\\\/\\\/emisarioec.com\\\/#website\",\"url\":\"https:\\\/\\\/emisarioec.com\\\/\",\"name\":\"Emisario Ec\",\"description\":\"Informar es un derecho que corresponde a hechos\",\"publisher\":{\"@id\":\"https:\\\/\\\/emisarioec.com\\\/#organization\"},\"potentialAction\":[{\"@type\":\"SearchAction\",\"target\":{\"@type\":\"EntryPoint\",\"urlTemplate\":\"https:\\\/\\\/emisarioec.com\\\/?s={search_term_string}\"},\"query-input\":{\"@type\":\"PropertyValueSpecification\",\"valueRequired\":true,\"valueName\":\"search_term_string\"}}],\"inLanguage\":\"es\"},{\"@type\":\"Organization\",\"@id\":\"https:\\\/\\\/emisarioec.com\\\/#organization\",\"name\":\"Emisario Ec\",\"url\":\"https:\\\/\\\/emisarioec.com\\\/\",\"logo\":{\"@type\":\"ImageObject\",\"inLanguage\":\"es\",\"@id\":\"https:\\\/\\\/emisarioec.com\\\/#\\\/schema\\\/logo\\\/image\\\/\",\"url\":\"https:\\\/\\\/emisarioec.com\\\/wp-content\\\/uploads\\\/2025\\\/06\\\/cropped-cropped-emisario-ico.png\",\"contentUrl\":\"https:\\\/\\\/emisarioec.com\\\/wp-content\\\/uploads\\\/2025\\\/06\\\/cropped-cropped-emisario-ico.png\",\"width\":512,\"height\":512,\"caption\":\"Emisario Ec\"},\"image\":{\"@id\":\"https:\\\/\\\/emisarioec.com\\\/#\\\/schema\\\/logo\\\/image\\\/\"}},{\"@type\":\"Person\",\"@id\":\"https:\\\/\\\/emisarioec.com\\\/#\\\/schema\\\/person\\\/2afb9da152d200f9b3feecf5f92da2d5\",\"name\":\"Emisario Ec\",\"url\":\"https:\\\/\\\/emisarioec.com\\\/index.php\\\/author\\\/admin_roberto\\\/\"}]}<\/script>\n<!-- \/ Yoast SEO plugin. -->","yoast_head_json":{"title":"Ministerio del Trabajo present\u00f3 su Rendici\u00f3n de cuentas 2025 - Emisario Ec","robots":{"index":"index","follow":"follow","max-snippet":"max-snippet:-1","max-image-preview":"max-image-preview:large","max-video-preview":"max-video-preview:-1"},"canonical":"https:\/\/emisarioec.com\/index.php\/2026\/04\/22\/ministerio-del-trabajo-presento-su-rendicion-de-cuentas-2025\/","og_locale":"es_ES","og_type":"article","og_title":"Ministerio del Trabajo present\u00f3 su Rendici\u00f3n de cuentas 2025 - Emisario Ec","og_description":"En materia de seguridad laboral, resalt\u00f3 la aprobaci\u00f3n de 18.052 Planes de Prevenci\u00f3n de Riesgos Laborales y 6.694 Reglamentos de Higiene y Seguridad","og_url":"https:\/\/emisarioec.com\/index.php\/2026\/04\/22\/ministerio-del-trabajo-presento-su-rendicion-de-cuentas-2025\/","og_site_name":"Emisario Ec","article_published_time":"2026-04-22T19:10:00+00:00","article_modified_time":"2026-04-23T19:06:45+00:00","og_image":[{"width":880,"height":586,"url":"https:\/\/emisarioec.com\/wp-content\/uploads\/2026\/04\/1-86.jpg","type":"image\/jpeg"}],"author":"Emisario Ec","twitter_card":"summary_large_image","twitter_misc":{"Escrito por":"Emisario Ec","Tiempo de lectura":"2 minutos"},"schema":{"@context":"https:\/\/schema.org","@graph":[{"@type":"Article","@id":"https:\/\/emisarioec.com\/index.php\/2026\/04\/22\/ministerio-del-trabajo-presento-su-rendicion-de-cuentas-2025\/#article","isPartOf":{"@id":"https:\/\/emisarioec.com\/index.php\/2026\/04\/22\/ministerio-del-trabajo-presento-su-rendicion-de-cuentas-2025\/"},"author":{"name":"Emisario Ec","@id":"https:\/\/emisarioec.com\/#\/schema\/person\/2afb9da152d200f9b3feecf5f92da2d5"},"headline":"Ministerio del Trabajo present\u00f3 su Rendici\u00f3n de cuentas 2025","datePublished":"2026-04-22T19:10:00+00:00","dateModified":"2026-04-23T19:06:45+00:00","mainEntityOfPage":{"@id":"https:\/\/emisarioec.com\/index.php\/2026\/04\/22\/ministerio-del-trabajo-presento-su-rendicion-de-cuentas-2025\/"},"wordCount":301,"publisher":{"@id":"https:\/\/emisarioec.com\/#organization"},"image":{"@id":"https:\/\/emisarioec.com\/index.php\/2026\/04\/22\/ministerio-del-trabajo-presento-su-rendicion-de-cuentas-2025\/#primaryimage"},"thumbnailUrl":"https:\/\/emisarioec.com\/wp-content\/uploads\/2026\/04\/1-86.jpg","keywords":["Harold Burbano","Ministerio del Trabajo","presidente Daniel Noboa Azin"],"articleSection":["Actualidad"],"inLanguage":"es"},{"@type":"WebPage","@id":"https:\/\/emisarioec.com\/index.php\/2026\/04\/22\/ministerio-del-trabajo-presento-su-rendicion-de-cuentas-2025\/","url":"https:\/\/emisarioec.com\/index.php\/2026\/04\/22\/ministerio-del-trabajo-presento-su-rendicion-de-cuentas-2025\/","name":"Ministerio del Trabajo present\u00f3 su Rendici\u00f3n de cuentas 2025 - Emisario Ec","isPartOf":{"@id":"https:\/\/emisarioec.com\/#website"},"primaryImageOfPage":{"@id":"https:\/\/emisarioec.com\/index.php\/2026\/04\/22\/ministerio-del-trabajo-presento-su-rendicion-de-cuentas-2025\/#primaryimage"},"image":{"@id":"https:\/\/emisarioec.com\/index.php\/2026\/04\/22\/ministerio-del-trabajo-presento-su-rendicion-de-cuentas-2025\/#primaryimage"},"thumbnailUrl":"https:\/\/emisarioec.com\/wp-content\/uploads\/2026\/04\/1-86.jpg","datePublished":"2026-04-22T19:10:00+00:00","dateModified":"2026-04-23T19:06:45+00:00","breadcrumb":{"@id":"https:\/\/emisarioec.com\/index.php\/2026\/04\/22\/ministerio-del-trabajo-presento-su-rendicion-de-cuentas-2025\/#breadcrumb"},"inLanguage":"es","potentialAction":[{"@type":"ReadAction","target":["https:\/\/emisarioec.com\/index.php\/2026\/04\/22\/ministerio-del-trabajo-presento-su-rendicion-de-cuentas-2025\/"]}]},{"@type":"ImageObject","inLanguage":"es","@id":"https:\/\/emisarioec.com\/index.php\/2026\/04\/22\/ministerio-del-trabajo-presento-su-rendicion-de-cuentas-2025\/#primaryimage","url":"https:\/\/emisarioec.com\/wp-content\/uploads\/2026\/04\/1-86.jpg","contentUrl":"https:\/\/emisarioec.com\/wp-content\/uploads\/2026\/04\/1-86.jpg","width":880,"height":586},{"@type":"BreadcrumbList","@id":"https:\/\/emisarioec.com\/index.php\/2026\/04\/22\/ministerio-del-trabajo-presento-su-rendicion-de-cuentas-2025\/#breadcrumb","itemListElement":[{"@type":"ListItem","position":1,"name":"Portada","item":"https:\/\/emisarioec.com\/"},{"@type":"ListItem","position":2,"name":"Ministerio del Trabajo present\u00f3 su Rendici\u00f3n de cuentas 2025"}]},{"@type":"WebSite","@id":"https:\/\/emisarioec.com\/#website","url":"https:\/\/emisarioec.com\/","name":"Emisario Ec","description":"Informar es un derecho que corresponde a hechos","publisher":{"@id":"https:\/\/emisarioec.com\/#organization"},"potentialAction":[{"@type":"SearchAction","target":{"@type":"EntryPoint","urlTemplate":"https:\/\/emisarioec.com\/?s={search_term_string}"},"query-input":{"@type":"PropertyValueSpecification","valueRequired":true,"valueName":"search_term_string"}}],"inLanguage":"es"},{"@type":"Organization","@id":"https:\/\/emisarioec.com\/#organization","name":"Emisario Ec","url":"https:\/\/emisarioec.com\/","logo":{"@type":"ImageObject","inLanguage":"es","@id":"https:\/\/emisarioec.com\/#\/schema\/logo\/image\/","url":"https:\/\/emisarioec.com\/wp-content\/uploads\/2025\/06\/cropped-cropped-emisario-ico.png","contentUrl":"https:\/\/emisarioec.com\/wp-content\/uploads\/2025\/06\/cropped-cropped-emisario-ico.png","width":512,"height":512,"caption":"Emisario Ec"},"image":{"@id":"https:\/\/emisarioec.com\/#\/schema\/logo\/image\/"}},{"@type":"Person","@id":"https:\/\/emisarioec.com\/#\/schema\/person\/2afb9da152d200f9b3feecf5f92da2d5","name":"Emisario Ec","url":"https:\/\/emisarioec.com\/index.php\/author\/admin_roberto\/"}]}},"jetpack_featured_media_url":"https:\/\/emisarioec.com\/wp-content\/uploads\/2026\/04\/1-86.jpg","_links":{"self":[{"href":"https:\/\/emisarioec.com\/index.php\/wp-json\/wp\/v2\/posts\/2649","targetHints":{"allow":["GET"]}}],"collection":[{"href":"https:\/\/emisarioec.com\/index.php\/wp-json\/wp\/v2\/posts"}],"about":[{"href":"https:\/\/emisarioec.com\/index.php\/wp-json\/wp\/v2\/types\/post"}],"author":[{"embeddable":true,"href":"https:\/\/emisarioec.com\/index.php\/wp-json\/wp\/v2\/users\/2"}],"replies":[{"embeddable":true,"href":"https:\/\/emisarioec.com\/index.php\/wp-json\/wp\/v2\/comments?post=2649"}],"version-history":[{"count":1,"href":"https:\/\/emisarioec.com\/index.php\/wp-json\/wp\/v2\/posts\/2649\/revisions"}],"predecessor-version":[{"id":2651,"href":"https:\/\/emisarioec.com\/index.php\/wp-json\/wp\/v2\/posts\/2649\/revisions\/2651"}],"wp:featuredmedia":[{"embeddable":true,"href":"https:\/\/emisarioec.com\/index.php\/wp-json\/wp\/v2\/media\/2650"}],"wp:attachment":[{"href":"https:\/\/emisarioec.com\/index.php\/wp-json\/wp\/v2\/media?parent=2649"}],"wp:term":[{"taxonomy":"category","embeddable":true,"href":"https:\/\/emisarioec.com\/index.php\/wp-json\/wp\/v2\/categories?post=2649"},{"taxonomy":"post_tag","embeddable":true,"href":"https:\/\/emisarioec.com\/index.php\/wp-json\/wp\/v2\/tags?post=2649"}],"curies":[{"name":"wp","href":"https:\/\/api.w.org\/{rel}","templated":true}]}}