{"id":2681,"date":"2026-04-25T17:00:00","date_gmt":"2026-04-25T22:00:00","guid":{"rendered":"https:\/\/emisarioec.com\/?p=2681"},"modified":"2026-04-26T14:52:56","modified_gmt":"2026-04-26T19:52:56","slug":"lorena-rosado-asambleista-por-guayas-presento-su-rendicion-de-cuentas-2025-ante-centenares-de-ciudadanos","status":"publish","type":"post","link":"https:\/\/emisarioec.com\/index.php\/2026\/04\/25\/lorena-rosado-asambleista-por-guayas-presento-su-rendicion-de-cuentas-2025-ante-centenares-de-ciudadanos\/","title":{"rendered":"Lorena Rosado, Asamble\u00edsta por Guayas present\u00f3 su Rendici\u00f3n de Cuentas 2025 ante centenares de ciudadanos"},"content":{"rendered":"\n<p>La Cancha de Uso m\u00faltiples de Taura congreg\u00f3 a Autoridades del Gobierno Nacional, cantonal, gremios, asociaciones y ministros evang\u00e9licos para ser parte del informe de Rendici\u00f3n de cuentas 2025 de la Lcda. Lorena Rosado, destacando su compromiso con la transparencia y la gesti\u00f3n p\u00fablica.<\/p>\n\n\n\n<ul class=\"wp-block-list\">\n<li>Se mencionaron varias leyes aprobadas que benefician a la comunidad, enfoc\u00e1ndose en \u00e1reas como educaci\u00f3n, salud y seguridad.<\/li>\n\n\n\n<li>Resalt\u00f3 programas implementados para mejorar la calidad de vida de los ciudadanos en Guayas, especialmente en sectores vulnerables.<\/li>\n\n\n\n<li>Detall\u00f3 la asignaci\u00f3n y uso de recursos en diferentes \u00e1reas, subrayando la importancia de la correcta administraci\u00f3n de fondos p\u00fablicos.<\/li>\n\n\n\n<li>Mencion\u00f3 alianzas con organizaciones locales y nacionales para potenciar el desarrollo social y econ\u00f3mico.<\/li>\n<\/ul>\n\n\n\n<p><strong>Retos y Desaf\u00edos<\/strong><\/p>\n\n\n\n<ul class=\"wp-block-list\">\n<li>Reconoci\u00f3 los desaf\u00edos que enfrenta la regi\u00f3n, como la inseguridad y la falta de infraestructura, y c\u00f3mo se est\u00e1n abordando estos problemas.<\/li>\n<\/ul>\n\n\n\n<p><strong>Compromisos Futuros<\/strong><\/p>\n\n\n\n<ul class=\"wp-block-list\">\n<li>Lorena Rosado se comprometi\u00f3 a seguir trabajando en proyectos que mejoren la calidad de vida y a mantener una comunicaci\u00f3n constante con los ciudadanos.<\/li>\n<\/ul>\n\n\n\n<p>Finaliz\u00f3 su rendici\u00f3n de cuentas agradeciendo a la comunidad por su apoyo y reiterando su disposici\u00f3n a escuchar sus necesidades y sugerencias.<\/p>\n\n\n\n<p>La Asamble\u00edsta Lorena Rosado sell\u00f3 su Rendici\u00f3n de cuentas 2025 con la entrega de reconocimientos a diversos ciudadanos y medios de comunicaci\u00f3n, entre esos estuvo nuestro medio digital Emisario Ec, donde se entregaron reconocimientos al Director y fundador: Lcdo. Roberto Cajamarca Su\u00e1rez y al Lcdo. Napo Mora.<\/p>\n\n\n\n<figure class=\"wp-block-embed is-type-video is-provider-youtube wp-block-embed-youtube wp-embed-aspect-16-9 wp-has-aspect-ratio\"><div class=\"wp-block-embed__wrapper\">\n<iframe title=\"Lorena Rosado, Asamble\u00edsta por Guayas present\u00f3 su Rendici\u00f3n de Cuentas 2025\" width=\"960\" height=\"540\" src=\"https:\/\/www.youtube.com\/embed\/J9plCqmYFzs?feature=oembed\" frameborder=\"0\" allow=\"accelerometer; autoplay; clipboard-write; encrypted-media; gyroscope; picture-in-picture; web-share\" referrerpolicy=\"strict-origin-when-cross-origin\" allowfullscreen><\/iframe>\n<\/div><\/figure>\n","protected":false},"excerpt":{"rendered":"<p>Se mencionaron varias leyes aprobadas que benefician a la comunidad, enfoc\u00e1ndose en \u00e1reas como educaci\u00f3n, salud y seguridad<\/p>\n","protected":false},"author":2,"featured_media":2684,"comment_status":"closed","ping_status":"open","sticky":false,"template":"","format":"standard","meta":{"footnotes":""},"categories":[6],"tags":[145,1226,147],"class_list":["post-2681","post","type-post","status-publish","format-standard","has-post-thumbnail","hentry","category-actualidad","tag-asambleista-por-guayas","tag-lorena-rosado","tag-taura"],"yoast_head":"<!-- This site is optimized with the Yoast SEO plugin v27.5 - https:\/\/yoast.com\/product\/yoast-seo-wordpress\/ -->\n<title>Lorena Rosado, Asamble\u00edsta por Guayas present\u00f3 su Rendici\u00f3n de Cuentas 2025 ante centenares de ciudadanos - Emisario Ec<\/title>\n<meta name=\"robots\" content=\"index, follow, max-snippet:-1, max-image-preview:large, max-video-preview:-1\" \/>\n<link rel=\"canonical\" href=\"https:\/\/emisarioec.com\/index.php\/2026\/04\/25\/lorena-rosado-asambleista-por-guayas-presento-su-rendicion-de-cuentas-2025-ante-centenares-de-ciudadanos\/\" \/>\n<meta property=\"og:locale\" content=\"es_ES\" \/>\n<meta property=\"og:type\" content=\"article\" \/>\n<meta property=\"og:title\" content=\"Lorena Rosado, Asamble\u00edsta por Guayas present\u00f3 su Rendici\u00f3n de Cuentas 2025 ante centenares de ciudadanos - Emisario Ec\" \/>\n<meta property=\"og:description\" content=\"Se mencionaron varias leyes aprobadas que benefician a la comunidad, enfoc\u00e1ndose en \u00e1reas como educaci\u00f3n, salud y seguridad\" \/>\n<meta property=\"og:url\" content=\"https:\/\/emisarioec.com\/index.php\/2026\/04\/25\/lorena-rosado-asambleista-por-guayas-presento-su-rendicion-de-cuentas-2025-ante-centenares-de-ciudadanos\/\" \/>\n<meta property=\"og:site_name\" content=\"Emisario Ec\" \/>\n<meta property=\"article:published_time\" content=\"2026-04-25T22:00:00+00:00\" \/>\n<meta property=\"article:modified_time\" content=\"2026-04-26T19:52:56+00:00\" \/>\n<meta property=\"og:image\" content=\"https:\/\/emisarioec.com\/wp-content\/uploads\/2026\/04\/IMG_20260425_1539292.jpg\" \/>\n\t<meta property=\"og:image:width\" content=\"870\" \/>\n\t<meta property=\"og:image:height\" content=\"1233\" \/>\n\t<meta property=\"og:image:type\" content=\"image\/jpeg\" \/>\n<meta name=\"author\" content=\"Emisario Ec\" \/>\n<meta name=\"twitter:card\" content=\"summary_large_image\" \/>\n<meta name=\"twitter:label1\" content=\"Escrito por\" \/>\n\t<meta name=\"twitter:data1\" content=\"Emisario Ec\" \/>\n\t<meta name=\"twitter:label2\" content=\"Tiempo de lectura\" \/>\n\t<meta name=\"twitter:data2\" content=\"2 minutos\" \/>\n<script type=\"application\/ld+json\" class=\"yoast-schema-graph\">{\"@context\":\"https:\\\/\\\/schema.org\",\"@graph\":[{\"@type\":\"Article\",\"@id\":\"https:\\\/\\\/emisarioec.com\\\/index.php\\\/2026\\\/04\\\/25\\\/lorena-rosado-asambleista-por-guayas-presento-su-rendicion-de-cuentas-2025-ante-centenares-de-ciudadanos\\\/#article\",\"isPartOf\":{\"@id\":\"https:\\\/\\\/emisarioec.com\\\/index.php\\\/2026\\\/04\\\/25\\\/lorena-rosado-asambleista-por-guayas-presento-su-rendicion-de-cuentas-2025-ante-centenares-de-ciudadanos\\\/\"},\"author\":{\"name\":\"Emisario Ec\",\"@id\":\"https:\\\/\\\/emisarioec.com\\\/#\\\/schema\\\/person\\\/2afb9da152d200f9b3feecf5f92da2d5\"},\"headline\":\"Lorena Rosado, Asamble\u00edsta por Guayas present\u00f3 su Rendici\u00f3n de Cuentas 2025 ante centenares de ciudadanos\",\"datePublished\":\"2026-04-25T22:00:00+00:00\",\"dateModified\":\"2026-04-26T19:52:56+00:00\",\"mainEntityOfPage\":{\"@id\":\"https:\\\/\\\/emisarioec.com\\\/index.php\\\/2026\\\/04\\\/25\\\/lorena-rosado-asambleista-por-guayas-presento-su-rendicion-de-cuentas-2025-ante-centenares-de-ciudadanos\\\/\"},\"wordCount\":279,\"publisher\":{\"@id\":\"https:\\\/\\\/emisarioec.com\\\/#organization\"},\"image\":{\"@id\":\"https:\\\/\\\/emisarioec.com\\\/index.php\\\/2026\\\/04\\\/25\\\/lorena-rosado-asambleista-por-guayas-presento-su-rendicion-de-cuentas-2025-ante-centenares-de-ciudadanos\\\/#primaryimage\"},\"thumbnailUrl\":\"https:\\\/\\\/emisarioec.com\\\/wp-content\\\/uploads\\\/2026\\\/04\\\/IMG_20260425_1539292.jpg\",\"keywords\":[\"Asamble\u00edsta por Guayas\",\"Lorena Rosado\",\"Taura\"],\"articleSection\":[\"Actualidad\"],\"inLanguage\":\"es\"},{\"@type\":\"WebPage\",\"@id\":\"https:\\\/\\\/emisarioec.com\\\/index.php\\\/2026\\\/04\\\/25\\\/lorena-rosado-asambleista-por-guayas-presento-su-rendicion-de-cuentas-2025-ante-centenares-de-ciudadanos\\\/\",\"url\":\"https:\\\/\\\/emisarioec.com\\\/index.php\\\/2026\\\/04\\\/25\\\/lorena-rosado-asambleista-por-guayas-presento-su-rendicion-de-cuentas-2025-ante-centenares-de-ciudadanos\\\/\",\"name\":\"Lorena Rosado, Asamble\u00edsta por Guayas present\u00f3 su Rendici\u00f3n de Cuentas 2025 ante centenares de ciudadanos - Emisario Ec\",\"isPartOf\":{\"@id\":\"https:\\\/\\\/emisarioec.com\\\/#website\"},\"primaryImageOfPage\":{\"@id\":\"https:\\\/\\\/emisarioec.com\\\/index.php\\\/2026\\\/04\\\/25\\\/lorena-rosado-asambleista-por-guayas-presento-su-rendicion-de-cuentas-2025-ante-centenares-de-ciudadanos\\\/#primaryimage\"},\"image\":{\"@id\":\"https:\\\/\\\/emisarioec.com\\\/index.php\\\/2026\\\/04\\\/25\\\/lorena-rosado-asambleista-por-guayas-presento-su-rendicion-de-cuentas-2025-ante-centenares-de-ciudadanos\\\/#primaryimage\"},\"thumbnailUrl\":\"https:\\\/\\\/emisarioec.com\\\/wp-content\\\/uploads\\\/2026\\\/04\\\/IMG_20260425_1539292.jpg\",\"datePublished\":\"2026-04-25T22:00:00+00:00\",\"dateModified\":\"2026-04-26T19:52:56+00:00\",\"breadcrumb\":{\"@id\":\"https:\\\/\\\/emisarioec.com\\\/index.php\\\/2026\\\/04\\\/25\\\/lorena-rosado-asambleista-por-guayas-presento-su-rendicion-de-cuentas-2025-ante-centenares-de-ciudadanos\\\/#breadcrumb\"},\"inLanguage\":\"es\",\"potentialAction\":[{\"@type\":\"ReadAction\",\"target\":[\"https:\\\/\\\/emisarioec.com\\\/index.php\\\/2026\\\/04\\\/25\\\/lorena-rosado-asambleista-por-guayas-presento-su-rendicion-de-cuentas-2025-ante-centenares-de-ciudadanos\\\/\"]}]},{\"@type\":\"ImageObject\",\"inLanguage\":\"es\",\"@id\":\"https:\\\/\\\/emisarioec.com\\\/index.php\\\/2026\\\/04\\\/25\\\/lorena-rosado-asambleista-por-guayas-presento-su-rendicion-de-cuentas-2025-ante-centenares-de-ciudadanos\\\/#primaryimage\",\"url\":\"https:\\\/\\\/emisarioec.com\\\/wp-content\\\/uploads\\\/2026\\\/04\\\/IMG_20260425_1539292.jpg\",\"contentUrl\":\"https:\\\/\\\/emisarioec.com\\\/wp-content\\\/uploads\\\/2026\\\/04\\\/IMG_20260425_1539292.jpg\",\"width\":870,\"height\":1233},{\"@type\":\"BreadcrumbList\",\"@id\":\"https:\\\/\\\/emisarioec.com\\\/index.php\\\/2026\\\/04\\\/25\\\/lorena-rosado-asambleista-por-guayas-presento-su-rendicion-de-cuentas-2025-ante-centenares-de-ciudadanos\\\/#breadcrumb\",\"itemListElement\":[{\"@type\":\"ListItem\",\"position\":1,\"name\":\"Portada\",\"item\":\"https:\\\/\\\/emisarioec.com\\\/\"},{\"@type\":\"ListItem\",\"position\":2,\"name\":\"Lorena Rosado, Asamble\u00edsta por Guayas present\u00f3 su Rendici\u00f3n de Cuentas 2025 ante centenares de ciudadanos\"}]},{\"@type\":\"WebSite\",\"@id\":\"https:\\\/\\\/emisarioec.com\\\/#website\",\"url\":\"https:\\\/\\\/emisarioec.com\\\/\",\"name\":\"Emisario Ec\",\"description\":\"Informar es un derecho que corresponde a hechos\",\"publisher\":{\"@id\":\"https:\\\/\\\/emisarioec.com\\\/#organization\"},\"potentialAction\":[{\"@type\":\"SearchAction\",\"target\":{\"@type\":\"EntryPoint\",\"urlTemplate\":\"https:\\\/\\\/emisarioec.com\\\/?s={search_term_string}\"},\"query-input\":{\"@type\":\"PropertyValueSpecification\",\"valueRequired\":true,\"valueName\":\"search_term_string\"}}],\"inLanguage\":\"es\"},{\"@type\":\"Organization\",\"@id\":\"https:\\\/\\\/emisarioec.com\\\/#organization\",\"name\":\"Emisario Ec\",\"url\":\"https:\\\/\\\/emisarioec.com\\\/\",\"logo\":{\"@type\":\"ImageObject\",\"inLanguage\":\"es\",\"@id\":\"https:\\\/\\\/emisarioec.com\\\/#\\\/schema\\\/logo\\\/image\\\/\",\"url\":\"https:\\\/\\\/emisarioec.com\\\/wp-content\\\/uploads\\\/2025\\\/06\\\/cropped-cropped-emisario-ico.png\",\"contentUrl\":\"https:\\\/\\\/emisarioec.com\\\/wp-content\\\/uploads\\\/2025\\\/06\\\/cropped-cropped-emisario-ico.png\",\"width\":512,\"height\":512,\"caption\":\"Emisario Ec\"},\"image\":{\"@id\":\"https:\\\/\\\/emisarioec.com\\\/#\\\/schema\\\/logo\\\/image\\\/\"}},{\"@type\":\"Person\",\"@id\":\"https:\\\/\\\/emisarioec.com\\\/#\\\/schema\\\/person\\\/2afb9da152d200f9b3feecf5f92da2d5\",\"name\":\"Emisario Ec\",\"url\":\"https:\\\/\\\/emisarioec.com\\\/index.php\\\/author\\\/admin_roberto\\\/\"}]}<\/script>\n<!-- \/ Yoast SEO plugin. -->","yoast_head_json":{"title":"Lorena Rosado, Asamble\u00edsta por Guayas present\u00f3 su Rendici\u00f3n de Cuentas 2025 ante centenares de ciudadanos - Emisario Ec","robots":{"index":"index","follow":"follow","max-snippet":"max-snippet:-1","max-image-preview":"max-image-preview:large","max-video-preview":"max-video-preview:-1"},"canonical":"https:\/\/emisarioec.com\/index.php\/2026\/04\/25\/lorena-rosado-asambleista-por-guayas-presento-su-rendicion-de-cuentas-2025-ante-centenares-de-ciudadanos\/","og_locale":"es_ES","og_type":"article","og_title":"Lorena Rosado, Asamble\u00edsta por Guayas present\u00f3 su Rendici\u00f3n de Cuentas 2025 ante centenares de ciudadanos - Emisario Ec","og_description":"Se mencionaron varias leyes aprobadas que benefician a la comunidad, enfoc\u00e1ndose en \u00e1reas como educaci\u00f3n, salud y seguridad","og_url":"https:\/\/emisarioec.com\/index.php\/2026\/04\/25\/lorena-rosado-asambleista-por-guayas-presento-su-rendicion-de-cuentas-2025-ante-centenares-de-ciudadanos\/","og_site_name":"Emisario Ec","article_published_time":"2026-04-25T22:00:00+00:00","article_modified_time":"2026-04-26T19:52:56+00:00","og_image":[{"width":870,"height":1233,"url":"https:\/\/emisarioec.com\/wp-content\/uploads\/2026\/04\/IMG_20260425_1539292.jpg","type":"image\/jpeg"}],"author":"Emisario Ec","twitter_card":"summary_large_image","twitter_misc":{"Escrito por":"Emisario Ec","Tiempo de lectura":"2 minutos"},"schema":{"@context":"https:\/\/schema.org","@graph":[{"@type":"Article","@id":"https:\/\/emisarioec.com\/index.php\/2026\/04\/25\/lorena-rosado-asambleista-por-guayas-presento-su-rendicion-de-cuentas-2025-ante-centenares-de-ciudadanos\/#article","isPartOf":{"@id":"https:\/\/emisarioec.com\/index.php\/2026\/04\/25\/lorena-rosado-asambleista-por-guayas-presento-su-rendicion-de-cuentas-2025-ante-centenares-de-ciudadanos\/"},"author":{"name":"Emisario Ec","@id":"https:\/\/emisarioec.com\/#\/schema\/person\/2afb9da152d200f9b3feecf5f92da2d5"},"headline":"Lorena Rosado, Asamble\u00edsta por Guayas present\u00f3 su Rendici\u00f3n de Cuentas 2025 ante centenares de ciudadanos","datePublished":"2026-04-25T22:00:00+00:00","dateModified":"2026-04-26T19:52:56+00:00","mainEntityOfPage":{"@id":"https:\/\/emisarioec.com\/index.php\/2026\/04\/25\/lorena-rosado-asambleista-por-guayas-presento-su-rendicion-de-cuentas-2025-ante-centenares-de-ciudadanos\/"},"wordCount":279,"publisher":{"@id":"https:\/\/emisarioec.com\/#organization"},"image":{"@id":"https:\/\/emisarioec.com\/index.php\/2026\/04\/25\/lorena-rosado-asambleista-por-guayas-presento-su-rendicion-de-cuentas-2025-ante-centenares-de-ciudadanos\/#primaryimage"},"thumbnailUrl":"https:\/\/emisarioec.com\/wp-content\/uploads\/2026\/04\/IMG_20260425_1539292.jpg","keywords":["Asamble\u00edsta por Guayas","Lorena Rosado","Taura"],"articleSection":["Actualidad"],"inLanguage":"es"},{"@type":"WebPage","@id":"https:\/\/emisarioec.com\/index.php\/2026\/04\/25\/lorena-rosado-asambleista-por-guayas-presento-su-rendicion-de-cuentas-2025-ante-centenares-de-ciudadanos\/","url":"https:\/\/emisarioec.com\/index.php\/2026\/04\/25\/lorena-rosado-asambleista-por-guayas-presento-su-rendicion-de-cuentas-2025-ante-centenares-de-ciudadanos\/","name":"Lorena Rosado, Asamble\u00edsta por Guayas present\u00f3 su Rendici\u00f3n de Cuentas 2025 ante centenares de ciudadanos - Emisario Ec","isPartOf":{"@id":"https:\/\/emisarioec.com\/#website"},"primaryImageOfPage":{"@id":"https:\/\/emisarioec.com\/index.php\/2026\/04\/25\/lorena-rosado-asambleista-por-guayas-presento-su-rendicion-de-cuentas-2025-ante-centenares-de-ciudadanos\/#primaryimage"},"image":{"@id":"https:\/\/emisarioec.com\/index.php\/2026\/04\/25\/lorena-rosado-asambleista-por-guayas-presento-su-rendicion-de-cuentas-2025-ante-centenares-de-ciudadanos\/#primaryimage"},"thumbnailUrl":"https:\/\/emisarioec.com\/wp-content\/uploads\/2026\/04\/IMG_20260425_1539292.jpg","datePublished":"2026-04-25T22:00:00+00:00","dateModified":"2026-04-26T19:52:56+00:00","breadcrumb":{"@id":"https:\/\/emisarioec.com\/index.php\/2026\/04\/25\/lorena-rosado-asambleista-por-guayas-presento-su-rendicion-de-cuentas-2025-ante-centenares-de-ciudadanos\/#breadcrumb"},"inLanguage":"es","potentialAction":[{"@type":"ReadAction","target":["https:\/\/emisarioec.com\/index.php\/2026\/04\/25\/lorena-rosado-asambleista-por-guayas-presento-su-rendicion-de-cuentas-2025-ante-centenares-de-ciudadanos\/"]}]},{"@type":"ImageObject","inLanguage":"es","@id":"https:\/\/emisarioec.com\/index.php\/2026\/04\/25\/lorena-rosado-asambleista-por-guayas-presento-su-rendicion-de-cuentas-2025-ante-centenares-de-ciudadanos\/#primaryimage","url":"https:\/\/emisarioec.com\/wp-content\/uploads\/2026\/04\/IMG_20260425_1539292.jpg","contentUrl":"https:\/\/emisarioec.com\/wp-content\/uploads\/2026\/04\/IMG_20260425_1539292.jpg","width":870,"height":1233},{"@type":"BreadcrumbList","@id":"https:\/\/emisarioec.com\/index.php\/2026\/04\/25\/lorena-rosado-asambleista-por-guayas-presento-su-rendicion-de-cuentas-2025-ante-centenares-de-ciudadanos\/#breadcrumb","itemListElement":[{"@type":"ListItem","position":1,"name":"Portada","item":"https:\/\/emisarioec.com\/"},{"@type":"ListItem","position":2,"name":"Lorena Rosado, Asamble\u00edsta por Guayas present\u00f3 su Rendici\u00f3n de Cuentas 2025 ante centenares de ciudadanos"}]},{"@type":"WebSite","@id":"https:\/\/emisarioec.com\/#website","url":"https:\/\/emisarioec.com\/","name":"Emisario Ec","description":"Informar es un derecho que corresponde a hechos","publisher":{"@id":"https:\/\/emisarioec.com\/#organization"},"potentialAction":[{"@type":"SearchAction","target":{"@type":"EntryPoint","urlTemplate":"https:\/\/emisarioec.com\/?s={search_term_string}"},"query-input":{"@type":"PropertyValueSpecification","valueRequired":true,"valueName":"search_term_string"}}],"inLanguage":"es"},{"@type":"Organization","@id":"https:\/\/emisarioec.com\/#organization","name":"Emisario Ec","url":"https:\/\/emisarioec.com\/","logo":{"@type":"ImageObject","inLanguage":"es","@id":"https:\/\/emisarioec.com\/#\/schema\/logo\/image\/","url":"https:\/\/emisarioec.com\/wp-content\/uploads\/2025\/06\/cropped-cropped-emisario-ico.png","contentUrl":"https:\/\/emisarioec.com\/wp-content\/uploads\/2025\/06\/cropped-cropped-emisario-ico.png","width":512,"height":512,"caption":"Emisario Ec"},"image":{"@id":"https:\/\/emisarioec.com\/#\/schema\/logo\/image\/"}},{"@type":"Person","@id":"https:\/\/emisarioec.com\/#\/schema\/person\/2afb9da152d200f9b3feecf5f92da2d5","name":"Emisario Ec","url":"https:\/\/emisarioec.com\/index.php\/author\/admin_roberto\/"}]}},"jetpack_featured_media_url":"https:\/\/emisarioec.com\/wp-content\/uploads\/2026\/04\/IMG_20260425_1539292.jpg","_links":{"self":[{"href":"https:\/\/emisarioec.com\/index.php\/wp-json\/wp\/v2\/posts\/2681","targetHints":{"allow":["GET"]}}],"collection":[{"href":"https:\/\/emisarioec.com\/index.php\/wp-json\/wp\/v2\/posts"}],"about":[{"href":"https:\/\/emisarioec.com\/index.php\/wp-json\/wp\/v2\/types\/post"}],"author":[{"embeddable":true,"href":"https:\/\/emisarioec.com\/index.php\/wp-json\/wp\/v2\/users\/2"}],"replies":[{"embeddable":true,"href":"https:\/\/emisarioec.com\/index.php\/wp-json\/wp\/v2\/comments?post=2681"}],"version-history":[{"count":3,"href":"https:\/\/emisarioec.com\/index.php\/wp-json\/wp\/v2\/posts\/2681\/revisions"}],"predecessor-version":[{"id":2688,"href":"https:\/\/emisarioec.com\/index.php\/wp-json\/wp\/v2\/posts\/2681\/revisions\/2688"}],"wp:featuredmedia":[{"embeddable":true,"href":"https:\/\/emisarioec.com\/index.php\/wp-json\/wp\/v2\/media\/2684"}],"wp:attachment":[{"href":"https:\/\/emisarioec.com\/index.php\/wp-json\/wp\/v2\/media?parent=2681"}],"wp:term":[{"taxonomy":"category","embeddable":true,"href":"https:\/\/emisarioec.com\/index.php\/wp-json\/wp\/v2\/categories?post=2681"},{"taxonomy":"post_tag","embeddable":true,"href":"https:\/\/emisarioec.com\/index.php\/wp-json\/wp\/v2\/tags?post=2681"}],"curies":[{"name":"wp","href":"https:\/\/api.w.org\/{rel}","templated":true}]}}