{"id":2703,"date":"2026-04-28T13:00:00","date_gmt":"2026-04-28T18:00:00","guid":{"rendered":"https:\/\/emisarioec.com\/?p=2703"},"modified":"2026-04-28T22:52:10","modified_gmt":"2026-04-29T03:52:10","slug":"banecuador-realizo-su-rendicion-de-cuentas-2025","status":"publish","type":"post","link":"https:\/\/emisarioec.com\/index.php\/2026\/04\/28\/banecuador-realizo-su-rendicion-de-cuentas-2025\/","title":{"rendered":"BanEcuador realiz\u00f3 su Rendici\u00f3n de Cuentas 2025"},"content":{"rendered":"\n<p>No fue solo un informe, fue el reflejo de miles de sue\u00f1os que hoy avanzan. Bajo el liderazgo de nuestro presidente <a href=\"https:\/\/www.facebook.com\/eduardopenah?__cft__[0]=AZYQKRb6Fz_q0EzBBo645sYrx2LvcZls_B5GVJBtI_RS6VY6SplQPU18Z4980ZCpM1Zc5A9R4uFeUyniH-tS6B_8_EfSuprsnwrKTWA8_8rza9bFD_lrAmdCYrpGNvVI3PhmISdKk2RypzZvQ5jKof_VPa53hQsHayV3r43j7kTsLx_exmlAsf2UfEn6qxReQz8&amp;__tn__=-]K-R\">Eduardo Pe\u00f1a H.<\/a> y con la gesti\u00f3n del gerente general de BanEcuador Jonatan Le\u00f3n, se presentaron los logros de 2025: historias reales de esfuerzo, crecimiento y oportunidades que s\u00ed llegaron a quienes m\u00e1s lo necesitan.<\/p>\n\n\n\n<p>Porque detr\u00e1s de cada cifra hay una familia, un emprendimiento, un futuro que se construye. BanEcuador sigue firme, transformando realidades y creyendo en el potencial de su gente. <\/p>\n\n\n\n<figure class=\"wp-block-embed is-type-video is-provider-youtube wp-block-embed-youtube wp-embed-aspect-16-9 wp-has-aspect-ratio\"><div class=\"wp-block-embed__wrapper\">\n<iframe title=\"BanEcuador realiz\u00f3 su Rendici\u00f3n de Cuentas 2025\" width=\"960\" height=\"540\" src=\"https:\/\/www.youtube.com\/embed\/WsQgH8ZrXCw?feature=oembed\" frameborder=\"0\" allow=\"accelerometer; autoplay; clipboard-write; encrypted-media; gyroscope; picture-in-picture; web-share\" referrerpolicy=\"strict-origin-when-cross-origin\" allowfullscreen><\/iframe>\n<\/div><\/figure>\n","protected":false},"excerpt":{"rendered":"<p>Bajo el liderazgo de nuestro presidente Eduardo Pe\u00f1a H. y con la gesti\u00f3n del gerente general de BanEcuador Jonatan Le\u00f3n<\/p>\n","protected":false},"author":2,"featured_media":2704,"comment_status":"closed","ping_status":"open","sticky":false,"template":"","format":"standard","meta":{"footnotes":""},"categories":[6],"tags":[1233,33,1168],"class_list":["post-2703","post","type-post","status-publish","format-standard","has-post-thumbnail","hentry","category-actualidad","tag-banecuador","tag-ecuador","tag-rendicion-de-cuentas-2025"],"yoast_head":"<!-- This site is optimized with the Yoast SEO plugin v27.5 - https:\/\/yoast.com\/product\/yoast-seo-wordpress\/ -->\n<title>BanEcuador realiz\u00f3 su Rendici\u00f3n de Cuentas 2025 - Emisario Ec<\/title>\n<meta name=\"robots\" content=\"index, follow, max-snippet:-1, max-image-preview:large, max-video-preview:-1\" \/>\n<link rel=\"canonical\" href=\"https:\/\/emisarioec.com\/index.php\/2026\/04\/28\/banecuador-realizo-su-rendicion-de-cuentas-2025\/\" \/>\n<meta property=\"og:locale\" content=\"es_ES\" \/>\n<meta property=\"og:type\" content=\"article\" \/>\n<meta property=\"og:title\" content=\"BanEcuador realiz\u00f3 su Rendici\u00f3n de Cuentas 2025 - Emisario Ec\" \/>\n<meta property=\"og:description\" content=\"Bajo el liderazgo de nuestro presidente Eduardo Pe\u00f1a H. y con la gesti\u00f3n del gerente general de BanEcuador Jonatan Le\u00f3n\" \/>\n<meta property=\"og:url\" content=\"https:\/\/emisarioec.com\/index.php\/2026\/04\/28\/banecuador-realizo-su-rendicion-de-cuentas-2025\/\" \/>\n<meta property=\"og:site_name\" content=\"Emisario Ec\" \/>\n<meta property=\"article:published_time\" content=\"2026-04-28T18:00:00+00:00\" \/>\n<meta property=\"article:modified_time\" content=\"2026-04-29T03:52:10+00:00\" \/>\n<meta property=\"og:image\" content=\"https:\/\/emisarioec.com\/wp-content\/uploads\/2026\/04\/1-97.jpg\" \/>\n\t<meta property=\"og:image:width\" content=\"848\" \/>\n\t<meta property=\"og:image:height\" content=\"565\" \/>\n\t<meta property=\"og:image:type\" content=\"image\/jpeg\" \/>\n<meta name=\"author\" content=\"Emisario Ec\" \/>\n<meta name=\"twitter:card\" content=\"summary_large_image\" \/>\n<meta name=\"twitter:label1\" content=\"Escrito por\" \/>\n\t<meta name=\"twitter:data1\" content=\"Emisario Ec\" \/>\n\t<meta name=\"twitter:label2\" content=\"Tiempo de lectura\" \/>\n\t<meta name=\"twitter:data2\" content=\"1 minuto\" \/>\n<script type=\"application\/ld+json\" class=\"yoast-schema-graph\">{\"@context\":\"https:\\\/\\\/schema.org\",\"@graph\":[{\"@type\":\"Article\",\"@id\":\"https:\\\/\\\/emisarioec.com\\\/index.php\\\/2026\\\/04\\\/28\\\/banecuador-realizo-su-rendicion-de-cuentas-2025\\\/#article\",\"isPartOf\":{\"@id\":\"https:\\\/\\\/emisarioec.com\\\/index.php\\\/2026\\\/04\\\/28\\\/banecuador-realizo-su-rendicion-de-cuentas-2025\\\/\"},\"author\":{\"name\":\"Emisario Ec\",\"@id\":\"https:\\\/\\\/emisarioec.com\\\/#\\\/schema\\\/person\\\/2afb9da152d200f9b3feecf5f92da2d5\"},\"headline\":\"BanEcuador realiz\u00f3 su Rendici\u00f3n de Cuentas 2025\",\"datePublished\":\"2026-04-28T18:00:00+00:00\",\"dateModified\":\"2026-04-29T03:52:10+00:00\",\"mainEntityOfPage\":{\"@id\":\"https:\\\/\\\/emisarioec.com\\\/index.php\\\/2026\\\/04\\\/28\\\/banecuador-realizo-su-rendicion-de-cuentas-2025\\\/\"},\"wordCount\":101,\"publisher\":{\"@id\":\"https:\\\/\\\/emisarioec.com\\\/#organization\"},\"image\":{\"@id\":\"https:\\\/\\\/emisarioec.com\\\/index.php\\\/2026\\\/04\\\/28\\\/banecuador-realizo-su-rendicion-de-cuentas-2025\\\/#primaryimage\"},\"thumbnailUrl\":\"https:\\\/\\\/emisarioec.com\\\/wp-content\\\/uploads\\\/2026\\\/04\\\/1-97.jpg\",\"keywords\":[\"BanEcuador\",\"Ecuador\",\"Rendici\u00f3n de Cuentas 2025\"],\"articleSection\":[\"Actualidad\"],\"inLanguage\":\"es\"},{\"@type\":\"WebPage\",\"@id\":\"https:\\\/\\\/emisarioec.com\\\/index.php\\\/2026\\\/04\\\/28\\\/banecuador-realizo-su-rendicion-de-cuentas-2025\\\/\",\"url\":\"https:\\\/\\\/emisarioec.com\\\/index.php\\\/2026\\\/04\\\/28\\\/banecuador-realizo-su-rendicion-de-cuentas-2025\\\/\",\"name\":\"BanEcuador realiz\u00f3 su Rendici\u00f3n de Cuentas 2025 - Emisario Ec\",\"isPartOf\":{\"@id\":\"https:\\\/\\\/emisarioec.com\\\/#website\"},\"primaryImageOfPage\":{\"@id\":\"https:\\\/\\\/emisarioec.com\\\/index.php\\\/2026\\\/04\\\/28\\\/banecuador-realizo-su-rendicion-de-cuentas-2025\\\/#primaryimage\"},\"image\":{\"@id\":\"https:\\\/\\\/emisarioec.com\\\/index.php\\\/2026\\\/04\\\/28\\\/banecuador-realizo-su-rendicion-de-cuentas-2025\\\/#primaryimage\"},\"thumbnailUrl\":\"https:\\\/\\\/emisarioec.com\\\/wp-content\\\/uploads\\\/2026\\\/04\\\/1-97.jpg\",\"datePublished\":\"2026-04-28T18:00:00+00:00\",\"dateModified\":\"2026-04-29T03:52:10+00:00\",\"breadcrumb\":{\"@id\":\"https:\\\/\\\/emisarioec.com\\\/index.php\\\/2026\\\/04\\\/28\\\/banecuador-realizo-su-rendicion-de-cuentas-2025\\\/#breadcrumb\"},\"inLanguage\":\"es\",\"potentialAction\":[{\"@type\":\"ReadAction\",\"target\":[\"https:\\\/\\\/emisarioec.com\\\/index.php\\\/2026\\\/04\\\/28\\\/banecuador-realizo-su-rendicion-de-cuentas-2025\\\/\"]}]},{\"@type\":\"ImageObject\",\"inLanguage\":\"es\",\"@id\":\"https:\\\/\\\/emisarioec.com\\\/index.php\\\/2026\\\/04\\\/28\\\/banecuador-realizo-su-rendicion-de-cuentas-2025\\\/#primaryimage\",\"url\":\"https:\\\/\\\/emisarioec.com\\\/wp-content\\\/uploads\\\/2026\\\/04\\\/1-97.jpg\",\"contentUrl\":\"https:\\\/\\\/emisarioec.com\\\/wp-content\\\/uploads\\\/2026\\\/04\\\/1-97.jpg\",\"width\":848,\"height\":565},{\"@type\":\"BreadcrumbList\",\"@id\":\"https:\\\/\\\/emisarioec.com\\\/index.php\\\/2026\\\/04\\\/28\\\/banecuador-realizo-su-rendicion-de-cuentas-2025\\\/#breadcrumb\",\"itemListElement\":[{\"@type\":\"ListItem\",\"position\":1,\"name\":\"Portada\",\"item\":\"https:\\\/\\\/emisarioec.com\\\/\"},{\"@type\":\"ListItem\",\"position\":2,\"name\":\"BanEcuador realiz\u00f3 su Rendici\u00f3n de Cuentas 2025\"}]},{\"@type\":\"WebSite\",\"@id\":\"https:\\\/\\\/emisarioec.com\\\/#website\",\"url\":\"https:\\\/\\\/emisarioec.com\\\/\",\"name\":\"Emisario Ec\",\"description\":\"Informar es un derecho que corresponde a hechos\",\"publisher\":{\"@id\":\"https:\\\/\\\/emisarioec.com\\\/#organization\"},\"potentialAction\":[{\"@type\":\"SearchAction\",\"target\":{\"@type\":\"EntryPoint\",\"urlTemplate\":\"https:\\\/\\\/emisarioec.com\\\/?s={search_term_string}\"},\"query-input\":{\"@type\":\"PropertyValueSpecification\",\"valueRequired\":true,\"valueName\":\"search_term_string\"}}],\"inLanguage\":\"es\"},{\"@type\":\"Organization\",\"@id\":\"https:\\\/\\\/emisarioec.com\\\/#organization\",\"name\":\"Emisario Ec\",\"url\":\"https:\\\/\\\/emisarioec.com\\\/\",\"logo\":{\"@type\":\"ImageObject\",\"inLanguage\":\"es\",\"@id\":\"https:\\\/\\\/emisarioec.com\\\/#\\\/schema\\\/logo\\\/image\\\/\",\"url\":\"https:\\\/\\\/emisarioec.com\\\/wp-content\\\/uploads\\\/2025\\\/06\\\/cropped-cropped-emisario-ico.png\",\"contentUrl\":\"https:\\\/\\\/emisarioec.com\\\/wp-content\\\/uploads\\\/2025\\\/06\\\/cropped-cropped-emisario-ico.png\",\"width\":512,\"height\":512,\"caption\":\"Emisario Ec\"},\"image\":{\"@id\":\"https:\\\/\\\/emisarioec.com\\\/#\\\/schema\\\/logo\\\/image\\\/\"}},{\"@type\":\"Person\",\"@id\":\"https:\\\/\\\/emisarioec.com\\\/#\\\/schema\\\/person\\\/2afb9da152d200f9b3feecf5f92da2d5\",\"name\":\"Emisario Ec\",\"url\":\"https:\\\/\\\/emisarioec.com\\\/index.php\\\/author\\\/admin_roberto\\\/\"}]}<\/script>\n<!-- \/ Yoast SEO plugin. -->","yoast_head_json":{"title":"BanEcuador realiz\u00f3 su Rendici\u00f3n de Cuentas 2025 - Emisario Ec","robots":{"index":"index","follow":"follow","max-snippet":"max-snippet:-1","max-image-preview":"max-image-preview:large","max-video-preview":"max-video-preview:-1"},"canonical":"https:\/\/emisarioec.com\/index.php\/2026\/04\/28\/banecuador-realizo-su-rendicion-de-cuentas-2025\/","og_locale":"es_ES","og_type":"article","og_title":"BanEcuador realiz\u00f3 su Rendici\u00f3n de Cuentas 2025 - Emisario Ec","og_description":"Bajo el liderazgo de nuestro presidente Eduardo Pe\u00f1a H. y con la gesti\u00f3n del gerente general de BanEcuador Jonatan Le\u00f3n","og_url":"https:\/\/emisarioec.com\/index.php\/2026\/04\/28\/banecuador-realizo-su-rendicion-de-cuentas-2025\/","og_site_name":"Emisario Ec","article_published_time":"2026-04-28T18:00:00+00:00","article_modified_time":"2026-04-29T03:52:10+00:00","og_image":[{"width":848,"height":565,"url":"https:\/\/emisarioec.com\/wp-content\/uploads\/2026\/04\/1-97.jpg","type":"image\/jpeg"}],"author":"Emisario Ec","twitter_card":"summary_large_image","twitter_misc":{"Escrito por":"Emisario Ec","Tiempo de lectura":"1 minuto"},"schema":{"@context":"https:\/\/schema.org","@graph":[{"@type":"Article","@id":"https:\/\/emisarioec.com\/index.php\/2026\/04\/28\/banecuador-realizo-su-rendicion-de-cuentas-2025\/#article","isPartOf":{"@id":"https:\/\/emisarioec.com\/index.php\/2026\/04\/28\/banecuador-realizo-su-rendicion-de-cuentas-2025\/"},"author":{"name":"Emisario Ec","@id":"https:\/\/emisarioec.com\/#\/schema\/person\/2afb9da152d200f9b3feecf5f92da2d5"},"headline":"BanEcuador realiz\u00f3 su Rendici\u00f3n de Cuentas 2025","datePublished":"2026-04-28T18:00:00+00:00","dateModified":"2026-04-29T03:52:10+00:00","mainEntityOfPage":{"@id":"https:\/\/emisarioec.com\/index.php\/2026\/04\/28\/banecuador-realizo-su-rendicion-de-cuentas-2025\/"},"wordCount":101,"publisher":{"@id":"https:\/\/emisarioec.com\/#organization"},"image":{"@id":"https:\/\/emisarioec.com\/index.php\/2026\/04\/28\/banecuador-realizo-su-rendicion-de-cuentas-2025\/#primaryimage"},"thumbnailUrl":"https:\/\/emisarioec.com\/wp-content\/uploads\/2026\/04\/1-97.jpg","keywords":["BanEcuador","Ecuador","Rendici\u00f3n de Cuentas 2025"],"articleSection":["Actualidad"],"inLanguage":"es"},{"@type":"WebPage","@id":"https:\/\/emisarioec.com\/index.php\/2026\/04\/28\/banecuador-realizo-su-rendicion-de-cuentas-2025\/","url":"https:\/\/emisarioec.com\/index.php\/2026\/04\/28\/banecuador-realizo-su-rendicion-de-cuentas-2025\/","name":"BanEcuador realiz\u00f3 su Rendici\u00f3n de Cuentas 2025 - Emisario Ec","isPartOf":{"@id":"https:\/\/emisarioec.com\/#website"},"primaryImageOfPage":{"@id":"https:\/\/emisarioec.com\/index.php\/2026\/04\/28\/banecuador-realizo-su-rendicion-de-cuentas-2025\/#primaryimage"},"image":{"@id":"https:\/\/emisarioec.com\/index.php\/2026\/04\/28\/banecuador-realizo-su-rendicion-de-cuentas-2025\/#primaryimage"},"thumbnailUrl":"https:\/\/emisarioec.com\/wp-content\/uploads\/2026\/04\/1-97.jpg","datePublished":"2026-04-28T18:00:00+00:00","dateModified":"2026-04-29T03:52:10+00:00","breadcrumb":{"@id":"https:\/\/emisarioec.com\/index.php\/2026\/04\/28\/banecuador-realizo-su-rendicion-de-cuentas-2025\/#breadcrumb"},"inLanguage":"es","potentialAction":[{"@type":"ReadAction","target":["https:\/\/emisarioec.com\/index.php\/2026\/04\/28\/banecuador-realizo-su-rendicion-de-cuentas-2025\/"]}]},{"@type":"ImageObject","inLanguage":"es","@id":"https:\/\/emisarioec.com\/index.php\/2026\/04\/28\/banecuador-realizo-su-rendicion-de-cuentas-2025\/#primaryimage","url":"https:\/\/emisarioec.com\/wp-content\/uploads\/2026\/04\/1-97.jpg","contentUrl":"https:\/\/emisarioec.com\/wp-content\/uploads\/2026\/04\/1-97.jpg","width":848,"height":565},{"@type":"BreadcrumbList","@id":"https:\/\/emisarioec.com\/index.php\/2026\/04\/28\/banecuador-realizo-su-rendicion-de-cuentas-2025\/#breadcrumb","itemListElement":[{"@type":"ListItem","position":1,"name":"Portada","item":"https:\/\/emisarioec.com\/"},{"@type":"ListItem","position":2,"name":"BanEcuador realiz\u00f3 su Rendici\u00f3n de Cuentas 2025"}]},{"@type":"WebSite","@id":"https:\/\/emisarioec.com\/#website","url":"https:\/\/emisarioec.com\/","name":"Emisario Ec","description":"Informar es un derecho que corresponde a hechos","publisher":{"@id":"https:\/\/emisarioec.com\/#organization"},"potentialAction":[{"@type":"SearchAction","target":{"@type":"EntryPoint","urlTemplate":"https:\/\/emisarioec.com\/?s={search_term_string}"},"query-input":{"@type":"PropertyValueSpecification","valueRequired":true,"valueName":"search_term_string"}}],"inLanguage":"es"},{"@type":"Organization","@id":"https:\/\/emisarioec.com\/#organization","name":"Emisario Ec","url":"https:\/\/emisarioec.com\/","logo":{"@type":"ImageObject","inLanguage":"es","@id":"https:\/\/emisarioec.com\/#\/schema\/logo\/image\/","url":"https:\/\/emisarioec.com\/wp-content\/uploads\/2025\/06\/cropped-cropped-emisario-ico.png","contentUrl":"https:\/\/emisarioec.com\/wp-content\/uploads\/2025\/06\/cropped-cropped-emisario-ico.png","width":512,"height":512,"caption":"Emisario Ec"},"image":{"@id":"https:\/\/emisarioec.com\/#\/schema\/logo\/image\/"}},{"@type":"Person","@id":"https:\/\/emisarioec.com\/#\/schema\/person\/2afb9da152d200f9b3feecf5f92da2d5","name":"Emisario Ec","url":"https:\/\/emisarioec.com\/index.php\/author\/admin_roberto\/"}]}},"jetpack_featured_media_url":"https:\/\/emisarioec.com\/wp-content\/uploads\/2026\/04\/1-97.jpg","_links":{"self":[{"href":"https:\/\/emisarioec.com\/index.php\/wp-json\/wp\/v2\/posts\/2703","targetHints":{"allow":["GET"]}}],"collection":[{"href":"https:\/\/emisarioec.com\/index.php\/wp-json\/wp\/v2\/posts"}],"about":[{"href":"https:\/\/emisarioec.com\/index.php\/wp-json\/wp\/v2\/types\/post"}],"author":[{"embeddable":true,"href":"https:\/\/emisarioec.com\/index.php\/wp-json\/wp\/v2\/users\/2"}],"replies":[{"embeddable":true,"href":"https:\/\/emisarioec.com\/index.php\/wp-json\/wp\/v2\/comments?post=2703"}],"version-history":[{"count":2,"href":"https:\/\/emisarioec.com\/index.php\/wp-json\/wp\/v2\/posts\/2703\/revisions"}],"predecessor-version":[{"id":2706,"href":"https:\/\/emisarioec.com\/index.php\/wp-json\/wp\/v2\/posts\/2703\/revisions\/2706"}],"wp:featuredmedia":[{"embeddable":true,"href":"https:\/\/emisarioec.com\/index.php\/wp-json\/wp\/v2\/media\/2704"}],"wp:attachment":[{"href":"https:\/\/emisarioec.com\/index.php\/wp-json\/wp\/v2\/media?parent=2703"}],"wp:term":[{"taxonomy":"category","embeddable":true,"href":"https:\/\/emisarioec.com\/index.php\/wp-json\/wp\/v2\/categories?post=2703"},{"taxonomy":"post_tag","embeddable":true,"href":"https:\/\/emisarioec.com\/index.php\/wp-json\/wp\/v2\/tags?post=2703"}],"curies":[{"name":"wp","href":"https:\/\/api.w.org\/{rel}","templated":true}]}}