{"id":2733,"date":"2026-04-24T10:03:00","date_gmt":"2026-04-24T15:03:00","guid":{"rendered":"https:\/\/emisarioec.com\/?p=2733"},"modified":"2026-04-29T14:03:56","modified_gmt":"2026-04-29T19:03:56","slug":"tmicc-fortalece-vinculos-con-paises-bajos-durante-visita-diplomatica","status":"publish","type":"post","link":"https:\/\/emisarioec.com\/index.php\/2026\/04\/24\/tmicc-fortalece-vinculos-con-paises-bajos-durante-visita-diplomatica\/","title":{"rendered":"TMICC fortalece v\u00ednculos con Pa\u00edses Bajos durante visita diplom\u00e1tica\u00a0"},"content":{"rendered":"\n<p>Foto: Gerrit\u00a0Burgwal\u00a0(Asesor principal de asuntos pol\u00edticos y econ\u00f3micos\u00a0de la Embajada del Reino de los Pa\u00edses Bajos en Ecuador) y Orlando Colombo (Gerente General de TMICC).<\/p>\n\n\n\n<p><em>La reuni\u00f3n permiti\u00f3 fortalecer los v\u00ednculos entre Ecuador y Pa\u00edses Bajos a trav\u00e9s del sector productivo.<\/em>\u00a0<br><em>TMICC destac\u00f3 su compromiso con la inversi\u00f3n, la innovaci\u00f3n y el desarrollo econ\u00f3mico del pa\u00eds.<\/em>\u00a0<\/p>\n\n\n\n<p>The&nbsp;Magnum Ice&nbsp;Cream&nbsp;Company (TMICC) recibi\u00f3 en sus instalaciones de Guayaquil a&nbsp;<strong>Gerrit&nbsp;Burgwal,&nbsp;<\/strong><strong>Asesor principal de asuntos pol\u00edticos y econ\u00f3micos de la Embajada del Reino de los Pa\u00edses Bajos en Ecuador<\/strong><strong>,<\/strong>&nbsp;en una visita que permiti\u00f3 fortalecer el di\u00e1logo institucional y conocer de cerca la operaci\u00f3n de una de las compa\u00f1\u00edas de helados m\u00e1s importantes del mundo.&nbsp;<\/p>\n\n\n\n<p>Durante el encuentro,&nbsp;Burgwal&nbsp;se reuni\u00f3 con&nbsp;<strong>Orlando Colombo, gerente general de TMICC en Ecuador,<\/strong>&nbsp;junto al equipo directivo de la compa\u00f1\u00eda, para intercambiar perspectivas sobre el rol de la empresa en el desarrollo productivo del pa\u00eds y explorar oportunidades que contribuyan a fortalecer los lazos entre Ecuador y el Reino de los Pa\u00edses Bajos.&nbsp;<\/p>\n\n\n\n<p>\u201cPara nosotros es un honor recibir a representantes del Reino de los Pa\u00edses Bajos y poder mostrar de primera mano la operaci\u00f3n que desarrollamos en Ecuador. Nuestra compa\u00f1\u00eda tiene una larga trayectoria en el pa\u00eds y seguimos apostando por su crecimiento, generando empleo, innovaci\u00f3n y valor para miles de familias ecuatorianas\u201d, se\u00f1al\u00f3 Orlando Colombo, gerente general de TMICC Ecuador.&nbsp;<\/p>\n\n\n\n<p>En el pa\u00eds, la empresa es ampliamente reconocida a trav\u00e9s de&nbsp;<strong>Helados Ping\u00fcino<\/strong>, una marca con m\u00e1s de 70 a\u00f1os de historia que forma parte de la cultura ecuatoriana y que hoy lidera el mercado nacional de helados.&nbsp;&nbsp;<\/p>\n\n\n\n<p>Esta visita reafirma el compromiso de TMICC con el desarrollo del Ecuador y su papel como parte de una multinacional con ra\u00edces en los Pa\u00edses Bajos que contin\u00faa construyendo puentes de cooperaci\u00f3n, inversi\u00f3n e innovaci\u00f3n entre ambos pa\u00edses.&nbsp;<\/p>\n","protected":false},"excerpt":{"rendered":"<p>Representante de la Embajada del Reino de los Pa\u00edses Bajos visit\u00f3 las instalaciones de TMICC en Guayaquil<\/p>\n","protected":false},"author":2,"featured_media":2734,"comment_status":"closed","ping_status":"open","sticky":false,"template":"","format":"standard","meta":{"footnotes":""},"categories":[6],"tags":[1246,834],"class_list":["post-2733","post","type-post","status-publish","format-standard","has-post-thumbnail","hentry","category-actualidad","tag-paises-bajos","tag-tmicc"],"yoast_head":"<!-- This site is optimized with the Yoast SEO plugin v27.5 - https:\/\/yoast.com\/product\/yoast-seo-wordpress\/ -->\n<title>TMICC fortalece v\u00ednculos con Pa\u00edses Bajos durante visita diplom\u00e1tica\u00a0 - Emisario Ec<\/title>\n<meta name=\"robots\" content=\"index, follow, max-snippet:-1, max-image-preview:large, max-video-preview:-1\" \/>\n<link rel=\"canonical\" href=\"https:\/\/emisarioec.com\/index.php\/2026\/04\/24\/tmicc-fortalece-vinculos-con-paises-bajos-durante-visita-diplomatica\/\" \/>\n<meta property=\"og:locale\" content=\"es_ES\" \/>\n<meta property=\"og:type\" content=\"article\" \/>\n<meta property=\"og:title\" content=\"TMICC fortalece v\u00ednculos con Pa\u00edses Bajos durante visita diplom\u00e1tica\u00a0 - Emisario Ec\" \/>\n<meta property=\"og:description\" content=\"Representante de la Embajada del Reino de los Pa\u00edses Bajos visit\u00f3 las instalaciones de TMICC en Guayaquil\" \/>\n<meta property=\"og:url\" content=\"https:\/\/emisarioec.com\/index.php\/2026\/04\/24\/tmicc-fortalece-vinculos-con-paises-bajos-durante-visita-diplomatica\/\" \/>\n<meta property=\"og:site_name\" content=\"Emisario Ec\" \/>\n<meta property=\"article:published_time\" content=\"2026-04-24T15:03:00+00:00\" \/>\n<meta property=\"article:modified_time\" content=\"2026-04-29T19:03:56+00:00\" \/>\n<meta property=\"og:image\" content=\"https:\/\/emisarioec.com\/wp-content\/uploads\/2026\/04\/1-105.jpg\" \/>\n\t<meta property=\"og:image:width\" content=\"888\" \/>\n\t<meta property=\"og:image:height\" content=\"1184\" \/>\n\t<meta property=\"og:image:type\" content=\"image\/jpeg\" \/>\n<meta name=\"author\" content=\"Emisario Ec\" \/>\n<meta name=\"twitter:card\" content=\"summary_large_image\" \/>\n<meta name=\"twitter:label1\" content=\"Escrito por\" \/>\n\t<meta name=\"twitter:data1\" content=\"Emisario Ec\" \/>\n\t<meta name=\"twitter:label2\" content=\"Tiempo de lectura\" \/>\n\t<meta name=\"twitter:data2\" content=\"2 minutos\" \/>\n<script type=\"application\/ld+json\" class=\"yoast-schema-graph\">{\"@context\":\"https:\\\/\\\/schema.org\",\"@graph\":[{\"@type\":\"Article\",\"@id\":\"https:\\\/\\\/emisarioec.com\\\/index.php\\\/2026\\\/04\\\/24\\\/tmicc-fortalece-vinculos-con-paises-bajos-durante-visita-diplomatica\\\/#article\",\"isPartOf\":{\"@id\":\"https:\\\/\\\/emisarioec.com\\\/index.php\\\/2026\\\/04\\\/24\\\/tmicc-fortalece-vinculos-con-paises-bajos-durante-visita-diplomatica\\\/\"},\"author\":{\"name\":\"Emisario Ec\",\"@id\":\"https:\\\/\\\/emisarioec.com\\\/#\\\/schema\\\/person\\\/2afb9da152d200f9b3feecf5f92da2d5\"},\"headline\":\"TMICC fortalece v\u00ednculos con Pa\u00edses Bajos durante visita diplom\u00e1tica\u00a0\",\"datePublished\":\"2026-04-24T15:03:00+00:00\",\"dateModified\":\"2026-04-29T19:03:56+00:00\",\"mainEntityOfPage\":{\"@id\":\"https:\\\/\\\/emisarioec.com\\\/index.php\\\/2026\\\/04\\\/24\\\/tmicc-fortalece-vinculos-con-paises-bajos-durante-visita-diplomatica\\\/\"},\"wordCount\":376,\"publisher\":{\"@id\":\"https:\\\/\\\/emisarioec.com\\\/#organization\"},\"image\":{\"@id\":\"https:\\\/\\\/emisarioec.com\\\/index.php\\\/2026\\\/04\\\/24\\\/tmicc-fortalece-vinculos-con-paises-bajos-durante-visita-diplomatica\\\/#primaryimage\"},\"thumbnailUrl\":\"https:\\\/\\\/emisarioec.com\\\/wp-content\\\/uploads\\\/2026\\\/04\\\/1-105.jpg\",\"keywords\":[\"Pa\u00edses Bajos\",\"TMICC\"],\"articleSection\":[\"Actualidad\"],\"inLanguage\":\"es\"},{\"@type\":\"WebPage\",\"@id\":\"https:\\\/\\\/emisarioec.com\\\/index.php\\\/2026\\\/04\\\/24\\\/tmicc-fortalece-vinculos-con-paises-bajos-durante-visita-diplomatica\\\/\",\"url\":\"https:\\\/\\\/emisarioec.com\\\/index.php\\\/2026\\\/04\\\/24\\\/tmicc-fortalece-vinculos-con-paises-bajos-durante-visita-diplomatica\\\/\",\"name\":\"TMICC fortalece v\u00ednculos con Pa\u00edses Bajos durante visita diplom\u00e1tica\u00a0 - Emisario Ec\",\"isPartOf\":{\"@id\":\"https:\\\/\\\/emisarioec.com\\\/#website\"},\"primaryImageOfPage\":{\"@id\":\"https:\\\/\\\/emisarioec.com\\\/index.php\\\/2026\\\/04\\\/24\\\/tmicc-fortalece-vinculos-con-paises-bajos-durante-visita-diplomatica\\\/#primaryimage\"},\"image\":{\"@id\":\"https:\\\/\\\/emisarioec.com\\\/index.php\\\/2026\\\/04\\\/24\\\/tmicc-fortalece-vinculos-con-paises-bajos-durante-visita-diplomatica\\\/#primaryimage\"},\"thumbnailUrl\":\"https:\\\/\\\/emisarioec.com\\\/wp-content\\\/uploads\\\/2026\\\/04\\\/1-105.jpg\",\"datePublished\":\"2026-04-24T15:03:00+00:00\",\"dateModified\":\"2026-04-29T19:03:56+00:00\",\"breadcrumb\":{\"@id\":\"https:\\\/\\\/emisarioec.com\\\/index.php\\\/2026\\\/04\\\/24\\\/tmicc-fortalece-vinculos-con-paises-bajos-durante-visita-diplomatica\\\/#breadcrumb\"},\"inLanguage\":\"es\",\"potentialAction\":[{\"@type\":\"ReadAction\",\"target\":[\"https:\\\/\\\/emisarioec.com\\\/index.php\\\/2026\\\/04\\\/24\\\/tmicc-fortalece-vinculos-con-paises-bajos-durante-visita-diplomatica\\\/\"]}]},{\"@type\":\"ImageObject\",\"inLanguage\":\"es\",\"@id\":\"https:\\\/\\\/emisarioec.com\\\/index.php\\\/2026\\\/04\\\/24\\\/tmicc-fortalece-vinculos-con-paises-bajos-durante-visita-diplomatica\\\/#primaryimage\",\"url\":\"https:\\\/\\\/emisarioec.com\\\/wp-content\\\/uploads\\\/2026\\\/04\\\/1-105.jpg\",\"contentUrl\":\"https:\\\/\\\/emisarioec.com\\\/wp-content\\\/uploads\\\/2026\\\/04\\\/1-105.jpg\",\"width\":888,\"height\":1184},{\"@type\":\"BreadcrumbList\",\"@id\":\"https:\\\/\\\/emisarioec.com\\\/index.php\\\/2026\\\/04\\\/24\\\/tmicc-fortalece-vinculos-con-paises-bajos-durante-visita-diplomatica\\\/#breadcrumb\",\"itemListElement\":[{\"@type\":\"ListItem\",\"position\":1,\"name\":\"Portada\",\"item\":\"https:\\\/\\\/emisarioec.com\\\/\"},{\"@type\":\"ListItem\",\"position\":2,\"name\":\"TMICC fortalece v\u00ednculos con Pa\u00edses Bajos durante visita diplom\u00e1tica\u00a0\"}]},{\"@type\":\"WebSite\",\"@id\":\"https:\\\/\\\/emisarioec.com\\\/#website\",\"url\":\"https:\\\/\\\/emisarioec.com\\\/\",\"name\":\"Emisario Ec\",\"description\":\"Informar es un derecho que corresponde a hechos\",\"publisher\":{\"@id\":\"https:\\\/\\\/emisarioec.com\\\/#organization\"},\"potentialAction\":[{\"@type\":\"SearchAction\",\"target\":{\"@type\":\"EntryPoint\",\"urlTemplate\":\"https:\\\/\\\/emisarioec.com\\\/?s={search_term_string}\"},\"query-input\":{\"@type\":\"PropertyValueSpecification\",\"valueRequired\":true,\"valueName\":\"search_term_string\"}}],\"inLanguage\":\"es\"},{\"@type\":\"Organization\",\"@id\":\"https:\\\/\\\/emisarioec.com\\\/#organization\",\"name\":\"Emisario Ec\",\"url\":\"https:\\\/\\\/emisarioec.com\\\/\",\"logo\":{\"@type\":\"ImageObject\",\"inLanguage\":\"es\",\"@id\":\"https:\\\/\\\/emisarioec.com\\\/#\\\/schema\\\/logo\\\/image\\\/\",\"url\":\"https:\\\/\\\/emisarioec.com\\\/wp-content\\\/uploads\\\/2025\\\/06\\\/cropped-cropped-emisario-ico.png\",\"contentUrl\":\"https:\\\/\\\/emisarioec.com\\\/wp-content\\\/uploads\\\/2025\\\/06\\\/cropped-cropped-emisario-ico.png\",\"width\":512,\"height\":512,\"caption\":\"Emisario Ec\"},\"image\":{\"@id\":\"https:\\\/\\\/emisarioec.com\\\/#\\\/schema\\\/logo\\\/image\\\/\"}},{\"@type\":\"Person\",\"@id\":\"https:\\\/\\\/emisarioec.com\\\/#\\\/schema\\\/person\\\/2afb9da152d200f9b3feecf5f92da2d5\",\"name\":\"Emisario Ec\",\"url\":\"https:\\\/\\\/emisarioec.com\\\/index.php\\\/author\\\/admin_roberto\\\/\"}]}<\/script>\n<!-- \/ Yoast SEO plugin. -->","yoast_head_json":{"title":"TMICC fortalece v\u00ednculos con Pa\u00edses Bajos durante visita diplom\u00e1tica\u00a0 - Emisario Ec","robots":{"index":"index","follow":"follow","max-snippet":"max-snippet:-1","max-image-preview":"max-image-preview:large","max-video-preview":"max-video-preview:-1"},"canonical":"https:\/\/emisarioec.com\/index.php\/2026\/04\/24\/tmicc-fortalece-vinculos-con-paises-bajos-durante-visita-diplomatica\/","og_locale":"es_ES","og_type":"article","og_title":"TMICC fortalece v\u00ednculos con Pa\u00edses Bajos durante visita diplom\u00e1tica\u00a0 - Emisario Ec","og_description":"Representante de la Embajada del Reino de los Pa\u00edses Bajos visit\u00f3 las instalaciones de TMICC en Guayaquil","og_url":"https:\/\/emisarioec.com\/index.php\/2026\/04\/24\/tmicc-fortalece-vinculos-con-paises-bajos-durante-visita-diplomatica\/","og_site_name":"Emisario Ec","article_published_time":"2026-04-24T15:03:00+00:00","article_modified_time":"2026-04-29T19:03:56+00:00","og_image":[{"width":888,"height":1184,"url":"https:\/\/emisarioec.com\/wp-content\/uploads\/2026\/04\/1-105.jpg","type":"image\/jpeg"}],"author":"Emisario Ec","twitter_card":"summary_large_image","twitter_misc":{"Escrito por":"Emisario Ec","Tiempo de lectura":"2 minutos"},"schema":{"@context":"https:\/\/schema.org","@graph":[{"@type":"Article","@id":"https:\/\/emisarioec.com\/index.php\/2026\/04\/24\/tmicc-fortalece-vinculos-con-paises-bajos-durante-visita-diplomatica\/#article","isPartOf":{"@id":"https:\/\/emisarioec.com\/index.php\/2026\/04\/24\/tmicc-fortalece-vinculos-con-paises-bajos-durante-visita-diplomatica\/"},"author":{"name":"Emisario Ec","@id":"https:\/\/emisarioec.com\/#\/schema\/person\/2afb9da152d200f9b3feecf5f92da2d5"},"headline":"TMICC fortalece v\u00ednculos con Pa\u00edses Bajos durante visita diplom\u00e1tica\u00a0","datePublished":"2026-04-24T15:03:00+00:00","dateModified":"2026-04-29T19:03:56+00:00","mainEntityOfPage":{"@id":"https:\/\/emisarioec.com\/index.php\/2026\/04\/24\/tmicc-fortalece-vinculos-con-paises-bajos-durante-visita-diplomatica\/"},"wordCount":376,"publisher":{"@id":"https:\/\/emisarioec.com\/#organization"},"image":{"@id":"https:\/\/emisarioec.com\/index.php\/2026\/04\/24\/tmicc-fortalece-vinculos-con-paises-bajos-durante-visita-diplomatica\/#primaryimage"},"thumbnailUrl":"https:\/\/emisarioec.com\/wp-content\/uploads\/2026\/04\/1-105.jpg","keywords":["Pa\u00edses Bajos","TMICC"],"articleSection":["Actualidad"],"inLanguage":"es"},{"@type":"WebPage","@id":"https:\/\/emisarioec.com\/index.php\/2026\/04\/24\/tmicc-fortalece-vinculos-con-paises-bajos-durante-visita-diplomatica\/","url":"https:\/\/emisarioec.com\/index.php\/2026\/04\/24\/tmicc-fortalece-vinculos-con-paises-bajos-durante-visita-diplomatica\/","name":"TMICC fortalece v\u00ednculos con Pa\u00edses Bajos durante visita diplom\u00e1tica\u00a0 - Emisario Ec","isPartOf":{"@id":"https:\/\/emisarioec.com\/#website"},"primaryImageOfPage":{"@id":"https:\/\/emisarioec.com\/index.php\/2026\/04\/24\/tmicc-fortalece-vinculos-con-paises-bajos-durante-visita-diplomatica\/#primaryimage"},"image":{"@id":"https:\/\/emisarioec.com\/index.php\/2026\/04\/24\/tmicc-fortalece-vinculos-con-paises-bajos-durante-visita-diplomatica\/#primaryimage"},"thumbnailUrl":"https:\/\/emisarioec.com\/wp-content\/uploads\/2026\/04\/1-105.jpg","datePublished":"2026-04-24T15:03:00+00:00","dateModified":"2026-04-29T19:03:56+00:00","breadcrumb":{"@id":"https:\/\/emisarioec.com\/index.php\/2026\/04\/24\/tmicc-fortalece-vinculos-con-paises-bajos-durante-visita-diplomatica\/#breadcrumb"},"inLanguage":"es","potentialAction":[{"@type":"ReadAction","target":["https:\/\/emisarioec.com\/index.php\/2026\/04\/24\/tmicc-fortalece-vinculos-con-paises-bajos-durante-visita-diplomatica\/"]}]},{"@type":"ImageObject","inLanguage":"es","@id":"https:\/\/emisarioec.com\/index.php\/2026\/04\/24\/tmicc-fortalece-vinculos-con-paises-bajos-durante-visita-diplomatica\/#primaryimage","url":"https:\/\/emisarioec.com\/wp-content\/uploads\/2026\/04\/1-105.jpg","contentUrl":"https:\/\/emisarioec.com\/wp-content\/uploads\/2026\/04\/1-105.jpg","width":888,"height":1184},{"@type":"BreadcrumbList","@id":"https:\/\/emisarioec.com\/index.php\/2026\/04\/24\/tmicc-fortalece-vinculos-con-paises-bajos-durante-visita-diplomatica\/#breadcrumb","itemListElement":[{"@type":"ListItem","position":1,"name":"Portada","item":"https:\/\/emisarioec.com\/"},{"@type":"ListItem","position":2,"name":"TMICC fortalece v\u00ednculos con Pa\u00edses Bajos durante visita diplom\u00e1tica\u00a0"}]},{"@type":"WebSite","@id":"https:\/\/emisarioec.com\/#website","url":"https:\/\/emisarioec.com\/","name":"Emisario Ec","description":"Informar es un derecho que corresponde a hechos","publisher":{"@id":"https:\/\/emisarioec.com\/#organization"},"potentialAction":[{"@type":"SearchAction","target":{"@type":"EntryPoint","urlTemplate":"https:\/\/emisarioec.com\/?s={search_term_string}"},"query-input":{"@type":"PropertyValueSpecification","valueRequired":true,"valueName":"search_term_string"}}],"inLanguage":"es"},{"@type":"Organization","@id":"https:\/\/emisarioec.com\/#organization","name":"Emisario Ec","url":"https:\/\/emisarioec.com\/","logo":{"@type":"ImageObject","inLanguage":"es","@id":"https:\/\/emisarioec.com\/#\/schema\/logo\/image\/","url":"https:\/\/emisarioec.com\/wp-content\/uploads\/2025\/06\/cropped-cropped-emisario-ico.png","contentUrl":"https:\/\/emisarioec.com\/wp-content\/uploads\/2025\/06\/cropped-cropped-emisario-ico.png","width":512,"height":512,"caption":"Emisario Ec"},"image":{"@id":"https:\/\/emisarioec.com\/#\/schema\/logo\/image\/"}},{"@type":"Person","@id":"https:\/\/emisarioec.com\/#\/schema\/person\/2afb9da152d200f9b3feecf5f92da2d5","name":"Emisario Ec","url":"https:\/\/emisarioec.com\/index.php\/author\/admin_roberto\/"}]}},"jetpack_featured_media_url":"https:\/\/emisarioec.com\/wp-content\/uploads\/2026\/04\/1-105.jpg","_links":{"self":[{"href":"https:\/\/emisarioec.com\/index.php\/wp-json\/wp\/v2\/posts\/2733","targetHints":{"allow":["GET"]}}],"collection":[{"href":"https:\/\/emisarioec.com\/index.php\/wp-json\/wp\/v2\/posts"}],"about":[{"href":"https:\/\/emisarioec.com\/index.php\/wp-json\/wp\/v2\/types\/post"}],"author":[{"embeddable":true,"href":"https:\/\/emisarioec.com\/index.php\/wp-json\/wp\/v2\/users\/2"}],"replies":[{"embeddable":true,"href":"https:\/\/emisarioec.com\/index.php\/wp-json\/wp\/v2\/comments?post=2733"}],"version-history":[{"count":1,"href":"https:\/\/emisarioec.com\/index.php\/wp-json\/wp\/v2\/posts\/2733\/revisions"}],"predecessor-version":[{"id":2735,"href":"https:\/\/emisarioec.com\/index.php\/wp-json\/wp\/v2\/posts\/2733\/revisions\/2735"}],"wp:featuredmedia":[{"embeddable":true,"href":"https:\/\/emisarioec.com\/index.php\/wp-json\/wp\/v2\/media\/2734"}],"wp:attachment":[{"href":"https:\/\/emisarioec.com\/index.php\/wp-json\/wp\/v2\/media?parent=2733"}],"wp:term":[{"taxonomy":"category","embeddable":true,"href":"https:\/\/emisarioec.com\/index.php\/wp-json\/wp\/v2\/categories?post=2733"},{"taxonomy":"post_tag","embeddable":true,"href":"https:\/\/emisarioec.com\/index.php\/wp-json\/wp\/v2\/tags?post=2733"}],"curies":[{"name":"wp","href":"https:\/\/api.w.org\/{rel}","templated":true}]}}