{"id":2740,"date":"2026-04-28T16:24:00","date_gmt":"2026-04-28T21:24:00","guid":{"rendered":"https:\/\/emisarioec.com\/?p=2740"},"modified":"2026-04-29T14:28:56","modified_gmt":"2026-04-29T19:28:56","slug":"carlos-encalada-recorrio-los-cantones-isidro-ayora-pedro-carbo-y-lomas-de-sargentillo-aqui-estamos-escuchando-y-trabajando-juntos-por-soluciones-reales","status":"publish","type":"post","link":"https:\/\/emisarioec.com\/index.php\/2026\/04\/28\/carlos-encalada-recorrio-los-cantones-isidro-ayora-pedro-carbo-y-lomas-de-sargentillo-aqui-estamos-escuchando-y-trabajando-juntos-por-soluciones-reales\/","title":{"rendered":"Carlos Encalada recorri\u00f3 los cantones Isidro Ayora, Pedro Carbo y Lomas de Sargentillo: \u201cAqu\u00ed estamos, escuchando y trabajando juntos por soluciones reales\u201d"},"content":{"rendered":"\n<p>Como parte de una agenda estrat\u00e9gica, el viceprefecto del Guayas, Carlos Encalada, sostuvo reuniones de trabajo con los alcaldes Nery Jaramillo de Pedro Carbo, Isidro Mor\u00e1n de Lomas de Sargentillo y Luis Vargas de Isidro Ayora. M\u00e1s all\u00e1 de una visita protocolaria, el recorrido por varios cantones de la provincia, marca una l\u00ednea de acci\u00f3n clara con decisiones en territorio, coordinaci\u00f3n efectiva y respuestas inmediatas a los problemas que afectan a la gente.<\/p>\n\n\n\n<p><strong>\u201cVenimos a coordinar y a resolver. Aqu\u00ed estamos, escuchando y trabajando juntos por<\/strong><\/p>\n\n\n\n<p><strong>soluciones reales\u201d <\/strong>destac\u00f3 el viceprefecto Carlos Encalada.<\/p>\n\n\n\n<p>En cada cant\u00f3n, las autoridades priorizaron acciones concretas en temas urgentes como el mejoramiento vial rural, el impulso a los sectores productivos, el fortalecimiento de las zonas agr\u00edcolas y acu\u00edcolas, y la planificaci\u00f3n t\u00e9cnica como base para resultados sostenibles.<\/p>\n\n\n\n<p>Los alcaldes coincidieron en que este nivel de articulaci\u00f3n permite acelerar respuestas y ejecutar soluciones sin retrasos, enfoc\u00e1ndose en lo que realmente necesita la ciudadan\u00eda.<\/p>\n\n\n\n<p>Este despliegue territorial reafirma una forma de hacer gesti\u00f3n y pone en primer plano la acci\u00f3n, la presencia y el compromiso real con la gente. La Prefectura del Guayas, a trav\u00e9s de su Viceprefectura, contin\u00faa consolidando un trabajo conjunto con los gobiernos locales, demostrando que cuando hay decisi\u00f3n, los resultados llegan.<\/p>\n\n\n\n<p><strong>Guayas Produce<\/strong><\/p>\n\n\n\n<figure class=\"wp-block-embed is-type-video is-provider-tiktok wp-block-embed-tiktok\"><div class=\"wp-block-embed__wrapper\">\n<blockquote class=\"tiktok-embed\" cite=\"https:\/\/www.tiktok.com\/@emisarioec\/video\/7634265238988147976\" data-video-id=\"7634265238988147976\" data-embed-from=\"oembed\" style=\"max-width:605px; min-width:325px;\"> <section> <a target=\"_blank\" title=\"@emisarioec\" href=\"https:\/\/www.tiktok.com\/@emisarioec?refer=embed\">@emisarioec<\/a> <p>\ud83d\udccc ATENTOS\ud83d\udc4f  Carlos Encalada recorri\u00f3 los cantones Isidro Ayora, Pedro Carbo y Lomas de Sargentillo: \u201cAqu\u00ed estamos, escuchando y trabajando juntos por soluciones reales\u201d Como parte de una agenda estrat\u00e9gica, el viceprefecto del Guayas, Carlos Encalada, sostuvo reuniones de trabajo con los alcaldes Nery Jaramillo de Pedro Carbo, Isidro Mor\u00e1n de Lomas de Sargentillo y Luis Vargas de Isidro Ayora. M\u00e1s all\u00e1 de una visita protocolaria, el recorrido por varios cantones de la provincia, marca una l\u00ednea de acci\u00f3n clara con decisiones en territorio, coordinaci\u00f3n efectiva y respuestas inmediatas a los problemas que afectan a la gente. \u201cVenimos a coordinar y a resolver. Aqu\u00ed estamos, escuchando y trabajando juntos por soluciones reales\u201d destac\u00f3 el viceprefecto Carlos Encalada. En cada cant\u00f3n, las autoridades priorizaron acciones concretas en temas urgentes como el mejoramiento vial rural, el impulso a los sectores productivos, el fortalecimiento de las zonas agr\u00edcolas y acu\u00edcolas, y la planificaci\u00f3n t\u00e9cnica como base para resultados sostenibles. Los alcaldes coincidieron en que este nivel de articulaci\u00f3n permite acelerar respuestas y ejecutar soluciones sin retrasos, enfoc\u00e1ndose en lo que realmente necesita la ciudadan\u00eda. Este despliegue territorial reafirma una forma de hacer gesti\u00f3n y pone en primer plano la acci\u00f3n, la presencia y el compromiso real con la gente. La Prefectura del Guayas, a trav\u00e9s de su Viceprefectura, contin\u00faa consolidando un trabajo conjunto con los gobiernos locales, demostrando que cuando hay decisi\u00f3n, los resultados llegan. Guayas Produce @prefecturadelguayas<\/p> <a target=\"_blank\" title=\"\u266c sonido original - Emisario Ec - Emisario Ec\" href=\"https:\/\/www.tiktok.com\/music\/sonido-original-Emisario-Ec-7634265291492444946?refer=embed\">\u266c sonido original &#8211; Emisario Ec &#8211; Emisario Ec<\/a> <\/section> <\/blockquote> <script async src=\"https:\/\/www.tiktok.com\/embed.js\"><\/script>\n<\/div><\/figure>\n","protected":false},"excerpt":{"rendered":"<p>El Viceprefecto del Guayas, impulsa un plan de trabajo t\u00e9cnico para fortalecer el sector productivo, las zonas agr\u00edcolas y acu\u00edcolas<\/p>\n","protected":false},"author":2,"featured_media":2741,"comment_status":"closed","ping_status":"open","sticky":false,"template":"","format":"standard","meta":{"footnotes":""},"categories":[6],"tags":[1249,17,11],"class_list":["post-2740","post","type-post","status-publish","format-standard","has-post-thumbnail","hentry","category-actualidad","tag-carlos-encalada","tag-guayas","tag-prefectura-del-guayas"],"yoast_head":"<!-- This site is optimized with the Yoast SEO plugin v27.5 - https:\/\/yoast.com\/product\/yoast-seo-wordpress\/ -->\n<title>Carlos Encalada recorri\u00f3 los cantones Isidro Ayora, Pedro Carbo y Lomas de Sargentillo: \u201cAqu\u00ed estamos, escuchando y trabajando juntos por soluciones reales\u201d - Emisario Ec<\/title>\n<meta name=\"robots\" content=\"index, follow, max-snippet:-1, max-image-preview:large, max-video-preview:-1\" \/>\n<link rel=\"canonical\" href=\"https:\/\/emisarioec.com\/index.php\/2026\/04\/28\/carlos-encalada-recorrio-los-cantones-isidro-ayora-pedro-carbo-y-lomas-de-sargentillo-aqui-estamos-escuchando-y-trabajando-juntos-por-soluciones-reales\/\" \/>\n<meta property=\"og:locale\" content=\"es_ES\" \/>\n<meta property=\"og:type\" content=\"article\" \/>\n<meta property=\"og:title\" content=\"Carlos Encalada recorri\u00f3 los cantones Isidro Ayora, Pedro Carbo y Lomas de Sargentillo: \u201cAqu\u00ed estamos, escuchando y trabajando juntos por soluciones reales\u201d - Emisario Ec\" \/>\n<meta property=\"og:description\" content=\"El Viceprefecto del Guayas, impulsa un plan de trabajo t\u00e9cnico para fortalecer el sector productivo, las zonas agr\u00edcolas y acu\u00edcolas\" \/>\n<meta property=\"og:url\" content=\"https:\/\/emisarioec.com\/index.php\/2026\/04\/28\/carlos-encalada-recorrio-los-cantones-isidro-ayora-pedro-carbo-y-lomas-de-sargentillo-aqui-estamos-escuchando-y-trabajando-juntos-por-soluciones-reales\/\" \/>\n<meta property=\"og:site_name\" content=\"Emisario Ec\" \/>\n<meta property=\"article:published_time\" content=\"2026-04-28T21:24:00+00:00\" \/>\n<meta property=\"article:modified_time\" content=\"2026-04-29T19:28:56+00:00\" \/>\n<meta property=\"og:image\" content=\"https:\/\/emisarioec.com\/wp-content\/uploads\/2026\/04\/1-107.jpg\" \/>\n\t<meta property=\"og:image:width\" content=\"880\" \/>\n\t<meta property=\"og:image:height\" content=\"587\" \/>\n\t<meta property=\"og:image:type\" content=\"image\/jpeg\" \/>\n<meta name=\"author\" content=\"Emisario Ec\" \/>\n<meta name=\"twitter:card\" content=\"summary_large_image\" \/>\n<meta name=\"twitter:label1\" content=\"Escrito por\" \/>\n\t<meta name=\"twitter:data1\" content=\"Emisario Ec\" \/>\n\t<meta name=\"twitter:label2\" content=\"Tiempo de lectura\" \/>\n\t<meta name=\"twitter:data2\" content=\"2 minutos\" \/>\n<script type=\"application\/ld+json\" class=\"yoast-schema-graph\">{\"@context\":\"https:\\\/\\\/schema.org\",\"@graph\":[{\"@type\":\"Article\",\"@id\":\"https:\\\/\\\/emisarioec.com\\\/index.php\\\/2026\\\/04\\\/28\\\/carlos-encalada-recorrio-los-cantones-isidro-ayora-pedro-carbo-y-lomas-de-sargentillo-aqui-estamos-escuchando-y-trabajando-juntos-por-soluciones-reales\\\/#article\",\"isPartOf\":{\"@id\":\"https:\\\/\\\/emisarioec.com\\\/index.php\\\/2026\\\/04\\\/28\\\/carlos-encalada-recorrio-los-cantones-isidro-ayora-pedro-carbo-y-lomas-de-sargentillo-aqui-estamos-escuchando-y-trabajando-juntos-por-soluciones-reales\\\/\"},\"author\":{\"name\":\"Emisario Ec\",\"@id\":\"https:\\\/\\\/emisarioec.com\\\/#\\\/schema\\\/person\\\/2afb9da152d200f9b3feecf5f92da2d5\"},\"headline\":\"Carlos Encalada recorri\u00f3 los cantones Isidro Ayora, Pedro Carbo y Lomas de Sargentillo: \u201cAqu\u00ed estamos, escuchando y trabajando juntos por soluciones reales\u201d\",\"datePublished\":\"2026-04-28T21:24:00+00:00\",\"dateModified\":\"2026-04-29T19:28:56+00:00\",\"mainEntityOfPage\":{\"@id\":\"https:\\\/\\\/emisarioec.com\\\/index.php\\\/2026\\\/04\\\/28\\\/carlos-encalada-recorrio-los-cantones-isidro-ayora-pedro-carbo-y-lomas-de-sargentillo-aqui-estamos-escuchando-y-trabajando-juntos-por-soluciones-reales\\\/\"},\"wordCount\":257,\"publisher\":{\"@id\":\"https:\\\/\\\/emisarioec.com\\\/#organization\"},\"image\":{\"@id\":\"https:\\\/\\\/emisarioec.com\\\/index.php\\\/2026\\\/04\\\/28\\\/carlos-encalada-recorrio-los-cantones-isidro-ayora-pedro-carbo-y-lomas-de-sargentillo-aqui-estamos-escuchando-y-trabajando-juntos-por-soluciones-reales\\\/#primaryimage\"},\"thumbnailUrl\":\"https:\\\/\\\/emisarioec.com\\\/wp-content\\\/uploads\\\/2026\\\/04\\\/1-107.jpg\",\"keywords\":[\"Carlos Encalada\",\"Guayas\",\"Prefectura del Guayas\"],\"articleSection\":[\"Actualidad\"],\"inLanguage\":\"es\"},{\"@type\":\"WebPage\",\"@id\":\"https:\\\/\\\/emisarioec.com\\\/index.php\\\/2026\\\/04\\\/28\\\/carlos-encalada-recorrio-los-cantones-isidro-ayora-pedro-carbo-y-lomas-de-sargentillo-aqui-estamos-escuchando-y-trabajando-juntos-por-soluciones-reales\\\/\",\"url\":\"https:\\\/\\\/emisarioec.com\\\/index.php\\\/2026\\\/04\\\/28\\\/carlos-encalada-recorrio-los-cantones-isidro-ayora-pedro-carbo-y-lomas-de-sargentillo-aqui-estamos-escuchando-y-trabajando-juntos-por-soluciones-reales\\\/\",\"name\":\"Carlos Encalada recorri\u00f3 los cantones Isidro Ayora, Pedro Carbo y Lomas de Sargentillo: \u201cAqu\u00ed estamos, escuchando y trabajando juntos por soluciones reales\u201d - Emisario Ec\",\"isPartOf\":{\"@id\":\"https:\\\/\\\/emisarioec.com\\\/#website\"},\"primaryImageOfPage\":{\"@id\":\"https:\\\/\\\/emisarioec.com\\\/index.php\\\/2026\\\/04\\\/28\\\/carlos-encalada-recorrio-los-cantones-isidro-ayora-pedro-carbo-y-lomas-de-sargentillo-aqui-estamos-escuchando-y-trabajando-juntos-por-soluciones-reales\\\/#primaryimage\"},\"image\":{\"@id\":\"https:\\\/\\\/emisarioec.com\\\/index.php\\\/2026\\\/04\\\/28\\\/carlos-encalada-recorrio-los-cantones-isidro-ayora-pedro-carbo-y-lomas-de-sargentillo-aqui-estamos-escuchando-y-trabajando-juntos-por-soluciones-reales\\\/#primaryimage\"},\"thumbnailUrl\":\"https:\\\/\\\/emisarioec.com\\\/wp-content\\\/uploads\\\/2026\\\/04\\\/1-107.jpg\",\"datePublished\":\"2026-04-28T21:24:00+00:00\",\"dateModified\":\"2026-04-29T19:28:56+00:00\",\"breadcrumb\":{\"@id\":\"https:\\\/\\\/emisarioec.com\\\/index.php\\\/2026\\\/04\\\/28\\\/carlos-encalada-recorrio-los-cantones-isidro-ayora-pedro-carbo-y-lomas-de-sargentillo-aqui-estamos-escuchando-y-trabajando-juntos-por-soluciones-reales\\\/#breadcrumb\"},\"inLanguage\":\"es\",\"potentialAction\":[{\"@type\":\"ReadAction\",\"target\":[\"https:\\\/\\\/emisarioec.com\\\/index.php\\\/2026\\\/04\\\/28\\\/carlos-encalada-recorrio-los-cantones-isidro-ayora-pedro-carbo-y-lomas-de-sargentillo-aqui-estamos-escuchando-y-trabajando-juntos-por-soluciones-reales\\\/\"]}]},{\"@type\":\"ImageObject\",\"inLanguage\":\"es\",\"@id\":\"https:\\\/\\\/emisarioec.com\\\/index.php\\\/2026\\\/04\\\/28\\\/carlos-encalada-recorrio-los-cantones-isidro-ayora-pedro-carbo-y-lomas-de-sargentillo-aqui-estamos-escuchando-y-trabajando-juntos-por-soluciones-reales\\\/#primaryimage\",\"url\":\"https:\\\/\\\/emisarioec.com\\\/wp-content\\\/uploads\\\/2026\\\/04\\\/1-107.jpg\",\"contentUrl\":\"https:\\\/\\\/emisarioec.com\\\/wp-content\\\/uploads\\\/2026\\\/04\\\/1-107.jpg\",\"width\":880,\"height\":587},{\"@type\":\"BreadcrumbList\",\"@id\":\"https:\\\/\\\/emisarioec.com\\\/index.php\\\/2026\\\/04\\\/28\\\/carlos-encalada-recorrio-los-cantones-isidro-ayora-pedro-carbo-y-lomas-de-sargentillo-aqui-estamos-escuchando-y-trabajando-juntos-por-soluciones-reales\\\/#breadcrumb\",\"itemListElement\":[{\"@type\":\"ListItem\",\"position\":1,\"name\":\"Portada\",\"item\":\"https:\\\/\\\/emisarioec.com\\\/\"},{\"@type\":\"ListItem\",\"position\":2,\"name\":\"Carlos Encalada recorri\u00f3 los cantones Isidro Ayora, Pedro Carbo y Lomas de Sargentillo: \u201cAqu\u00ed estamos, escuchando y trabajando juntos por soluciones reales\u201d\"}]},{\"@type\":\"WebSite\",\"@id\":\"https:\\\/\\\/emisarioec.com\\\/#website\",\"url\":\"https:\\\/\\\/emisarioec.com\\\/\",\"name\":\"Emisario Ec\",\"description\":\"Informar es un derecho que corresponde a hechos\",\"publisher\":{\"@id\":\"https:\\\/\\\/emisarioec.com\\\/#organization\"},\"potentialAction\":[{\"@type\":\"SearchAction\",\"target\":{\"@type\":\"EntryPoint\",\"urlTemplate\":\"https:\\\/\\\/emisarioec.com\\\/?s={search_term_string}\"},\"query-input\":{\"@type\":\"PropertyValueSpecification\",\"valueRequired\":true,\"valueName\":\"search_term_string\"}}],\"inLanguage\":\"es\"},{\"@type\":\"Organization\",\"@id\":\"https:\\\/\\\/emisarioec.com\\\/#organization\",\"name\":\"Emisario Ec\",\"url\":\"https:\\\/\\\/emisarioec.com\\\/\",\"logo\":{\"@type\":\"ImageObject\",\"inLanguage\":\"es\",\"@id\":\"https:\\\/\\\/emisarioec.com\\\/#\\\/schema\\\/logo\\\/image\\\/\",\"url\":\"https:\\\/\\\/emisarioec.com\\\/wp-content\\\/uploads\\\/2025\\\/06\\\/cropped-cropped-emisario-ico.png\",\"contentUrl\":\"https:\\\/\\\/emisarioec.com\\\/wp-content\\\/uploads\\\/2025\\\/06\\\/cropped-cropped-emisario-ico.png\",\"width\":512,\"height\":512,\"caption\":\"Emisario Ec\"},\"image\":{\"@id\":\"https:\\\/\\\/emisarioec.com\\\/#\\\/schema\\\/logo\\\/image\\\/\"}},{\"@type\":\"Person\",\"@id\":\"https:\\\/\\\/emisarioec.com\\\/#\\\/schema\\\/person\\\/2afb9da152d200f9b3feecf5f92da2d5\",\"name\":\"Emisario Ec\",\"url\":\"https:\\\/\\\/emisarioec.com\\\/index.php\\\/author\\\/admin_roberto\\\/\"}]}<\/script>\n<!-- \/ Yoast SEO plugin. -->","yoast_head_json":{"title":"Carlos Encalada recorri\u00f3 los cantones Isidro Ayora, Pedro Carbo y Lomas de Sargentillo: \u201cAqu\u00ed estamos, escuchando y trabajando juntos por soluciones reales\u201d - Emisario Ec","robots":{"index":"index","follow":"follow","max-snippet":"max-snippet:-1","max-image-preview":"max-image-preview:large","max-video-preview":"max-video-preview:-1"},"canonical":"https:\/\/emisarioec.com\/index.php\/2026\/04\/28\/carlos-encalada-recorrio-los-cantones-isidro-ayora-pedro-carbo-y-lomas-de-sargentillo-aqui-estamos-escuchando-y-trabajando-juntos-por-soluciones-reales\/","og_locale":"es_ES","og_type":"article","og_title":"Carlos Encalada recorri\u00f3 los cantones Isidro Ayora, Pedro Carbo y Lomas de Sargentillo: \u201cAqu\u00ed estamos, escuchando y trabajando juntos por soluciones reales\u201d - Emisario Ec","og_description":"El Viceprefecto del Guayas, impulsa un plan de trabajo t\u00e9cnico para fortalecer el sector productivo, las zonas agr\u00edcolas y acu\u00edcolas","og_url":"https:\/\/emisarioec.com\/index.php\/2026\/04\/28\/carlos-encalada-recorrio-los-cantones-isidro-ayora-pedro-carbo-y-lomas-de-sargentillo-aqui-estamos-escuchando-y-trabajando-juntos-por-soluciones-reales\/","og_site_name":"Emisario Ec","article_published_time":"2026-04-28T21:24:00+00:00","article_modified_time":"2026-04-29T19:28:56+00:00","og_image":[{"width":880,"height":587,"url":"https:\/\/emisarioec.com\/wp-content\/uploads\/2026\/04\/1-107.jpg","type":"image\/jpeg"}],"author":"Emisario Ec","twitter_card":"summary_large_image","twitter_misc":{"Escrito por":"Emisario Ec","Tiempo de lectura":"2 minutos"},"schema":{"@context":"https:\/\/schema.org","@graph":[{"@type":"Article","@id":"https:\/\/emisarioec.com\/index.php\/2026\/04\/28\/carlos-encalada-recorrio-los-cantones-isidro-ayora-pedro-carbo-y-lomas-de-sargentillo-aqui-estamos-escuchando-y-trabajando-juntos-por-soluciones-reales\/#article","isPartOf":{"@id":"https:\/\/emisarioec.com\/index.php\/2026\/04\/28\/carlos-encalada-recorrio-los-cantones-isidro-ayora-pedro-carbo-y-lomas-de-sargentillo-aqui-estamos-escuchando-y-trabajando-juntos-por-soluciones-reales\/"},"author":{"name":"Emisario Ec","@id":"https:\/\/emisarioec.com\/#\/schema\/person\/2afb9da152d200f9b3feecf5f92da2d5"},"headline":"Carlos Encalada recorri\u00f3 los cantones Isidro Ayora, Pedro Carbo y Lomas de Sargentillo: \u201cAqu\u00ed estamos, escuchando y trabajando juntos por soluciones reales\u201d","datePublished":"2026-04-28T21:24:00+00:00","dateModified":"2026-04-29T19:28:56+00:00","mainEntityOfPage":{"@id":"https:\/\/emisarioec.com\/index.php\/2026\/04\/28\/carlos-encalada-recorrio-los-cantones-isidro-ayora-pedro-carbo-y-lomas-de-sargentillo-aqui-estamos-escuchando-y-trabajando-juntos-por-soluciones-reales\/"},"wordCount":257,"publisher":{"@id":"https:\/\/emisarioec.com\/#organization"},"image":{"@id":"https:\/\/emisarioec.com\/index.php\/2026\/04\/28\/carlos-encalada-recorrio-los-cantones-isidro-ayora-pedro-carbo-y-lomas-de-sargentillo-aqui-estamos-escuchando-y-trabajando-juntos-por-soluciones-reales\/#primaryimage"},"thumbnailUrl":"https:\/\/emisarioec.com\/wp-content\/uploads\/2026\/04\/1-107.jpg","keywords":["Carlos Encalada","Guayas","Prefectura del Guayas"],"articleSection":["Actualidad"],"inLanguage":"es"},{"@type":"WebPage","@id":"https:\/\/emisarioec.com\/index.php\/2026\/04\/28\/carlos-encalada-recorrio-los-cantones-isidro-ayora-pedro-carbo-y-lomas-de-sargentillo-aqui-estamos-escuchando-y-trabajando-juntos-por-soluciones-reales\/","url":"https:\/\/emisarioec.com\/index.php\/2026\/04\/28\/carlos-encalada-recorrio-los-cantones-isidro-ayora-pedro-carbo-y-lomas-de-sargentillo-aqui-estamos-escuchando-y-trabajando-juntos-por-soluciones-reales\/","name":"Carlos Encalada recorri\u00f3 los cantones Isidro Ayora, Pedro Carbo y Lomas de Sargentillo: \u201cAqu\u00ed estamos, escuchando y trabajando juntos por soluciones reales\u201d - Emisario Ec","isPartOf":{"@id":"https:\/\/emisarioec.com\/#website"},"primaryImageOfPage":{"@id":"https:\/\/emisarioec.com\/index.php\/2026\/04\/28\/carlos-encalada-recorrio-los-cantones-isidro-ayora-pedro-carbo-y-lomas-de-sargentillo-aqui-estamos-escuchando-y-trabajando-juntos-por-soluciones-reales\/#primaryimage"},"image":{"@id":"https:\/\/emisarioec.com\/index.php\/2026\/04\/28\/carlos-encalada-recorrio-los-cantones-isidro-ayora-pedro-carbo-y-lomas-de-sargentillo-aqui-estamos-escuchando-y-trabajando-juntos-por-soluciones-reales\/#primaryimage"},"thumbnailUrl":"https:\/\/emisarioec.com\/wp-content\/uploads\/2026\/04\/1-107.jpg","datePublished":"2026-04-28T21:24:00+00:00","dateModified":"2026-04-29T19:28:56+00:00","breadcrumb":{"@id":"https:\/\/emisarioec.com\/index.php\/2026\/04\/28\/carlos-encalada-recorrio-los-cantones-isidro-ayora-pedro-carbo-y-lomas-de-sargentillo-aqui-estamos-escuchando-y-trabajando-juntos-por-soluciones-reales\/#breadcrumb"},"inLanguage":"es","potentialAction":[{"@type":"ReadAction","target":["https:\/\/emisarioec.com\/index.php\/2026\/04\/28\/carlos-encalada-recorrio-los-cantones-isidro-ayora-pedro-carbo-y-lomas-de-sargentillo-aqui-estamos-escuchando-y-trabajando-juntos-por-soluciones-reales\/"]}]},{"@type":"ImageObject","inLanguage":"es","@id":"https:\/\/emisarioec.com\/index.php\/2026\/04\/28\/carlos-encalada-recorrio-los-cantones-isidro-ayora-pedro-carbo-y-lomas-de-sargentillo-aqui-estamos-escuchando-y-trabajando-juntos-por-soluciones-reales\/#primaryimage","url":"https:\/\/emisarioec.com\/wp-content\/uploads\/2026\/04\/1-107.jpg","contentUrl":"https:\/\/emisarioec.com\/wp-content\/uploads\/2026\/04\/1-107.jpg","width":880,"height":587},{"@type":"BreadcrumbList","@id":"https:\/\/emisarioec.com\/index.php\/2026\/04\/28\/carlos-encalada-recorrio-los-cantones-isidro-ayora-pedro-carbo-y-lomas-de-sargentillo-aqui-estamos-escuchando-y-trabajando-juntos-por-soluciones-reales\/#breadcrumb","itemListElement":[{"@type":"ListItem","position":1,"name":"Portada","item":"https:\/\/emisarioec.com\/"},{"@type":"ListItem","position":2,"name":"Carlos Encalada recorri\u00f3 los cantones Isidro Ayora, Pedro Carbo y Lomas de Sargentillo: \u201cAqu\u00ed estamos, escuchando y trabajando juntos por soluciones reales\u201d"}]},{"@type":"WebSite","@id":"https:\/\/emisarioec.com\/#website","url":"https:\/\/emisarioec.com\/","name":"Emisario Ec","description":"Informar es un derecho que corresponde a hechos","publisher":{"@id":"https:\/\/emisarioec.com\/#organization"},"potentialAction":[{"@type":"SearchAction","target":{"@type":"EntryPoint","urlTemplate":"https:\/\/emisarioec.com\/?s={search_term_string}"},"query-input":{"@type":"PropertyValueSpecification","valueRequired":true,"valueName":"search_term_string"}}],"inLanguage":"es"},{"@type":"Organization","@id":"https:\/\/emisarioec.com\/#organization","name":"Emisario Ec","url":"https:\/\/emisarioec.com\/","logo":{"@type":"ImageObject","inLanguage":"es","@id":"https:\/\/emisarioec.com\/#\/schema\/logo\/image\/","url":"https:\/\/emisarioec.com\/wp-content\/uploads\/2025\/06\/cropped-cropped-emisario-ico.png","contentUrl":"https:\/\/emisarioec.com\/wp-content\/uploads\/2025\/06\/cropped-cropped-emisario-ico.png","width":512,"height":512,"caption":"Emisario Ec"},"image":{"@id":"https:\/\/emisarioec.com\/#\/schema\/logo\/image\/"}},{"@type":"Person","@id":"https:\/\/emisarioec.com\/#\/schema\/person\/2afb9da152d200f9b3feecf5f92da2d5","name":"Emisario Ec","url":"https:\/\/emisarioec.com\/index.php\/author\/admin_roberto\/"}]}},"jetpack_featured_media_url":"https:\/\/emisarioec.com\/wp-content\/uploads\/2026\/04\/1-107.jpg","_links":{"self":[{"href":"https:\/\/emisarioec.com\/index.php\/wp-json\/wp\/v2\/posts\/2740","targetHints":{"allow":["GET"]}}],"collection":[{"href":"https:\/\/emisarioec.com\/index.php\/wp-json\/wp\/v2\/posts"}],"about":[{"href":"https:\/\/emisarioec.com\/index.php\/wp-json\/wp\/v2\/types\/post"}],"author":[{"embeddable":true,"href":"https:\/\/emisarioec.com\/index.php\/wp-json\/wp\/v2\/users\/2"}],"replies":[{"embeddable":true,"href":"https:\/\/emisarioec.com\/index.php\/wp-json\/wp\/v2\/comments?post=2740"}],"version-history":[{"count":2,"href":"https:\/\/emisarioec.com\/index.php\/wp-json\/wp\/v2\/posts\/2740\/revisions"}],"predecessor-version":[{"id":2743,"href":"https:\/\/emisarioec.com\/index.php\/wp-json\/wp\/v2\/posts\/2740\/revisions\/2743"}],"wp:featuredmedia":[{"embeddable":true,"href":"https:\/\/emisarioec.com\/index.php\/wp-json\/wp\/v2\/media\/2741"}],"wp:attachment":[{"href":"https:\/\/emisarioec.com\/index.php\/wp-json\/wp\/v2\/media?parent=2740"}],"wp:term":[{"taxonomy":"category","embeddable":true,"href":"https:\/\/emisarioec.com\/index.php\/wp-json\/wp\/v2\/categories?post=2740"},{"taxonomy":"post_tag","embeddable":true,"href":"https:\/\/emisarioec.com\/index.php\/wp-json\/wp\/v2\/tags?post=2740"}],"curies":[{"name":"wp","href":"https:\/\/api.w.org\/{rel}","templated":true}]}}