{"id":2771,"date":"2026-04-24T17:34:16","date_gmt":"2026-04-24T22:34:16","guid":{"rendered":"https:\/\/emisarioec.com\/?p=2771"},"modified":"2026-04-29T17:34:32","modified_gmt":"2026-04-29T22:34:32","slug":"regreso-a-clases-en-la-costa-redefine-el-consumo-escolar-en-ecuador","status":"publish","type":"post","link":"https:\/\/emisarioec.com\/index.php\/2026\/04\/24\/regreso-a-clases-en-la-costa-redefine-el-consumo-escolar-en-ecuador\/","title":{"rendered":"Regreso a clases en la Costa redefine el consumo escolar en Ecuador\u00a0"},"content":{"rendered":"\n<p>El inicio del ciclo lectivo en el r\u00e9gimen Costa\u2013Gal\u00e1pagos se consolida como un dinamizador del consumo interno en Ecuador, en un sistema que abarca cerca de 9.000 instituciones educativas y m\u00e1s de 100.000 docentes, seg\u00fan el Ministerio de Educaci\u00f3n. En este contexto, el comportamiento de compra muestra decisiones m\u00e1s racionales. Predomina la preferencia por productos duraderos, funcionales y con mejor relaci\u00f3n costo-beneficio. A ello se suma una mayor planificaci\u00f3n del gasto y la b\u00fasqueda de promociones para optimizar el presupuesto familiar.&nbsp;<\/p>\n\n\n\n<p>Frente a este escenario,&nbsp;<strong>Almacenes Estuardo S\u00e1nchez<\/strong>&nbsp;ajusta su oferta a estas nuevas din\u00e1micas de consumo, con estrategias centradas en el ahorro y la compra eficiente. La cadena impulsa promociones en categor\u00edas clave como \u00fatiles escolares, muebles de oficina y termos, con descuentos del 10 %, vigentes&nbsp;hasta el&nbsp;26 de abril&nbsp;para los usuarios&nbsp;de&nbsp;cr\u00e9dito directo.&nbsp;&nbsp;<\/p>\n\n\n\n<p>\u201c<em>Entre las principales tendencias de consumo destacan la preferencia por sets escolares completos, el incremento en la compra anticipada y la elecci\u00f3n de art\u00edculos reutilizables como mochilas resistentes, loncheras t\u00e9rmicas y termos<\/em>\u201d, indic\u00f3 Sara V\u00e1squez, gerente de marketing de Almacenes Estuardo S\u00e1nchez.&nbsp;<\/p>\n\n\n\n<p>Las licencias contin\u00faan marcando la pauta en la decisi\u00f3n de compra, especialmente en los niveles inicial y b\u00e1sico. Para esta temporada, el mercado presenta una fuerte presencia de productos inspirados en franquicias como Disney,&nbsp;Sanrio,&nbsp;DreamWorks,&nbsp;Star&nbsp;Wars, Marvel y Sega, que combinan funcionalidad con elementos de identificaci\u00f3n para los estudiantes.&nbsp;<\/p>\n\n\n\n<p>El portafolio de la cadena incluye mochilas, loncheras y cartucheras en distintos rangos de precio, as\u00ed como combos escolares que permiten cubrir listas completas en una sola compra. Adem\u00e1s, incorpora incentivos por volumen, como art\u00edculos adicionales en compras que superen ciertos montos, una pr\u00e1ctica cada vez m\u00e1s valorada por los consumidores.&nbsp;<\/p>\n\n\n\n<p>Otras&nbsp;atractivas&nbsp;promociones destacan mochilas desde $8,99; cuadernos cosidos desde $1,08; l\u00e1pices de colores (caja de 12) por $1,59; y sacapuntas desde $0,05. Asimismo, los accesorios escolares \u2014como mochilas, loncheras y cartucheras\u2014 contar\u00e1n con descuentos de hasta el 50 %.&nbsp;<\/p>\n\n\n\n<p>El auge del comercio electr\u00f3nico tambi\u00e9n juega un papel clave en la campa\u00f1a de regreso a clases.&nbsp;<em>\u201cNuestra tienda virtual ha cobrado gran relevancia, permitiendo a los clientes comparar productos, acceder a ofertas exclusivas y comprar con total comodidad\u201d<\/em>, afirma&nbsp;Sara V\u00e1squez.&nbsp;<\/p>\n\n\n\n<p>El regreso a clases, m\u00e1s all\u00e1 de su dimensi\u00f3n educativa, se consolida como un term\u00f3metro del consumo interno. Este a\u00f1o, la temporada refleja un mercado m\u00e1s competitivo y un consumidor m\u00e1s estrat\u00e9gico, en el que el equilibrio entre precio, calidad y valor agregado ser\u00e1 determinante en la decisi\u00f3n de compra.&nbsp;<\/p>\n","protected":false},"excerpt":{"rendered":"<p>Almacenes Estuardo S\u00e1nchez presenta su estrategia comercial para un consumidor m\u00e1s racional, con descuentos y portafolio ampliado de licencias globales <\/p>\n","protected":false},"author":2,"featured_media":2772,"comment_status":"closed","ping_status":"open","sticky":false,"template":"","format":"standard","meta":{"footnotes":""},"categories":[1],"tags":[1265,1264,1263],"class_list":["post-2771","post","type-post","status-publish","format-standard","has-post-thumbnail","hentry","category-comunidad","tag-almacenes-estuardo-sanchez","tag-regimen-costa-galapagos-2","tag-regreso-a-clases"],"yoast_head":"<!-- This site is optimized with the Yoast SEO plugin v27.5 - https:\/\/yoast.com\/product\/yoast-seo-wordpress\/ -->\n<title>Regreso a clases en la Costa redefine el consumo escolar en Ecuador\u00a0 - Emisario Ec<\/title>\n<meta name=\"robots\" content=\"index, follow, max-snippet:-1, max-image-preview:large, max-video-preview:-1\" \/>\n<link rel=\"canonical\" href=\"https:\/\/emisarioec.com\/index.php\/2026\/04\/24\/regreso-a-clases-en-la-costa-redefine-el-consumo-escolar-en-ecuador\/\" \/>\n<meta property=\"og:locale\" content=\"es_ES\" \/>\n<meta property=\"og:type\" content=\"article\" \/>\n<meta property=\"og:title\" content=\"Regreso a clases en la Costa redefine el consumo escolar en Ecuador\u00a0 - Emisario Ec\" \/>\n<meta property=\"og:description\" content=\"Almacenes Estuardo S\u00e1nchez presenta su estrategia comercial para un consumidor m\u00e1s racional, con descuentos y portafolio ampliado de licencias globales\" \/>\n<meta property=\"og:url\" content=\"https:\/\/emisarioec.com\/index.php\/2026\/04\/24\/regreso-a-clases-en-la-costa-redefine-el-consumo-escolar-en-ecuador\/\" \/>\n<meta property=\"og:site_name\" content=\"Emisario Ec\" \/>\n<meta property=\"article:published_time\" content=\"2026-04-24T22:34:16+00:00\" \/>\n<meta property=\"article:modified_time\" content=\"2026-04-29T22:34:32+00:00\" \/>\n<meta property=\"og:image\" content=\"https:\/\/emisarioec.com\/wp-content\/uploads\/2026\/04\/1-115.jpg\" \/>\n\t<meta property=\"og:image:width\" content=\"869\" \/>\n\t<meta property=\"og:image:height\" content=\"652\" \/>\n\t<meta property=\"og:image:type\" content=\"image\/jpeg\" \/>\n<meta name=\"author\" content=\"Emisario Ec\" \/>\n<meta name=\"twitter:card\" content=\"summary_large_image\" \/>\n<meta name=\"twitter:label1\" content=\"Escrito por\" \/>\n\t<meta name=\"twitter:data1\" content=\"Emisario Ec\" \/>\n\t<meta name=\"twitter:label2\" content=\"Tiempo de lectura\" \/>\n\t<meta name=\"twitter:data2\" content=\"3 minutos\" \/>\n<script type=\"application\/ld+json\" class=\"yoast-schema-graph\">{\"@context\":\"https:\\\/\\\/schema.org\",\"@graph\":[{\"@type\":\"Article\",\"@id\":\"https:\\\/\\\/emisarioec.com\\\/index.php\\\/2026\\\/04\\\/24\\\/regreso-a-clases-en-la-costa-redefine-el-consumo-escolar-en-ecuador\\\/#article\",\"isPartOf\":{\"@id\":\"https:\\\/\\\/emisarioec.com\\\/index.php\\\/2026\\\/04\\\/24\\\/regreso-a-clases-en-la-costa-redefine-el-consumo-escolar-en-ecuador\\\/\"},\"author\":{\"name\":\"Emisario Ec\",\"@id\":\"https:\\\/\\\/emisarioec.com\\\/#\\\/schema\\\/person\\\/2afb9da152d200f9b3feecf5f92da2d5\"},\"headline\":\"Regreso a clases en la Costa redefine el consumo escolar en Ecuador\u00a0\",\"datePublished\":\"2026-04-24T22:34:16+00:00\",\"dateModified\":\"2026-04-29T22:34:32+00:00\",\"mainEntityOfPage\":{\"@id\":\"https:\\\/\\\/emisarioec.com\\\/index.php\\\/2026\\\/04\\\/24\\\/regreso-a-clases-en-la-costa-redefine-el-consumo-escolar-en-ecuador\\\/\"},\"wordCount\":480,\"publisher\":{\"@id\":\"https:\\\/\\\/emisarioec.com\\\/#organization\"},\"image\":{\"@id\":\"https:\\\/\\\/emisarioec.com\\\/index.php\\\/2026\\\/04\\\/24\\\/regreso-a-clases-en-la-costa-redefine-el-consumo-escolar-en-ecuador\\\/#primaryimage\"},\"thumbnailUrl\":\"https:\\\/\\\/emisarioec.com\\\/wp-content\\\/uploads\\\/2026\\\/04\\\/1-115.jpg\",\"keywords\":[\"Almacenes Estuardo S\u00e1nchez\",\"r\u00e9gimen Costa\u2013Gal\u00e1pagos\",\"Regreso a clases\"],\"articleSection\":[\"Comunidad\"],\"inLanguage\":\"es\"},{\"@type\":\"WebPage\",\"@id\":\"https:\\\/\\\/emisarioec.com\\\/index.php\\\/2026\\\/04\\\/24\\\/regreso-a-clases-en-la-costa-redefine-el-consumo-escolar-en-ecuador\\\/\",\"url\":\"https:\\\/\\\/emisarioec.com\\\/index.php\\\/2026\\\/04\\\/24\\\/regreso-a-clases-en-la-costa-redefine-el-consumo-escolar-en-ecuador\\\/\",\"name\":\"Regreso a clases en la Costa redefine el consumo escolar en Ecuador\u00a0 - Emisario Ec\",\"isPartOf\":{\"@id\":\"https:\\\/\\\/emisarioec.com\\\/#website\"},\"primaryImageOfPage\":{\"@id\":\"https:\\\/\\\/emisarioec.com\\\/index.php\\\/2026\\\/04\\\/24\\\/regreso-a-clases-en-la-costa-redefine-el-consumo-escolar-en-ecuador\\\/#primaryimage\"},\"image\":{\"@id\":\"https:\\\/\\\/emisarioec.com\\\/index.php\\\/2026\\\/04\\\/24\\\/regreso-a-clases-en-la-costa-redefine-el-consumo-escolar-en-ecuador\\\/#primaryimage\"},\"thumbnailUrl\":\"https:\\\/\\\/emisarioec.com\\\/wp-content\\\/uploads\\\/2026\\\/04\\\/1-115.jpg\",\"datePublished\":\"2026-04-24T22:34:16+00:00\",\"dateModified\":\"2026-04-29T22:34:32+00:00\",\"breadcrumb\":{\"@id\":\"https:\\\/\\\/emisarioec.com\\\/index.php\\\/2026\\\/04\\\/24\\\/regreso-a-clases-en-la-costa-redefine-el-consumo-escolar-en-ecuador\\\/#breadcrumb\"},\"inLanguage\":\"es\",\"potentialAction\":[{\"@type\":\"ReadAction\",\"target\":[\"https:\\\/\\\/emisarioec.com\\\/index.php\\\/2026\\\/04\\\/24\\\/regreso-a-clases-en-la-costa-redefine-el-consumo-escolar-en-ecuador\\\/\"]}]},{\"@type\":\"ImageObject\",\"inLanguage\":\"es\",\"@id\":\"https:\\\/\\\/emisarioec.com\\\/index.php\\\/2026\\\/04\\\/24\\\/regreso-a-clases-en-la-costa-redefine-el-consumo-escolar-en-ecuador\\\/#primaryimage\",\"url\":\"https:\\\/\\\/emisarioec.com\\\/wp-content\\\/uploads\\\/2026\\\/04\\\/1-115.jpg\",\"contentUrl\":\"https:\\\/\\\/emisarioec.com\\\/wp-content\\\/uploads\\\/2026\\\/04\\\/1-115.jpg\",\"width\":869,\"height\":652},{\"@type\":\"BreadcrumbList\",\"@id\":\"https:\\\/\\\/emisarioec.com\\\/index.php\\\/2026\\\/04\\\/24\\\/regreso-a-clases-en-la-costa-redefine-el-consumo-escolar-en-ecuador\\\/#breadcrumb\",\"itemListElement\":[{\"@type\":\"ListItem\",\"position\":1,\"name\":\"Portada\",\"item\":\"https:\\\/\\\/emisarioec.com\\\/\"},{\"@type\":\"ListItem\",\"position\":2,\"name\":\"Regreso a clases en la Costa redefine el consumo escolar en Ecuador\u00a0\"}]},{\"@type\":\"WebSite\",\"@id\":\"https:\\\/\\\/emisarioec.com\\\/#website\",\"url\":\"https:\\\/\\\/emisarioec.com\\\/\",\"name\":\"Emisario Ec\",\"description\":\"Informar es un derecho que corresponde a hechos\",\"publisher\":{\"@id\":\"https:\\\/\\\/emisarioec.com\\\/#organization\"},\"potentialAction\":[{\"@type\":\"SearchAction\",\"target\":{\"@type\":\"EntryPoint\",\"urlTemplate\":\"https:\\\/\\\/emisarioec.com\\\/?s={search_term_string}\"},\"query-input\":{\"@type\":\"PropertyValueSpecification\",\"valueRequired\":true,\"valueName\":\"search_term_string\"}}],\"inLanguage\":\"es\"},{\"@type\":\"Organization\",\"@id\":\"https:\\\/\\\/emisarioec.com\\\/#organization\",\"name\":\"Emisario Ec\",\"url\":\"https:\\\/\\\/emisarioec.com\\\/\",\"logo\":{\"@type\":\"ImageObject\",\"inLanguage\":\"es\",\"@id\":\"https:\\\/\\\/emisarioec.com\\\/#\\\/schema\\\/logo\\\/image\\\/\",\"url\":\"https:\\\/\\\/emisarioec.com\\\/wp-content\\\/uploads\\\/2025\\\/06\\\/cropped-cropped-emisario-ico.png\",\"contentUrl\":\"https:\\\/\\\/emisarioec.com\\\/wp-content\\\/uploads\\\/2025\\\/06\\\/cropped-cropped-emisario-ico.png\",\"width\":512,\"height\":512,\"caption\":\"Emisario Ec\"},\"image\":{\"@id\":\"https:\\\/\\\/emisarioec.com\\\/#\\\/schema\\\/logo\\\/image\\\/\"}},{\"@type\":\"Person\",\"@id\":\"https:\\\/\\\/emisarioec.com\\\/#\\\/schema\\\/person\\\/2afb9da152d200f9b3feecf5f92da2d5\",\"name\":\"Emisario Ec\",\"url\":\"https:\\\/\\\/emisarioec.com\\\/index.php\\\/author\\\/admin_roberto\\\/\"}]}<\/script>\n<!-- \/ Yoast SEO plugin. -->","yoast_head_json":{"title":"Regreso a clases en la Costa redefine el consumo escolar en Ecuador\u00a0 - Emisario Ec","robots":{"index":"index","follow":"follow","max-snippet":"max-snippet:-1","max-image-preview":"max-image-preview:large","max-video-preview":"max-video-preview:-1"},"canonical":"https:\/\/emisarioec.com\/index.php\/2026\/04\/24\/regreso-a-clases-en-la-costa-redefine-el-consumo-escolar-en-ecuador\/","og_locale":"es_ES","og_type":"article","og_title":"Regreso a clases en la Costa redefine el consumo escolar en Ecuador\u00a0 - Emisario Ec","og_description":"Almacenes Estuardo S\u00e1nchez presenta su estrategia comercial para un consumidor m\u00e1s racional, con descuentos y portafolio ampliado de licencias globales","og_url":"https:\/\/emisarioec.com\/index.php\/2026\/04\/24\/regreso-a-clases-en-la-costa-redefine-el-consumo-escolar-en-ecuador\/","og_site_name":"Emisario Ec","article_published_time":"2026-04-24T22:34:16+00:00","article_modified_time":"2026-04-29T22:34:32+00:00","og_image":[{"width":869,"height":652,"url":"https:\/\/emisarioec.com\/wp-content\/uploads\/2026\/04\/1-115.jpg","type":"image\/jpeg"}],"author":"Emisario Ec","twitter_card":"summary_large_image","twitter_misc":{"Escrito por":"Emisario Ec","Tiempo de lectura":"3 minutos"},"schema":{"@context":"https:\/\/schema.org","@graph":[{"@type":"Article","@id":"https:\/\/emisarioec.com\/index.php\/2026\/04\/24\/regreso-a-clases-en-la-costa-redefine-el-consumo-escolar-en-ecuador\/#article","isPartOf":{"@id":"https:\/\/emisarioec.com\/index.php\/2026\/04\/24\/regreso-a-clases-en-la-costa-redefine-el-consumo-escolar-en-ecuador\/"},"author":{"name":"Emisario Ec","@id":"https:\/\/emisarioec.com\/#\/schema\/person\/2afb9da152d200f9b3feecf5f92da2d5"},"headline":"Regreso a clases en la Costa redefine el consumo escolar en Ecuador\u00a0","datePublished":"2026-04-24T22:34:16+00:00","dateModified":"2026-04-29T22:34:32+00:00","mainEntityOfPage":{"@id":"https:\/\/emisarioec.com\/index.php\/2026\/04\/24\/regreso-a-clases-en-la-costa-redefine-el-consumo-escolar-en-ecuador\/"},"wordCount":480,"publisher":{"@id":"https:\/\/emisarioec.com\/#organization"},"image":{"@id":"https:\/\/emisarioec.com\/index.php\/2026\/04\/24\/regreso-a-clases-en-la-costa-redefine-el-consumo-escolar-en-ecuador\/#primaryimage"},"thumbnailUrl":"https:\/\/emisarioec.com\/wp-content\/uploads\/2026\/04\/1-115.jpg","keywords":["Almacenes Estuardo S\u00e1nchez","r\u00e9gimen Costa\u2013Gal\u00e1pagos","Regreso a clases"],"articleSection":["Comunidad"],"inLanguage":"es"},{"@type":"WebPage","@id":"https:\/\/emisarioec.com\/index.php\/2026\/04\/24\/regreso-a-clases-en-la-costa-redefine-el-consumo-escolar-en-ecuador\/","url":"https:\/\/emisarioec.com\/index.php\/2026\/04\/24\/regreso-a-clases-en-la-costa-redefine-el-consumo-escolar-en-ecuador\/","name":"Regreso a clases en la Costa redefine el consumo escolar en Ecuador\u00a0 - Emisario Ec","isPartOf":{"@id":"https:\/\/emisarioec.com\/#website"},"primaryImageOfPage":{"@id":"https:\/\/emisarioec.com\/index.php\/2026\/04\/24\/regreso-a-clases-en-la-costa-redefine-el-consumo-escolar-en-ecuador\/#primaryimage"},"image":{"@id":"https:\/\/emisarioec.com\/index.php\/2026\/04\/24\/regreso-a-clases-en-la-costa-redefine-el-consumo-escolar-en-ecuador\/#primaryimage"},"thumbnailUrl":"https:\/\/emisarioec.com\/wp-content\/uploads\/2026\/04\/1-115.jpg","datePublished":"2026-04-24T22:34:16+00:00","dateModified":"2026-04-29T22:34:32+00:00","breadcrumb":{"@id":"https:\/\/emisarioec.com\/index.php\/2026\/04\/24\/regreso-a-clases-en-la-costa-redefine-el-consumo-escolar-en-ecuador\/#breadcrumb"},"inLanguage":"es","potentialAction":[{"@type":"ReadAction","target":["https:\/\/emisarioec.com\/index.php\/2026\/04\/24\/regreso-a-clases-en-la-costa-redefine-el-consumo-escolar-en-ecuador\/"]}]},{"@type":"ImageObject","inLanguage":"es","@id":"https:\/\/emisarioec.com\/index.php\/2026\/04\/24\/regreso-a-clases-en-la-costa-redefine-el-consumo-escolar-en-ecuador\/#primaryimage","url":"https:\/\/emisarioec.com\/wp-content\/uploads\/2026\/04\/1-115.jpg","contentUrl":"https:\/\/emisarioec.com\/wp-content\/uploads\/2026\/04\/1-115.jpg","width":869,"height":652},{"@type":"BreadcrumbList","@id":"https:\/\/emisarioec.com\/index.php\/2026\/04\/24\/regreso-a-clases-en-la-costa-redefine-el-consumo-escolar-en-ecuador\/#breadcrumb","itemListElement":[{"@type":"ListItem","position":1,"name":"Portada","item":"https:\/\/emisarioec.com\/"},{"@type":"ListItem","position":2,"name":"Regreso a clases en la Costa redefine el consumo escolar en Ecuador\u00a0"}]},{"@type":"WebSite","@id":"https:\/\/emisarioec.com\/#website","url":"https:\/\/emisarioec.com\/","name":"Emisario Ec","description":"Informar es un derecho que corresponde a hechos","publisher":{"@id":"https:\/\/emisarioec.com\/#organization"},"potentialAction":[{"@type":"SearchAction","target":{"@type":"EntryPoint","urlTemplate":"https:\/\/emisarioec.com\/?s={search_term_string}"},"query-input":{"@type":"PropertyValueSpecification","valueRequired":true,"valueName":"search_term_string"}}],"inLanguage":"es"},{"@type":"Organization","@id":"https:\/\/emisarioec.com\/#organization","name":"Emisario Ec","url":"https:\/\/emisarioec.com\/","logo":{"@type":"ImageObject","inLanguage":"es","@id":"https:\/\/emisarioec.com\/#\/schema\/logo\/image\/","url":"https:\/\/emisarioec.com\/wp-content\/uploads\/2025\/06\/cropped-cropped-emisario-ico.png","contentUrl":"https:\/\/emisarioec.com\/wp-content\/uploads\/2025\/06\/cropped-cropped-emisario-ico.png","width":512,"height":512,"caption":"Emisario Ec"},"image":{"@id":"https:\/\/emisarioec.com\/#\/schema\/logo\/image\/"}},{"@type":"Person","@id":"https:\/\/emisarioec.com\/#\/schema\/person\/2afb9da152d200f9b3feecf5f92da2d5","name":"Emisario Ec","url":"https:\/\/emisarioec.com\/index.php\/author\/admin_roberto\/"}]}},"jetpack_featured_media_url":"https:\/\/emisarioec.com\/wp-content\/uploads\/2026\/04\/1-115.jpg","_links":{"self":[{"href":"https:\/\/emisarioec.com\/index.php\/wp-json\/wp\/v2\/posts\/2771","targetHints":{"allow":["GET"]}}],"collection":[{"href":"https:\/\/emisarioec.com\/index.php\/wp-json\/wp\/v2\/posts"}],"about":[{"href":"https:\/\/emisarioec.com\/index.php\/wp-json\/wp\/v2\/types\/post"}],"author":[{"embeddable":true,"href":"https:\/\/emisarioec.com\/index.php\/wp-json\/wp\/v2\/users\/2"}],"replies":[{"embeddable":true,"href":"https:\/\/emisarioec.com\/index.php\/wp-json\/wp\/v2\/comments?post=2771"}],"version-history":[{"count":1,"href":"https:\/\/emisarioec.com\/index.php\/wp-json\/wp\/v2\/posts\/2771\/revisions"}],"predecessor-version":[{"id":2773,"href":"https:\/\/emisarioec.com\/index.php\/wp-json\/wp\/v2\/posts\/2771\/revisions\/2773"}],"wp:featuredmedia":[{"embeddable":true,"href":"https:\/\/emisarioec.com\/index.php\/wp-json\/wp\/v2\/media\/2772"}],"wp:attachment":[{"href":"https:\/\/emisarioec.com\/index.php\/wp-json\/wp\/v2\/media?parent=2771"}],"wp:term":[{"taxonomy":"category","embeddable":true,"href":"https:\/\/emisarioec.com\/index.php\/wp-json\/wp\/v2\/categories?post=2771"},{"taxonomy":"post_tag","embeddable":true,"href":"https:\/\/emisarioec.com\/index.php\/wp-json\/wp\/v2\/tags?post=2771"}],"curies":[{"name":"wp","href":"https:\/\/api.w.org\/{rel}","templated":true}]}}