{"id":2786,"date":"2026-04-30T10:00:00","date_gmt":"2026-04-30T15:00:00","guid":{"rendered":"https:\/\/emisarioec.com\/?p=2786"},"modified":"2026-04-30T15:35:47","modified_gmt":"2026-04-30T20:35:47","slug":"miel-san-marcos-celebra-25-anos-de-trayectoria-con-el-lanzamiento-de-su-libro-como-en-el-cielo","status":"publish","type":"post","link":"https:\/\/emisarioec.com\/index.php\/2026\/04\/30\/miel-san-marcos-celebra-25-anos-de-trayectoria-con-el-lanzamiento-de-su-libro-como-en-el-cielo\/","title":{"rendered":"Miel San Marcos celebra 25 a\u00f1os de trayectoria con el lanzamiento de su libro \u201cComo en el Cielo\u201d"},"content":{"rendered":"\n<p>El reconocido ministerio de adoraci\u00f3n&nbsp;Miel San Marcos&nbsp;contin\u00faa consolidando su impacto global al superar los&nbsp;<strong>6.5 millones de seguidores en sus redes sociales<\/strong>&nbsp;y alcanzar m\u00e1s de&nbsp;<strong>3.5 millones de suscriptores en YouTube<\/strong>, posicion\u00e1ndose como el grupo de m\u00fasica cristiana en espa\u00f1ol m\u00e1s influyente de la actualidad.<\/p>\n\n\n\n<p>Con una trayectoria que ha marcado la historia de la m\u00fasica de adoraci\u00f3n contempor\u00e1nea, la agrupaci\u00f3n ha logrado llenar escenarios de talla internacional como el&nbsp;Madison Square Garden&nbsp;y el&nbsp;Crypto.com Arena, donde han protagonizado giras completamente agotadas en cada una de sus presentaciones alrededor del mundo.<\/p>\n\n\n\n<p><strong>Un nuevo cap\u00edtulo: el lanzamiento de \u201cComo en el Cielo\u201d<\/strong><\/p>\n\n\n\n<p>En medio de este crecimiento global, Miel San Marcos presenta su nuevo libro&nbsp;<strong>Como en el Cielo<\/strong>, una obra que trasciende el escenario musical para convertirse en una gu\u00eda de vida enfocada en tres pilares fundamentales:&nbsp;<strong>adoraci\u00f3n, familia y legado espiritual<\/strong>.<br>El libro propone llevar la experiencia de la adoraci\u00f3n m\u00e1s all\u00e1 de la m\u00fasica, integr\u00e1ndola en la vida cotidiana y especialmente en el hogar, como base para la formaci\u00f3n de nuevas generaciones con principios de fe s\u00f3lidos.<\/p>\n\n\n\n<p><strong>Una historia de unidad, fe y legado generacional<\/strong><\/p>\n\n\n\n<p>Los hermanos&nbsp;Josh Morales,&nbsp;Luis Morales&nbsp;y&nbsp;Samy Morales, fundadores de&nbsp;Miel San Marcos, han construido durante m\u00e1s de dos d\u00e9cadas un ministerio basado en la unidad familiar, la obediencia y la fe generacional.<br>A lo largo de su trayectoria, sus esposas e hijos tambi\u00e9n se han integrado al ministerio, participando activamente en conferencias y eventos internacionales, fortaleciendo as\u00ed un legado espiritual que trasciende generaciones.<br><strong>Un mensaje que conecta con millones<\/strong><br>El impacto de Miel San Marcos no solo se refleja en sus cifras digitales o en sus giras internacionales, sino en el mensaje que han llevado a millones de personas alrededor del mundo: la adoraci\u00f3n como estilo de vida y la fe como fundamento en el hogar.<br>Con el lanzamiento de&nbsp;<strong>Como en el Cielo<\/strong>, el ministerio abre un nuevo cap\u00edtulo en su historia, ampliando su influencia m\u00e1s all\u00e1 de la m\u00fasica hacia la literatura cristiana contempor\u00e1nea.<\/p>\n\n\n\n<p><strong>Sobre Miel San Marcos<\/strong><\/p>\n\n\n\n<p>Miel San Marcos&nbsp;es uno de los ministerios de adoraci\u00f3n m\u00e1s influyentes del mundo hispano. Fundado por los hermanos Josh, Luis y Samy Morales, ha impactado a millones de personas a trav\u00e9s de su m\u00fasica, giras internacionales y un mensaje centrado en la fe, la familia y la adoraci\u00f3n.<\/p>\n","protected":false},"excerpt":{"rendered":"<p>Con una trayectoria que ha marcado la historia de la m\u00fasica de adoraci\u00f3n contempor\u00e1nea<\/p>\n","protected":false},"author":2,"featured_media":2787,"comment_status":"closed","ping_status":"open","sticky":false,"template":"","format":"standard","meta":{"footnotes":""},"categories":[18],"tags":[1270,1271,1269],"class_list":["post-2786","post","type-post","status-publish","format-standard","has-post-thumbnail","hentry","category-musica","tag-como-en-el-cielo","tag-libro","tag-miel-san-marcos"],"yoast_head":"<!-- This site is optimized with the Yoast SEO plugin v27.5 - https:\/\/yoast.com\/product\/yoast-seo-wordpress\/ -->\n<title>Miel San Marcos celebra 25 a\u00f1os de trayectoria con el lanzamiento de su libro \u201cComo en el Cielo\u201d - Emisario Ec<\/title>\n<meta name=\"robots\" content=\"index, follow, max-snippet:-1, max-image-preview:large, max-video-preview:-1\" \/>\n<link rel=\"canonical\" href=\"https:\/\/emisarioec.com\/index.php\/2026\/04\/30\/miel-san-marcos-celebra-25-anos-de-trayectoria-con-el-lanzamiento-de-su-libro-como-en-el-cielo\/\" \/>\n<meta property=\"og:locale\" content=\"es_ES\" \/>\n<meta property=\"og:type\" content=\"article\" \/>\n<meta property=\"og:title\" content=\"Miel San Marcos celebra 25 a\u00f1os de trayectoria con el lanzamiento de su libro \u201cComo en el Cielo\u201d - Emisario Ec\" \/>\n<meta property=\"og:description\" content=\"Con una trayectoria que ha marcado la historia de la m\u00fasica de adoraci\u00f3n contempor\u00e1nea\" \/>\n<meta property=\"og:url\" content=\"https:\/\/emisarioec.com\/index.php\/2026\/04\/30\/miel-san-marcos-celebra-25-anos-de-trayectoria-con-el-lanzamiento-de-su-libro-como-en-el-cielo\/\" \/>\n<meta property=\"og:site_name\" content=\"Emisario Ec\" \/>\n<meta property=\"article:published_time\" content=\"2026-04-30T15:00:00+00:00\" \/>\n<meta property=\"article:modified_time\" content=\"2026-04-30T20:35:47+00:00\" \/>\n<meta property=\"og:image\" content=\"https:\/\/emisarioec.com\/wp-content\/uploads\/2026\/04\/1-119.jpg\" \/>\n\t<meta property=\"og:image:width\" content=\"874\" \/>\n\t<meta property=\"og:image:height\" content=\"1302\" \/>\n\t<meta property=\"og:image:type\" content=\"image\/jpeg\" \/>\n<meta name=\"author\" content=\"Emisario Ec\" \/>\n<meta name=\"twitter:card\" content=\"summary_large_image\" \/>\n<meta name=\"twitter:label1\" content=\"Escrito por\" \/>\n\t<meta name=\"twitter:data1\" content=\"Emisario Ec\" \/>\n\t<meta name=\"twitter:label2\" content=\"Tiempo de lectura\" \/>\n\t<meta name=\"twitter:data2\" content=\"2 minutos\" \/>\n<script type=\"application\/ld+json\" class=\"yoast-schema-graph\">{\"@context\":\"https:\\\/\\\/schema.org\",\"@graph\":[{\"@type\":\"Article\",\"@id\":\"https:\\\/\\\/emisarioec.com\\\/index.php\\\/2026\\\/04\\\/30\\\/miel-san-marcos-celebra-25-anos-de-trayectoria-con-el-lanzamiento-de-su-libro-como-en-el-cielo\\\/#article\",\"isPartOf\":{\"@id\":\"https:\\\/\\\/emisarioec.com\\\/index.php\\\/2026\\\/04\\\/30\\\/miel-san-marcos-celebra-25-anos-de-trayectoria-con-el-lanzamiento-de-su-libro-como-en-el-cielo\\\/\"},\"author\":{\"name\":\"Emisario Ec\",\"@id\":\"https:\\\/\\\/emisarioec.com\\\/#\\\/schema\\\/person\\\/2afb9da152d200f9b3feecf5f92da2d5\"},\"headline\":\"Miel San Marcos celebra 25 a\u00f1os de trayectoria con el lanzamiento de su libro \u201cComo en el Cielo\u201d\",\"datePublished\":\"2026-04-30T15:00:00+00:00\",\"dateModified\":\"2026-04-30T20:35:47+00:00\",\"mainEntityOfPage\":{\"@id\":\"https:\\\/\\\/emisarioec.com\\\/index.php\\\/2026\\\/04\\\/30\\\/miel-san-marcos-celebra-25-anos-de-trayectoria-con-el-lanzamiento-de-su-libro-como-en-el-cielo\\\/\"},\"wordCount\":459,\"publisher\":{\"@id\":\"https:\\\/\\\/emisarioec.com\\\/#organization\"},\"image\":{\"@id\":\"https:\\\/\\\/emisarioec.com\\\/index.php\\\/2026\\\/04\\\/30\\\/miel-san-marcos-celebra-25-anos-de-trayectoria-con-el-lanzamiento-de-su-libro-como-en-el-cielo\\\/#primaryimage\"},\"thumbnailUrl\":\"https:\\\/\\\/emisarioec.com\\\/wp-content\\\/uploads\\\/2026\\\/04\\\/1-119.jpg\",\"keywords\":[\"\u201cComo en el Cielo\u201d\",\"libro\",\"Miel San Marcos\"],\"articleSection\":[\"M\u00fasica\"],\"inLanguage\":\"es\"},{\"@type\":\"WebPage\",\"@id\":\"https:\\\/\\\/emisarioec.com\\\/index.php\\\/2026\\\/04\\\/30\\\/miel-san-marcos-celebra-25-anos-de-trayectoria-con-el-lanzamiento-de-su-libro-como-en-el-cielo\\\/\",\"url\":\"https:\\\/\\\/emisarioec.com\\\/index.php\\\/2026\\\/04\\\/30\\\/miel-san-marcos-celebra-25-anos-de-trayectoria-con-el-lanzamiento-de-su-libro-como-en-el-cielo\\\/\",\"name\":\"Miel San Marcos celebra 25 a\u00f1os de trayectoria con el lanzamiento de su libro \u201cComo en el Cielo\u201d - Emisario Ec\",\"isPartOf\":{\"@id\":\"https:\\\/\\\/emisarioec.com\\\/#website\"},\"primaryImageOfPage\":{\"@id\":\"https:\\\/\\\/emisarioec.com\\\/index.php\\\/2026\\\/04\\\/30\\\/miel-san-marcos-celebra-25-anos-de-trayectoria-con-el-lanzamiento-de-su-libro-como-en-el-cielo\\\/#primaryimage\"},\"image\":{\"@id\":\"https:\\\/\\\/emisarioec.com\\\/index.php\\\/2026\\\/04\\\/30\\\/miel-san-marcos-celebra-25-anos-de-trayectoria-con-el-lanzamiento-de-su-libro-como-en-el-cielo\\\/#primaryimage\"},\"thumbnailUrl\":\"https:\\\/\\\/emisarioec.com\\\/wp-content\\\/uploads\\\/2026\\\/04\\\/1-119.jpg\",\"datePublished\":\"2026-04-30T15:00:00+00:00\",\"dateModified\":\"2026-04-30T20:35:47+00:00\",\"breadcrumb\":{\"@id\":\"https:\\\/\\\/emisarioec.com\\\/index.php\\\/2026\\\/04\\\/30\\\/miel-san-marcos-celebra-25-anos-de-trayectoria-con-el-lanzamiento-de-su-libro-como-en-el-cielo\\\/#breadcrumb\"},\"inLanguage\":\"es\",\"potentialAction\":[{\"@type\":\"ReadAction\",\"target\":[\"https:\\\/\\\/emisarioec.com\\\/index.php\\\/2026\\\/04\\\/30\\\/miel-san-marcos-celebra-25-anos-de-trayectoria-con-el-lanzamiento-de-su-libro-como-en-el-cielo\\\/\"]}]},{\"@type\":\"ImageObject\",\"inLanguage\":\"es\",\"@id\":\"https:\\\/\\\/emisarioec.com\\\/index.php\\\/2026\\\/04\\\/30\\\/miel-san-marcos-celebra-25-anos-de-trayectoria-con-el-lanzamiento-de-su-libro-como-en-el-cielo\\\/#primaryimage\",\"url\":\"https:\\\/\\\/emisarioec.com\\\/wp-content\\\/uploads\\\/2026\\\/04\\\/1-119.jpg\",\"contentUrl\":\"https:\\\/\\\/emisarioec.com\\\/wp-content\\\/uploads\\\/2026\\\/04\\\/1-119.jpg\",\"width\":874,\"height\":1302},{\"@type\":\"BreadcrumbList\",\"@id\":\"https:\\\/\\\/emisarioec.com\\\/index.php\\\/2026\\\/04\\\/30\\\/miel-san-marcos-celebra-25-anos-de-trayectoria-con-el-lanzamiento-de-su-libro-como-en-el-cielo\\\/#breadcrumb\",\"itemListElement\":[{\"@type\":\"ListItem\",\"position\":1,\"name\":\"Portada\",\"item\":\"https:\\\/\\\/emisarioec.com\\\/\"},{\"@type\":\"ListItem\",\"position\":2,\"name\":\"Miel San Marcos celebra 25 a\u00f1os de trayectoria con el lanzamiento de su libro \u201cComo en el Cielo\u201d\"}]},{\"@type\":\"WebSite\",\"@id\":\"https:\\\/\\\/emisarioec.com\\\/#website\",\"url\":\"https:\\\/\\\/emisarioec.com\\\/\",\"name\":\"Emisario Ec\",\"description\":\"Informar es un derecho que corresponde a hechos\",\"publisher\":{\"@id\":\"https:\\\/\\\/emisarioec.com\\\/#organization\"},\"potentialAction\":[{\"@type\":\"SearchAction\",\"target\":{\"@type\":\"EntryPoint\",\"urlTemplate\":\"https:\\\/\\\/emisarioec.com\\\/?s={search_term_string}\"},\"query-input\":{\"@type\":\"PropertyValueSpecification\",\"valueRequired\":true,\"valueName\":\"search_term_string\"}}],\"inLanguage\":\"es\"},{\"@type\":\"Organization\",\"@id\":\"https:\\\/\\\/emisarioec.com\\\/#organization\",\"name\":\"Emisario Ec\",\"url\":\"https:\\\/\\\/emisarioec.com\\\/\",\"logo\":{\"@type\":\"ImageObject\",\"inLanguage\":\"es\",\"@id\":\"https:\\\/\\\/emisarioec.com\\\/#\\\/schema\\\/logo\\\/image\\\/\",\"url\":\"https:\\\/\\\/emisarioec.com\\\/wp-content\\\/uploads\\\/2025\\\/06\\\/cropped-cropped-emisario-ico.png\",\"contentUrl\":\"https:\\\/\\\/emisarioec.com\\\/wp-content\\\/uploads\\\/2025\\\/06\\\/cropped-cropped-emisario-ico.png\",\"width\":512,\"height\":512,\"caption\":\"Emisario Ec\"},\"image\":{\"@id\":\"https:\\\/\\\/emisarioec.com\\\/#\\\/schema\\\/logo\\\/image\\\/\"}},{\"@type\":\"Person\",\"@id\":\"https:\\\/\\\/emisarioec.com\\\/#\\\/schema\\\/person\\\/2afb9da152d200f9b3feecf5f92da2d5\",\"name\":\"Emisario Ec\",\"url\":\"https:\\\/\\\/emisarioec.com\\\/index.php\\\/author\\\/admin_roberto\\\/\"}]}<\/script>\n<!-- \/ Yoast SEO plugin. -->","yoast_head_json":{"title":"Miel San Marcos celebra 25 a\u00f1os de trayectoria con el lanzamiento de su libro \u201cComo en el Cielo\u201d - Emisario Ec","robots":{"index":"index","follow":"follow","max-snippet":"max-snippet:-1","max-image-preview":"max-image-preview:large","max-video-preview":"max-video-preview:-1"},"canonical":"https:\/\/emisarioec.com\/index.php\/2026\/04\/30\/miel-san-marcos-celebra-25-anos-de-trayectoria-con-el-lanzamiento-de-su-libro-como-en-el-cielo\/","og_locale":"es_ES","og_type":"article","og_title":"Miel San Marcos celebra 25 a\u00f1os de trayectoria con el lanzamiento de su libro \u201cComo en el Cielo\u201d - Emisario Ec","og_description":"Con una trayectoria que ha marcado la historia de la m\u00fasica de adoraci\u00f3n contempor\u00e1nea","og_url":"https:\/\/emisarioec.com\/index.php\/2026\/04\/30\/miel-san-marcos-celebra-25-anos-de-trayectoria-con-el-lanzamiento-de-su-libro-como-en-el-cielo\/","og_site_name":"Emisario Ec","article_published_time":"2026-04-30T15:00:00+00:00","article_modified_time":"2026-04-30T20:35:47+00:00","og_image":[{"width":874,"height":1302,"url":"https:\/\/emisarioec.com\/wp-content\/uploads\/2026\/04\/1-119.jpg","type":"image\/jpeg"}],"author":"Emisario Ec","twitter_card":"summary_large_image","twitter_misc":{"Escrito por":"Emisario Ec","Tiempo de lectura":"2 minutos"},"schema":{"@context":"https:\/\/schema.org","@graph":[{"@type":"Article","@id":"https:\/\/emisarioec.com\/index.php\/2026\/04\/30\/miel-san-marcos-celebra-25-anos-de-trayectoria-con-el-lanzamiento-de-su-libro-como-en-el-cielo\/#article","isPartOf":{"@id":"https:\/\/emisarioec.com\/index.php\/2026\/04\/30\/miel-san-marcos-celebra-25-anos-de-trayectoria-con-el-lanzamiento-de-su-libro-como-en-el-cielo\/"},"author":{"name":"Emisario Ec","@id":"https:\/\/emisarioec.com\/#\/schema\/person\/2afb9da152d200f9b3feecf5f92da2d5"},"headline":"Miel San Marcos celebra 25 a\u00f1os de trayectoria con el lanzamiento de su libro \u201cComo en el Cielo\u201d","datePublished":"2026-04-30T15:00:00+00:00","dateModified":"2026-04-30T20:35:47+00:00","mainEntityOfPage":{"@id":"https:\/\/emisarioec.com\/index.php\/2026\/04\/30\/miel-san-marcos-celebra-25-anos-de-trayectoria-con-el-lanzamiento-de-su-libro-como-en-el-cielo\/"},"wordCount":459,"publisher":{"@id":"https:\/\/emisarioec.com\/#organization"},"image":{"@id":"https:\/\/emisarioec.com\/index.php\/2026\/04\/30\/miel-san-marcos-celebra-25-anos-de-trayectoria-con-el-lanzamiento-de-su-libro-como-en-el-cielo\/#primaryimage"},"thumbnailUrl":"https:\/\/emisarioec.com\/wp-content\/uploads\/2026\/04\/1-119.jpg","keywords":["\u201cComo en el Cielo\u201d","libro","Miel San Marcos"],"articleSection":["M\u00fasica"],"inLanguage":"es"},{"@type":"WebPage","@id":"https:\/\/emisarioec.com\/index.php\/2026\/04\/30\/miel-san-marcos-celebra-25-anos-de-trayectoria-con-el-lanzamiento-de-su-libro-como-en-el-cielo\/","url":"https:\/\/emisarioec.com\/index.php\/2026\/04\/30\/miel-san-marcos-celebra-25-anos-de-trayectoria-con-el-lanzamiento-de-su-libro-como-en-el-cielo\/","name":"Miel San Marcos celebra 25 a\u00f1os de trayectoria con el lanzamiento de su libro \u201cComo en el Cielo\u201d - Emisario Ec","isPartOf":{"@id":"https:\/\/emisarioec.com\/#website"},"primaryImageOfPage":{"@id":"https:\/\/emisarioec.com\/index.php\/2026\/04\/30\/miel-san-marcos-celebra-25-anos-de-trayectoria-con-el-lanzamiento-de-su-libro-como-en-el-cielo\/#primaryimage"},"image":{"@id":"https:\/\/emisarioec.com\/index.php\/2026\/04\/30\/miel-san-marcos-celebra-25-anos-de-trayectoria-con-el-lanzamiento-de-su-libro-como-en-el-cielo\/#primaryimage"},"thumbnailUrl":"https:\/\/emisarioec.com\/wp-content\/uploads\/2026\/04\/1-119.jpg","datePublished":"2026-04-30T15:00:00+00:00","dateModified":"2026-04-30T20:35:47+00:00","breadcrumb":{"@id":"https:\/\/emisarioec.com\/index.php\/2026\/04\/30\/miel-san-marcos-celebra-25-anos-de-trayectoria-con-el-lanzamiento-de-su-libro-como-en-el-cielo\/#breadcrumb"},"inLanguage":"es","potentialAction":[{"@type":"ReadAction","target":["https:\/\/emisarioec.com\/index.php\/2026\/04\/30\/miel-san-marcos-celebra-25-anos-de-trayectoria-con-el-lanzamiento-de-su-libro-como-en-el-cielo\/"]}]},{"@type":"ImageObject","inLanguage":"es","@id":"https:\/\/emisarioec.com\/index.php\/2026\/04\/30\/miel-san-marcos-celebra-25-anos-de-trayectoria-con-el-lanzamiento-de-su-libro-como-en-el-cielo\/#primaryimage","url":"https:\/\/emisarioec.com\/wp-content\/uploads\/2026\/04\/1-119.jpg","contentUrl":"https:\/\/emisarioec.com\/wp-content\/uploads\/2026\/04\/1-119.jpg","width":874,"height":1302},{"@type":"BreadcrumbList","@id":"https:\/\/emisarioec.com\/index.php\/2026\/04\/30\/miel-san-marcos-celebra-25-anos-de-trayectoria-con-el-lanzamiento-de-su-libro-como-en-el-cielo\/#breadcrumb","itemListElement":[{"@type":"ListItem","position":1,"name":"Portada","item":"https:\/\/emisarioec.com\/"},{"@type":"ListItem","position":2,"name":"Miel San Marcos celebra 25 a\u00f1os de trayectoria con el lanzamiento de su libro \u201cComo en el Cielo\u201d"}]},{"@type":"WebSite","@id":"https:\/\/emisarioec.com\/#website","url":"https:\/\/emisarioec.com\/","name":"Emisario Ec","description":"Informar es un derecho que corresponde a hechos","publisher":{"@id":"https:\/\/emisarioec.com\/#organization"},"potentialAction":[{"@type":"SearchAction","target":{"@type":"EntryPoint","urlTemplate":"https:\/\/emisarioec.com\/?s={search_term_string}"},"query-input":{"@type":"PropertyValueSpecification","valueRequired":true,"valueName":"search_term_string"}}],"inLanguage":"es"},{"@type":"Organization","@id":"https:\/\/emisarioec.com\/#organization","name":"Emisario Ec","url":"https:\/\/emisarioec.com\/","logo":{"@type":"ImageObject","inLanguage":"es","@id":"https:\/\/emisarioec.com\/#\/schema\/logo\/image\/","url":"https:\/\/emisarioec.com\/wp-content\/uploads\/2025\/06\/cropped-cropped-emisario-ico.png","contentUrl":"https:\/\/emisarioec.com\/wp-content\/uploads\/2025\/06\/cropped-cropped-emisario-ico.png","width":512,"height":512,"caption":"Emisario Ec"},"image":{"@id":"https:\/\/emisarioec.com\/#\/schema\/logo\/image\/"}},{"@type":"Person","@id":"https:\/\/emisarioec.com\/#\/schema\/person\/2afb9da152d200f9b3feecf5f92da2d5","name":"Emisario Ec","url":"https:\/\/emisarioec.com\/index.php\/author\/admin_roberto\/"}]}},"jetpack_featured_media_url":"https:\/\/emisarioec.com\/wp-content\/uploads\/2026\/04\/1-119.jpg","_links":{"self":[{"href":"https:\/\/emisarioec.com\/index.php\/wp-json\/wp\/v2\/posts\/2786","targetHints":{"allow":["GET"]}}],"collection":[{"href":"https:\/\/emisarioec.com\/index.php\/wp-json\/wp\/v2\/posts"}],"about":[{"href":"https:\/\/emisarioec.com\/index.php\/wp-json\/wp\/v2\/types\/post"}],"author":[{"embeddable":true,"href":"https:\/\/emisarioec.com\/index.php\/wp-json\/wp\/v2\/users\/2"}],"replies":[{"embeddable":true,"href":"https:\/\/emisarioec.com\/index.php\/wp-json\/wp\/v2\/comments?post=2786"}],"version-history":[{"count":1,"href":"https:\/\/emisarioec.com\/index.php\/wp-json\/wp\/v2\/posts\/2786\/revisions"}],"predecessor-version":[{"id":2788,"href":"https:\/\/emisarioec.com\/index.php\/wp-json\/wp\/v2\/posts\/2786\/revisions\/2788"}],"wp:featuredmedia":[{"embeddable":true,"href":"https:\/\/emisarioec.com\/index.php\/wp-json\/wp\/v2\/media\/2787"}],"wp:attachment":[{"href":"https:\/\/emisarioec.com\/index.php\/wp-json\/wp\/v2\/media?parent=2786"}],"wp:term":[{"taxonomy":"category","embeddable":true,"href":"https:\/\/emisarioec.com\/index.php\/wp-json\/wp\/v2\/categories?post=2786"},{"taxonomy":"post_tag","embeddable":true,"href":"https:\/\/emisarioec.com\/index.php\/wp-json\/wp\/v2\/tags?post=2786"}],"curies":[{"name":"wp","href":"https:\/\/api.w.org\/{rel}","templated":true}]}}