{"id":2794,"date":"2026-04-28T08:00:00","date_gmt":"2026-04-28T13:00:00","guid":{"rendered":"https:\/\/emisarioec.com\/?p=2794"},"modified":"2026-04-30T16:32:36","modified_gmt":"2026-04-30T21:32:36","slug":"la-cnt-ep-activa-la-red-5g-en-duran-y-amplia-su-cobertura-en-la-costa","status":"publish","type":"post","link":"https:\/\/emisarioec.com\/index.php\/2026\/04\/28\/la-cnt-ep-activa-la-red-5g-en-duran-y-amplia-su-cobertura-en-la-costa\/","title":{"rendered":"La CNT EP activa la Red 5G en Dur\u00e1n y ampl\u00eda su cobertura en la Costa"},"content":{"rendered":"\n<p>La Corporaci\u00f3n Nacional de Telecomunicaciones (CNT EP) encendi\u00f3 su red 5G en Dur\u00e1n (Guayas), convirti\u00e9ndola en la octava ciudad del pa\u00eds con acceso a esta tecnolog\u00eda. Con este hito, el cant\u00f3n ferroviario se incorpora a la nueva era de conectividad m\u00f3vil de alta capacidad que la operadora estatal despliega a escala nacional.<\/p>\n\n\n\n<p>El despliegue incluye radiobases 5G, distribuidas en puntos estrat\u00e9gicos de los sectores comercial, financiero, industrial y residencial. Esta infraestructura permite mejorar la capacidad de la red y la alta demanda de datos m\u00f3viles en zonas de alto tr\u00e1fico.<\/p>\n\n\n\n<p>La cobertura 5G alcanza directamente a las ciudadelas Primavera, El Recreo, Ferroviaria, Colinas del Valle y Los Helechos. M\u00e1s all\u00e1 de la mejora en la experiencia del usuario, tambi\u00e9n abre posibilidades de uso m\u00e1s eficaz en temas de educaci\u00f3n en l\u00ednea, soluciones en telemedicina, automatizaci\u00f3n de procesos productivos y digitalizaci\u00f3n de servicios en comercios y empresas.<\/p>\n\n\n\n<p>En t\u00e9rminos t\u00e9cnicos, la red 5G ofrece velocidades de descarga significativamente superiores a 4G, menor latencia y mayor estabilidad en conexiones simult\u00e1neas, videojuegos en l\u00ednea y servicios en la nube, lo que se traduce en mejor desempe\u00f1o para aplicaciones en tiempo real.<\/p>\n\n\n\n<p>Este hito es un paso fundamental dentro del plan nacional de expansi\u00f3n 5G ejecutado por la CNT EP. De esta manera, Dur\u00e1n se suma al grupo de ciudades que ya cuentan con esta tecnolog\u00eda, entre las que destacan Quito, Guayaquil, Salinas, Cuenca, Manta, Ambato y Portoviejo, adem\u00e1s de localidades estrat\u00e9gicas como las comunas Ol\u00f3n y Monta\u00f1ita en la provincia de Santa Elena.<\/p>\n\n\n\n<p>El objetivo de la Corporaci\u00f3n es seguir ampliando la red 5G de forma progresiva hasta junio de 2026, priorizando zonas de alta demanda y valor estrat\u00e9gico.<\/p>\n\n\n\n<p>Dur\u00e1n se conecta al futuro.<\/p>\n\n\n\n<p>Ecuador Elige CNT. Ecuador Elige el futuro.<\/p>\n\n\n\n<figure class=\"wp-block-embed is-type-video is-provider-tiktok wp-block-embed-tiktok\"><div class=\"wp-block-embed__wrapper\">\n<blockquote class=\"tiktok-embed\" cite=\"https:\/\/www.tiktok.com\/@emisarioec\/video\/7634668169604484360\" data-video-id=\"7634668169604484360\" data-embed-from=\"oembed\" style=\"max-width:605px; min-width:325px;\"> <section> <a target=\"_blank\" title=\"@emisarioec\" href=\"https:\/\/www.tiktok.com\/@emisarioec?refer=embed\">@emisarioec<\/a> <p>\ud83d\udccc ATENTOS\ud83d\udc4f  La @cnt.ec EP activa la Red 5G en Dur\u00e1n y ampl\u00eda su cobertura en la Costa La Corporaci\u00f3n Nacional de Telecomunicaciones (CNT EP) encendi\u00f3 su red 5G en Dur\u00e1n (Guayas), convirti\u00e9ndola en la octava ciudad del pa\u00eds con acceso a esta tecnolog\u00eda. Con este hito, el cant\u00f3n ferroviario se incorpora a la nueva era de conectividad m\u00f3vil de alta capacidad que la operadora estatal despliega a escala nacional. El despliegue incluye radiobases 5G, distribuidas en puntos estrat\u00e9gicos de los sectores comercial, financiero, industrial y residencial. Esta infraestructura permite mejorar la capacidad de la red y la alta demanda de datos m\u00f3viles en zonas de alto tr\u00e1fico. La cobertura 5G alcanza directamente a las ciudadelas Primavera, El Recreo, Ferroviaria, Colinas del Valle y Los Helechos. M\u00e1s all\u00e1 de la mejora en la experiencia del usuario, tambi\u00e9n abre posibilidades de uso m\u00e1s eficaz en temas de educaci\u00f3n en l\u00ednea, soluciones en telemedicina, automatizaci\u00f3n de procesos productivos y digitalizaci\u00f3n de servicios en comercios y empresas. En t\u00e9rminos t\u00e9cnicos, la red 5G ofrece velocidades de descarga significativamente superiores a 4G, menor latencia y mayor estabilidad en conexiones simult\u00e1neas, videojuegos en l\u00ednea y servicios en la nube, lo que se traduce en mejor desempe\u00f1o para aplicaciones en tiempo real. Este hito es un paso fundamental dentro del plan nacional de expansi\u00f3n 5G ejecutado por la CNT EP. De esta manera, Dur\u00e1n se suma al grupo de ciudades que ya cuentan con esta tecnolog\u00eda, entre las que destacan Quito, Guayaquil, Salinas, Cuenca, Manta, Ambato y Portoviejo, adem\u00e1s de localidades estrat\u00e9gicas como las comunas Ol\u00f3n y Monta\u00f1ita en la provincia de Santa Elena. El objetivo de la Corporaci\u00f3n es seguir ampliando la red 5G de forma progresiva hasta junio de 2026, priorizando zonas de alta demanda y valor estrat\u00e9gico. Dur\u00e1n se conecta al futuro. Ecuador Elige CNT. Ecuador Elige el futuro.<\/p> <a target=\"_blank\" title=\"\u266c sonido original - Emisario Ec - Emisario Ec\" href=\"https:\/\/www.tiktok.com\/music\/sonido-original-Emisario-Ec-7634668190315973397?refer=embed\">\u266c sonido original &#8211; Emisario Ec &#8211; Emisario Ec<\/a> <\/section> <\/blockquote> <script async src=\"https:\/\/www.tiktok.com\/embed.js\"><\/script>\n<\/div><\/figure>\n","protected":false},"excerpt":{"rendered":"<p>El despliegue incluye radiobases 5G, distribuidas en puntos estrat\u00e9gicos de los sectores comercial, financiero, industrial y residencial<\/p>\n","protected":false},"author":2,"featured_media":2795,"comment_status":"closed","ping_status":"open","sticky":false,"template":"","format":"standard","meta":{"footnotes":""},"categories":[10],"tags":[1276,119,1275],"class_list":["post-2794","post","type-post","status-publish","format-standard","has-post-thumbnail","hentry","category-ciencia","tag-cnt-ep","tag-duran","tag-red-5g"],"yoast_head":"<!-- This site is optimized with the Yoast SEO plugin v27.5 - https:\/\/yoast.com\/product\/yoast-seo-wordpress\/ -->\n<title>La CNT EP activa la Red 5G en Dur\u00e1n y ampl\u00eda su cobertura en la Costa - Emisario Ec<\/title>\n<meta name=\"robots\" content=\"index, follow, max-snippet:-1, max-image-preview:large, max-video-preview:-1\" \/>\n<link rel=\"canonical\" href=\"https:\/\/emisarioec.com\/index.php\/2026\/04\/28\/la-cnt-ep-activa-la-red-5g-en-duran-y-amplia-su-cobertura-en-la-costa\/\" \/>\n<meta property=\"og:locale\" content=\"es_ES\" \/>\n<meta property=\"og:type\" content=\"article\" \/>\n<meta property=\"og:title\" content=\"La CNT EP activa la Red 5G en Dur\u00e1n y ampl\u00eda su cobertura en la Costa - Emisario Ec\" \/>\n<meta property=\"og:description\" content=\"El despliegue incluye radiobases 5G, distribuidas en puntos estrat\u00e9gicos de los sectores comercial, financiero, industrial y residencial\" \/>\n<meta property=\"og:url\" content=\"https:\/\/emisarioec.com\/index.php\/2026\/04\/28\/la-cnt-ep-activa-la-red-5g-en-duran-y-amplia-su-cobertura-en-la-costa\/\" \/>\n<meta property=\"og:site_name\" content=\"Emisario Ec\" \/>\n<meta property=\"article:published_time\" content=\"2026-04-28T13:00:00+00:00\" \/>\n<meta property=\"article:modified_time\" content=\"2026-04-30T21:32:36+00:00\" \/>\n<meta property=\"og:image\" content=\"https:\/\/emisarioec.com\/wp-content\/uploads\/2026\/04\/1-121.jpg\" \/>\n\t<meta property=\"og:image:width\" content=\"886\" \/>\n\t<meta property=\"og:image:height\" content=\"665\" \/>\n\t<meta property=\"og:image:type\" content=\"image\/jpeg\" \/>\n<meta name=\"author\" content=\"Emisario Ec\" \/>\n<meta name=\"twitter:card\" content=\"summary_large_image\" \/>\n<meta name=\"twitter:label1\" content=\"Escrito por\" \/>\n\t<meta name=\"twitter:data1\" content=\"Emisario Ec\" \/>\n\t<meta name=\"twitter:label2\" content=\"Tiempo de lectura\" \/>\n\t<meta name=\"twitter:data2\" content=\"2 minutos\" \/>\n<script type=\"application\/ld+json\" class=\"yoast-schema-graph\">{\"@context\":\"https:\\\/\\\/schema.org\",\"@graph\":[{\"@type\":\"Article\",\"@id\":\"https:\\\/\\\/emisarioec.com\\\/index.php\\\/2026\\\/04\\\/28\\\/la-cnt-ep-activa-la-red-5g-en-duran-y-amplia-su-cobertura-en-la-costa\\\/#article\",\"isPartOf\":{\"@id\":\"https:\\\/\\\/emisarioec.com\\\/index.php\\\/2026\\\/04\\\/28\\\/la-cnt-ep-activa-la-red-5g-en-duran-y-amplia-su-cobertura-en-la-costa\\\/\"},\"author\":{\"name\":\"Emisario Ec\",\"@id\":\"https:\\\/\\\/emisarioec.com\\\/#\\\/schema\\\/person\\\/2afb9da152d200f9b3feecf5f92da2d5\"},\"headline\":\"La CNT EP activa la Red 5G en Dur\u00e1n y ampl\u00eda su cobertura en la Costa\",\"datePublished\":\"2026-04-28T13:00:00+00:00\",\"dateModified\":\"2026-04-30T21:32:36+00:00\",\"mainEntityOfPage\":{\"@id\":\"https:\\\/\\\/emisarioec.com\\\/index.php\\\/2026\\\/04\\\/28\\\/la-cnt-ep-activa-la-red-5g-en-duran-y-amplia-su-cobertura-en-la-costa\\\/\"},\"wordCount\":343,\"publisher\":{\"@id\":\"https:\\\/\\\/emisarioec.com\\\/#organization\"},\"image\":{\"@id\":\"https:\\\/\\\/emisarioec.com\\\/index.php\\\/2026\\\/04\\\/28\\\/la-cnt-ep-activa-la-red-5g-en-duran-y-amplia-su-cobertura-en-la-costa\\\/#primaryimage\"},\"thumbnailUrl\":\"https:\\\/\\\/emisarioec.com\\\/wp-content\\\/uploads\\\/2026\\\/04\\\/1-121.jpg\",\"keywords\":[\"CNT EP\",\"Dur\u00e1n\",\"Red 5G\"],\"articleSection\":[\"Ciencia\"],\"inLanguage\":\"es\"},{\"@type\":\"WebPage\",\"@id\":\"https:\\\/\\\/emisarioec.com\\\/index.php\\\/2026\\\/04\\\/28\\\/la-cnt-ep-activa-la-red-5g-en-duran-y-amplia-su-cobertura-en-la-costa\\\/\",\"url\":\"https:\\\/\\\/emisarioec.com\\\/index.php\\\/2026\\\/04\\\/28\\\/la-cnt-ep-activa-la-red-5g-en-duran-y-amplia-su-cobertura-en-la-costa\\\/\",\"name\":\"La CNT EP activa la Red 5G en Dur\u00e1n y ampl\u00eda su cobertura en la Costa - Emisario Ec\",\"isPartOf\":{\"@id\":\"https:\\\/\\\/emisarioec.com\\\/#website\"},\"primaryImageOfPage\":{\"@id\":\"https:\\\/\\\/emisarioec.com\\\/index.php\\\/2026\\\/04\\\/28\\\/la-cnt-ep-activa-la-red-5g-en-duran-y-amplia-su-cobertura-en-la-costa\\\/#primaryimage\"},\"image\":{\"@id\":\"https:\\\/\\\/emisarioec.com\\\/index.php\\\/2026\\\/04\\\/28\\\/la-cnt-ep-activa-la-red-5g-en-duran-y-amplia-su-cobertura-en-la-costa\\\/#primaryimage\"},\"thumbnailUrl\":\"https:\\\/\\\/emisarioec.com\\\/wp-content\\\/uploads\\\/2026\\\/04\\\/1-121.jpg\",\"datePublished\":\"2026-04-28T13:00:00+00:00\",\"dateModified\":\"2026-04-30T21:32:36+00:00\",\"breadcrumb\":{\"@id\":\"https:\\\/\\\/emisarioec.com\\\/index.php\\\/2026\\\/04\\\/28\\\/la-cnt-ep-activa-la-red-5g-en-duran-y-amplia-su-cobertura-en-la-costa\\\/#breadcrumb\"},\"inLanguage\":\"es\",\"potentialAction\":[{\"@type\":\"ReadAction\",\"target\":[\"https:\\\/\\\/emisarioec.com\\\/index.php\\\/2026\\\/04\\\/28\\\/la-cnt-ep-activa-la-red-5g-en-duran-y-amplia-su-cobertura-en-la-costa\\\/\"]}]},{\"@type\":\"ImageObject\",\"inLanguage\":\"es\",\"@id\":\"https:\\\/\\\/emisarioec.com\\\/index.php\\\/2026\\\/04\\\/28\\\/la-cnt-ep-activa-la-red-5g-en-duran-y-amplia-su-cobertura-en-la-costa\\\/#primaryimage\",\"url\":\"https:\\\/\\\/emisarioec.com\\\/wp-content\\\/uploads\\\/2026\\\/04\\\/1-121.jpg\",\"contentUrl\":\"https:\\\/\\\/emisarioec.com\\\/wp-content\\\/uploads\\\/2026\\\/04\\\/1-121.jpg\",\"width\":886,\"height\":665},{\"@type\":\"BreadcrumbList\",\"@id\":\"https:\\\/\\\/emisarioec.com\\\/index.php\\\/2026\\\/04\\\/28\\\/la-cnt-ep-activa-la-red-5g-en-duran-y-amplia-su-cobertura-en-la-costa\\\/#breadcrumb\",\"itemListElement\":[{\"@type\":\"ListItem\",\"position\":1,\"name\":\"Portada\",\"item\":\"https:\\\/\\\/emisarioec.com\\\/\"},{\"@type\":\"ListItem\",\"position\":2,\"name\":\"La CNT EP activa la Red 5G en Dur\u00e1n y ampl\u00eda su cobertura en la Costa\"}]},{\"@type\":\"WebSite\",\"@id\":\"https:\\\/\\\/emisarioec.com\\\/#website\",\"url\":\"https:\\\/\\\/emisarioec.com\\\/\",\"name\":\"Emisario Ec\",\"description\":\"Informar es un derecho que corresponde a hechos\",\"publisher\":{\"@id\":\"https:\\\/\\\/emisarioec.com\\\/#organization\"},\"potentialAction\":[{\"@type\":\"SearchAction\",\"target\":{\"@type\":\"EntryPoint\",\"urlTemplate\":\"https:\\\/\\\/emisarioec.com\\\/?s={search_term_string}\"},\"query-input\":{\"@type\":\"PropertyValueSpecification\",\"valueRequired\":true,\"valueName\":\"search_term_string\"}}],\"inLanguage\":\"es\"},{\"@type\":\"Organization\",\"@id\":\"https:\\\/\\\/emisarioec.com\\\/#organization\",\"name\":\"Emisario Ec\",\"url\":\"https:\\\/\\\/emisarioec.com\\\/\",\"logo\":{\"@type\":\"ImageObject\",\"inLanguage\":\"es\",\"@id\":\"https:\\\/\\\/emisarioec.com\\\/#\\\/schema\\\/logo\\\/image\\\/\",\"url\":\"https:\\\/\\\/emisarioec.com\\\/wp-content\\\/uploads\\\/2025\\\/06\\\/cropped-cropped-emisario-ico.png\",\"contentUrl\":\"https:\\\/\\\/emisarioec.com\\\/wp-content\\\/uploads\\\/2025\\\/06\\\/cropped-cropped-emisario-ico.png\",\"width\":512,\"height\":512,\"caption\":\"Emisario Ec\"},\"image\":{\"@id\":\"https:\\\/\\\/emisarioec.com\\\/#\\\/schema\\\/logo\\\/image\\\/\"}},{\"@type\":\"Person\",\"@id\":\"https:\\\/\\\/emisarioec.com\\\/#\\\/schema\\\/person\\\/2afb9da152d200f9b3feecf5f92da2d5\",\"name\":\"Emisario Ec\",\"url\":\"https:\\\/\\\/emisarioec.com\\\/index.php\\\/author\\\/admin_roberto\\\/\"}]}<\/script>\n<!-- \/ Yoast SEO plugin. -->","yoast_head_json":{"title":"La CNT EP activa la Red 5G en Dur\u00e1n y ampl\u00eda su cobertura en la Costa - Emisario Ec","robots":{"index":"index","follow":"follow","max-snippet":"max-snippet:-1","max-image-preview":"max-image-preview:large","max-video-preview":"max-video-preview:-1"},"canonical":"https:\/\/emisarioec.com\/index.php\/2026\/04\/28\/la-cnt-ep-activa-la-red-5g-en-duran-y-amplia-su-cobertura-en-la-costa\/","og_locale":"es_ES","og_type":"article","og_title":"La CNT EP activa la Red 5G en Dur\u00e1n y ampl\u00eda su cobertura en la Costa - Emisario Ec","og_description":"El despliegue incluye radiobases 5G, distribuidas en puntos estrat\u00e9gicos de los sectores comercial, financiero, industrial y residencial","og_url":"https:\/\/emisarioec.com\/index.php\/2026\/04\/28\/la-cnt-ep-activa-la-red-5g-en-duran-y-amplia-su-cobertura-en-la-costa\/","og_site_name":"Emisario Ec","article_published_time":"2026-04-28T13:00:00+00:00","article_modified_time":"2026-04-30T21:32:36+00:00","og_image":[{"width":886,"height":665,"url":"https:\/\/emisarioec.com\/wp-content\/uploads\/2026\/04\/1-121.jpg","type":"image\/jpeg"}],"author":"Emisario Ec","twitter_card":"summary_large_image","twitter_misc":{"Escrito por":"Emisario Ec","Tiempo de lectura":"2 minutos"},"schema":{"@context":"https:\/\/schema.org","@graph":[{"@type":"Article","@id":"https:\/\/emisarioec.com\/index.php\/2026\/04\/28\/la-cnt-ep-activa-la-red-5g-en-duran-y-amplia-su-cobertura-en-la-costa\/#article","isPartOf":{"@id":"https:\/\/emisarioec.com\/index.php\/2026\/04\/28\/la-cnt-ep-activa-la-red-5g-en-duran-y-amplia-su-cobertura-en-la-costa\/"},"author":{"name":"Emisario Ec","@id":"https:\/\/emisarioec.com\/#\/schema\/person\/2afb9da152d200f9b3feecf5f92da2d5"},"headline":"La CNT EP activa la Red 5G en Dur\u00e1n y ampl\u00eda su cobertura en la Costa","datePublished":"2026-04-28T13:00:00+00:00","dateModified":"2026-04-30T21:32:36+00:00","mainEntityOfPage":{"@id":"https:\/\/emisarioec.com\/index.php\/2026\/04\/28\/la-cnt-ep-activa-la-red-5g-en-duran-y-amplia-su-cobertura-en-la-costa\/"},"wordCount":343,"publisher":{"@id":"https:\/\/emisarioec.com\/#organization"},"image":{"@id":"https:\/\/emisarioec.com\/index.php\/2026\/04\/28\/la-cnt-ep-activa-la-red-5g-en-duran-y-amplia-su-cobertura-en-la-costa\/#primaryimage"},"thumbnailUrl":"https:\/\/emisarioec.com\/wp-content\/uploads\/2026\/04\/1-121.jpg","keywords":["CNT EP","Dur\u00e1n","Red 5G"],"articleSection":["Ciencia"],"inLanguage":"es"},{"@type":"WebPage","@id":"https:\/\/emisarioec.com\/index.php\/2026\/04\/28\/la-cnt-ep-activa-la-red-5g-en-duran-y-amplia-su-cobertura-en-la-costa\/","url":"https:\/\/emisarioec.com\/index.php\/2026\/04\/28\/la-cnt-ep-activa-la-red-5g-en-duran-y-amplia-su-cobertura-en-la-costa\/","name":"La CNT EP activa la Red 5G en Dur\u00e1n y ampl\u00eda su cobertura en la Costa - Emisario Ec","isPartOf":{"@id":"https:\/\/emisarioec.com\/#website"},"primaryImageOfPage":{"@id":"https:\/\/emisarioec.com\/index.php\/2026\/04\/28\/la-cnt-ep-activa-la-red-5g-en-duran-y-amplia-su-cobertura-en-la-costa\/#primaryimage"},"image":{"@id":"https:\/\/emisarioec.com\/index.php\/2026\/04\/28\/la-cnt-ep-activa-la-red-5g-en-duran-y-amplia-su-cobertura-en-la-costa\/#primaryimage"},"thumbnailUrl":"https:\/\/emisarioec.com\/wp-content\/uploads\/2026\/04\/1-121.jpg","datePublished":"2026-04-28T13:00:00+00:00","dateModified":"2026-04-30T21:32:36+00:00","breadcrumb":{"@id":"https:\/\/emisarioec.com\/index.php\/2026\/04\/28\/la-cnt-ep-activa-la-red-5g-en-duran-y-amplia-su-cobertura-en-la-costa\/#breadcrumb"},"inLanguage":"es","potentialAction":[{"@type":"ReadAction","target":["https:\/\/emisarioec.com\/index.php\/2026\/04\/28\/la-cnt-ep-activa-la-red-5g-en-duran-y-amplia-su-cobertura-en-la-costa\/"]}]},{"@type":"ImageObject","inLanguage":"es","@id":"https:\/\/emisarioec.com\/index.php\/2026\/04\/28\/la-cnt-ep-activa-la-red-5g-en-duran-y-amplia-su-cobertura-en-la-costa\/#primaryimage","url":"https:\/\/emisarioec.com\/wp-content\/uploads\/2026\/04\/1-121.jpg","contentUrl":"https:\/\/emisarioec.com\/wp-content\/uploads\/2026\/04\/1-121.jpg","width":886,"height":665},{"@type":"BreadcrumbList","@id":"https:\/\/emisarioec.com\/index.php\/2026\/04\/28\/la-cnt-ep-activa-la-red-5g-en-duran-y-amplia-su-cobertura-en-la-costa\/#breadcrumb","itemListElement":[{"@type":"ListItem","position":1,"name":"Portada","item":"https:\/\/emisarioec.com\/"},{"@type":"ListItem","position":2,"name":"La CNT EP activa la Red 5G en Dur\u00e1n y ampl\u00eda su cobertura en la Costa"}]},{"@type":"WebSite","@id":"https:\/\/emisarioec.com\/#website","url":"https:\/\/emisarioec.com\/","name":"Emisario Ec","description":"Informar es un derecho que corresponde a hechos","publisher":{"@id":"https:\/\/emisarioec.com\/#organization"},"potentialAction":[{"@type":"SearchAction","target":{"@type":"EntryPoint","urlTemplate":"https:\/\/emisarioec.com\/?s={search_term_string}"},"query-input":{"@type":"PropertyValueSpecification","valueRequired":true,"valueName":"search_term_string"}}],"inLanguage":"es"},{"@type":"Organization","@id":"https:\/\/emisarioec.com\/#organization","name":"Emisario Ec","url":"https:\/\/emisarioec.com\/","logo":{"@type":"ImageObject","inLanguage":"es","@id":"https:\/\/emisarioec.com\/#\/schema\/logo\/image\/","url":"https:\/\/emisarioec.com\/wp-content\/uploads\/2025\/06\/cropped-cropped-emisario-ico.png","contentUrl":"https:\/\/emisarioec.com\/wp-content\/uploads\/2025\/06\/cropped-cropped-emisario-ico.png","width":512,"height":512,"caption":"Emisario Ec"},"image":{"@id":"https:\/\/emisarioec.com\/#\/schema\/logo\/image\/"}},{"@type":"Person","@id":"https:\/\/emisarioec.com\/#\/schema\/person\/2afb9da152d200f9b3feecf5f92da2d5","name":"Emisario Ec","url":"https:\/\/emisarioec.com\/index.php\/author\/admin_roberto\/"}]}},"jetpack_featured_media_url":"https:\/\/emisarioec.com\/wp-content\/uploads\/2026\/04\/1-121.jpg","_links":{"self":[{"href":"https:\/\/emisarioec.com\/index.php\/wp-json\/wp\/v2\/posts\/2794","targetHints":{"allow":["GET"]}}],"collection":[{"href":"https:\/\/emisarioec.com\/index.php\/wp-json\/wp\/v2\/posts"}],"about":[{"href":"https:\/\/emisarioec.com\/index.php\/wp-json\/wp\/v2\/types\/post"}],"author":[{"embeddable":true,"href":"https:\/\/emisarioec.com\/index.php\/wp-json\/wp\/v2\/users\/2"}],"replies":[{"embeddable":true,"href":"https:\/\/emisarioec.com\/index.php\/wp-json\/wp\/v2\/comments?post=2794"}],"version-history":[{"count":2,"href":"https:\/\/emisarioec.com\/index.php\/wp-json\/wp\/v2\/posts\/2794\/revisions"}],"predecessor-version":[{"id":2798,"href":"https:\/\/emisarioec.com\/index.php\/wp-json\/wp\/v2\/posts\/2794\/revisions\/2798"}],"wp:featuredmedia":[{"embeddable":true,"href":"https:\/\/emisarioec.com\/index.php\/wp-json\/wp\/v2\/media\/2795"}],"wp:attachment":[{"href":"https:\/\/emisarioec.com\/index.php\/wp-json\/wp\/v2\/media?parent=2794"}],"wp:term":[{"taxonomy":"category","embeddable":true,"href":"https:\/\/emisarioec.com\/index.php\/wp-json\/wp\/v2\/categories?post=2794"},{"taxonomy":"post_tag","embeddable":true,"href":"https:\/\/emisarioec.com\/index.php\/wp-json\/wp\/v2\/tags?post=2794"}],"curies":[{"name":"wp","href":"https:\/\/api.w.org\/{rel}","templated":true}]}}