{"id":2799,"date":"2026-04-30T16:20:00","date_gmt":"2026-04-30T21:20:00","guid":{"rendered":"https:\/\/emisarioec.com\/?p=2799"},"modified":"2026-04-30T16:50:09","modified_gmt":"2026-04-30T21:50:09","slug":"gobierno-de-el-nuevo-ecuador-avanza-en-la-transformacion-de-la-guayaquil-riobamba-una-via-clave-para-la-conectividad-del-pais","status":"publish","type":"post","link":"https:\/\/emisarioec.com\/index.php\/2026\/04\/30\/gobierno-de-el-nuevo-ecuador-avanza-en-la-transformacion-de-la-guayaquil-riobamba-una-via-clave-para-la-conectividad-del-pais\/","title":{"rendered":"Gobierno de El Nuevo Ecuador avanza en la transformaci\u00f3n de la Guayaquil \u2013 Riobamba, una v\u00eda clave para la conectividad del pa\u00eds"},"content":{"rendered":"\n<p>La rehabilitaci\u00f3n de la Guayaquil \u2013 Riobamba, tramo Balbanera \u2013 Pallatanga \u2013 Cumand\u00e1, registra un 20 % de avance, consolid\u00e1ndose como una de las obras estrat\u00e9gicas del Gobierno de El Nuevo Ecuador para fortalecer la conectividad entre la Sierra y la Costa ecuatoriana e impulsar la integraci\u00f3n y desarrollo del pa\u00eds.<\/p>\n\n\n\n<p>Con una inversi\u00f3n superior a USD 47 millones, el proyecto contempla la intervenci\u00f3n de 106,69 kil\u00f3metros, beneficiando a m\u00e1s de 450 mil personas y dinamizando la econom\u00eda de sectores clave como el tur\u00edstico, comercial y productivo, principalmente agricultores, ganaderos y artesanos.<\/p>\n\n\n\n<p>Este proyecto, impulsado por el Gobierno Nacional a trav\u00e9s del Ministerio de Infraestructura y Transporte (MIT), permite recuperar esta carretera deteriorada por varios a\u00f1os de descuido de los gobiernos anteriores y posicionarla como un eje fundamental para el traslado de carga y pasajeros, ya que sirve como alternativa para descongestionar el tr\u00e1fico en la Al\u00f3ag \u2013 Santo Domingo, ambas carreteras de conexi\u00f3n entre la Sierra y la Costa.<\/p>\n\n\n\n<p>Como parte de las labores de rehabilitaci\u00f3n, se ejecuta el sellado de fisuras, intervenci\u00f3n en puntos cr\u00edticos, se\u00f1alizaci\u00f3n horizontal y vertical, trabajos en taludes, construcci\u00f3n de pavimento r\u00edgido, instalaci\u00f3n de alcantarillado, asfaltado y mantenimiento rutinario, garantizando condiciones \u00f3ptimas de seguridad y transitabilidad para los usuarios.<\/p>\n\n\n\n<p>Esta obra genera alrededor de 250 empleos directos y 300 indirectos, contribuyendo a la reactivaci\u00f3n productiva de las zonas de influencia, el fortalecimiento de la conectividad y la dinamizaci\u00f3n de la econom\u00eda local.<\/p>\n\n\n\n<p>Gladys Velasco, subsecretaria de la zona 3 del MIT, destac\u00f3 el trabajo para mejorar la infraestructura vial, la calidad de vida de la ciudadan\u00eda y generar mayor desarrollo para las provincias de Chimborazo, Guayas y de todo el pa\u00eds.<\/p>\n\n\n\n<p>El proyecto tiene un plazo de ejecuci\u00f3n de 45 meses y cuenta con financiamiento del Banco de Desarrollo de Am\u00e9rica Latina y El Caribe (CAF), lo que garantiza una intervenci\u00f3n sostenible y de alto impacto para el Ecuador.<\/p>\n\n\n\n<p>Esta obra refleja el firme compromiso del Gobierno del presidente Daniel Noboa con la recuperaci\u00f3n y modernizaci\u00f3n de la red vial estatal mediante una inversi\u00f3n enfocada en proyectar un futuro con mayor conectividad y oportunidades para los ecuatorianos.<\/p>\n\n\n\n<figure class=\"wp-block-embed is-type-video is-provider-tiktok wp-block-embed-tiktok\"><div class=\"wp-block-embed__wrapper\">\n<blockquote class=\"tiktok-embed\" cite=\"https:\/\/www.tiktok.com\/@emisarioec\/video\/7634672628648742162\" data-video-id=\"7634672628648742162\" data-embed-from=\"oembed\" style=\"max-width:605px; min-width:325px;\"> <section> <a target=\"_blank\" title=\"@emisarioec\" href=\"https:\/\/www.tiktok.com\/@emisarioec?refer=embed\">@emisarioec<\/a> <p>\ud83d\udccc ATENTOS\ud83d\udc4f  Gobierno de El Nuevo Ecuador avanza en la transformaci\u00f3n de la Guayaquil \u2013 Riobamba, una v\u00eda clave para la conectividad del pa\u00eds La rehabilitaci\u00f3n de la Guayaquil \u2013 Riobamba, tramo Balbanera \u2013 Pallatanga \u2013 Cumand\u00e1, registra un 20 % de avance, consolid\u00e1ndose como una de las obras estrat\u00e9gicas del Gobierno de El Nuevo Ecuador para fortalecer la conectividad entre la Sierra y la Costa ecuatoriana e impulsar la integraci\u00f3n y desarrollo del pa\u00eds. Con una inversi\u00f3n superior a USD 47 millones, el proyecto contempla la intervenci\u00f3n de 106,69 kil\u00f3metros, beneficiando a m\u00e1s de 450 mil personas y dinamizando la econom\u00eda de sectores clave como el tur\u00edstico, comercial y productivo, principalmente agricultores, ganaderos y artesanos. Este proyecto, impulsado por el Gobierno Nacional a trav\u00e9s del Ministerio de Infraestructura y Transporte (MIT), permite recuperar esta carretera deteriorada por varios a\u00f1os de descuido de los gobiernos anteriores y posicionarla como un eje fundamental para el traslado de carga y pasajeros, ya que sirve como alternativa para descongestionar el tr\u00e1fico en la Al\u00f3ag \u2013 Santo Domingo, ambas carreteras de conexi\u00f3n entre la Sierra y la Costa. Como parte de las labores de rehabilitaci\u00f3n, se ejecuta el sellado de fisuras, intervenci\u00f3n en puntos cr\u00edticos, se\u00f1alizaci\u00f3n horizontal y vertical, trabajos en taludes, construcci\u00f3n de pavimento r\u00edgido, instalaci\u00f3n de alcantarillado, asfaltado y mantenimiento rutinario, garantizando condiciones \u00f3ptimas de seguridad y transitabilidad para los usuarios. Esta obra genera alrededor de 250 empleos directos y 300 indirectos, contribuyendo a la reactivaci\u00f3n productiva de las zonas de influencia, el fortalecimiento de la conectividad y la dinamizaci\u00f3n de la econom\u00eda local. Gladys Velasco, subsecretaria de la zona 3 del MIT, destac\u00f3 el trabajo para mejorar la infraestructura vial, la calidad de vida de la ciudadan\u00eda y generar mayor desarrollo para las provincias de Chimborazo, Guayas y de todo el pa\u00eds. El proyecto tiene un plazo de ejecuci\u00f3n de 45 meses y cuenta con financiamiento del Banco de Desarrollo de Am\u00e9rica Latina y El Caribe (CAF), lo que garantiza una intervenci\u00f3n sostenible y de alto impacto para el Ecuador. Esta obra refleja el firme compromiso del Gobierno del presidente Daniel Noboa con la recuperaci\u00f3n y modernizaci\u00f3n de la red vial estatal mediante una inversi\u00f3n enfocada en proyectar un futuro con mayor conectividad y oportunidades para los ecuatorianos. @obluque @comunicacionec<\/p> <a target=\"_blank\" title=\"\u266c sonido original - Emisario Ec - Emisario Ec\" href=\"https:\/\/www.tiktok.com\/music\/sonido-original-Emisario-Ec-7634672696341252885?refer=embed\">\u266c sonido original &#8211; Emisario Ec &#8211; Emisario Ec<\/a> <\/section> <\/blockquote> <script async src=\"https:\/\/www.tiktok.com\/embed.js\"><\/script>\n<\/div><\/figure>\n","protected":false},"excerpt":{"rendered":"<p>Con una inversi\u00f3n superior a USD 47 millones, el proyecto contempla la intervenci\u00f3n de 106,69 kil\u00f3metros<\/p>\n","protected":false},"author":2,"featured_media":2800,"comment_status":"closed","ping_status":"open","sticky":false,"template":"","format":"standard","meta":{"footnotes":""},"categories":[6],"tags":[1277,1278,1279],"class_list":["post-2799","post","type-post","status-publish","format-standard","has-post-thumbnail","hentry","category-actualidad","tag-el-nuevo-ecuador-2","tag-guayaquil-riobamba","tag-ministerio-de-infraestructura-y-transporte"],"yoast_head":"<!-- This site is optimized with the Yoast SEO plugin v27.5 - https:\/\/yoast.com\/product\/yoast-seo-wordpress\/ -->\n<title>Gobierno de El Nuevo Ecuador avanza en la transformaci\u00f3n de la Guayaquil \u2013 Riobamba, una v\u00eda clave para la conectividad del pa\u00eds - Emisario Ec<\/title>\n<meta name=\"robots\" content=\"index, follow, max-snippet:-1, max-image-preview:large, max-video-preview:-1\" \/>\n<link rel=\"canonical\" href=\"https:\/\/emisarioec.com\/index.php\/2026\/04\/30\/gobierno-de-el-nuevo-ecuador-avanza-en-la-transformacion-de-la-guayaquil-riobamba-una-via-clave-para-la-conectividad-del-pais\/\" \/>\n<meta property=\"og:locale\" content=\"es_ES\" \/>\n<meta property=\"og:type\" content=\"article\" \/>\n<meta property=\"og:title\" content=\"Gobierno de El Nuevo Ecuador avanza en la transformaci\u00f3n de la Guayaquil \u2013 Riobamba, una v\u00eda clave para la conectividad del pa\u00eds - Emisario Ec\" \/>\n<meta property=\"og:description\" content=\"Con una inversi\u00f3n superior a USD 47 millones, el proyecto contempla la intervenci\u00f3n de 106,69 kil\u00f3metros\" \/>\n<meta property=\"og:url\" content=\"https:\/\/emisarioec.com\/index.php\/2026\/04\/30\/gobierno-de-el-nuevo-ecuador-avanza-en-la-transformacion-de-la-guayaquil-riobamba-una-via-clave-para-la-conectividad-del-pais\/\" \/>\n<meta property=\"og:site_name\" content=\"Emisario Ec\" \/>\n<meta property=\"article:published_time\" content=\"2026-04-30T21:20:00+00:00\" \/>\n<meta property=\"article:modified_time\" content=\"2026-04-30T21:50:09+00:00\" \/>\n<meta property=\"og:image\" content=\"https:\/\/emisarioec.com\/wp-content\/uploads\/2026\/04\/1-122.jpg\" \/>\n\t<meta property=\"og:image:width\" content=\"832\" \/>\n\t<meta property=\"og:image:height\" content=\"468\" \/>\n\t<meta property=\"og:image:type\" content=\"image\/jpeg\" \/>\n<meta name=\"author\" content=\"Emisario Ec\" \/>\n<meta name=\"twitter:card\" content=\"summary_large_image\" \/>\n<meta name=\"twitter:label1\" content=\"Escrito por\" \/>\n\t<meta name=\"twitter:data1\" content=\"Emisario Ec\" \/>\n\t<meta name=\"twitter:label2\" content=\"Tiempo de lectura\" \/>\n\t<meta name=\"twitter:data2\" content=\"2 minutos\" \/>\n<script type=\"application\/ld+json\" class=\"yoast-schema-graph\">{\"@context\":\"https:\\\/\\\/schema.org\",\"@graph\":[{\"@type\":\"Article\",\"@id\":\"https:\\\/\\\/emisarioec.com\\\/index.php\\\/2026\\\/04\\\/30\\\/gobierno-de-el-nuevo-ecuador-avanza-en-la-transformacion-de-la-guayaquil-riobamba-una-via-clave-para-la-conectividad-del-pais\\\/#article\",\"isPartOf\":{\"@id\":\"https:\\\/\\\/emisarioec.com\\\/index.php\\\/2026\\\/04\\\/30\\\/gobierno-de-el-nuevo-ecuador-avanza-en-la-transformacion-de-la-guayaquil-riobamba-una-via-clave-para-la-conectividad-del-pais\\\/\"},\"author\":{\"name\":\"Emisario Ec\",\"@id\":\"https:\\\/\\\/emisarioec.com\\\/#\\\/schema\\\/person\\\/2afb9da152d200f9b3feecf5f92da2d5\"},\"headline\":\"Gobierno de El Nuevo Ecuador avanza en la transformaci\u00f3n de la Guayaquil \u2013 Riobamba, una v\u00eda clave para la conectividad del pa\u00eds\",\"datePublished\":\"2026-04-30T21:20:00+00:00\",\"dateModified\":\"2026-04-30T21:50:09+00:00\",\"mainEntityOfPage\":{\"@id\":\"https:\\\/\\\/emisarioec.com\\\/index.php\\\/2026\\\/04\\\/30\\\/gobierno-de-el-nuevo-ecuador-avanza-en-la-transformacion-de-la-guayaquil-riobamba-una-via-clave-para-la-conectividad-del-pais\\\/\"},\"wordCount\":405,\"publisher\":{\"@id\":\"https:\\\/\\\/emisarioec.com\\\/#organization\"},\"image\":{\"@id\":\"https:\\\/\\\/emisarioec.com\\\/index.php\\\/2026\\\/04\\\/30\\\/gobierno-de-el-nuevo-ecuador-avanza-en-la-transformacion-de-la-guayaquil-riobamba-una-via-clave-para-la-conectividad-del-pais\\\/#primaryimage\"},\"thumbnailUrl\":\"https:\\\/\\\/emisarioec.com\\\/wp-content\\\/uploads\\\/2026\\\/04\\\/1-122.jpg\",\"keywords\":[\"El Nuevo Ecuador\",\"Guayaquil \u2013 Riobamba\",\"Ministerio de Infraestructura y Transporte\"],\"articleSection\":[\"Actualidad\"],\"inLanguage\":\"es\"},{\"@type\":\"WebPage\",\"@id\":\"https:\\\/\\\/emisarioec.com\\\/index.php\\\/2026\\\/04\\\/30\\\/gobierno-de-el-nuevo-ecuador-avanza-en-la-transformacion-de-la-guayaquil-riobamba-una-via-clave-para-la-conectividad-del-pais\\\/\",\"url\":\"https:\\\/\\\/emisarioec.com\\\/index.php\\\/2026\\\/04\\\/30\\\/gobierno-de-el-nuevo-ecuador-avanza-en-la-transformacion-de-la-guayaquil-riobamba-una-via-clave-para-la-conectividad-del-pais\\\/\",\"name\":\"Gobierno de El Nuevo Ecuador avanza en la transformaci\u00f3n de la Guayaquil \u2013 Riobamba, una v\u00eda clave para la conectividad del pa\u00eds - Emisario Ec\",\"isPartOf\":{\"@id\":\"https:\\\/\\\/emisarioec.com\\\/#website\"},\"primaryImageOfPage\":{\"@id\":\"https:\\\/\\\/emisarioec.com\\\/index.php\\\/2026\\\/04\\\/30\\\/gobierno-de-el-nuevo-ecuador-avanza-en-la-transformacion-de-la-guayaquil-riobamba-una-via-clave-para-la-conectividad-del-pais\\\/#primaryimage\"},\"image\":{\"@id\":\"https:\\\/\\\/emisarioec.com\\\/index.php\\\/2026\\\/04\\\/30\\\/gobierno-de-el-nuevo-ecuador-avanza-en-la-transformacion-de-la-guayaquil-riobamba-una-via-clave-para-la-conectividad-del-pais\\\/#primaryimage\"},\"thumbnailUrl\":\"https:\\\/\\\/emisarioec.com\\\/wp-content\\\/uploads\\\/2026\\\/04\\\/1-122.jpg\",\"datePublished\":\"2026-04-30T21:20:00+00:00\",\"dateModified\":\"2026-04-30T21:50:09+00:00\",\"breadcrumb\":{\"@id\":\"https:\\\/\\\/emisarioec.com\\\/index.php\\\/2026\\\/04\\\/30\\\/gobierno-de-el-nuevo-ecuador-avanza-en-la-transformacion-de-la-guayaquil-riobamba-una-via-clave-para-la-conectividad-del-pais\\\/#breadcrumb\"},\"inLanguage\":\"es\",\"potentialAction\":[{\"@type\":\"ReadAction\",\"target\":[\"https:\\\/\\\/emisarioec.com\\\/index.php\\\/2026\\\/04\\\/30\\\/gobierno-de-el-nuevo-ecuador-avanza-en-la-transformacion-de-la-guayaquil-riobamba-una-via-clave-para-la-conectividad-del-pais\\\/\"]}]},{\"@type\":\"ImageObject\",\"inLanguage\":\"es\",\"@id\":\"https:\\\/\\\/emisarioec.com\\\/index.php\\\/2026\\\/04\\\/30\\\/gobierno-de-el-nuevo-ecuador-avanza-en-la-transformacion-de-la-guayaquil-riobamba-una-via-clave-para-la-conectividad-del-pais\\\/#primaryimage\",\"url\":\"https:\\\/\\\/emisarioec.com\\\/wp-content\\\/uploads\\\/2026\\\/04\\\/1-122.jpg\",\"contentUrl\":\"https:\\\/\\\/emisarioec.com\\\/wp-content\\\/uploads\\\/2026\\\/04\\\/1-122.jpg\",\"width\":832,\"height\":468},{\"@type\":\"BreadcrumbList\",\"@id\":\"https:\\\/\\\/emisarioec.com\\\/index.php\\\/2026\\\/04\\\/30\\\/gobierno-de-el-nuevo-ecuador-avanza-en-la-transformacion-de-la-guayaquil-riobamba-una-via-clave-para-la-conectividad-del-pais\\\/#breadcrumb\",\"itemListElement\":[{\"@type\":\"ListItem\",\"position\":1,\"name\":\"Portada\",\"item\":\"https:\\\/\\\/emisarioec.com\\\/\"},{\"@type\":\"ListItem\",\"position\":2,\"name\":\"Gobierno de El Nuevo Ecuador avanza en la transformaci\u00f3n de la Guayaquil \u2013 Riobamba, una v\u00eda clave para la conectividad del pa\u00eds\"}]},{\"@type\":\"WebSite\",\"@id\":\"https:\\\/\\\/emisarioec.com\\\/#website\",\"url\":\"https:\\\/\\\/emisarioec.com\\\/\",\"name\":\"Emisario Ec\",\"description\":\"Informar es un derecho que corresponde a hechos\",\"publisher\":{\"@id\":\"https:\\\/\\\/emisarioec.com\\\/#organization\"},\"potentialAction\":[{\"@type\":\"SearchAction\",\"target\":{\"@type\":\"EntryPoint\",\"urlTemplate\":\"https:\\\/\\\/emisarioec.com\\\/?s={search_term_string}\"},\"query-input\":{\"@type\":\"PropertyValueSpecification\",\"valueRequired\":true,\"valueName\":\"search_term_string\"}}],\"inLanguage\":\"es\"},{\"@type\":\"Organization\",\"@id\":\"https:\\\/\\\/emisarioec.com\\\/#organization\",\"name\":\"Emisario Ec\",\"url\":\"https:\\\/\\\/emisarioec.com\\\/\",\"logo\":{\"@type\":\"ImageObject\",\"inLanguage\":\"es\",\"@id\":\"https:\\\/\\\/emisarioec.com\\\/#\\\/schema\\\/logo\\\/image\\\/\",\"url\":\"https:\\\/\\\/emisarioec.com\\\/wp-content\\\/uploads\\\/2025\\\/06\\\/cropped-cropped-emisario-ico.png\",\"contentUrl\":\"https:\\\/\\\/emisarioec.com\\\/wp-content\\\/uploads\\\/2025\\\/06\\\/cropped-cropped-emisario-ico.png\",\"width\":512,\"height\":512,\"caption\":\"Emisario Ec\"},\"image\":{\"@id\":\"https:\\\/\\\/emisarioec.com\\\/#\\\/schema\\\/logo\\\/image\\\/\"}},{\"@type\":\"Person\",\"@id\":\"https:\\\/\\\/emisarioec.com\\\/#\\\/schema\\\/person\\\/2afb9da152d200f9b3feecf5f92da2d5\",\"name\":\"Emisario Ec\",\"url\":\"https:\\\/\\\/emisarioec.com\\\/index.php\\\/author\\\/admin_roberto\\\/\"}]}<\/script>\n<!-- \/ Yoast SEO plugin. -->","yoast_head_json":{"title":"Gobierno de El Nuevo Ecuador avanza en la transformaci\u00f3n de la Guayaquil \u2013 Riobamba, una v\u00eda clave para la conectividad del pa\u00eds - Emisario Ec","robots":{"index":"index","follow":"follow","max-snippet":"max-snippet:-1","max-image-preview":"max-image-preview:large","max-video-preview":"max-video-preview:-1"},"canonical":"https:\/\/emisarioec.com\/index.php\/2026\/04\/30\/gobierno-de-el-nuevo-ecuador-avanza-en-la-transformacion-de-la-guayaquil-riobamba-una-via-clave-para-la-conectividad-del-pais\/","og_locale":"es_ES","og_type":"article","og_title":"Gobierno de El Nuevo Ecuador avanza en la transformaci\u00f3n de la Guayaquil \u2013 Riobamba, una v\u00eda clave para la conectividad del pa\u00eds - Emisario Ec","og_description":"Con una inversi\u00f3n superior a USD 47 millones, el proyecto contempla la intervenci\u00f3n de 106,69 kil\u00f3metros","og_url":"https:\/\/emisarioec.com\/index.php\/2026\/04\/30\/gobierno-de-el-nuevo-ecuador-avanza-en-la-transformacion-de-la-guayaquil-riobamba-una-via-clave-para-la-conectividad-del-pais\/","og_site_name":"Emisario Ec","article_published_time":"2026-04-30T21:20:00+00:00","article_modified_time":"2026-04-30T21:50:09+00:00","og_image":[{"width":832,"height":468,"url":"https:\/\/emisarioec.com\/wp-content\/uploads\/2026\/04\/1-122.jpg","type":"image\/jpeg"}],"author":"Emisario Ec","twitter_card":"summary_large_image","twitter_misc":{"Escrito por":"Emisario Ec","Tiempo de lectura":"2 minutos"},"schema":{"@context":"https:\/\/schema.org","@graph":[{"@type":"Article","@id":"https:\/\/emisarioec.com\/index.php\/2026\/04\/30\/gobierno-de-el-nuevo-ecuador-avanza-en-la-transformacion-de-la-guayaquil-riobamba-una-via-clave-para-la-conectividad-del-pais\/#article","isPartOf":{"@id":"https:\/\/emisarioec.com\/index.php\/2026\/04\/30\/gobierno-de-el-nuevo-ecuador-avanza-en-la-transformacion-de-la-guayaquil-riobamba-una-via-clave-para-la-conectividad-del-pais\/"},"author":{"name":"Emisario Ec","@id":"https:\/\/emisarioec.com\/#\/schema\/person\/2afb9da152d200f9b3feecf5f92da2d5"},"headline":"Gobierno de El Nuevo Ecuador avanza en la transformaci\u00f3n de la Guayaquil \u2013 Riobamba, una v\u00eda clave para la conectividad del pa\u00eds","datePublished":"2026-04-30T21:20:00+00:00","dateModified":"2026-04-30T21:50:09+00:00","mainEntityOfPage":{"@id":"https:\/\/emisarioec.com\/index.php\/2026\/04\/30\/gobierno-de-el-nuevo-ecuador-avanza-en-la-transformacion-de-la-guayaquil-riobamba-una-via-clave-para-la-conectividad-del-pais\/"},"wordCount":405,"publisher":{"@id":"https:\/\/emisarioec.com\/#organization"},"image":{"@id":"https:\/\/emisarioec.com\/index.php\/2026\/04\/30\/gobierno-de-el-nuevo-ecuador-avanza-en-la-transformacion-de-la-guayaquil-riobamba-una-via-clave-para-la-conectividad-del-pais\/#primaryimage"},"thumbnailUrl":"https:\/\/emisarioec.com\/wp-content\/uploads\/2026\/04\/1-122.jpg","keywords":["El Nuevo Ecuador","Guayaquil \u2013 Riobamba","Ministerio de Infraestructura y Transporte"],"articleSection":["Actualidad"],"inLanguage":"es"},{"@type":"WebPage","@id":"https:\/\/emisarioec.com\/index.php\/2026\/04\/30\/gobierno-de-el-nuevo-ecuador-avanza-en-la-transformacion-de-la-guayaquil-riobamba-una-via-clave-para-la-conectividad-del-pais\/","url":"https:\/\/emisarioec.com\/index.php\/2026\/04\/30\/gobierno-de-el-nuevo-ecuador-avanza-en-la-transformacion-de-la-guayaquil-riobamba-una-via-clave-para-la-conectividad-del-pais\/","name":"Gobierno de El Nuevo Ecuador avanza en la transformaci\u00f3n de la Guayaquil \u2013 Riobamba, una v\u00eda clave para la conectividad del pa\u00eds - Emisario Ec","isPartOf":{"@id":"https:\/\/emisarioec.com\/#website"},"primaryImageOfPage":{"@id":"https:\/\/emisarioec.com\/index.php\/2026\/04\/30\/gobierno-de-el-nuevo-ecuador-avanza-en-la-transformacion-de-la-guayaquil-riobamba-una-via-clave-para-la-conectividad-del-pais\/#primaryimage"},"image":{"@id":"https:\/\/emisarioec.com\/index.php\/2026\/04\/30\/gobierno-de-el-nuevo-ecuador-avanza-en-la-transformacion-de-la-guayaquil-riobamba-una-via-clave-para-la-conectividad-del-pais\/#primaryimage"},"thumbnailUrl":"https:\/\/emisarioec.com\/wp-content\/uploads\/2026\/04\/1-122.jpg","datePublished":"2026-04-30T21:20:00+00:00","dateModified":"2026-04-30T21:50:09+00:00","breadcrumb":{"@id":"https:\/\/emisarioec.com\/index.php\/2026\/04\/30\/gobierno-de-el-nuevo-ecuador-avanza-en-la-transformacion-de-la-guayaquil-riobamba-una-via-clave-para-la-conectividad-del-pais\/#breadcrumb"},"inLanguage":"es","potentialAction":[{"@type":"ReadAction","target":["https:\/\/emisarioec.com\/index.php\/2026\/04\/30\/gobierno-de-el-nuevo-ecuador-avanza-en-la-transformacion-de-la-guayaquil-riobamba-una-via-clave-para-la-conectividad-del-pais\/"]}]},{"@type":"ImageObject","inLanguage":"es","@id":"https:\/\/emisarioec.com\/index.php\/2026\/04\/30\/gobierno-de-el-nuevo-ecuador-avanza-en-la-transformacion-de-la-guayaquil-riobamba-una-via-clave-para-la-conectividad-del-pais\/#primaryimage","url":"https:\/\/emisarioec.com\/wp-content\/uploads\/2026\/04\/1-122.jpg","contentUrl":"https:\/\/emisarioec.com\/wp-content\/uploads\/2026\/04\/1-122.jpg","width":832,"height":468},{"@type":"BreadcrumbList","@id":"https:\/\/emisarioec.com\/index.php\/2026\/04\/30\/gobierno-de-el-nuevo-ecuador-avanza-en-la-transformacion-de-la-guayaquil-riobamba-una-via-clave-para-la-conectividad-del-pais\/#breadcrumb","itemListElement":[{"@type":"ListItem","position":1,"name":"Portada","item":"https:\/\/emisarioec.com\/"},{"@type":"ListItem","position":2,"name":"Gobierno de El Nuevo Ecuador avanza en la transformaci\u00f3n de la Guayaquil \u2013 Riobamba, una v\u00eda clave para la conectividad del pa\u00eds"}]},{"@type":"WebSite","@id":"https:\/\/emisarioec.com\/#website","url":"https:\/\/emisarioec.com\/","name":"Emisario Ec","description":"Informar es un derecho que corresponde a hechos","publisher":{"@id":"https:\/\/emisarioec.com\/#organization"},"potentialAction":[{"@type":"SearchAction","target":{"@type":"EntryPoint","urlTemplate":"https:\/\/emisarioec.com\/?s={search_term_string}"},"query-input":{"@type":"PropertyValueSpecification","valueRequired":true,"valueName":"search_term_string"}}],"inLanguage":"es"},{"@type":"Organization","@id":"https:\/\/emisarioec.com\/#organization","name":"Emisario Ec","url":"https:\/\/emisarioec.com\/","logo":{"@type":"ImageObject","inLanguage":"es","@id":"https:\/\/emisarioec.com\/#\/schema\/logo\/image\/","url":"https:\/\/emisarioec.com\/wp-content\/uploads\/2025\/06\/cropped-cropped-emisario-ico.png","contentUrl":"https:\/\/emisarioec.com\/wp-content\/uploads\/2025\/06\/cropped-cropped-emisario-ico.png","width":512,"height":512,"caption":"Emisario Ec"},"image":{"@id":"https:\/\/emisarioec.com\/#\/schema\/logo\/image\/"}},{"@type":"Person","@id":"https:\/\/emisarioec.com\/#\/schema\/person\/2afb9da152d200f9b3feecf5f92da2d5","name":"Emisario Ec","url":"https:\/\/emisarioec.com\/index.php\/author\/admin_roberto\/"}]}},"jetpack_featured_media_url":"https:\/\/emisarioec.com\/wp-content\/uploads\/2026\/04\/1-122.jpg","_links":{"self":[{"href":"https:\/\/emisarioec.com\/index.php\/wp-json\/wp\/v2\/posts\/2799","targetHints":{"allow":["GET"]}}],"collection":[{"href":"https:\/\/emisarioec.com\/index.php\/wp-json\/wp\/v2\/posts"}],"about":[{"href":"https:\/\/emisarioec.com\/index.php\/wp-json\/wp\/v2\/types\/post"}],"author":[{"embeddable":true,"href":"https:\/\/emisarioec.com\/index.php\/wp-json\/wp\/v2\/users\/2"}],"replies":[{"embeddable":true,"href":"https:\/\/emisarioec.com\/index.php\/wp-json\/wp\/v2\/comments?post=2799"}],"version-history":[{"count":2,"href":"https:\/\/emisarioec.com\/index.php\/wp-json\/wp\/v2\/posts\/2799\/revisions"}],"predecessor-version":[{"id":2802,"href":"https:\/\/emisarioec.com\/index.php\/wp-json\/wp\/v2\/posts\/2799\/revisions\/2802"}],"wp:featuredmedia":[{"embeddable":true,"href":"https:\/\/emisarioec.com\/index.php\/wp-json\/wp\/v2\/media\/2800"}],"wp:attachment":[{"href":"https:\/\/emisarioec.com\/index.php\/wp-json\/wp\/v2\/media?parent=2799"}],"wp:term":[{"taxonomy":"category","embeddable":true,"href":"https:\/\/emisarioec.com\/index.php\/wp-json\/wp\/v2\/categories?post=2799"},{"taxonomy":"post_tag","embeddable":true,"href":"https:\/\/emisarioec.com\/index.php\/wp-json\/wp\/v2\/tags?post=2799"}],"curies":[{"name":"wp","href":"https:\/\/api.w.org\/{rel}","templated":true}]}}