{"id":2827,"date":"2026-04-28T18:20:00","date_gmt":"2026-04-28T23:20:00","guid":{"rendered":"https:\/\/emisarioec.com\/?p=2827"},"modified":"2026-05-01T02:00:51","modified_gmt":"2026-05-01T07:00:51","slug":"regreso-a-clases-el-consumidor-inteligente-que-compra-menos-por-impulso-y-mas-por-estrategia","status":"publish","type":"post","link":"https:\/\/emisarioec.com\/index.php\/2026\/04\/28\/regreso-a-clases-el-consumidor-inteligente-que-compra-menos-por-impulso-y-mas-por-estrategia\/","title":{"rendered":"Regreso a clases: el consumidor inteligente que compra menos por impulso y m\u00e1s por estrategia\u00a0"},"content":{"rendered":"\n<p>El regreso a clases en la regi\u00f3n Costa no solo activa el comercio: tambi\u00e9n revela una transformaci\u00f3n en la forma en que los ecuatorianos compran. Hoy, m\u00e1s que nunca, el consumidor prioriza la planificaci\u00f3n, el ahorro y el uso de herramientas digitales para tomar decisiones m\u00e1s acertadas.&nbsp;<\/p>\n\n\n\n<p>Datos de&nbsp;IBOPE&nbsp;muestran que esta temporada est\u00e1 marcada por un comprador m\u00e1s consciente y estrat\u00e9gico.&nbsp;<\/p>\n\n\n\n<p><strong>Comprar s\u00ed, pero con estrategia<\/strong>&nbsp;<\/p>\n\n\n\n<p>Atr\u00e1s qued\u00f3 la compra impulsiva. En su lugar, emerge un consumidor que analiza, compara y espera el mejor momento:&nbsp;<\/p>\n\n\n\n<ul class=\"wp-block-list\">\n<li>El\u00a0<strong>68,5%<\/strong>\u00a0espera encontrar ofertas antes de comprar.\u00a0\u00a0<\/li>\n<\/ul>\n\n\n\n<ul class=\"wp-block-list\">\n<li>Un\u00a0<strong>65,2%<\/strong>\u00a0busca activamente los precios m\u00e1s bajos.\u00a0\u00a0<\/li>\n<\/ul>\n\n\n\n<ul class=\"wp-block-list\">\n<li>El\u00a0<strong>66,8%<\/strong>\u00a0planifica la compra de art\u00edculos costosos.\u00a0\u00a0<\/li>\n<\/ul>\n\n\n\n<ul class=\"wp-block-list\">\n<li>El\u00a0<strong>49,2%<\/strong>\u00a0utiliza internet para organizar sus compras.\u00a0\u00a0<\/li>\n<\/ul>\n\n\n\n<ul class=\"wp-block-list\">\n<li>Y el\u00a0<strong>43,2%<\/strong>\u00a0considera que comprar en l\u00ednea le facilita la vida.\u00a0\u00a0<\/li>\n<\/ul>\n\n\n\n<p>La l\u00f3gica es clara: optimizar el presupuesto familiar en una temporada que suele implicar m\u00faltiples gastos.&nbsp;<\/p>\n\n\n\n<p><strong>La decisi\u00f3n se construye entre lo cercano y lo digital<\/strong>&nbsp;<\/p>\n\n\n\n<p>A la hora de decidir qu\u00e9 comprar, la confianza sigue siendo clave, pero ahora se distribuye entre distintos canales:&nbsp;<\/p>\n\n\n\n<ul class=\"wp-block-list\">\n<li><strong>61%<\/strong>\u00a0se gu\u00eda por recomendaciones de familiares o amistades.\u00a0\u00a0<\/li>\n<\/ul>\n\n\n\n<ul class=\"wp-block-list\">\n<li><strong>53%<\/strong>\u00a0conf\u00eda en su experiencia previa.\u00a0\u00a0<\/li>\n<\/ul>\n\n\n\n<ul class=\"wp-block-list\">\n<li><strong>52%<\/strong>\u00a0consulta internet y redes sociales.\u00a0\u00a0<\/li>\n<\/ul>\n\n\n\n<ul class=\"wp-block-list\">\n<li><strong>28%<\/strong>\u00a0toma en cuenta a influenciadores.\u00a0\u00a0<\/li>\n<\/ul>\n\n\n\n<p>Esto confirma que las decisiones de compra son cada vez m\u00e1s informadas y socialmente validadas.&nbsp;<\/p>\n\n\n\n<p><strong>La televisi\u00f3n: vigencia en medio del cambio<\/strong>&nbsp;<\/p>\n\n\n\n<p>En un entorno dominado por lo digital, la televisi\u00f3n&nbsp;abierta&nbsp;mantiene un rol relevante en la construcci\u00f3n de&nbsp;recordaci\u00f3n&nbsp;y credibilidad:<\/p>\n\n\n\n<ul class=\"wp-block-list\">\n<li>El\u00a040%\u00a0presta atenci\u00f3n a la publicidad en TV\u00a0y 59% conf\u00eda en el medio.\u00a0\u00a0<\/li>\n<\/ul>\n\n\n\n<p>De acuerdo con el estudio de audiencias de&nbsp;Kantar IBOPE Media:&nbsp;<\/p>\n\n\n\n<ul class=\"wp-block-list\">\n<li>La\u00a0TV abierta alcanza el 94% de cobertura en amas de casa<strong>,\u00a0<\/strong>superando los<strong>\u00a0<\/strong>1,4 millones de personas\u00a0en el \u00e1rea urbana de Quito y Guayaquil<strong>.\u00a0<\/strong>\u00a0<\/li>\n<\/ul>\n\n\n\n<ul class=\"wp-block-list\">\n<li>Este segmento consume en promedio\u00a04 horas y 4 minutos diarios\u00a0de televisi\u00f3n (lunes a viernes, de 06:00 a 24:00).\u00a0\u00a0<\/li>\n<\/ul>\n\n\n\n<p><strong>Amas de casa: el centro de la decisi\u00f3n<\/strong>&nbsp;<\/p>\n\n\n\n<p>En el contexto escolar, las amas de casa siguen siendo un p\u00fablico decisor clave. Su alto consumo de medios y su rol en la administraci\u00f3n del hogar las convierten en un&nbsp;target&nbsp;estrat\u00e9gico para marcas y&nbsp;retailers.&nbsp;<\/p>\n\n\n\n<p>El regreso a clases ya no es solo una oportunidad comercial, sino un reflejo de un consumidor que ha evolucionado. Hoy, comprar implica informarse, comparar y elegir con criterio.&nbsp;<\/p>\n\n\n\n<p>Las marcas que entiendan esta l\u00f3gica \u2014combinando&nbsp;promociones relevantes, presencia digital y mensajes de confianza\u2014 ser\u00e1n las que logren conectar en una temporada cada vez m\u00e1s competitiva.&nbsp;<\/p>\n\n\n\n<p>\u201cHoy m\u00e1s que nunca, los datos nos permiten entender c\u00f3mo las personas planifican, comparan y toman decisiones m\u00e1s informadas. El consumidor ecuatoriano ha evolucionado hacia un modelo mucho m\u00e1s estrat\u00e9gico\u201d&nbsp;indica&nbsp;Doris Reyes, Country Manager&nbsp;Ibope&nbsp;Ecuador.&nbsp;&nbsp;<\/p>\n","protected":false},"excerpt":{"rendered":"<p>Datos de\u00a0IBOPE\u00a0muestran que esta temporada est\u00e1 marcada por un comprador m\u00e1s consciente y estrat\u00e9gico<\/p>\n","protected":false},"author":2,"featured_media":2828,"comment_status":"closed","ping_status":"open","sticky":false,"template":"","format":"standard","meta":{"footnotes":""},"categories":[6],"tags":[1293,33,22,1263],"class_list":["post-2827","post","type-post","status-publish","format-standard","has-post-thumbnail","hentry","category-actualidad","tag-consumidor-inteligente","tag-ecuador","tag-guayaquil","tag-regreso-a-clases"],"yoast_head":"<!-- This site is optimized with the Yoast SEO plugin v27.5 - https:\/\/yoast.com\/product\/yoast-seo-wordpress\/ -->\n<title>Regreso a clases: el consumidor inteligente que compra menos por impulso y m\u00e1s por estrategia\u00a0 - Emisario Ec<\/title>\n<meta name=\"robots\" content=\"index, follow, max-snippet:-1, max-image-preview:large, max-video-preview:-1\" \/>\n<link rel=\"canonical\" href=\"https:\/\/emisarioec.com\/index.php\/2026\/04\/28\/regreso-a-clases-el-consumidor-inteligente-que-compra-menos-por-impulso-y-mas-por-estrategia\/\" \/>\n<meta property=\"og:locale\" content=\"es_ES\" \/>\n<meta property=\"og:type\" content=\"article\" \/>\n<meta property=\"og:title\" content=\"Regreso a clases: el consumidor inteligente que compra menos por impulso y m\u00e1s por estrategia\u00a0 - Emisario Ec\" \/>\n<meta property=\"og:description\" content=\"Datos de\u00a0IBOPE\u00a0muestran que esta temporada est\u00e1 marcada por un comprador m\u00e1s consciente y estrat\u00e9gico\" \/>\n<meta property=\"og:url\" content=\"https:\/\/emisarioec.com\/index.php\/2026\/04\/28\/regreso-a-clases-el-consumidor-inteligente-que-compra-menos-por-impulso-y-mas-por-estrategia\/\" \/>\n<meta property=\"og:site_name\" content=\"Emisario Ec\" \/>\n<meta property=\"article:published_time\" content=\"2026-04-28T23:20:00+00:00\" \/>\n<meta property=\"article:modified_time\" content=\"2026-05-01T07:00:51+00:00\" \/>\n<meta property=\"og:image\" content=\"https:\/\/emisarioec.com\/wp-content\/uploads\/2026\/05\/regreso-a-clases-2.jpg\" \/>\n\t<meta property=\"og:image:width\" content=\"626\" \/>\n\t<meta property=\"og:image:height\" content=\"626\" \/>\n\t<meta property=\"og:image:type\" content=\"image\/jpeg\" \/>\n<meta name=\"author\" content=\"Emisario Ec\" \/>\n<meta name=\"twitter:card\" content=\"summary_large_image\" \/>\n<meta name=\"twitter:label1\" content=\"Escrito por\" \/>\n\t<meta name=\"twitter:data1\" content=\"Emisario Ec\" \/>\n\t<meta name=\"twitter:label2\" content=\"Tiempo de lectura\" \/>\n\t<meta name=\"twitter:data2\" content=\"3 minutos\" \/>\n<script type=\"application\/ld+json\" class=\"yoast-schema-graph\">{\"@context\":\"https:\\\/\\\/schema.org\",\"@graph\":[{\"@type\":\"Article\",\"@id\":\"https:\\\/\\\/emisarioec.com\\\/index.php\\\/2026\\\/04\\\/28\\\/regreso-a-clases-el-consumidor-inteligente-que-compra-menos-por-impulso-y-mas-por-estrategia\\\/#article\",\"isPartOf\":{\"@id\":\"https:\\\/\\\/emisarioec.com\\\/index.php\\\/2026\\\/04\\\/28\\\/regreso-a-clases-el-consumidor-inteligente-que-compra-menos-por-impulso-y-mas-por-estrategia\\\/\"},\"author\":{\"name\":\"Emisario Ec\",\"@id\":\"https:\\\/\\\/emisarioec.com\\\/#\\\/schema\\\/person\\\/2afb9da152d200f9b3feecf5f92da2d5\"},\"headline\":\"Regreso a clases: el consumidor inteligente que compra menos por impulso y m\u00e1s por estrategia\u00a0\",\"datePublished\":\"2026-04-28T23:20:00+00:00\",\"dateModified\":\"2026-05-01T07:00:51+00:00\",\"mainEntityOfPage\":{\"@id\":\"https:\\\/\\\/emisarioec.com\\\/index.php\\\/2026\\\/04\\\/28\\\/regreso-a-clases-el-consumidor-inteligente-que-compra-menos-por-impulso-y-mas-por-estrategia\\\/\"},\"wordCount\":523,\"publisher\":{\"@id\":\"https:\\\/\\\/emisarioec.com\\\/#organization\"},\"image\":{\"@id\":\"https:\\\/\\\/emisarioec.com\\\/index.php\\\/2026\\\/04\\\/28\\\/regreso-a-clases-el-consumidor-inteligente-que-compra-menos-por-impulso-y-mas-por-estrategia\\\/#primaryimage\"},\"thumbnailUrl\":\"https:\\\/\\\/emisarioec.com\\\/wp-content\\\/uploads\\\/2026\\\/05\\\/regreso-a-clases-2.jpg\",\"keywords\":[\"consumidor inteligente\",\"Ecuador\",\"Guayaquil\",\"Regreso a clases\"],\"articleSection\":[\"Actualidad\"],\"inLanguage\":\"es\"},{\"@type\":\"WebPage\",\"@id\":\"https:\\\/\\\/emisarioec.com\\\/index.php\\\/2026\\\/04\\\/28\\\/regreso-a-clases-el-consumidor-inteligente-que-compra-menos-por-impulso-y-mas-por-estrategia\\\/\",\"url\":\"https:\\\/\\\/emisarioec.com\\\/index.php\\\/2026\\\/04\\\/28\\\/regreso-a-clases-el-consumidor-inteligente-que-compra-menos-por-impulso-y-mas-por-estrategia\\\/\",\"name\":\"Regreso a clases: el consumidor inteligente que compra menos por impulso y m\u00e1s por estrategia\u00a0 - Emisario Ec\",\"isPartOf\":{\"@id\":\"https:\\\/\\\/emisarioec.com\\\/#website\"},\"primaryImageOfPage\":{\"@id\":\"https:\\\/\\\/emisarioec.com\\\/index.php\\\/2026\\\/04\\\/28\\\/regreso-a-clases-el-consumidor-inteligente-que-compra-menos-por-impulso-y-mas-por-estrategia\\\/#primaryimage\"},\"image\":{\"@id\":\"https:\\\/\\\/emisarioec.com\\\/index.php\\\/2026\\\/04\\\/28\\\/regreso-a-clases-el-consumidor-inteligente-que-compra-menos-por-impulso-y-mas-por-estrategia\\\/#primaryimage\"},\"thumbnailUrl\":\"https:\\\/\\\/emisarioec.com\\\/wp-content\\\/uploads\\\/2026\\\/05\\\/regreso-a-clases-2.jpg\",\"datePublished\":\"2026-04-28T23:20:00+00:00\",\"dateModified\":\"2026-05-01T07:00:51+00:00\",\"breadcrumb\":{\"@id\":\"https:\\\/\\\/emisarioec.com\\\/index.php\\\/2026\\\/04\\\/28\\\/regreso-a-clases-el-consumidor-inteligente-que-compra-menos-por-impulso-y-mas-por-estrategia\\\/#breadcrumb\"},\"inLanguage\":\"es\",\"potentialAction\":[{\"@type\":\"ReadAction\",\"target\":[\"https:\\\/\\\/emisarioec.com\\\/index.php\\\/2026\\\/04\\\/28\\\/regreso-a-clases-el-consumidor-inteligente-que-compra-menos-por-impulso-y-mas-por-estrategia\\\/\"]}]},{\"@type\":\"ImageObject\",\"inLanguage\":\"es\",\"@id\":\"https:\\\/\\\/emisarioec.com\\\/index.php\\\/2026\\\/04\\\/28\\\/regreso-a-clases-el-consumidor-inteligente-que-compra-menos-por-impulso-y-mas-por-estrategia\\\/#primaryimage\",\"url\":\"https:\\\/\\\/emisarioec.com\\\/wp-content\\\/uploads\\\/2026\\\/05\\\/regreso-a-clases-2.jpg\",\"contentUrl\":\"https:\\\/\\\/emisarioec.com\\\/wp-content\\\/uploads\\\/2026\\\/05\\\/regreso-a-clases-2.jpg\",\"width\":626,\"height\":626},{\"@type\":\"BreadcrumbList\",\"@id\":\"https:\\\/\\\/emisarioec.com\\\/index.php\\\/2026\\\/04\\\/28\\\/regreso-a-clases-el-consumidor-inteligente-que-compra-menos-por-impulso-y-mas-por-estrategia\\\/#breadcrumb\",\"itemListElement\":[{\"@type\":\"ListItem\",\"position\":1,\"name\":\"Portada\",\"item\":\"https:\\\/\\\/emisarioec.com\\\/\"},{\"@type\":\"ListItem\",\"position\":2,\"name\":\"Regreso a clases: el consumidor inteligente que compra menos por impulso y m\u00e1s por estrategia\u00a0\"}]},{\"@type\":\"WebSite\",\"@id\":\"https:\\\/\\\/emisarioec.com\\\/#website\",\"url\":\"https:\\\/\\\/emisarioec.com\\\/\",\"name\":\"Emisario Ec\",\"description\":\"Informar es un derecho que corresponde a hechos\",\"publisher\":{\"@id\":\"https:\\\/\\\/emisarioec.com\\\/#organization\"},\"potentialAction\":[{\"@type\":\"SearchAction\",\"target\":{\"@type\":\"EntryPoint\",\"urlTemplate\":\"https:\\\/\\\/emisarioec.com\\\/?s={search_term_string}\"},\"query-input\":{\"@type\":\"PropertyValueSpecification\",\"valueRequired\":true,\"valueName\":\"search_term_string\"}}],\"inLanguage\":\"es\"},{\"@type\":\"Organization\",\"@id\":\"https:\\\/\\\/emisarioec.com\\\/#organization\",\"name\":\"Emisario Ec\",\"url\":\"https:\\\/\\\/emisarioec.com\\\/\",\"logo\":{\"@type\":\"ImageObject\",\"inLanguage\":\"es\",\"@id\":\"https:\\\/\\\/emisarioec.com\\\/#\\\/schema\\\/logo\\\/image\\\/\",\"url\":\"https:\\\/\\\/emisarioec.com\\\/wp-content\\\/uploads\\\/2025\\\/06\\\/cropped-cropped-emisario-ico.png\",\"contentUrl\":\"https:\\\/\\\/emisarioec.com\\\/wp-content\\\/uploads\\\/2025\\\/06\\\/cropped-cropped-emisario-ico.png\",\"width\":512,\"height\":512,\"caption\":\"Emisario Ec\"},\"image\":{\"@id\":\"https:\\\/\\\/emisarioec.com\\\/#\\\/schema\\\/logo\\\/image\\\/\"}},{\"@type\":\"Person\",\"@id\":\"https:\\\/\\\/emisarioec.com\\\/#\\\/schema\\\/person\\\/2afb9da152d200f9b3feecf5f92da2d5\",\"name\":\"Emisario Ec\",\"url\":\"https:\\\/\\\/emisarioec.com\\\/index.php\\\/author\\\/admin_roberto\\\/\"}]}<\/script>\n<!-- \/ Yoast SEO plugin. -->","yoast_head_json":{"title":"Regreso a clases: el consumidor inteligente que compra menos por impulso y m\u00e1s por estrategia\u00a0 - Emisario Ec","robots":{"index":"index","follow":"follow","max-snippet":"max-snippet:-1","max-image-preview":"max-image-preview:large","max-video-preview":"max-video-preview:-1"},"canonical":"https:\/\/emisarioec.com\/index.php\/2026\/04\/28\/regreso-a-clases-el-consumidor-inteligente-que-compra-menos-por-impulso-y-mas-por-estrategia\/","og_locale":"es_ES","og_type":"article","og_title":"Regreso a clases: el consumidor inteligente que compra menos por impulso y m\u00e1s por estrategia\u00a0 - Emisario Ec","og_description":"Datos de\u00a0IBOPE\u00a0muestran que esta temporada est\u00e1 marcada por un comprador m\u00e1s consciente y estrat\u00e9gico","og_url":"https:\/\/emisarioec.com\/index.php\/2026\/04\/28\/regreso-a-clases-el-consumidor-inteligente-que-compra-menos-por-impulso-y-mas-por-estrategia\/","og_site_name":"Emisario Ec","article_published_time":"2026-04-28T23:20:00+00:00","article_modified_time":"2026-05-01T07:00:51+00:00","og_image":[{"width":626,"height":626,"url":"https:\/\/emisarioec.com\/wp-content\/uploads\/2026\/05\/regreso-a-clases-2.jpg","type":"image\/jpeg"}],"author":"Emisario Ec","twitter_card":"summary_large_image","twitter_misc":{"Escrito por":"Emisario Ec","Tiempo de lectura":"3 minutos"},"schema":{"@context":"https:\/\/schema.org","@graph":[{"@type":"Article","@id":"https:\/\/emisarioec.com\/index.php\/2026\/04\/28\/regreso-a-clases-el-consumidor-inteligente-que-compra-menos-por-impulso-y-mas-por-estrategia\/#article","isPartOf":{"@id":"https:\/\/emisarioec.com\/index.php\/2026\/04\/28\/regreso-a-clases-el-consumidor-inteligente-que-compra-menos-por-impulso-y-mas-por-estrategia\/"},"author":{"name":"Emisario Ec","@id":"https:\/\/emisarioec.com\/#\/schema\/person\/2afb9da152d200f9b3feecf5f92da2d5"},"headline":"Regreso a clases: el consumidor inteligente que compra menos por impulso y m\u00e1s por estrategia\u00a0","datePublished":"2026-04-28T23:20:00+00:00","dateModified":"2026-05-01T07:00:51+00:00","mainEntityOfPage":{"@id":"https:\/\/emisarioec.com\/index.php\/2026\/04\/28\/regreso-a-clases-el-consumidor-inteligente-que-compra-menos-por-impulso-y-mas-por-estrategia\/"},"wordCount":523,"publisher":{"@id":"https:\/\/emisarioec.com\/#organization"},"image":{"@id":"https:\/\/emisarioec.com\/index.php\/2026\/04\/28\/regreso-a-clases-el-consumidor-inteligente-que-compra-menos-por-impulso-y-mas-por-estrategia\/#primaryimage"},"thumbnailUrl":"https:\/\/emisarioec.com\/wp-content\/uploads\/2026\/05\/regreso-a-clases-2.jpg","keywords":["consumidor inteligente","Ecuador","Guayaquil","Regreso a clases"],"articleSection":["Actualidad"],"inLanguage":"es"},{"@type":"WebPage","@id":"https:\/\/emisarioec.com\/index.php\/2026\/04\/28\/regreso-a-clases-el-consumidor-inteligente-que-compra-menos-por-impulso-y-mas-por-estrategia\/","url":"https:\/\/emisarioec.com\/index.php\/2026\/04\/28\/regreso-a-clases-el-consumidor-inteligente-que-compra-menos-por-impulso-y-mas-por-estrategia\/","name":"Regreso a clases: el consumidor inteligente que compra menos por impulso y m\u00e1s por estrategia\u00a0 - Emisario Ec","isPartOf":{"@id":"https:\/\/emisarioec.com\/#website"},"primaryImageOfPage":{"@id":"https:\/\/emisarioec.com\/index.php\/2026\/04\/28\/regreso-a-clases-el-consumidor-inteligente-que-compra-menos-por-impulso-y-mas-por-estrategia\/#primaryimage"},"image":{"@id":"https:\/\/emisarioec.com\/index.php\/2026\/04\/28\/regreso-a-clases-el-consumidor-inteligente-que-compra-menos-por-impulso-y-mas-por-estrategia\/#primaryimage"},"thumbnailUrl":"https:\/\/emisarioec.com\/wp-content\/uploads\/2026\/05\/regreso-a-clases-2.jpg","datePublished":"2026-04-28T23:20:00+00:00","dateModified":"2026-05-01T07:00:51+00:00","breadcrumb":{"@id":"https:\/\/emisarioec.com\/index.php\/2026\/04\/28\/regreso-a-clases-el-consumidor-inteligente-que-compra-menos-por-impulso-y-mas-por-estrategia\/#breadcrumb"},"inLanguage":"es","potentialAction":[{"@type":"ReadAction","target":["https:\/\/emisarioec.com\/index.php\/2026\/04\/28\/regreso-a-clases-el-consumidor-inteligente-que-compra-menos-por-impulso-y-mas-por-estrategia\/"]}]},{"@type":"ImageObject","inLanguage":"es","@id":"https:\/\/emisarioec.com\/index.php\/2026\/04\/28\/regreso-a-clases-el-consumidor-inteligente-que-compra-menos-por-impulso-y-mas-por-estrategia\/#primaryimage","url":"https:\/\/emisarioec.com\/wp-content\/uploads\/2026\/05\/regreso-a-clases-2.jpg","contentUrl":"https:\/\/emisarioec.com\/wp-content\/uploads\/2026\/05\/regreso-a-clases-2.jpg","width":626,"height":626},{"@type":"BreadcrumbList","@id":"https:\/\/emisarioec.com\/index.php\/2026\/04\/28\/regreso-a-clases-el-consumidor-inteligente-que-compra-menos-por-impulso-y-mas-por-estrategia\/#breadcrumb","itemListElement":[{"@type":"ListItem","position":1,"name":"Portada","item":"https:\/\/emisarioec.com\/"},{"@type":"ListItem","position":2,"name":"Regreso a clases: el consumidor inteligente que compra menos por impulso y m\u00e1s por estrategia\u00a0"}]},{"@type":"WebSite","@id":"https:\/\/emisarioec.com\/#website","url":"https:\/\/emisarioec.com\/","name":"Emisario Ec","description":"Informar es un derecho que corresponde a hechos","publisher":{"@id":"https:\/\/emisarioec.com\/#organization"},"potentialAction":[{"@type":"SearchAction","target":{"@type":"EntryPoint","urlTemplate":"https:\/\/emisarioec.com\/?s={search_term_string}"},"query-input":{"@type":"PropertyValueSpecification","valueRequired":true,"valueName":"search_term_string"}}],"inLanguage":"es"},{"@type":"Organization","@id":"https:\/\/emisarioec.com\/#organization","name":"Emisario Ec","url":"https:\/\/emisarioec.com\/","logo":{"@type":"ImageObject","inLanguage":"es","@id":"https:\/\/emisarioec.com\/#\/schema\/logo\/image\/","url":"https:\/\/emisarioec.com\/wp-content\/uploads\/2025\/06\/cropped-cropped-emisario-ico.png","contentUrl":"https:\/\/emisarioec.com\/wp-content\/uploads\/2025\/06\/cropped-cropped-emisario-ico.png","width":512,"height":512,"caption":"Emisario Ec"},"image":{"@id":"https:\/\/emisarioec.com\/#\/schema\/logo\/image\/"}},{"@type":"Person","@id":"https:\/\/emisarioec.com\/#\/schema\/person\/2afb9da152d200f9b3feecf5f92da2d5","name":"Emisario Ec","url":"https:\/\/emisarioec.com\/index.php\/author\/admin_roberto\/"}]}},"jetpack_featured_media_url":"https:\/\/emisarioec.com\/wp-content\/uploads\/2026\/05\/regreso-a-clases-2.jpg","_links":{"self":[{"href":"https:\/\/emisarioec.com\/index.php\/wp-json\/wp\/v2\/posts\/2827","targetHints":{"allow":["GET"]}}],"collection":[{"href":"https:\/\/emisarioec.com\/index.php\/wp-json\/wp\/v2\/posts"}],"about":[{"href":"https:\/\/emisarioec.com\/index.php\/wp-json\/wp\/v2\/types\/post"}],"author":[{"embeddable":true,"href":"https:\/\/emisarioec.com\/index.php\/wp-json\/wp\/v2\/users\/2"}],"replies":[{"embeddable":true,"href":"https:\/\/emisarioec.com\/index.php\/wp-json\/wp\/v2\/comments?post=2827"}],"version-history":[{"count":1,"href":"https:\/\/emisarioec.com\/index.php\/wp-json\/wp\/v2\/posts\/2827\/revisions"}],"predecessor-version":[{"id":2829,"href":"https:\/\/emisarioec.com\/index.php\/wp-json\/wp\/v2\/posts\/2827\/revisions\/2829"}],"wp:featuredmedia":[{"embeddable":true,"href":"https:\/\/emisarioec.com\/index.php\/wp-json\/wp\/v2\/media\/2828"}],"wp:attachment":[{"href":"https:\/\/emisarioec.com\/index.php\/wp-json\/wp\/v2\/media?parent=2827"}],"wp:term":[{"taxonomy":"category","embeddable":true,"href":"https:\/\/emisarioec.com\/index.php\/wp-json\/wp\/v2\/categories?post=2827"},{"taxonomy":"post_tag","embeddable":true,"href":"https:\/\/emisarioec.com\/index.php\/wp-json\/wp\/v2\/tags?post=2827"}],"curies":[{"name":"wp","href":"https:\/\/api.w.org\/{rel}","templated":true}]}}