{"id":2830,"date":"2026-04-26T16:26:00","date_gmt":"2026-04-26T21:26:00","guid":{"rendered":"https:\/\/emisarioec.com\/?p=2830"},"modified":"2026-05-01T09:27:50","modified_gmt":"2026-05-01T14:27:50","slug":"gobierno-nacional-inicia-proceso-de-compra-de-arroz-2026-magp-arranca-la-socializacion-en-zonas-productoras","status":"publish","type":"post","link":"https:\/\/emisarioec.com\/index.php\/2026\/04\/26\/gobierno-nacional-inicia-proceso-de-compra-de-arroz-2026-magp-arranca-la-socializacion-en-zonas-productoras\/","title":{"rendered":"Gobierno Nacional inicia proceso de compra de arroz 2026: MAGP arranca la socializaci\u00f3n en zonas productoras"},"content":{"rendered":"\n<p>El Ministerio de Agricultura, Ganader\u00eda y Pesca (MAGP) pone en marcha el proceso de compra p\u00fablica de arroz para 2026, con el inicio oficial de la socializaci\u00f3n del instructivo que regular\u00e1 la participaci\u00f3n de peque\u00f1os y medianos productores a nivel nacional.<\/p>\n\n\n\n<p>La medida se ejecuta en cumplimiento de lo dispuesto por el presidente de la Rep\u00fablica, Daniel Noboa Az\u00edn, mediante el Decreto Ejecutivo 307, y marca el arranque operativo de un esquema que definir\u00e1 precios, vol\u00famenes y condiciones t\u00e9cnicas para la comercializaci\u00f3n del grano.<\/p>\n\n\n\n<p>La socializaci\u00f3n iniciar\u00e1 el lunes, 27 de abril de 2026, en las provincias de Guayas y Los R\u00edos, que concentran m\u00e1s del 90 % de la producci\u00f3n nacional, con el prop\u00f3sito de asegurar que los productores accedan de manera directa y oportuna a la informaci\u00f3n sobre requisitos, fases y criterios de habilitaci\u00f3n del proceso.<\/p>\n\n\n\n<p>El instructivo para la compra establece un proceso estructurado en siete etapas, que inicia con el registro digital de los productores y culmina con la validaci\u00f3n t\u00e9cnica en territorio. Este registro est\u00e1 habilitado de forma virtual para peque\u00f1os y medianos productores a trav\u00e9s del portal institucional del MAGP (<a href=\"http:\/\/www.agricultura.gob.ec\/\">www.agricultura.gob.ec),<\/a> mediante un c\u00f3digo QR que permite el autorregistro en l\u00ednea de manera \u00e1gil y accesible.<\/p>\n\n\n\n<p>Esta etapa constituye el punto de partida obligatorio para acceder al esquema de compra p\u00fablica 2026 y ser\u00e1 validada mediante el cruce con bases oficiales y verificaciones en territorio, con el fin de garantizar que \u00fanicamente participen productores activos cuya capacidad productiva haya sido comprobada.<\/p>\n\n\n\n<p>En funci\u00f3n de estos resultados, se determinar\u00e1 el volumen habilitado de venta por productor, con rangos que van desde 5,75 hasta 287,5 toneladas m\u00e9tricas, asegurando que la compra p\u00fablica responda a la capacidad productiva real.<\/p>\n\n\n\n<p>El esquema fija adem\u00e1s precios referenciales de 36 d\u00f3lares por saca de 205 libras para arroz de grano largo y 34 d\u00f3lares para grano corto, en l\u00ednea con el Precio M\u00ednimo de Sustentaci\u00f3n, estableciendo reglas claras para el mercado.<\/p>\n\n\n\n<p>Durante la fase de entrega, el producto deber\u00e1 cumplir par\u00e1metros t\u00e9cnicos de calidad, especialmente en niveles de humedad e impurezas, y ser\u00e1 recibido en centros autorizados bajo controles estandarizados. El modelo incorpora trazabilidad mediante c\u00f3digos \u00fanicos por productor, permitiendo seguimiento desde el origen hasta la comercializaci\u00f3n, y establece un proceso \u00e1gil de pago: los expedientes ser\u00e1n procesados en un m\u00e1ximo de 48 horas y cancelados a trav\u00e9s de BanEcuador en un plazo de hasta 72 horas.<\/p>\n\n\n\n<p>Desde este domingo 26 de abril, equipos t\u00e9cnicos del MAGP ya se encuentran desplegados en territorio verificando informaci\u00f3n productiva, como parte de la fase previa al inicio formal de compras, previsto para el 15 de mayo de 2026.<\/p>\n\n\n\n<p>Con este paso, el Gobierno Nacional activa un mecanismo de intervenci\u00f3n directa en el mercado arrocero, orientado a garantizar condiciones equitativas, transparencia en la compra p\u00fablica y respaldo efectivo a los productores que cumplen con est\u00e1ndares t\u00e9cnicos y productivos.<\/p>\n","protected":false},"excerpt":{"rendered":"<p>La medida se ejecuta en cumplimiento de lo dispuesto por el presidente de la Rep\u00fablica, Daniel Noboa Az\u00edn<\/p>\n","protected":false},"author":2,"featured_media":2831,"comment_status":"closed","ping_status":"open","sticky":false,"template":"","format":"standard","meta":{"footnotes":""},"categories":[6],"tags":[1294,158,1066],"class_list":["post-2830","post","type-post","status-publish","format-standard","has-post-thumbnail","hentry","category-actualidad","tag-compra-de-arroz-2026","tag-gobierno-nacional","tag-magp"],"yoast_head":"<!-- This site is optimized with the Yoast SEO plugin v27.5 - https:\/\/yoast.com\/product\/yoast-seo-wordpress\/ -->\n<title>Gobierno Nacional inicia proceso de compra de arroz 2026: MAGP arranca la socializaci\u00f3n en zonas productoras - Emisario Ec<\/title>\n<meta name=\"robots\" content=\"index, follow, max-snippet:-1, max-image-preview:large, max-video-preview:-1\" \/>\n<link rel=\"canonical\" href=\"https:\/\/emisarioec.com\/index.php\/2026\/04\/26\/gobierno-nacional-inicia-proceso-de-compra-de-arroz-2026-magp-arranca-la-socializacion-en-zonas-productoras\/\" \/>\n<meta property=\"og:locale\" content=\"es_ES\" \/>\n<meta property=\"og:type\" content=\"article\" \/>\n<meta property=\"og:title\" content=\"Gobierno Nacional inicia proceso de compra de arroz 2026: MAGP arranca la socializaci\u00f3n en zonas productoras - Emisario Ec\" \/>\n<meta property=\"og:description\" content=\"La medida se ejecuta en cumplimiento de lo dispuesto por el presidente de la Rep\u00fablica, Daniel Noboa Az\u00edn\" \/>\n<meta property=\"og:url\" content=\"https:\/\/emisarioec.com\/index.php\/2026\/04\/26\/gobierno-nacional-inicia-proceso-de-compra-de-arroz-2026-magp-arranca-la-socializacion-en-zonas-productoras\/\" \/>\n<meta property=\"og:site_name\" content=\"Emisario Ec\" \/>\n<meta property=\"article:published_time\" content=\"2026-04-26T21:26:00+00:00\" \/>\n<meta property=\"article:modified_time\" content=\"2026-05-01T14:27:50+00:00\" \/>\n<meta property=\"og:image\" content=\"https:\/\/emisarioec.com\/wp-content\/uploads\/2026\/05\/1-5.jpg\" \/>\n\t<meta property=\"og:image:width\" content=\"800\" \/>\n\t<meta property=\"og:image:height\" content=\"533\" \/>\n\t<meta property=\"og:image:type\" content=\"image\/jpeg\" \/>\n<meta name=\"author\" content=\"Emisario Ec\" \/>\n<meta name=\"twitter:card\" content=\"summary_large_image\" \/>\n<meta name=\"twitter:label1\" content=\"Escrito por\" \/>\n\t<meta name=\"twitter:data1\" content=\"Emisario Ec\" \/>\n\t<meta name=\"twitter:label2\" content=\"Tiempo de lectura\" \/>\n\t<meta name=\"twitter:data2\" content=\"3 minutos\" \/>\n<script type=\"application\/ld+json\" class=\"yoast-schema-graph\">{\"@context\":\"https:\\\/\\\/schema.org\",\"@graph\":[{\"@type\":\"Article\",\"@id\":\"https:\\\/\\\/emisarioec.com\\\/index.php\\\/2026\\\/04\\\/26\\\/gobierno-nacional-inicia-proceso-de-compra-de-arroz-2026-magp-arranca-la-socializacion-en-zonas-productoras\\\/#article\",\"isPartOf\":{\"@id\":\"https:\\\/\\\/emisarioec.com\\\/index.php\\\/2026\\\/04\\\/26\\\/gobierno-nacional-inicia-proceso-de-compra-de-arroz-2026-magp-arranca-la-socializacion-en-zonas-productoras\\\/\"},\"author\":{\"name\":\"Emisario Ec\",\"@id\":\"https:\\\/\\\/emisarioec.com\\\/#\\\/schema\\\/person\\\/2afb9da152d200f9b3feecf5f92da2d5\"},\"headline\":\"Gobierno Nacional inicia proceso de compra de arroz 2026: MAGP arranca la socializaci\u00f3n en zonas productoras\",\"datePublished\":\"2026-04-26T21:26:00+00:00\",\"dateModified\":\"2026-05-01T14:27:50+00:00\",\"mainEntityOfPage\":{\"@id\":\"https:\\\/\\\/emisarioec.com\\\/index.php\\\/2026\\\/04\\\/26\\\/gobierno-nacional-inicia-proceso-de-compra-de-arroz-2026-magp-arranca-la-socializacion-en-zonas-productoras\\\/\"},\"wordCount\":522,\"publisher\":{\"@id\":\"https:\\\/\\\/emisarioec.com\\\/#organization\"},\"image\":{\"@id\":\"https:\\\/\\\/emisarioec.com\\\/index.php\\\/2026\\\/04\\\/26\\\/gobierno-nacional-inicia-proceso-de-compra-de-arroz-2026-magp-arranca-la-socializacion-en-zonas-productoras\\\/#primaryimage\"},\"thumbnailUrl\":\"https:\\\/\\\/emisarioec.com\\\/wp-content\\\/uploads\\\/2026\\\/05\\\/1-5.jpg\",\"keywords\":[\"compra de arroz 2026\",\"Gobierno Nacional\",\"MAGP\"],\"articleSection\":[\"Actualidad\"],\"inLanguage\":\"es\"},{\"@type\":\"WebPage\",\"@id\":\"https:\\\/\\\/emisarioec.com\\\/index.php\\\/2026\\\/04\\\/26\\\/gobierno-nacional-inicia-proceso-de-compra-de-arroz-2026-magp-arranca-la-socializacion-en-zonas-productoras\\\/\",\"url\":\"https:\\\/\\\/emisarioec.com\\\/index.php\\\/2026\\\/04\\\/26\\\/gobierno-nacional-inicia-proceso-de-compra-de-arroz-2026-magp-arranca-la-socializacion-en-zonas-productoras\\\/\",\"name\":\"Gobierno Nacional inicia proceso de compra de arroz 2026: MAGP arranca la socializaci\u00f3n en zonas productoras - Emisario Ec\",\"isPartOf\":{\"@id\":\"https:\\\/\\\/emisarioec.com\\\/#website\"},\"primaryImageOfPage\":{\"@id\":\"https:\\\/\\\/emisarioec.com\\\/index.php\\\/2026\\\/04\\\/26\\\/gobierno-nacional-inicia-proceso-de-compra-de-arroz-2026-magp-arranca-la-socializacion-en-zonas-productoras\\\/#primaryimage\"},\"image\":{\"@id\":\"https:\\\/\\\/emisarioec.com\\\/index.php\\\/2026\\\/04\\\/26\\\/gobierno-nacional-inicia-proceso-de-compra-de-arroz-2026-magp-arranca-la-socializacion-en-zonas-productoras\\\/#primaryimage\"},\"thumbnailUrl\":\"https:\\\/\\\/emisarioec.com\\\/wp-content\\\/uploads\\\/2026\\\/05\\\/1-5.jpg\",\"datePublished\":\"2026-04-26T21:26:00+00:00\",\"dateModified\":\"2026-05-01T14:27:50+00:00\",\"breadcrumb\":{\"@id\":\"https:\\\/\\\/emisarioec.com\\\/index.php\\\/2026\\\/04\\\/26\\\/gobierno-nacional-inicia-proceso-de-compra-de-arroz-2026-magp-arranca-la-socializacion-en-zonas-productoras\\\/#breadcrumb\"},\"inLanguage\":\"es\",\"potentialAction\":[{\"@type\":\"ReadAction\",\"target\":[\"https:\\\/\\\/emisarioec.com\\\/index.php\\\/2026\\\/04\\\/26\\\/gobierno-nacional-inicia-proceso-de-compra-de-arroz-2026-magp-arranca-la-socializacion-en-zonas-productoras\\\/\"]}]},{\"@type\":\"ImageObject\",\"inLanguage\":\"es\",\"@id\":\"https:\\\/\\\/emisarioec.com\\\/index.php\\\/2026\\\/04\\\/26\\\/gobierno-nacional-inicia-proceso-de-compra-de-arroz-2026-magp-arranca-la-socializacion-en-zonas-productoras\\\/#primaryimage\",\"url\":\"https:\\\/\\\/emisarioec.com\\\/wp-content\\\/uploads\\\/2026\\\/05\\\/1-5.jpg\",\"contentUrl\":\"https:\\\/\\\/emisarioec.com\\\/wp-content\\\/uploads\\\/2026\\\/05\\\/1-5.jpg\",\"width\":800,\"height\":533},{\"@type\":\"BreadcrumbList\",\"@id\":\"https:\\\/\\\/emisarioec.com\\\/index.php\\\/2026\\\/04\\\/26\\\/gobierno-nacional-inicia-proceso-de-compra-de-arroz-2026-magp-arranca-la-socializacion-en-zonas-productoras\\\/#breadcrumb\",\"itemListElement\":[{\"@type\":\"ListItem\",\"position\":1,\"name\":\"Portada\",\"item\":\"https:\\\/\\\/emisarioec.com\\\/\"},{\"@type\":\"ListItem\",\"position\":2,\"name\":\"Gobierno Nacional inicia proceso de compra de arroz 2026: MAGP arranca la socializaci\u00f3n en zonas productoras\"}]},{\"@type\":\"WebSite\",\"@id\":\"https:\\\/\\\/emisarioec.com\\\/#website\",\"url\":\"https:\\\/\\\/emisarioec.com\\\/\",\"name\":\"Emisario Ec\",\"description\":\"Informar es un derecho que corresponde a hechos\",\"publisher\":{\"@id\":\"https:\\\/\\\/emisarioec.com\\\/#organization\"},\"potentialAction\":[{\"@type\":\"SearchAction\",\"target\":{\"@type\":\"EntryPoint\",\"urlTemplate\":\"https:\\\/\\\/emisarioec.com\\\/?s={search_term_string}\"},\"query-input\":{\"@type\":\"PropertyValueSpecification\",\"valueRequired\":true,\"valueName\":\"search_term_string\"}}],\"inLanguage\":\"es\"},{\"@type\":\"Organization\",\"@id\":\"https:\\\/\\\/emisarioec.com\\\/#organization\",\"name\":\"Emisario Ec\",\"url\":\"https:\\\/\\\/emisarioec.com\\\/\",\"logo\":{\"@type\":\"ImageObject\",\"inLanguage\":\"es\",\"@id\":\"https:\\\/\\\/emisarioec.com\\\/#\\\/schema\\\/logo\\\/image\\\/\",\"url\":\"https:\\\/\\\/emisarioec.com\\\/wp-content\\\/uploads\\\/2025\\\/06\\\/cropped-cropped-emisario-ico.png\",\"contentUrl\":\"https:\\\/\\\/emisarioec.com\\\/wp-content\\\/uploads\\\/2025\\\/06\\\/cropped-cropped-emisario-ico.png\",\"width\":512,\"height\":512,\"caption\":\"Emisario Ec\"},\"image\":{\"@id\":\"https:\\\/\\\/emisarioec.com\\\/#\\\/schema\\\/logo\\\/image\\\/\"}},{\"@type\":\"Person\",\"@id\":\"https:\\\/\\\/emisarioec.com\\\/#\\\/schema\\\/person\\\/2afb9da152d200f9b3feecf5f92da2d5\",\"name\":\"Emisario Ec\",\"url\":\"https:\\\/\\\/emisarioec.com\\\/index.php\\\/author\\\/admin_roberto\\\/\"}]}<\/script>\n<!-- \/ Yoast SEO plugin. -->","yoast_head_json":{"title":"Gobierno Nacional inicia proceso de compra de arroz 2026: MAGP arranca la socializaci\u00f3n en zonas productoras - Emisario Ec","robots":{"index":"index","follow":"follow","max-snippet":"max-snippet:-1","max-image-preview":"max-image-preview:large","max-video-preview":"max-video-preview:-1"},"canonical":"https:\/\/emisarioec.com\/index.php\/2026\/04\/26\/gobierno-nacional-inicia-proceso-de-compra-de-arroz-2026-magp-arranca-la-socializacion-en-zonas-productoras\/","og_locale":"es_ES","og_type":"article","og_title":"Gobierno Nacional inicia proceso de compra de arroz 2026: MAGP arranca la socializaci\u00f3n en zonas productoras - Emisario Ec","og_description":"La medida se ejecuta en cumplimiento de lo dispuesto por el presidente de la Rep\u00fablica, Daniel Noboa Az\u00edn","og_url":"https:\/\/emisarioec.com\/index.php\/2026\/04\/26\/gobierno-nacional-inicia-proceso-de-compra-de-arroz-2026-magp-arranca-la-socializacion-en-zonas-productoras\/","og_site_name":"Emisario Ec","article_published_time":"2026-04-26T21:26:00+00:00","article_modified_time":"2026-05-01T14:27:50+00:00","og_image":[{"width":800,"height":533,"url":"https:\/\/emisarioec.com\/wp-content\/uploads\/2026\/05\/1-5.jpg","type":"image\/jpeg"}],"author":"Emisario Ec","twitter_card":"summary_large_image","twitter_misc":{"Escrito por":"Emisario Ec","Tiempo de lectura":"3 minutos"},"schema":{"@context":"https:\/\/schema.org","@graph":[{"@type":"Article","@id":"https:\/\/emisarioec.com\/index.php\/2026\/04\/26\/gobierno-nacional-inicia-proceso-de-compra-de-arroz-2026-magp-arranca-la-socializacion-en-zonas-productoras\/#article","isPartOf":{"@id":"https:\/\/emisarioec.com\/index.php\/2026\/04\/26\/gobierno-nacional-inicia-proceso-de-compra-de-arroz-2026-magp-arranca-la-socializacion-en-zonas-productoras\/"},"author":{"name":"Emisario Ec","@id":"https:\/\/emisarioec.com\/#\/schema\/person\/2afb9da152d200f9b3feecf5f92da2d5"},"headline":"Gobierno Nacional inicia proceso de compra de arroz 2026: MAGP arranca la socializaci\u00f3n en zonas productoras","datePublished":"2026-04-26T21:26:00+00:00","dateModified":"2026-05-01T14:27:50+00:00","mainEntityOfPage":{"@id":"https:\/\/emisarioec.com\/index.php\/2026\/04\/26\/gobierno-nacional-inicia-proceso-de-compra-de-arroz-2026-magp-arranca-la-socializacion-en-zonas-productoras\/"},"wordCount":522,"publisher":{"@id":"https:\/\/emisarioec.com\/#organization"},"image":{"@id":"https:\/\/emisarioec.com\/index.php\/2026\/04\/26\/gobierno-nacional-inicia-proceso-de-compra-de-arroz-2026-magp-arranca-la-socializacion-en-zonas-productoras\/#primaryimage"},"thumbnailUrl":"https:\/\/emisarioec.com\/wp-content\/uploads\/2026\/05\/1-5.jpg","keywords":["compra de arroz 2026","Gobierno Nacional","MAGP"],"articleSection":["Actualidad"],"inLanguage":"es"},{"@type":"WebPage","@id":"https:\/\/emisarioec.com\/index.php\/2026\/04\/26\/gobierno-nacional-inicia-proceso-de-compra-de-arroz-2026-magp-arranca-la-socializacion-en-zonas-productoras\/","url":"https:\/\/emisarioec.com\/index.php\/2026\/04\/26\/gobierno-nacional-inicia-proceso-de-compra-de-arroz-2026-magp-arranca-la-socializacion-en-zonas-productoras\/","name":"Gobierno Nacional inicia proceso de compra de arroz 2026: MAGP arranca la socializaci\u00f3n en zonas productoras - Emisario Ec","isPartOf":{"@id":"https:\/\/emisarioec.com\/#website"},"primaryImageOfPage":{"@id":"https:\/\/emisarioec.com\/index.php\/2026\/04\/26\/gobierno-nacional-inicia-proceso-de-compra-de-arroz-2026-magp-arranca-la-socializacion-en-zonas-productoras\/#primaryimage"},"image":{"@id":"https:\/\/emisarioec.com\/index.php\/2026\/04\/26\/gobierno-nacional-inicia-proceso-de-compra-de-arroz-2026-magp-arranca-la-socializacion-en-zonas-productoras\/#primaryimage"},"thumbnailUrl":"https:\/\/emisarioec.com\/wp-content\/uploads\/2026\/05\/1-5.jpg","datePublished":"2026-04-26T21:26:00+00:00","dateModified":"2026-05-01T14:27:50+00:00","breadcrumb":{"@id":"https:\/\/emisarioec.com\/index.php\/2026\/04\/26\/gobierno-nacional-inicia-proceso-de-compra-de-arroz-2026-magp-arranca-la-socializacion-en-zonas-productoras\/#breadcrumb"},"inLanguage":"es","potentialAction":[{"@type":"ReadAction","target":["https:\/\/emisarioec.com\/index.php\/2026\/04\/26\/gobierno-nacional-inicia-proceso-de-compra-de-arroz-2026-magp-arranca-la-socializacion-en-zonas-productoras\/"]}]},{"@type":"ImageObject","inLanguage":"es","@id":"https:\/\/emisarioec.com\/index.php\/2026\/04\/26\/gobierno-nacional-inicia-proceso-de-compra-de-arroz-2026-magp-arranca-la-socializacion-en-zonas-productoras\/#primaryimage","url":"https:\/\/emisarioec.com\/wp-content\/uploads\/2026\/05\/1-5.jpg","contentUrl":"https:\/\/emisarioec.com\/wp-content\/uploads\/2026\/05\/1-5.jpg","width":800,"height":533},{"@type":"BreadcrumbList","@id":"https:\/\/emisarioec.com\/index.php\/2026\/04\/26\/gobierno-nacional-inicia-proceso-de-compra-de-arroz-2026-magp-arranca-la-socializacion-en-zonas-productoras\/#breadcrumb","itemListElement":[{"@type":"ListItem","position":1,"name":"Portada","item":"https:\/\/emisarioec.com\/"},{"@type":"ListItem","position":2,"name":"Gobierno Nacional inicia proceso de compra de arroz 2026: MAGP arranca la socializaci\u00f3n en zonas productoras"}]},{"@type":"WebSite","@id":"https:\/\/emisarioec.com\/#website","url":"https:\/\/emisarioec.com\/","name":"Emisario Ec","description":"Informar es un derecho que corresponde a hechos","publisher":{"@id":"https:\/\/emisarioec.com\/#organization"},"potentialAction":[{"@type":"SearchAction","target":{"@type":"EntryPoint","urlTemplate":"https:\/\/emisarioec.com\/?s={search_term_string}"},"query-input":{"@type":"PropertyValueSpecification","valueRequired":true,"valueName":"search_term_string"}}],"inLanguage":"es"},{"@type":"Organization","@id":"https:\/\/emisarioec.com\/#organization","name":"Emisario Ec","url":"https:\/\/emisarioec.com\/","logo":{"@type":"ImageObject","inLanguage":"es","@id":"https:\/\/emisarioec.com\/#\/schema\/logo\/image\/","url":"https:\/\/emisarioec.com\/wp-content\/uploads\/2025\/06\/cropped-cropped-emisario-ico.png","contentUrl":"https:\/\/emisarioec.com\/wp-content\/uploads\/2025\/06\/cropped-cropped-emisario-ico.png","width":512,"height":512,"caption":"Emisario Ec"},"image":{"@id":"https:\/\/emisarioec.com\/#\/schema\/logo\/image\/"}},{"@type":"Person","@id":"https:\/\/emisarioec.com\/#\/schema\/person\/2afb9da152d200f9b3feecf5f92da2d5","name":"Emisario Ec","url":"https:\/\/emisarioec.com\/index.php\/author\/admin_roberto\/"}]}},"jetpack_featured_media_url":"https:\/\/emisarioec.com\/wp-content\/uploads\/2026\/05\/1-5.jpg","_links":{"self":[{"href":"https:\/\/emisarioec.com\/index.php\/wp-json\/wp\/v2\/posts\/2830","targetHints":{"allow":["GET"]}}],"collection":[{"href":"https:\/\/emisarioec.com\/index.php\/wp-json\/wp\/v2\/posts"}],"about":[{"href":"https:\/\/emisarioec.com\/index.php\/wp-json\/wp\/v2\/types\/post"}],"author":[{"embeddable":true,"href":"https:\/\/emisarioec.com\/index.php\/wp-json\/wp\/v2\/users\/2"}],"replies":[{"embeddable":true,"href":"https:\/\/emisarioec.com\/index.php\/wp-json\/wp\/v2\/comments?post=2830"}],"version-history":[{"count":2,"href":"https:\/\/emisarioec.com\/index.php\/wp-json\/wp\/v2\/posts\/2830\/revisions"}],"predecessor-version":[{"id":2834,"href":"https:\/\/emisarioec.com\/index.php\/wp-json\/wp\/v2\/posts\/2830\/revisions\/2834"}],"wp:featuredmedia":[{"embeddable":true,"href":"https:\/\/emisarioec.com\/index.php\/wp-json\/wp\/v2\/media\/2831"}],"wp:attachment":[{"href":"https:\/\/emisarioec.com\/index.php\/wp-json\/wp\/v2\/media?parent=2830"}],"wp:term":[{"taxonomy":"category","embeddable":true,"href":"https:\/\/emisarioec.com\/index.php\/wp-json\/wp\/v2\/categories?post=2830"},{"taxonomy":"post_tag","embeddable":true,"href":"https:\/\/emisarioec.com\/index.php\/wp-json\/wp\/v2\/tags?post=2830"}],"curies":[{"name":"wp","href":"https:\/\/api.w.org\/{rel}","templated":true}]}}