{"id":2844,"date":"2026-04-28T22:30:00","date_gmt":"2026-04-29T03:30:00","guid":{"rendered":"https:\/\/emisarioec.com\/?p=2844"},"modified":"2026-05-01T09:53:39","modified_gmt":"2026-05-01T14:53:39","slug":"ministerio-de-agricultura-adelanta-inicio-de-compra-directa-de-arroz-y-activa-recepcion-desde-el-4-de-mayo-en-beneficio-de-pequenos-y-medianos-productores","status":"publish","type":"post","link":"https:\/\/emisarioec.com\/index.php\/2026\/04\/28\/ministerio-de-agricultura-adelanta-inicio-de-compra-directa-de-arroz-y-activa-recepcion-desde-el-4-de-mayo-en-beneficio-de-pequenos-y-medianos-productores\/","title":{"rendered":"Ministerio de Agricultura adelanta inicio de compra directa de arroz y activa recepci\u00f3n desde el 4 de mayo en beneficio de peque\u00f1os y medianos productores"},"content":{"rendered":"\n<p>Este martes, 28 de abril de 2026, el ministro de Agricultura, Ganader\u00eda y Pesca (MAGP), Juan Carlos Vega, anunci\u00f3 que, a partir del lunes 4 de mayo de 2026, iniciar\u00e1 la recepci\u00f3n de arroz en c\u00e1scara a nivel nacional para los productores que hayan cumplido con el proceso de registro y verificaci\u00f3n en campo, como parte de las acciones establecidas en el Decreto Ejecutivo 307, emitido por el presidente de la Rep\u00fablica, Daniel Noboa Az\u00edn.<\/p>\n\n\n\n<p>Adem\u00e1s, el ministro inform\u00f3 que la decisi\u00f3n de adelantar los tiempos de ejecuci\u00f3n del proceso responde a la necesidad de atender de manera oportuna al sector arrocero.<\/p>\n\n\n\n<p>El titular del MAGP destac\u00f3 que esta medida se implementa en un contexto de presiones externas que han buscado frenar el mecanismo de compra directa. \u201cActuamos con responsabilidad, a pesar de los boicots de intermediarios y seudo dirigentes que han intentado detener este proceso de compra y pago directo a los agricultores\u201d, se\u00f1al\u00f3.<\/p>\n\n\n\n<p>Para garantizar la correcta ejecuci\u00f3n de esta pol\u00edtica, equipos t\u00e9cnicos del MAGP se mantendr\u00e1n desplegados en territorio, encargados de verificar la cosecha y acompa\u00f1ar a los productores durante la jornada de entrega. \u201cNuestros equipos t\u00e9cnicos seguir\u00e1n en campo, garantizando un proceso ordenado y transparente\u201d, enfatiz\u00f3 el ministro.<\/p>\n\n\n\n<p>El proceso contempla la compra directa a los productores, sin la participaci\u00f3n de intermediarios ni piladoras, asegurando el pago del precio m\u00ednimo de sustentaci\u00f3n establecido: 34 d\u00f3lares por saca de 205 libras de arroz de grano corto y 36 d\u00f3lares para el grano largo.<\/p>\n\n\n\n<p>Hasta la fecha, cerca de 7.000 productores arroceros se han inscrito a trav\u00e9s de la p\u00e1gina web institucional, en respuesta a la convocatoria p\u00fablica realizada por el MAGP, lo que evidencia el inter\u00e9s del sector en acceder a este mecanismo de comercializaci\u00f3n directa.<\/p>\n\n\n\n<p>Para la implementaci\u00f3n de esta intervenci\u00f3n, el MAGP cuenta con un presupuesto aproximado de 8 millones de d\u00f3lares, recursos que ser\u00e1n canalizados a trav\u00e9s de BanEcuador para garantizar pagos \u00e1giles y seguros a los productores. Cada agricultor podr\u00e1 vender un m\u00ednimo de 5,75 toneladas y un m\u00e1ximo de 287,5 toneladas.<\/p>\n\n\n\n<p>Finalmente, el ministro Vega reiter\u00f3 que esta pol\u00edtica p\u00fablica responde a un compromiso firme del Gobierno Nacional con el agro ecuatoriano. \u201cEl Gobierno del presidente Noboa cumple y no ceder\u00e1 a presiones de grupos que buscan sembrar el caos y entorpecer la gesti\u00f3n\u201d, concluy\u00f3.<\/p>\n\n\n\n<p>Este mecanismo de compra directa tiene como objetivos garantizar un precio justo para peque\u00f1os y medianos productores, regular el mercado arrocero y conformar una reserva estrat\u00e9gica que fortalezca la seguridad alimentaria del pa\u00eds.<\/p>\n\n\n\n<figure class=\"wp-block-embed is-type-video is-provider-youtube wp-block-embed-youtube wp-embed-aspect-16-9 wp-has-aspect-ratio\"><div class=\"wp-block-embed__wrapper\">\n<iframe title=\"Ministro Juan Carlos Vega afirma: El campo sostiene al pa\u00eds, y este Gobierno responde con hechos\" width=\"960\" height=\"540\" src=\"https:\/\/www.youtube.com\/embed\/Zh6LK5hzNYQ?feature=oembed\" frameborder=\"0\" allow=\"accelerometer; autoplay; clipboard-write; encrypted-media; gyroscope; picture-in-picture; web-share\" referrerpolicy=\"strict-origin-when-cross-origin\" allowfullscreen><\/iframe>\n<\/div><\/figure>\n","protected":false},"excerpt":{"rendered":"<p>Adem\u00e1s, el ministro inform\u00f3 que la decisi\u00f3n de adelantar los tiempos de ejecuci\u00f3n del proceso responde a la necesidad de atender de manera oportuna al sector arrocero<\/p>\n","protected":false},"author":2,"featured_media":2845,"comment_status":"closed","ping_status":"open","sticky":false,"template":"","format":"standard","meta":{"footnotes":""},"categories":[6],"tags":[33,1298,1023],"class_list":["post-2844","post","type-post","status-publish","format-standard","has-post-thumbnail","hentry","category-actualidad","tag-ecuador","tag-inicio-de-compra-directa-de-arroz","tag-ministerio-de-agricultura"],"yoast_head":"<!-- This site is optimized with the Yoast SEO plugin v27.5 - https:\/\/yoast.com\/product\/yoast-seo-wordpress\/ -->\n<title>Ministerio de Agricultura adelanta inicio de compra directa de arroz y activa recepci\u00f3n desde el 4 de mayo en beneficio de peque\u00f1os y medianos productores - Emisario Ec<\/title>\n<meta name=\"robots\" content=\"index, follow, max-snippet:-1, max-image-preview:large, max-video-preview:-1\" \/>\n<link rel=\"canonical\" href=\"https:\/\/emisarioec.com\/index.php\/2026\/04\/28\/ministerio-de-agricultura-adelanta-inicio-de-compra-directa-de-arroz-y-activa-recepcion-desde-el-4-de-mayo-en-beneficio-de-pequenos-y-medianos-productores\/\" \/>\n<meta property=\"og:locale\" content=\"es_ES\" \/>\n<meta property=\"og:type\" content=\"article\" \/>\n<meta property=\"og:title\" content=\"Ministerio de Agricultura adelanta inicio de compra directa de arroz y activa recepci\u00f3n desde el 4 de mayo en beneficio de peque\u00f1os y medianos productores - Emisario Ec\" \/>\n<meta property=\"og:description\" content=\"Adem\u00e1s, el ministro inform\u00f3 que la decisi\u00f3n de adelantar los tiempos de ejecuci\u00f3n del proceso responde a la necesidad de atender de manera oportuna al sector arrocero\" \/>\n<meta property=\"og:url\" content=\"https:\/\/emisarioec.com\/index.php\/2026\/04\/28\/ministerio-de-agricultura-adelanta-inicio-de-compra-directa-de-arroz-y-activa-recepcion-desde-el-4-de-mayo-en-beneficio-de-pequenos-y-medianos-productores\/\" \/>\n<meta property=\"og:site_name\" content=\"Emisario Ec\" \/>\n<meta property=\"article:published_time\" content=\"2026-04-29T03:30:00+00:00\" \/>\n<meta property=\"article:modified_time\" content=\"2026-05-01T14:53:39+00:00\" \/>\n<meta property=\"og:image\" content=\"https:\/\/emisarioec.com\/wp-content\/uploads\/2026\/05\/WhatsApp-Image-2026-04-28-at-22.30.55.jpeg\" \/>\n\t<meta property=\"og:image:width\" content=\"1280\" \/>\n\t<meta property=\"og:image:height\" content=\"720\" \/>\n\t<meta property=\"og:image:type\" content=\"image\/jpeg\" \/>\n<meta name=\"author\" content=\"Emisario Ec\" \/>\n<meta name=\"twitter:card\" content=\"summary_large_image\" \/>\n<meta name=\"twitter:label1\" content=\"Escrito por\" \/>\n\t<meta name=\"twitter:data1\" content=\"Emisario Ec\" \/>\n\t<meta name=\"twitter:label2\" content=\"Tiempo de lectura\" \/>\n\t<meta name=\"twitter:data2\" content=\"3 minutos\" \/>\n<script type=\"application\/ld+json\" class=\"yoast-schema-graph\">{\"@context\":\"https:\\\/\\\/schema.org\",\"@graph\":[{\"@type\":\"Article\",\"@id\":\"https:\\\/\\\/emisarioec.com\\\/index.php\\\/2026\\\/04\\\/28\\\/ministerio-de-agricultura-adelanta-inicio-de-compra-directa-de-arroz-y-activa-recepcion-desde-el-4-de-mayo-en-beneficio-de-pequenos-y-medianos-productores\\\/#article\",\"isPartOf\":{\"@id\":\"https:\\\/\\\/emisarioec.com\\\/index.php\\\/2026\\\/04\\\/28\\\/ministerio-de-agricultura-adelanta-inicio-de-compra-directa-de-arroz-y-activa-recepcion-desde-el-4-de-mayo-en-beneficio-de-pequenos-y-medianos-productores\\\/\"},\"author\":{\"name\":\"Emisario Ec\",\"@id\":\"https:\\\/\\\/emisarioec.com\\\/#\\\/schema\\\/person\\\/2afb9da152d200f9b3feecf5f92da2d5\"},\"headline\":\"Ministerio de Agricultura adelanta inicio de compra directa de arroz y activa recepci\u00f3n desde el 4 de mayo en beneficio de peque\u00f1os y medianos productores\",\"datePublished\":\"2026-04-29T03:30:00+00:00\",\"dateModified\":\"2026-05-01T14:53:39+00:00\",\"mainEntityOfPage\":{\"@id\":\"https:\\\/\\\/emisarioec.com\\\/index.php\\\/2026\\\/04\\\/28\\\/ministerio-de-agricultura-adelanta-inicio-de-compra-directa-de-arroz-y-activa-recepcion-desde-el-4-de-mayo-en-beneficio-de-pequenos-y-medianos-productores\\\/\"},\"wordCount\":479,\"publisher\":{\"@id\":\"https:\\\/\\\/emisarioec.com\\\/#organization\"},\"image\":{\"@id\":\"https:\\\/\\\/emisarioec.com\\\/index.php\\\/2026\\\/04\\\/28\\\/ministerio-de-agricultura-adelanta-inicio-de-compra-directa-de-arroz-y-activa-recepcion-desde-el-4-de-mayo-en-beneficio-de-pequenos-y-medianos-productores\\\/#primaryimage\"},\"thumbnailUrl\":\"https:\\\/\\\/emisarioec.com\\\/wp-content\\\/uploads\\\/2026\\\/05\\\/WhatsApp-Image-2026-04-28-at-22.30.55.jpeg\",\"keywords\":[\"Ecuador\",\"inicio de compra directa de arroz\",\"Ministerio de Agricultura\"],\"articleSection\":[\"Actualidad\"],\"inLanguage\":\"es\"},{\"@type\":\"WebPage\",\"@id\":\"https:\\\/\\\/emisarioec.com\\\/index.php\\\/2026\\\/04\\\/28\\\/ministerio-de-agricultura-adelanta-inicio-de-compra-directa-de-arroz-y-activa-recepcion-desde-el-4-de-mayo-en-beneficio-de-pequenos-y-medianos-productores\\\/\",\"url\":\"https:\\\/\\\/emisarioec.com\\\/index.php\\\/2026\\\/04\\\/28\\\/ministerio-de-agricultura-adelanta-inicio-de-compra-directa-de-arroz-y-activa-recepcion-desde-el-4-de-mayo-en-beneficio-de-pequenos-y-medianos-productores\\\/\",\"name\":\"Ministerio de Agricultura adelanta inicio de compra directa de arroz y activa recepci\u00f3n desde el 4 de mayo en beneficio de peque\u00f1os y medianos productores - Emisario Ec\",\"isPartOf\":{\"@id\":\"https:\\\/\\\/emisarioec.com\\\/#website\"},\"primaryImageOfPage\":{\"@id\":\"https:\\\/\\\/emisarioec.com\\\/index.php\\\/2026\\\/04\\\/28\\\/ministerio-de-agricultura-adelanta-inicio-de-compra-directa-de-arroz-y-activa-recepcion-desde-el-4-de-mayo-en-beneficio-de-pequenos-y-medianos-productores\\\/#primaryimage\"},\"image\":{\"@id\":\"https:\\\/\\\/emisarioec.com\\\/index.php\\\/2026\\\/04\\\/28\\\/ministerio-de-agricultura-adelanta-inicio-de-compra-directa-de-arroz-y-activa-recepcion-desde-el-4-de-mayo-en-beneficio-de-pequenos-y-medianos-productores\\\/#primaryimage\"},\"thumbnailUrl\":\"https:\\\/\\\/emisarioec.com\\\/wp-content\\\/uploads\\\/2026\\\/05\\\/WhatsApp-Image-2026-04-28-at-22.30.55.jpeg\",\"datePublished\":\"2026-04-29T03:30:00+00:00\",\"dateModified\":\"2026-05-01T14:53:39+00:00\",\"breadcrumb\":{\"@id\":\"https:\\\/\\\/emisarioec.com\\\/index.php\\\/2026\\\/04\\\/28\\\/ministerio-de-agricultura-adelanta-inicio-de-compra-directa-de-arroz-y-activa-recepcion-desde-el-4-de-mayo-en-beneficio-de-pequenos-y-medianos-productores\\\/#breadcrumb\"},\"inLanguage\":\"es\",\"potentialAction\":[{\"@type\":\"ReadAction\",\"target\":[\"https:\\\/\\\/emisarioec.com\\\/index.php\\\/2026\\\/04\\\/28\\\/ministerio-de-agricultura-adelanta-inicio-de-compra-directa-de-arroz-y-activa-recepcion-desde-el-4-de-mayo-en-beneficio-de-pequenos-y-medianos-productores\\\/\"]}]},{\"@type\":\"ImageObject\",\"inLanguage\":\"es\",\"@id\":\"https:\\\/\\\/emisarioec.com\\\/index.php\\\/2026\\\/04\\\/28\\\/ministerio-de-agricultura-adelanta-inicio-de-compra-directa-de-arroz-y-activa-recepcion-desde-el-4-de-mayo-en-beneficio-de-pequenos-y-medianos-productores\\\/#primaryimage\",\"url\":\"https:\\\/\\\/emisarioec.com\\\/wp-content\\\/uploads\\\/2026\\\/05\\\/WhatsApp-Image-2026-04-28-at-22.30.55.jpeg\",\"contentUrl\":\"https:\\\/\\\/emisarioec.com\\\/wp-content\\\/uploads\\\/2026\\\/05\\\/WhatsApp-Image-2026-04-28-at-22.30.55.jpeg\",\"width\":1280,\"height\":720},{\"@type\":\"BreadcrumbList\",\"@id\":\"https:\\\/\\\/emisarioec.com\\\/index.php\\\/2026\\\/04\\\/28\\\/ministerio-de-agricultura-adelanta-inicio-de-compra-directa-de-arroz-y-activa-recepcion-desde-el-4-de-mayo-en-beneficio-de-pequenos-y-medianos-productores\\\/#breadcrumb\",\"itemListElement\":[{\"@type\":\"ListItem\",\"position\":1,\"name\":\"Portada\",\"item\":\"https:\\\/\\\/emisarioec.com\\\/\"},{\"@type\":\"ListItem\",\"position\":2,\"name\":\"Ministerio de Agricultura adelanta inicio de compra directa de arroz y activa recepci\u00f3n desde el 4 de mayo en beneficio de peque\u00f1os y medianos productores\"}]},{\"@type\":\"WebSite\",\"@id\":\"https:\\\/\\\/emisarioec.com\\\/#website\",\"url\":\"https:\\\/\\\/emisarioec.com\\\/\",\"name\":\"Emisario Ec\",\"description\":\"Informar es un derecho que corresponde a hechos\",\"publisher\":{\"@id\":\"https:\\\/\\\/emisarioec.com\\\/#organization\"},\"potentialAction\":[{\"@type\":\"SearchAction\",\"target\":{\"@type\":\"EntryPoint\",\"urlTemplate\":\"https:\\\/\\\/emisarioec.com\\\/?s={search_term_string}\"},\"query-input\":{\"@type\":\"PropertyValueSpecification\",\"valueRequired\":true,\"valueName\":\"search_term_string\"}}],\"inLanguage\":\"es\"},{\"@type\":\"Organization\",\"@id\":\"https:\\\/\\\/emisarioec.com\\\/#organization\",\"name\":\"Emisario Ec\",\"url\":\"https:\\\/\\\/emisarioec.com\\\/\",\"logo\":{\"@type\":\"ImageObject\",\"inLanguage\":\"es\",\"@id\":\"https:\\\/\\\/emisarioec.com\\\/#\\\/schema\\\/logo\\\/image\\\/\",\"url\":\"https:\\\/\\\/emisarioec.com\\\/wp-content\\\/uploads\\\/2025\\\/06\\\/cropped-cropped-emisario-ico.png\",\"contentUrl\":\"https:\\\/\\\/emisarioec.com\\\/wp-content\\\/uploads\\\/2025\\\/06\\\/cropped-cropped-emisario-ico.png\",\"width\":512,\"height\":512,\"caption\":\"Emisario Ec\"},\"image\":{\"@id\":\"https:\\\/\\\/emisarioec.com\\\/#\\\/schema\\\/logo\\\/image\\\/\"}},{\"@type\":\"Person\",\"@id\":\"https:\\\/\\\/emisarioec.com\\\/#\\\/schema\\\/person\\\/2afb9da152d200f9b3feecf5f92da2d5\",\"name\":\"Emisario Ec\",\"url\":\"https:\\\/\\\/emisarioec.com\\\/index.php\\\/author\\\/admin_roberto\\\/\"}]}<\/script>\n<!-- \/ Yoast SEO plugin. -->","yoast_head_json":{"title":"Ministerio de Agricultura adelanta inicio de compra directa de arroz y activa recepci\u00f3n desde el 4 de mayo en beneficio de peque\u00f1os y medianos productores - Emisario Ec","robots":{"index":"index","follow":"follow","max-snippet":"max-snippet:-1","max-image-preview":"max-image-preview:large","max-video-preview":"max-video-preview:-1"},"canonical":"https:\/\/emisarioec.com\/index.php\/2026\/04\/28\/ministerio-de-agricultura-adelanta-inicio-de-compra-directa-de-arroz-y-activa-recepcion-desde-el-4-de-mayo-en-beneficio-de-pequenos-y-medianos-productores\/","og_locale":"es_ES","og_type":"article","og_title":"Ministerio de Agricultura adelanta inicio de compra directa de arroz y activa recepci\u00f3n desde el 4 de mayo en beneficio de peque\u00f1os y medianos productores - Emisario Ec","og_description":"Adem\u00e1s, el ministro inform\u00f3 que la decisi\u00f3n de adelantar los tiempos de ejecuci\u00f3n del proceso responde a la necesidad de atender de manera oportuna al sector arrocero","og_url":"https:\/\/emisarioec.com\/index.php\/2026\/04\/28\/ministerio-de-agricultura-adelanta-inicio-de-compra-directa-de-arroz-y-activa-recepcion-desde-el-4-de-mayo-en-beneficio-de-pequenos-y-medianos-productores\/","og_site_name":"Emisario Ec","article_published_time":"2026-04-29T03:30:00+00:00","article_modified_time":"2026-05-01T14:53:39+00:00","og_image":[{"width":1280,"height":720,"url":"https:\/\/emisarioec.com\/wp-content\/uploads\/2026\/05\/WhatsApp-Image-2026-04-28-at-22.30.55.jpeg","type":"image\/jpeg"}],"author":"Emisario Ec","twitter_card":"summary_large_image","twitter_misc":{"Escrito por":"Emisario Ec","Tiempo de lectura":"3 minutos"},"schema":{"@context":"https:\/\/schema.org","@graph":[{"@type":"Article","@id":"https:\/\/emisarioec.com\/index.php\/2026\/04\/28\/ministerio-de-agricultura-adelanta-inicio-de-compra-directa-de-arroz-y-activa-recepcion-desde-el-4-de-mayo-en-beneficio-de-pequenos-y-medianos-productores\/#article","isPartOf":{"@id":"https:\/\/emisarioec.com\/index.php\/2026\/04\/28\/ministerio-de-agricultura-adelanta-inicio-de-compra-directa-de-arroz-y-activa-recepcion-desde-el-4-de-mayo-en-beneficio-de-pequenos-y-medianos-productores\/"},"author":{"name":"Emisario Ec","@id":"https:\/\/emisarioec.com\/#\/schema\/person\/2afb9da152d200f9b3feecf5f92da2d5"},"headline":"Ministerio de Agricultura adelanta inicio de compra directa de arroz y activa recepci\u00f3n desde el 4 de mayo en beneficio de peque\u00f1os y medianos productores","datePublished":"2026-04-29T03:30:00+00:00","dateModified":"2026-05-01T14:53:39+00:00","mainEntityOfPage":{"@id":"https:\/\/emisarioec.com\/index.php\/2026\/04\/28\/ministerio-de-agricultura-adelanta-inicio-de-compra-directa-de-arroz-y-activa-recepcion-desde-el-4-de-mayo-en-beneficio-de-pequenos-y-medianos-productores\/"},"wordCount":479,"publisher":{"@id":"https:\/\/emisarioec.com\/#organization"},"image":{"@id":"https:\/\/emisarioec.com\/index.php\/2026\/04\/28\/ministerio-de-agricultura-adelanta-inicio-de-compra-directa-de-arroz-y-activa-recepcion-desde-el-4-de-mayo-en-beneficio-de-pequenos-y-medianos-productores\/#primaryimage"},"thumbnailUrl":"https:\/\/emisarioec.com\/wp-content\/uploads\/2026\/05\/WhatsApp-Image-2026-04-28-at-22.30.55.jpeg","keywords":["Ecuador","inicio de compra directa de arroz","Ministerio de Agricultura"],"articleSection":["Actualidad"],"inLanguage":"es"},{"@type":"WebPage","@id":"https:\/\/emisarioec.com\/index.php\/2026\/04\/28\/ministerio-de-agricultura-adelanta-inicio-de-compra-directa-de-arroz-y-activa-recepcion-desde-el-4-de-mayo-en-beneficio-de-pequenos-y-medianos-productores\/","url":"https:\/\/emisarioec.com\/index.php\/2026\/04\/28\/ministerio-de-agricultura-adelanta-inicio-de-compra-directa-de-arroz-y-activa-recepcion-desde-el-4-de-mayo-en-beneficio-de-pequenos-y-medianos-productores\/","name":"Ministerio de Agricultura adelanta inicio de compra directa de arroz y activa recepci\u00f3n desde el 4 de mayo en beneficio de peque\u00f1os y medianos productores - Emisario Ec","isPartOf":{"@id":"https:\/\/emisarioec.com\/#website"},"primaryImageOfPage":{"@id":"https:\/\/emisarioec.com\/index.php\/2026\/04\/28\/ministerio-de-agricultura-adelanta-inicio-de-compra-directa-de-arroz-y-activa-recepcion-desde-el-4-de-mayo-en-beneficio-de-pequenos-y-medianos-productores\/#primaryimage"},"image":{"@id":"https:\/\/emisarioec.com\/index.php\/2026\/04\/28\/ministerio-de-agricultura-adelanta-inicio-de-compra-directa-de-arroz-y-activa-recepcion-desde-el-4-de-mayo-en-beneficio-de-pequenos-y-medianos-productores\/#primaryimage"},"thumbnailUrl":"https:\/\/emisarioec.com\/wp-content\/uploads\/2026\/05\/WhatsApp-Image-2026-04-28-at-22.30.55.jpeg","datePublished":"2026-04-29T03:30:00+00:00","dateModified":"2026-05-01T14:53:39+00:00","breadcrumb":{"@id":"https:\/\/emisarioec.com\/index.php\/2026\/04\/28\/ministerio-de-agricultura-adelanta-inicio-de-compra-directa-de-arroz-y-activa-recepcion-desde-el-4-de-mayo-en-beneficio-de-pequenos-y-medianos-productores\/#breadcrumb"},"inLanguage":"es","potentialAction":[{"@type":"ReadAction","target":["https:\/\/emisarioec.com\/index.php\/2026\/04\/28\/ministerio-de-agricultura-adelanta-inicio-de-compra-directa-de-arroz-y-activa-recepcion-desde-el-4-de-mayo-en-beneficio-de-pequenos-y-medianos-productores\/"]}]},{"@type":"ImageObject","inLanguage":"es","@id":"https:\/\/emisarioec.com\/index.php\/2026\/04\/28\/ministerio-de-agricultura-adelanta-inicio-de-compra-directa-de-arroz-y-activa-recepcion-desde-el-4-de-mayo-en-beneficio-de-pequenos-y-medianos-productores\/#primaryimage","url":"https:\/\/emisarioec.com\/wp-content\/uploads\/2026\/05\/WhatsApp-Image-2026-04-28-at-22.30.55.jpeg","contentUrl":"https:\/\/emisarioec.com\/wp-content\/uploads\/2026\/05\/WhatsApp-Image-2026-04-28-at-22.30.55.jpeg","width":1280,"height":720},{"@type":"BreadcrumbList","@id":"https:\/\/emisarioec.com\/index.php\/2026\/04\/28\/ministerio-de-agricultura-adelanta-inicio-de-compra-directa-de-arroz-y-activa-recepcion-desde-el-4-de-mayo-en-beneficio-de-pequenos-y-medianos-productores\/#breadcrumb","itemListElement":[{"@type":"ListItem","position":1,"name":"Portada","item":"https:\/\/emisarioec.com\/"},{"@type":"ListItem","position":2,"name":"Ministerio de Agricultura adelanta inicio de compra directa de arroz y activa recepci\u00f3n desde el 4 de mayo en beneficio de peque\u00f1os y medianos productores"}]},{"@type":"WebSite","@id":"https:\/\/emisarioec.com\/#website","url":"https:\/\/emisarioec.com\/","name":"Emisario Ec","description":"Informar es un derecho que corresponde a hechos","publisher":{"@id":"https:\/\/emisarioec.com\/#organization"},"potentialAction":[{"@type":"SearchAction","target":{"@type":"EntryPoint","urlTemplate":"https:\/\/emisarioec.com\/?s={search_term_string}"},"query-input":{"@type":"PropertyValueSpecification","valueRequired":true,"valueName":"search_term_string"}}],"inLanguage":"es"},{"@type":"Organization","@id":"https:\/\/emisarioec.com\/#organization","name":"Emisario Ec","url":"https:\/\/emisarioec.com\/","logo":{"@type":"ImageObject","inLanguage":"es","@id":"https:\/\/emisarioec.com\/#\/schema\/logo\/image\/","url":"https:\/\/emisarioec.com\/wp-content\/uploads\/2025\/06\/cropped-cropped-emisario-ico.png","contentUrl":"https:\/\/emisarioec.com\/wp-content\/uploads\/2025\/06\/cropped-cropped-emisario-ico.png","width":512,"height":512,"caption":"Emisario Ec"},"image":{"@id":"https:\/\/emisarioec.com\/#\/schema\/logo\/image\/"}},{"@type":"Person","@id":"https:\/\/emisarioec.com\/#\/schema\/person\/2afb9da152d200f9b3feecf5f92da2d5","name":"Emisario Ec","url":"https:\/\/emisarioec.com\/index.php\/author\/admin_roberto\/"}]}},"jetpack_featured_media_url":"https:\/\/emisarioec.com\/wp-content\/uploads\/2026\/05\/WhatsApp-Image-2026-04-28-at-22.30.55.jpeg","_links":{"self":[{"href":"https:\/\/emisarioec.com\/index.php\/wp-json\/wp\/v2\/posts\/2844","targetHints":{"allow":["GET"]}}],"collection":[{"href":"https:\/\/emisarioec.com\/index.php\/wp-json\/wp\/v2\/posts"}],"about":[{"href":"https:\/\/emisarioec.com\/index.php\/wp-json\/wp\/v2\/types\/post"}],"author":[{"embeddable":true,"href":"https:\/\/emisarioec.com\/index.php\/wp-json\/wp\/v2\/users\/2"}],"replies":[{"embeddable":true,"href":"https:\/\/emisarioec.com\/index.php\/wp-json\/wp\/v2\/comments?post=2844"}],"version-history":[{"count":1,"href":"https:\/\/emisarioec.com\/index.php\/wp-json\/wp\/v2\/posts\/2844\/revisions"}],"predecessor-version":[{"id":2846,"href":"https:\/\/emisarioec.com\/index.php\/wp-json\/wp\/v2\/posts\/2844\/revisions\/2846"}],"wp:featuredmedia":[{"embeddable":true,"href":"https:\/\/emisarioec.com\/index.php\/wp-json\/wp\/v2\/media\/2845"}],"wp:attachment":[{"href":"https:\/\/emisarioec.com\/index.php\/wp-json\/wp\/v2\/media?parent=2844"}],"wp:term":[{"taxonomy":"category","embeddable":true,"href":"https:\/\/emisarioec.com\/index.php\/wp-json\/wp\/v2\/categories?post=2844"},{"taxonomy":"post_tag","embeddable":true,"href":"https:\/\/emisarioec.com\/index.php\/wp-json\/wp\/v2\/tags?post=2844"}],"curies":[{"name":"wp","href":"https:\/\/api.w.org\/{rel}","templated":true}]}}