{"id":4031,"date":"2026-08-07T09:44:26","date_gmt":"2026-08-07T14:44:26","guid":{"rendered":"https:\/\/emisarioec.com\/?p=4031"},"modified":"2026-08-09T09:44:44","modified_gmt":"2026-08-09T14:44:44","slug":"pycca-celebra-una-decada-de-colors-la-propuesta-que-ha-inspirado-la-transformacion-de-miles-de-hogares-ecuatorianos","status":"publish","type":"post","link":"https:\/\/emisarioec.com\/index.php\/2026\/08\/07\/pycca-celebra-una-decada-de-colors-la-propuesta-que-ha-inspirado-la-transformacion-de-miles-de-hogares-ecuatorianos\/","title":{"rendered":"Pycca celebra una D\u00e9cada de Colors, la propuesta que ha inspirado la transformaci\u00f3n de miles de hogares ecuatorianos"},"content":{"rendered":"\n<ul class=\"wp-block-list\">\n<li><em>La d\u00e9cima edici\u00f3n de COLORS presenta \u00abHogares en Movimiento Infinito\u00bb, una propuesta que invita a reinventar los espacios a trav\u00e9s del dise\u00f1o, el color y las infinitas posibilidades de transformaci\u00f3n.<\/em><\/li>\n<\/ul>\n\n\n\n<p class=\"wp-block-paragraph\">Pycca present\u00f3 la d\u00e9cima edici\u00f3n de <strong>COLORS<\/strong>, la propuesta anual con la que, durante una d\u00e9cada, ha inspirado a los ecuatorianos a reinventar sus hogares mediante propuestas que combinan dise\u00f1o, color y tendencias para crear espacios \u00fanicos. Bajo el concepto <strong>\u00abHogares en Movimiento Infinito\u00bb<\/strong>, COLORS 2026 invit\u00f3 a descubrir que un mismo espacio puede transformarse constantemente mediante nuevas combinaciones de colores, texturas y elementos que reflejan la personalidad de quienes los habitan.<\/p>\n\n\n\n<p class=\"wp-block-paragraph\">M\u00e1s que una colecci\u00f3n, <strong>COLORS<\/strong> se ha consolidado como una plataforma de inspiraci\u00f3n para el hogar que evoluciona junto con las tendencias y las nuevas formas de vivir de las familias ecuatorianas. En esta d\u00e9cima edici\u00f3n, la propuesta parti\u00f3 de una idea sencilla pero poderosa: as\u00ed como un caleidoscopio crea infinitas composiciones con las mismas piezas, un hogar tambi\u00e9n puede reinventarse continuamente a partir de peque\u00f1os cambios que generan grandes diferencias.<\/p>\n\n\n\n<p class=\"wp-block-paragraph\">COLORS 2026 reuni\u00f3 tres colecciones con identidades propias que respondieron a diferentes estilos de vida y maneras de habitar los espacios. <strong>Zafiro Cl\u00e1sico<\/strong> apost\u00f3 por la sofisticaci\u00f3n de los azules profundos y los detalles dorados; <strong>Velvet Contempo<\/strong> incorpor\u00f3 tonos vino y texturas envolventes para crear ambientes contempor\u00e1neos con personalidad; mientras que <strong>Reflejo N\u00f3rdico<\/strong> propuso espacios serenos a trav\u00e9s de tonos naturales, fibras y maderas claras que transmiten bienestar y equilibrio.<\/p>\n\n\n\n<p class=\"wp-block-paragraph\">Como parte de esta edici\u00f3n y tradici\u00f3n conmemorativa, Pycca invit\u00f3 a tres referentes creativos del pa\u00eds a interpretar el esp\u00edritu de cada colecci\u00f3n desde su propia visi\u00f3n. La artista pl\u00e1stica <strong>Camille Gamarra<\/strong>, el arquitecto y m\u00fasico <strong>Johnta Taleb<\/strong> y la dise\u00f1adora de interiores <strong>Manuela Cobo<\/strong> aportaron una mirada aut\u00e9ntica que conect\u00f3 el dise\u00f1o con el arte, la arquitectura y la manera en que las personas construyen experiencias dentro de sus hogares.<\/p>\n\n\n\n<p class=\"wp-block-paragraph\"><strong><em>\u00ab<\/em><\/strong><em>COLORS cumple diez ediciones demostrando que el dise\u00f1o tiene la capacidad de evolucionar junto con las personas y sus hogares. Este a\u00f1o quisimos inspirar a nuestros clientes a descubrir que, con peque\u00f1os cambios, cada espacio puede reinventarse y reflejar nuevas formas de vivir, compartir y crear recuerdos<strong>\u00ab,<\/strong> <\/em>destac\u00f3 Valeria Adum, Gerente de Marketing Pycca.<\/p>\n\n\n\n<p class=\"wp-block-paragraph\">Las nuevas colecciones estuvieron presentes en diferentes categor\u00edas para el hogar, integrando mobiliario, decoraci\u00f3n, textiles, vajillas, iluminaci\u00f3n y accesorios que permitieron crear ambientes completos bajo un mismo concepto de dise\u00f1o, ofreciendo m\u00faltiples posibilidades para renovar los espacios de acuerdo con cada estilo personal.<\/p>\n\n\n\n<p class=\"wp-block-paragraph\">La d\u00e9cima edici\u00f3n de COLORS fue presentada oficialmente el <strong>jueves 6 de agosto<\/strong> en <strong>Pycca Piazza Samborond\u00f3n<\/strong>, donde la marca dio a conocer las nuevas colecciones y el concepto creativo que marc\u00f3 esta edici\u00f3n conmemorativa. Posteriormente, la propuesta pas\u00f3 a estar disponible en las tiendas Pycca a nivel nacional y en sus canales digitales, acercando esta nueva visi\u00f3n del dise\u00f1o a quienes buscan transformar sus espacios con inspiraci\u00f3n, funcionalidad y las \u00faltimas tendencias para el hogar.<\/p>\n\n\n\n<h2 class=\"wp-block-heading\"><a><\/a><strong>Acerca de Pycca<\/strong><\/h2>\n\n\n\n<h2 class=\"wp-block-heading\"><a><\/a>Con 80 a\u00f1os de trayectoria, Pycca es una empresa ecuatoriana dedicada a la comercializaci\u00f3n de art\u00edculos para el hogar, decoraci\u00f3n, tecnolog\u00eda, papeler\u00eda y cuidado personal. Con presencia en 18 ciudades y 50 locales a nivel nacional, la marca se ha consolidado como un referente para los hogares ecuatorianos, destac\u00e1ndose por su innovaci\u00f3n, cercan\u00eda con el cliente y constante evoluci\u00f3n en la experiencia de compra.<\/h2>\n\n\n\n<p class=\"wp-block-paragraph\"><br>Para mayor informaci\u00f3n: www.pycca.com | Redes sociales: @Pycca<\/p>\n","protected":false},"excerpt":{"rendered":"<p>Bajo el concepto \u00abHogares en Movimiento Infinito\u00bb, COLORS 2026 invit\u00f3 a descubrir que un mismo espacio puede transformarse constantemente<\/p>\n","protected":false},"author":2,"featured_media":4032,"comment_status":"closed","ping_status":"open","sticky":false,"template":"","format":"standard","meta":{"footnotes":""},"categories":[6],"tags":[1804,1805,968],"class_list":["post-4031","post","type-post","status-publish","format-standard","has-post-thumbnail","hentry","category-actualidad","tag-hogares-en-movimiento-infinito","tag-decada-de-colors","tag-pycca"],"yoast_head":"<!-- This site is optimized with the Yoast SEO plugin v28.4 - https:\/\/yoast.com\/product\/yoast-seo-wordpress\/ -->\n<title>Pycca celebra una D\u00e9cada de Colors, la propuesta que ha inspirado la transformaci\u00f3n de miles de hogares ecuatorianos - Emisario Ec<\/title>\n<meta name=\"robots\" content=\"index, follow, max-snippet:-1, max-image-preview:large, max-video-preview:-1\" \/>\n<link rel=\"canonical\" href=\"https:\/\/emisarioec.com\/index.php\/2026\/08\/07\/pycca-celebra-una-decada-de-colors-la-propuesta-que-ha-inspirado-la-transformacion-de-miles-de-hogares-ecuatorianos\/\" \/>\n<meta property=\"og:locale\" content=\"es_ES\" \/>\n<meta property=\"og:type\" content=\"article\" \/>\n<meta property=\"og:title\" content=\"Pycca celebra una D\u00e9cada de Colors, la propuesta que ha inspirado la transformaci\u00f3n de miles de hogares ecuatorianos - Emisario Ec\" \/>\n<meta property=\"og:description\" content=\"Bajo el concepto &quot;Hogares en Movimiento Infinito&quot;, COLORS 2026 invit\u00f3 a descubrir que un mismo espacio puede transformarse constantemente\" \/>\n<meta property=\"og:url\" content=\"https:\/\/emisarioec.com\/index.php\/2026\/08\/07\/pycca-celebra-una-decada-de-colors-la-propuesta-que-ha-inspirado-la-transformacion-de-miles-de-hogares-ecuatorianos\/\" \/>\n<meta property=\"og:site_name\" content=\"Emisario Ec\" \/>\n<meta property=\"article:published_time\" content=\"2026-08-07T14:44:26+00:00\" \/>\n<meta property=\"article:modified_time\" content=\"2026-08-09T14:44:44+00:00\" \/>\n<meta property=\"og:image\" content=\"https:\/\/emisarioec.com\/wp-content\/uploads\/2026\/08\/1-8.jpg\" \/>\n\t<meta property=\"og:image:width\" content=\"880\" \/>\n\t<meta property=\"og:image:height\" content=\"1100\" \/>\n\t<meta property=\"og:image:type\" content=\"image\/jpeg\" \/>\n<meta name=\"author\" content=\"Emisario Ec\" \/>\n<meta name=\"twitter:card\" content=\"summary_large_image\" \/>\n<meta name=\"twitter:label1\" content=\"Escrito por\" \/>\n\t<meta name=\"twitter:data1\" content=\"Emisario Ec\" \/>\n\t<meta name=\"twitter:label2\" content=\"Tiempo de lectura\" \/>\n\t<meta name=\"twitter:data2\" content=\"3 minutos\" \/>\n<script type=\"application\/ld+json\" class=\"yoast-schema-graph\">{\"@context\":\"https:\\\/\\\/schema.org\",\"@graph\":[{\"@type\":\"Article\",\"@id\":\"https:\\\/\\\/emisarioec.com\\\/index.php\\\/2026\\\/08\\\/07\\\/pycca-celebra-una-decada-de-colors-la-propuesta-que-ha-inspirado-la-transformacion-de-miles-de-hogares-ecuatorianos\\\/#article\",\"isPartOf\":{\"@id\":\"https:\\\/\\\/emisarioec.com\\\/index.php\\\/2026\\\/08\\\/07\\\/pycca-celebra-una-decada-de-colors-la-propuesta-que-ha-inspirado-la-transformacion-de-miles-de-hogares-ecuatorianos\\\/\"},\"author\":{\"name\":\"Emisario Ec\",\"@id\":\"https:\\\/\\\/emisarioec.com\\\/#\\\/schema\\\/person\\\/2afb9da152d200f9b3feecf5f92da2d5\"},\"headline\":\"Pycca celebra una D\u00e9cada de Colors, la propuesta que ha inspirado la transformaci\u00f3n de miles de hogares ecuatorianos\",\"datePublished\":\"2026-08-07T14:44:26+00:00\",\"dateModified\":\"2026-08-09T14:44:44+00:00\",\"mainEntityOfPage\":{\"@id\":\"https:\\\/\\\/emisarioec.com\\\/index.php\\\/2026\\\/08\\\/07\\\/pycca-celebra-una-decada-de-colors-la-propuesta-que-ha-inspirado-la-transformacion-de-miles-de-hogares-ecuatorianos\\\/\"},\"wordCount\":635,\"publisher\":{\"@id\":\"https:\\\/\\\/emisarioec.com\\\/#organization\"},\"image\":{\"@id\":\"https:\\\/\\\/emisarioec.com\\\/index.php\\\/2026\\\/08\\\/07\\\/pycca-celebra-una-decada-de-colors-la-propuesta-que-ha-inspirado-la-transformacion-de-miles-de-hogares-ecuatorianos\\\/#primaryimage\"},\"thumbnailUrl\":\"https:\\\/\\\/emisarioec.com\\\/wp-content\\\/uploads\\\/2026\\\/08\\\/1-8.jpg\",\"keywords\":[\"\\\"Hogares en Movimiento Infinito\\\"\",\"D\u00e9cada de Colors\",\"Pycca\"],\"articleSection\":[\"Actualidad\"],\"inLanguage\":\"es\"},{\"@type\":\"WebPage\",\"@id\":\"https:\\\/\\\/emisarioec.com\\\/index.php\\\/2026\\\/08\\\/07\\\/pycca-celebra-una-decada-de-colors-la-propuesta-que-ha-inspirado-la-transformacion-de-miles-de-hogares-ecuatorianos\\\/\",\"url\":\"https:\\\/\\\/emisarioec.com\\\/index.php\\\/2026\\\/08\\\/07\\\/pycca-celebra-una-decada-de-colors-la-propuesta-que-ha-inspirado-la-transformacion-de-miles-de-hogares-ecuatorianos\\\/\",\"name\":\"Pycca celebra una D\u00e9cada de Colors, la propuesta que ha inspirado la transformaci\u00f3n de miles de hogares ecuatorianos - Emisario Ec\",\"isPartOf\":{\"@id\":\"https:\\\/\\\/emisarioec.com\\\/#website\"},\"primaryImageOfPage\":{\"@id\":\"https:\\\/\\\/emisarioec.com\\\/index.php\\\/2026\\\/08\\\/07\\\/pycca-celebra-una-decada-de-colors-la-propuesta-que-ha-inspirado-la-transformacion-de-miles-de-hogares-ecuatorianos\\\/#primaryimage\"},\"image\":{\"@id\":\"https:\\\/\\\/emisarioec.com\\\/index.php\\\/2026\\\/08\\\/07\\\/pycca-celebra-una-decada-de-colors-la-propuesta-que-ha-inspirado-la-transformacion-de-miles-de-hogares-ecuatorianos\\\/#primaryimage\"},\"thumbnailUrl\":\"https:\\\/\\\/emisarioec.com\\\/wp-content\\\/uploads\\\/2026\\\/08\\\/1-8.jpg\",\"datePublished\":\"2026-08-07T14:44:26+00:00\",\"dateModified\":\"2026-08-09T14:44:44+00:00\",\"breadcrumb\":{\"@id\":\"https:\\\/\\\/emisarioec.com\\\/index.php\\\/2026\\\/08\\\/07\\\/pycca-celebra-una-decada-de-colors-la-propuesta-que-ha-inspirado-la-transformacion-de-miles-de-hogares-ecuatorianos\\\/#breadcrumb\"},\"inLanguage\":\"es\",\"potentialAction\":[{\"@type\":\"ReadAction\",\"target\":[\"https:\\\/\\\/emisarioec.com\\\/index.php\\\/2026\\\/08\\\/07\\\/pycca-celebra-una-decada-de-colors-la-propuesta-que-ha-inspirado-la-transformacion-de-miles-de-hogares-ecuatorianos\\\/\"]}]},{\"@type\":\"ImageObject\",\"inLanguage\":\"es\",\"@id\":\"https:\\\/\\\/emisarioec.com\\\/index.php\\\/2026\\\/08\\\/07\\\/pycca-celebra-una-decada-de-colors-la-propuesta-que-ha-inspirado-la-transformacion-de-miles-de-hogares-ecuatorianos\\\/#primaryimage\",\"url\":\"https:\\\/\\\/emisarioec.com\\\/wp-content\\\/uploads\\\/2026\\\/08\\\/1-8.jpg\",\"contentUrl\":\"https:\\\/\\\/emisarioec.com\\\/wp-content\\\/uploads\\\/2026\\\/08\\\/1-8.jpg\",\"width\":880,\"height\":1100},{\"@type\":\"BreadcrumbList\",\"@id\":\"https:\\\/\\\/emisarioec.com\\\/index.php\\\/2026\\\/08\\\/07\\\/pycca-celebra-una-decada-de-colors-la-propuesta-que-ha-inspirado-la-transformacion-de-miles-de-hogares-ecuatorianos\\\/#breadcrumb\",\"itemListElement\":[{\"@type\":\"ListItem\",\"position\":1,\"name\":\"Portada\",\"item\":\"https:\\\/\\\/emisarioec.com\\\/\"},{\"@type\":\"ListItem\",\"position\":2,\"name\":\"Pycca celebra una D\u00e9cada de Colors, la propuesta que ha inspirado la transformaci\u00f3n de miles de hogares ecuatorianos\"}]},{\"@type\":\"WebSite\",\"@id\":\"https:\\\/\\\/emisarioec.com\\\/#website\",\"url\":\"https:\\\/\\\/emisarioec.com\\\/\",\"name\":\"Emisario Ec\",\"description\":\"Informar es un derecho que corresponde a hechos\",\"publisher\":{\"@id\":\"https:\\\/\\\/emisarioec.com\\\/#organization\"},\"potentialAction\":[{\"@type\":\"SearchAction\",\"target\":{\"@type\":\"EntryPoint\",\"urlTemplate\":\"https:\\\/\\\/emisarioec.com\\\/?s={search_term_string}\"},\"query-input\":{\"@type\":\"PropertyValueSpecification\",\"valueRequired\":true,\"valueName\":\"search_term_string\"}}],\"inLanguage\":\"es\"},{\"@type\":\"Organization\",\"@id\":\"https:\\\/\\\/emisarioec.com\\\/#organization\",\"name\":\"Emisario Ec\",\"url\":\"https:\\\/\\\/emisarioec.com\\\/\",\"logo\":{\"@type\":\"ImageObject\",\"inLanguage\":\"es\",\"@id\":\"https:\\\/\\\/emisarioec.com\\\/#\\\/schema\\\/logo\\\/image\\\/\",\"url\":\"https:\\\/\\\/emisarioec.com\\\/wp-content\\\/uploads\\\/2025\\\/06\\\/cropped-cropped-emisario-ico.png\",\"contentUrl\":\"https:\\\/\\\/emisarioec.com\\\/wp-content\\\/uploads\\\/2025\\\/06\\\/cropped-cropped-emisario-ico.png\",\"width\":512,\"height\":512,\"caption\":\"Emisario Ec\"},\"image\":{\"@id\":\"https:\\\/\\\/emisarioec.com\\\/#\\\/schema\\\/logo\\\/image\\\/\"}},{\"@type\":\"Person\",\"@id\":\"https:\\\/\\\/emisarioec.com\\\/#\\\/schema\\\/person\\\/2afb9da152d200f9b3feecf5f92da2d5\",\"name\":\"Emisario Ec\",\"url\":\"https:\\\/\\\/emisarioec.com\\\/index.php\\\/author\\\/admin_roberto\\\/\"}]}<\/script>\n<!-- \/ Yoast SEO plugin. -->","yoast_head_json":{"title":"Pycca celebra una D\u00e9cada de Colors, la propuesta que ha inspirado la transformaci\u00f3n de miles de hogares ecuatorianos - Emisario Ec","robots":{"index":"index","follow":"follow","max-snippet":"max-snippet:-1","max-image-preview":"max-image-preview:large","max-video-preview":"max-video-preview:-1"},"canonical":"https:\/\/emisarioec.com\/index.php\/2026\/08\/07\/pycca-celebra-una-decada-de-colors-la-propuesta-que-ha-inspirado-la-transformacion-de-miles-de-hogares-ecuatorianos\/","og_locale":"es_ES","og_type":"article","og_title":"Pycca celebra una D\u00e9cada de Colors, la propuesta que ha inspirado la transformaci\u00f3n de miles de hogares ecuatorianos - Emisario Ec","og_description":"Bajo el concepto \"Hogares en Movimiento Infinito\", COLORS 2026 invit\u00f3 a descubrir que un mismo espacio puede transformarse constantemente","og_url":"https:\/\/emisarioec.com\/index.php\/2026\/08\/07\/pycca-celebra-una-decada-de-colors-la-propuesta-que-ha-inspirado-la-transformacion-de-miles-de-hogares-ecuatorianos\/","og_site_name":"Emisario Ec","article_published_time":"2026-08-07T14:44:26+00:00","article_modified_time":"2026-08-09T14:44:44+00:00","og_image":[{"width":880,"height":1100,"url":"https:\/\/emisarioec.com\/wp-content\/uploads\/2026\/08\/1-8.jpg","type":"image\/jpeg"}],"author":"Emisario Ec","twitter_card":"summary_large_image","twitter_misc":{"Escrito por":"Emisario Ec","Tiempo de lectura":"3 minutos"},"schema":{"@context":"https:\/\/schema.org","@graph":[{"@type":"Article","@id":"https:\/\/emisarioec.com\/index.php\/2026\/08\/07\/pycca-celebra-una-decada-de-colors-la-propuesta-que-ha-inspirado-la-transformacion-de-miles-de-hogares-ecuatorianos\/#article","isPartOf":{"@id":"https:\/\/emisarioec.com\/index.php\/2026\/08\/07\/pycca-celebra-una-decada-de-colors-la-propuesta-que-ha-inspirado-la-transformacion-de-miles-de-hogares-ecuatorianos\/"},"author":{"name":"Emisario Ec","@id":"https:\/\/emisarioec.com\/#\/schema\/person\/2afb9da152d200f9b3feecf5f92da2d5"},"headline":"Pycca celebra una D\u00e9cada de Colors, la propuesta que ha inspirado la transformaci\u00f3n de miles de hogares ecuatorianos","datePublished":"2026-08-07T14:44:26+00:00","dateModified":"2026-08-09T14:44:44+00:00","mainEntityOfPage":{"@id":"https:\/\/emisarioec.com\/index.php\/2026\/08\/07\/pycca-celebra-una-decada-de-colors-la-propuesta-que-ha-inspirado-la-transformacion-de-miles-de-hogares-ecuatorianos\/"},"wordCount":635,"publisher":{"@id":"https:\/\/emisarioec.com\/#organization"},"image":{"@id":"https:\/\/emisarioec.com\/index.php\/2026\/08\/07\/pycca-celebra-una-decada-de-colors-la-propuesta-que-ha-inspirado-la-transformacion-de-miles-de-hogares-ecuatorianos\/#primaryimage"},"thumbnailUrl":"https:\/\/emisarioec.com\/wp-content\/uploads\/2026\/08\/1-8.jpg","keywords":["\"Hogares en Movimiento Infinito\"","D\u00e9cada de Colors","Pycca"],"articleSection":["Actualidad"],"inLanguage":"es"},{"@type":"WebPage","@id":"https:\/\/emisarioec.com\/index.php\/2026\/08\/07\/pycca-celebra-una-decada-de-colors-la-propuesta-que-ha-inspirado-la-transformacion-de-miles-de-hogares-ecuatorianos\/","url":"https:\/\/emisarioec.com\/index.php\/2026\/08\/07\/pycca-celebra-una-decada-de-colors-la-propuesta-que-ha-inspirado-la-transformacion-de-miles-de-hogares-ecuatorianos\/","name":"Pycca celebra una D\u00e9cada de Colors, la propuesta que ha inspirado la transformaci\u00f3n de miles de hogares ecuatorianos - Emisario Ec","isPartOf":{"@id":"https:\/\/emisarioec.com\/#website"},"primaryImageOfPage":{"@id":"https:\/\/emisarioec.com\/index.php\/2026\/08\/07\/pycca-celebra-una-decada-de-colors-la-propuesta-que-ha-inspirado-la-transformacion-de-miles-de-hogares-ecuatorianos\/#primaryimage"},"image":{"@id":"https:\/\/emisarioec.com\/index.php\/2026\/08\/07\/pycca-celebra-una-decada-de-colors-la-propuesta-que-ha-inspirado-la-transformacion-de-miles-de-hogares-ecuatorianos\/#primaryimage"},"thumbnailUrl":"https:\/\/emisarioec.com\/wp-content\/uploads\/2026\/08\/1-8.jpg","datePublished":"2026-08-07T14:44:26+00:00","dateModified":"2026-08-09T14:44:44+00:00","breadcrumb":{"@id":"https:\/\/emisarioec.com\/index.php\/2026\/08\/07\/pycca-celebra-una-decada-de-colors-la-propuesta-que-ha-inspirado-la-transformacion-de-miles-de-hogares-ecuatorianos\/#breadcrumb"},"inLanguage":"es","potentialAction":[{"@type":"ReadAction","target":["https:\/\/emisarioec.com\/index.php\/2026\/08\/07\/pycca-celebra-una-decada-de-colors-la-propuesta-que-ha-inspirado-la-transformacion-de-miles-de-hogares-ecuatorianos\/"]}]},{"@type":"ImageObject","inLanguage":"es","@id":"https:\/\/emisarioec.com\/index.php\/2026\/08\/07\/pycca-celebra-una-decada-de-colors-la-propuesta-que-ha-inspirado-la-transformacion-de-miles-de-hogares-ecuatorianos\/#primaryimage","url":"https:\/\/emisarioec.com\/wp-content\/uploads\/2026\/08\/1-8.jpg","contentUrl":"https:\/\/emisarioec.com\/wp-content\/uploads\/2026\/08\/1-8.jpg","width":880,"height":1100},{"@type":"BreadcrumbList","@id":"https:\/\/emisarioec.com\/index.php\/2026\/08\/07\/pycca-celebra-una-decada-de-colors-la-propuesta-que-ha-inspirado-la-transformacion-de-miles-de-hogares-ecuatorianos\/#breadcrumb","itemListElement":[{"@type":"ListItem","position":1,"name":"Portada","item":"https:\/\/emisarioec.com\/"},{"@type":"ListItem","position":2,"name":"Pycca celebra una D\u00e9cada de Colors, la propuesta que ha inspirado la transformaci\u00f3n de miles de hogares ecuatorianos"}]},{"@type":"WebSite","@id":"https:\/\/emisarioec.com\/#website","url":"https:\/\/emisarioec.com\/","name":"Emisario Ec","description":"Informar es un derecho que corresponde a hechos","publisher":{"@id":"https:\/\/emisarioec.com\/#organization"},"potentialAction":[{"@type":"SearchAction","target":{"@type":"EntryPoint","urlTemplate":"https:\/\/emisarioec.com\/?s={search_term_string}"},"query-input":{"@type":"PropertyValueSpecification","valueRequired":true,"valueName":"search_term_string"}}],"inLanguage":"es"},{"@type":"Organization","@id":"https:\/\/emisarioec.com\/#organization","name":"Emisario Ec","url":"https:\/\/emisarioec.com\/","logo":{"@type":"ImageObject","inLanguage":"es","@id":"https:\/\/emisarioec.com\/#\/schema\/logo\/image\/","url":"https:\/\/emisarioec.com\/wp-content\/uploads\/2025\/06\/cropped-cropped-emisario-ico.png","contentUrl":"https:\/\/emisarioec.com\/wp-content\/uploads\/2025\/06\/cropped-cropped-emisario-ico.png","width":512,"height":512,"caption":"Emisario Ec"},"image":{"@id":"https:\/\/emisarioec.com\/#\/schema\/logo\/image\/"}},{"@type":"Person","@id":"https:\/\/emisarioec.com\/#\/schema\/person\/2afb9da152d200f9b3feecf5f92da2d5","name":"Emisario Ec","url":"https:\/\/emisarioec.com\/index.php\/author\/admin_roberto\/"}]}},"jetpack_featured_media_url":"https:\/\/emisarioec.com\/wp-content\/uploads\/2026\/08\/1-8.jpg","_links":{"self":[{"href":"https:\/\/emisarioec.com\/index.php\/wp-json\/wp\/v2\/posts\/4031","targetHints":{"allow":["GET"]}}],"collection":[{"href":"https:\/\/emisarioec.com\/index.php\/wp-json\/wp\/v2\/posts"}],"about":[{"href":"https:\/\/emisarioec.com\/index.php\/wp-json\/wp\/v2\/types\/post"}],"author":[{"embeddable":true,"href":"https:\/\/emisarioec.com\/index.php\/wp-json\/wp\/v2\/users\/2"}],"replies":[{"embeddable":true,"href":"https:\/\/emisarioec.com\/index.php\/wp-json\/wp\/v2\/comments?post=4031"}],"version-history":[{"count":1,"href":"https:\/\/emisarioec.com\/index.php\/wp-json\/wp\/v2\/posts\/4031\/revisions"}],"predecessor-version":[{"id":4033,"href":"https:\/\/emisarioec.com\/index.php\/wp-json\/wp\/v2\/posts\/4031\/revisions\/4033"}],"wp:featuredmedia":[{"embeddable":true,"href":"https:\/\/emisarioec.com\/index.php\/wp-json\/wp\/v2\/media\/4032"}],"wp:attachment":[{"href":"https:\/\/emisarioec.com\/index.php\/wp-json\/wp\/v2\/media?parent=4031"}],"wp:term":[{"taxonomy":"category","embeddable":true,"href":"https:\/\/emisarioec.com\/index.php\/wp-json\/wp\/v2\/categories?post=4031"},{"taxonomy":"post_tag","embeddable":true,"href":"https:\/\/emisarioec.com\/index.php\/wp-json\/wp\/v2\/tags?post=4031"}],"curies":[{"name":"wp","href":"https:\/\/api.w.org\/{rel}","templated":true}]}}