{"id":4041,"date":"2026-08-07T16:10:59","date_gmt":"2026-08-07T21:10:59","guid":{"rendered":"https:\/\/emisarioec.com\/?p=4041"},"modified":"2026-08-09T16:11:13","modified_gmt":"2026-08-09T21:11:13","slug":"miss-internacional-2025-catalina-duque-abreu-sera-la-invitada-especial-para-la-eleccion-de-miss-ecuador-2026","status":"publish","type":"post","link":"https:\/\/emisarioec.com\/index.php\/2026\/08\/07\/miss-internacional-2025-catalina-duque-abreu-sera-la-invitada-especial-para-la-eleccion-de-miss-ecuador-2026\/","title":{"rendered":"Miss Internacional 2025, Catalina Duque Abr\u00e9u, ser\u00e1 la invitada especial para la elecci\u00f3n de Miss Ecuador 2026"},"content":{"rendered":"\n<p class=\"wp-block-paragraph\">Catalina Duque Abr\u00e9u, Miss Internacional 2025, ser\u00e1 la invitada especial en la gala final de Miss Ecuador 2026, el pr\u00f3ximo s\u00e1bado 29 de agosto en el malec\u00f3n de Salinas, evento que cuenta con el respaldo de la Alcald\u00eda de Salinas, liderada por el alcalde, ingeniero Denisse C\u00f3rdova, cuyo apoyo ha sido fundamental para consolidar a Salinas como sede de Miss Ecuador 2026 y potenciar la proyecci\u00f3n tur\u00edstica y cultural de la ciudad.<\/p>\n\n\n\n<p class=\"wp-block-paragraph\">Cabe destacar que la visita de la actual ganadora del certamen de belleza Miss Internacional, que se realiz\u00f3 en el mes de noviembre en Tokio, Jap\u00f3n y que cont\u00f3 con la participaci\u00f3n de m\u00e1s de 70 pa\u00edses. Llegar\u00e1 al Ecuador como invitada especial de la gala de la edici\u00f3n 2026 que se realizar\u00e1 en Salinas.<\/p>\n\n\n\n<p class=\"wp-block-paragraph\">Catalina Duque Abr\u00e9u, Miss Internacional 2025, es comunicadora social y cuenta con experiencia en el sector empresarial ha trabajado con fundaciones enfocadas en desarrollo infantil, lucha contra el c\u00e1ncer y empoderamiento femenino. Adem\u00e1s, de ser condecorada por el Congreso Colombiano por su destacada participaci\u00f3n en el certamen internacional.<\/p>\n\n\n\n<p class=\"wp-block-paragraph\">Con esto se reafirma el posicionamiento de Miss Ecuador como una plataforma de proyecci\u00f3n internacional para la belleza, el liderazgo y las acciones solidarias.<\/p>\n\n\n\n<p class=\"wp-block-paragraph\">Durante su estad\u00eda en nuestro pa\u00eds, la colombiana Catalina Duque Abr\u00e9u participar\u00e1 en diversas actividades de la Organizaci\u00f3n Miss Ecuador, compartiendo con las veinte candidatas, autoridades, medios de comunicaci\u00f3n y el p\u00fablico en general. Todo dentro de la agenda preparada para destacar el intercambio cultural y la promoci\u00f3n tur\u00edstica de Salinas.<\/p>\n\n\n\n<p class=\"wp-block-paragraph\">La presencia de la Miss Internacional 2025 brindar\u00e1 un marco especial a la gala final, donde elegir\u00e1n a la Miss Ecuador 2026 y a las cinco finalistas que participar\u00e1n en varios concursos como Miss Cosmo, Miss Hispanoam\u00e9rica, Miss Charm, Reina Internacional del Caf\u00e9 y otros.<\/p>\n\n\n\n<p class=\"wp-block-paragraph\">Miss Ecuador 2026 consolidar\u00e1 a Salinas como sede de uno de los eventos m\u00e1s respetados del pa\u00eds.<\/p>\n","protected":false},"excerpt":{"rendered":"<p>Cabe destacar que la visita de la actual ganadora del certamen de belleza Miss Internacional, que se realiz\u00f3 en el mes de noviembre en Tokio<\/p>\n","protected":false},"author":2,"featured_media":4042,"comment_status":"closed","ping_status":"open","sticky":false,"template":"","format":"standard","meta":{"footnotes":""},"categories":[6],"tags":[1809,1532,1808],"class_list":["post-4041","post","type-post","status-publish","format-standard","has-post-thumbnail","hentry","category-actualidad","tag-catalina-duque-abreu","tag-miss-ecuador-2026","tag-miss-internacional-2025"],"yoast_head":"<!-- This site is optimized with the Yoast SEO plugin v28.4 - https:\/\/yoast.com\/product\/yoast-seo-wordpress\/ -->\n<title>Miss Internacional 2025, Catalina Duque Abr\u00e9u, ser\u00e1 la invitada especial para la elecci\u00f3n de Miss Ecuador 2026 - Emisario Ec<\/title>\n<meta name=\"robots\" content=\"index, follow, max-snippet:-1, max-image-preview:large, max-video-preview:-1\" \/>\n<link rel=\"canonical\" href=\"https:\/\/emisarioec.com\/index.php\/2026\/08\/07\/miss-internacional-2025-catalina-duque-abreu-sera-la-invitada-especial-para-la-eleccion-de-miss-ecuador-2026\/\" \/>\n<meta property=\"og:locale\" content=\"es_ES\" \/>\n<meta property=\"og:type\" content=\"article\" \/>\n<meta property=\"og:title\" content=\"Miss Internacional 2025, Catalina Duque Abr\u00e9u, ser\u00e1 la invitada especial para la elecci\u00f3n de Miss Ecuador 2026 - Emisario Ec\" \/>\n<meta property=\"og:description\" content=\"Cabe destacar que la visita de la actual ganadora del certamen de belleza Miss Internacional, que se realiz\u00f3 en el mes de noviembre en Tokio\" \/>\n<meta property=\"og:url\" content=\"https:\/\/emisarioec.com\/index.php\/2026\/08\/07\/miss-internacional-2025-catalina-duque-abreu-sera-la-invitada-especial-para-la-eleccion-de-miss-ecuador-2026\/\" \/>\n<meta property=\"og:site_name\" content=\"Emisario Ec\" \/>\n<meta property=\"article:published_time\" content=\"2026-08-07T21:10:59+00:00\" \/>\n<meta property=\"article:modified_time\" content=\"2026-08-09T21:11:13+00:00\" \/>\n<meta property=\"og:image\" content=\"https:\/\/emisarioec.com\/wp-content\/uploads\/2026\/08\/WhatsApp-Image-2026-08-07-at-16.36.56.jpeg\" \/>\n\t<meta property=\"og:image:width\" content=\"1024\" \/>\n\t<meta property=\"og:image:height\" content=\"1280\" \/>\n\t<meta property=\"og:image:type\" content=\"image\/jpeg\" \/>\n<meta name=\"author\" content=\"Emisario Ec\" \/>\n<meta name=\"twitter:card\" content=\"summary_large_image\" \/>\n<meta name=\"twitter:label1\" content=\"Escrito por\" \/>\n\t<meta name=\"twitter:data1\" content=\"Emisario Ec\" \/>\n\t<meta name=\"twitter:label2\" content=\"Tiempo de lectura\" \/>\n\t<meta name=\"twitter:data2\" content=\"2 minutos\" \/>\n<script type=\"application\/ld+json\" class=\"yoast-schema-graph\">{\"@context\":\"https:\\\/\\\/schema.org\",\"@graph\":[{\"@type\":\"Article\",\"@id\":\"https:\\\/\\\/emisarioec.com\\\/index.php\\\/2026\\\/08\\\/07\\\/miss-internacional-2025-catalina-duque-abreu-sera-la-invitada-especial-para-la-eleccion-de-miss-ecuador-2026\\\/#article\",\"isPartOf\":{\"@id\":\"https:\\\/\\\/emisarioec.com\\\/index.php\\\/2026\\\/08\\\/07\\\/miss-internacional-2025-catalina-duque-abreu-sera-la-invitada-especial-para-la-eleccion-de-miss-ecuador-2026\\\/\"},\"author\":{\"name\":\"Emisario Ec\",\"@id\":\"https:\\\/\\\/emisarioec.com\\\/#\\\/schema\\\/person\\\/2afb9da152d200f9b3feecf5f92da2d5\"},\"headline\":\"Miss Internacional 2025, Catalina Duque Abr\u00e9u, ser\u00e1 la invitada especial para la elecci\u00f3n de Miss Ecuador 2026\",\"datePublished\":\"2026-08-07T21:10:59+00:00\",\"dateModified\":\"2026-08-09T21:11:13+00:00\",\"mainEntityOfPage\":{\"@id\":\"https:\\\/\\\/emisarioec.com\\\/index.php\\\/2026\\\/08\\\/07\\\/miss-internacional-2025-catalina-duque-abreu-sera-la-invitada-especial-para-la-eleccion-de-miss-ecuador-2026\\\/\"},\"wordCount\":350,\"publisher\":{\"@id\":\"https:\\\/\\\/emisarioec.com\\\/#organization\"},\"image\":{\"@id\":\"https:\\\/\\\/emisarioec.com\\\/index.php\\\/2026\\\/08\\\/07\\\/miss-internacional-2025-catalina-duque-abreu-sera-la-invitada-especial-para-la-eleccion-de-miss-ecuador-2026\\\/#primaryimage\"},\"thumbnailUrl\":\"https:\\\/\\\/emisarioec.com\\\/wp-content\\\/uploads\\\/2026\\\/08\\\/WhatsApp-Image-2026-08-07-at-16.36.56.jpeg\",\"keywords\":[\"Catalina Duque Abr\u00e9u\",\"Miss Ecuador 2026\",\"Miss Internacional 2025\"],\"articleSection\":[\"Actualidad\"],\"inLanguage\":\"es\"},{\"@type\":\"WebPage\",\"@id\":\"https:\\\/\\\/emisarioec.com\\\/index.php\\\/2026\\\/08\\\/07\\\/miss-internacional-2025-catalina-duque-abreu-sera-la-invitada-especial-para-la-eleccion-de-miss-ecuador-2026\\\/\",\"url\":\"https:\\\/\\\/emisarioec.com\\\/index.php\\\/2026\\\/08\\\/07\\\/miss-internacional-2025-catalina-duque-abreu-sera-la-invitada-especial-para-la-eleccion-de-miss-ecuador-2026\\\/\",\"name\":\"Miss Internacional 2025, Catalina Duque Abr\u00e9u, ser\u00e1 la invitada especial para la elecci\u00f3n de Miss Ecuador 2026 - Emisario Ec\",\"isPartOf\":{\"@id\":\"https:\\\/\\\/emisarioec.com\\\/#website\"},\"primaryImageOfPage\":{\"@id\":\"https:\\\/\\\/emisarioec.com\\\/index.php\\\/2026\\\/08\\\/07\\\/miss-internacional-2025-catalina-duque-abreu-sera-la-invitada-especial-para-la-eleccion-de-miss-ecuador-2026\\\/#primaryimage\"},\"image\":{\"@id\":\"https:\\\/\\\/emisarioec.com\\\/index.php\\\/2026\\\/08\\\/07\\\/miss-internacional-2025-catalina-duque-abreu-sera-la-invitada-especial-para-la-eleccion-de-miss-ecuador-2026\\\/#primaryimage\"},\"thumbnailUrl\":\"https:\\\/\\\/emisarioec.com\\\/wp-content\\\/uploads\\\/2026\\\/08\\\/WhatsApp-Image-2026-08-07-at-16.36.56.jpeg\",\"datePublished\":\"2026-08-07T21:10:59+00:00\",\"dateModified\":\"2026-08-09T21:11:13+00:00\",\"breadcrumb\":{\"@id\":\"https:\\\/\\\/emisarioec.com\\\/index.php\\\/2026\\\/08\\\/07\\\/miss-internacional-2025-catalina-duque-abreu-sera-la-invitada-especial-para-la-eleccion-de-miss-ecuador-2026\\\/#breadcrumb\"},\"inLanguage\":\"es\",\"potentialAction\":[{\"@type\":\"ReadAction\",\"target\":[\"https:\\\/\\\/emisarioec.com\\\/index.php\\\/2026\\\/08\\\/07\\\/miss-internacional-2025-catalina-duque-abreu-sera-la-invitada-especial-para-la-eleccion-de-miss-ecuador-2026\\\/\"]}]},{\"@type\":\"ImageObject\",\"inLanguage\":\"es\",\"@id\":\"https:\\\/\\\/emisarioec.com\\\/index.php\\\/2026\\\/08\\\/07\\\/miss-internacional-2025-catalina-duque-abreu-sera-la-invitada-especial-para-la-eleccion-de-miss-ecuador-2026\\\/#primaryimage\",\"url\":\"https:\\\/\\\/emisarioec.com\\\/wp-content\\\/uploads\\\/2026\\\/08\\\/WhatsApp-Image-2026-08-07-at-16.36.56.jpeg\",\"contentUrl\":\"https:\\\/\\\/emisarioec.com\\\/wp-content\\\/uploads\\\/2026\\\/08\\\/WhatsApp-Image-2026-08-07-at-16.36.56.jpeg\",\"width\":1024,\"height\":1280},{\"@type\":\"BreadcrumbList\",\"@id\":\"https:\\\/\\\/emisarioec.com\\\/index.php\\\/2026\\\/08\\\/07\\\/miss-internacional-2025-catalina-duque-abreu-sera-la-invitada-especial-para-la-eleccion-de-miss-ecuador-2026\\\/#breadcrumb\",\"itemListElement\":[{\"@type\":\"ListItem\",\"position\":1,\"name\":\"Portada\",\"item\":\"https:\\\/\\\/emisarioec.com\\\/\"},{\"@type\":\"ListItem\",\"position\":2,\"name\":\"Miss Internacional 2025, Catalina Duque Abr\u00e9u, ser\u00e1 la invitada especial para la elecci\u00f3n de Miss Ecuador 2026\"}]},{\"@type\":\"WebSite\",\"@id\":\"https:\\\/\\\/emisarioec.com\\\/#website\",\"url\":\"https:\\\/\\\/emisarioec.com\\\/\",\"name\":\"Emisario Ec\",\"description\":\"Informar es un derecho que corresponde a hechos\",\"publisher\":{\"@id\":\"https:\\\/\\\/emisarioec.com\\\/#organization\"},\"potentialAction\":[{\"@type\":\"SearchAction\",\"target\":{\"@type\":\"EntryPoint\",\"urlTemplate\":\"https:\\\/\\\/emisarioec.com\\\/?s={search_term_string}\"},\"query-input\":{\"@type\":\"PropertyValueSpecification\",\"valueRequired\":true,\"valueName\":\"search_term_string\"}}],\"inLanguage\":\"es\"},{\"@type\":\"Organization\",\"@id\":\"https:\\\/\\\/emisarioec.com\\\/#organization\",\"name\":\"Emisario Ec\",\"url\":\"https:\\\/\\\/emisarioec.com\\\/\",\"logo\":{\"@type\":\"ImageObject\",\"inLanguage\":\"es\",\"@id\":\"https:\\\/\\\/emisarioec.com\\\/#\\\/schema\\\/logo\\\/image\\\/\",\"url\":\"https:\\\/\\\/emisarioec.com\\\/wp-content\\\/uploads\\\/2025\\\/06\\\/cropped-cropped-emisario-ico.png\",\"contentUrl\":\"https:\\\/\\\/emisarioec.com\\\/wp-content\\\/uploads\\\/2025\\\/06\\\/cropped-cropped-emisario-ico.png\",\"width\":512,\"height\":512,\"caption\":\"Emisario Ec\"},\"image\":{\"@id\":\"https:\\\/\\\/emisarioec.com\\\/#\\\/schema\\\/logo\\\/image\\\/\"}},{\"@type\":\"Person\",\"@id\":\"https:\\\/\\\/emisarioec.com\\\/#\\\/schema\\\/person\\\/2afb9da152d200f9b3feecf5f92da2d5\",\"name\":\"Emisario Ec\",\"url\":\"https:\\\/\\\/emisarioec.com\\\/index.php\\\/author\\\/admin_roberto\\\/\"}]}<\/script>\n<!-- \/ Yoast SEO plugin. -->","yoast_head_json":{"title":"Miss Internacional 2025, Catalina Duque Abr\u00e9u, ser\u00e1 la invitada especial para la elecci\u00f3n de Miss Ecuador 2026 - Emisario Ec","robots":{"index":"index","follow":"follow","max-snippet":"max-snippet:-1","max-image-preview":"max-image-preview:large","max-video-preview":"max-video-preview:-1"},"canonical":"https:\/\/emisarioec.com\/index.php\/2026\/08\/07\/miss-internacional-2025-catalina-duque-abreu-sera-la-invitada-especial-para-la-eleccion-de-miss-ecuador-2026\/","og_locale":"es_ES","og_type":"article","og_title":"Miss Internacional 2025, Catalina Duque Abr\u00e9u, ser\u00e1 la invitada especial para la elecci\u00f3n de Miss Ecuador 2026 - Emisario Ec","og_description":"Cabe destacar que la visita de la actual ganadora del certamen de belleza Miss Internacional, que se realiz\u00f3 en el mes de noviembre en Tokio","og_url":"https:\/\/emisarioec.com\/index.php\/2026\/08\/07\/miss-internacional-2025-catalina-duque-abreu-sera-la-invitada-especial-para-la-eleccion-de-miss-ecuador-2026\/","og_site_name":"Emisario Ec","article_published_time":"2026-08-07T21:10:59+00:00","article_modified_time":"2026-08-09T21:11:13+00:00","og_image":[{"width":1024,"height":1280,"url":"https:\/\/emisarioec.com\/wp-content\/uploads\/2026\/08\/WhatsApp-Image-2026-08-07-at-16.36.56.jpeg","type":"image\/jpeg"}],"author":"Emisario Ec","twitter_card":"summary_large_image","twitter_misc":{"Escrito por":"Emisario Ec","Tiempo de lectura":"2 minutos"},"schema":{"@context":"https:\/\/schema.org","@graph":[{"@type":"Article","@id":"https:\/\/emisarioec.com\/index.php\/2026\/08\/07\/miss-internacional-2025-catalina-duque-abreu-sera-la-invitada-especial-para-la-eleccion-de-miss-ecuador-2026\/#article","isPartOf":{"@id":"https:\/\/emisarioec.com\/index.php\/2026\/08\/07\/miss-internacional-2025-catalina-duque-abreu-sera-la-invitada-especial-para-la-eleccion-de-miss-ecuador-2026\/"},"author":{"name":"Emisario Ec","@id":"https:\/\/emisarioec.com\/#\/schema\/person\/2afb9da152d200f9b3feecf5f92da2d5"},"headline":"Miss Internacional 2025, Catalina Duque Abr\u00e9u, ser\u00e1 la invitada especial para la elecci\u00f3n de Miss Ecuador 2026","datePublished":"2026-08-07T21:10:59+00:00","dateModified":"2026-08-09T21:11:13+00:00","mainEntityOfPage":{"@id":"https:\/\/emisarioec.com\/index.php\/2026\/08\/07\/miss-internacional-2025-catalina-duque-abreu-sera-la-invitada-especial-para-la-eleccion-de-miss-ecuador-2026\/"},"wordCount":350,"publisher":{"@id":"https:\/\/emisarioec.com\/#organization"},"image":{"@id":"https:\/\/emisarioec.com\/index.php\/2026\/08\/07\/miss-internacional-2025-catalina-duque-abreu-sera-la-invitada-especial-para-la-eleccion-de-miss-ecuador-2026\/#primaryimage"},"thumbnailUrl":"https:\/\/emisarioec.com\/wp-content\/uploads\/2026\/08\/WhatsApp-Image-2026-08-07-at-16.36.56.jpeg","keywords":["Catalina Duque Abr\u00e9u","Miss Ecuador 2026","Miss Internacional 2025"],"articleSection":["Actualidad"],"inLanguage":"es"},{"@type":"WebPage","@id":"https:\/\/emisarioec.com\/index.php\/2026\/08\/07\/miss-internacional-2025-catalina-duque-abreu-sera-la-invitada-especial-para-la-eleccion-de-miss-ecuador-2026\/","url":"https:\/\/emisarioec.com\/index.php\/2026\/08\/07\/miss-internacional-2025-catalina-duque-abreu-sera-la-invitada-especial-para-la-eleccion-de-miss-ecuador-2026\/","name":"Miss Internacional 2025, Catalina Duque Abr\u00e9u, ser\u00e1 la invitada especial para la elecci\u00f3n de Miss Ecuador 2026 - Emisario Ec","isPartOf":{"@id":"https:\/\/emisarioec.com\/#website"},"primaryImageOfPage":{"@id":"https:\/\/emisarioec.com\/index.php\/2026\/08\/07\/miss-internacional-2025-catalina-duque-abreu-sera-la-invitada-especial-para-la-eleccion-de-miss-ecuador-2026\/#primaryimage"},"image":{"@id":"https:\/\/emisarioec.com\/index.php\/2026\/08\/07\/miss-internacional-2025-catalina-duque-abreu-sera-la-invitada-especial-para-la-eleccion-de-miss-ecuador-2026\/#primaryimage"},"thumbnailUrl":"https:\/\/emisarioec.com\/wp-content\/uploads\/2026\/08\/WhatsApp-Image-2026-08-07-at-16.36.56.jpeg","datePublished":"2026-08-07T21:10:59+00:00","dateModified":"2026-08-09T21:11:13+00:00","breadcrumb":{"@id":"https:\/\/emisarioec.com\/index.php\/2026\/08\/07\/miss-internacional-2025-catalina-duque-abreu-sera-la-invitada-especial-para-la-eleccion-de-miss-ecuador-2026\/#breadcrumb"},"inLanguage":"es","potentialAction":[{"@type":"ReadAction","target":["https:\/\/emisarioec.com\/index.php\/2026\/08\/07\/miss-internacional-2025-catalina-duque-abreu-sera-la-invitada-especial-para-la-eleccion-de-miss-ecuador-2026\/"]}]},{"@type":"ImageObject","inLanguage":"es","@id":"https:\/\/emisarioec.com\/index.php\/2026\/08\/07\/miss-internacional-2025-catalina-duque-abreu-sera-la-invitada-especial-para-la-eleccion-de-miss-ecuador-2026\/#primaryimage","url":"https:\/\/emisarioec.com\/wp-content\/uploads\/2026\/08\/WhatsApp-Image-2026-08-07-at-16.36.56.jpeg","contentUrl":"https:\/\/emisarioec.com\/wp-content\/uploads\/2026\/08\/WhatsApp-Image-2026-08-07-at-16.36.56.jpeg","width":1024,"height":1280},{"@type":"BreadcrumbList","@id":"https:\/\/emisarioec.com\/index.php\/2026\/08\/07\/miss-internacional-2025-catalina-duque-abreu-sera-la-invitada-especial-para-la-eleccion-de-miss-ecuador-2026\/#breadcrumb","itemListElement":[{"@type":"ListItem","position":1,"name":"Portada","item":"https:\/\/emisarioec.com\/"},{"@type":"ListItem","position":2,"name":"Miss Internacional 2025, Catalina Duque Abr\u00e9u, ser\u00e1 la invitada especial para la elecci\u00f3n de Miss Ecuador 2026"}]},{"@type":"WebSite","@id":"https:\/\/emisarioec.com\/#website","url":"https:\/\/emisarioec.com\/","name":"Emisario Ec","description":"Informar es un derecho que corresponde a hechos","publisher":{"@id":"https:\/\/emisarioec.com\/#organization"},"potentialAction":[{"@type":"SearchAction","target":{"@type":"EntryPoint","urlTemplate":"https:\/\/emisarioec.com\/?s={search_term_string}"},"query-input":{"@type":"PropertyValueSpecification","valueRequired":true,"valueName":"search_term_string"}}],"inLanguage":"es"},{"@type":"Organization","@id":"https:\/\/emisarioec.com\/#organization","name":"Emisario Ec","url":"https:\/\/emisarioec.com\/","logo":{"@type":"ImageObject","inLanguage":"es","@id":"https:\/\/emisarioec.com\/#\/schema\/logo\/image\/","url":"https:\/\/emisarioec.com\/wp-content\/uploads\/2025\/06\/cropped-cropped-emisario-ico.png","contentUrl":"https:\/\/emisarioec.com\/wp-content\/uploads\/2025\/06\/cropped-cropped-emisario-ico.png","width":512,"height":512,"caption":"Emisario Ec"},"image":{"@id":"https:\/\/emisarioec.com\/#\/schema\/logo\/image\/"}},{"@type":"Person","@id":"https:\/\/emisarioec.com\/#\/schema\/person\/2afb9da152d200f9b3feecf5f92da2d5","name":"Emisario Ec","url":"https:\/\/emisarioec.com\/index.php\/author\/admin_roberto\/"}]}},"jetpack_featured_media_url":"https:\/\/emisarioec.com\/wp-content\/uploads\/2026\/08\/WhatsApp-Image-2026-08-07-at-16.36.56.jpeg","_links":{"self":[{"href":"https:\/\/emisarioec.com\/index.php\/wp-json\/wp\/v2\/posts\/4041","targetHints":{"allow":["GET"]}}],"collection":[{"href":"https:\/\/emisarioec.com\/index.php\/wp-json\/wp\/v2\/posts"}],"about":[{"href":"https:\/\/emisarioec.com\/index.php\/wp-json\/wp\/v2\/types\/post"}],"author":[{"embeddable":true,"href":"https:\/\/emisarioec.com\/index.php\/wp-json\/wp\/v2\/users\/2"}],"replies":[{"embeddable":true,"href":"https:\/\/emisarioec.com\/index.php\/wp-json\/wp\/v2\/comments?post=4041"}],"version-history":[{"count":1,"href":"https:\/\/emisarioec.com\/index.php\/wp-json\/wp\/v2\/posts\/4041\/revisions"}],"predecessor-version":[{"id":4043,"href":"https:\/\/emisarioec.com\/index.php\/wp-json\/wp\/v2\/posts\/4041\/revisions\/4043"}],"wp:featuredmedia":[{"embeddable":true,"href":"https:\/\/emisarioec.com\/index.php\/wp-json\/wp\/v2\/media\/4042"}],"wp:attachment":[{"href":"https:\/\/emisarioec.com\/index.php\/wp-json\/wp\/v2\/media?parent=4041"}],"wp:term":[{"taxonomy":"category","embeddable":true,"href":"https:\/\/emisarioec.com\/index.php\/wp-json\/wp\/v2\/categories?post=4041"},{"taxonomy":"post_tag","embeddable":true,"href":"https:\/\/emisarioec.com\/index.php\/wp-json\/wp\/v2\/tags?post=4041"}],"curies":[{"name":"wp","href":"https:\/\/api.w.org\/{rel}","templated":true}]}}