{"id":4047,"date":"2026-08-07T20:51:42","date_gmt":"2026-08-08T01:51:42","guid":{"rendered":"https:\/\/emisarioec.com\/?p=4047"},"modified":"2026-08-10T21:00:10","modified_gmt":"2026-08-11T02:00:10","slug":"ecuador-y-colombia-abren-una-nueva-etapa-de-cooperacion-con-enfasis-en-seguridad-comercio-y-energia","status":"publish","type":"post","link":"https:\/\/emisarioec.com\/index.php\/2026\/08\/07\/ecuador-y-colombia-abren-una-nueva-etapa-de-cooperacion-con-enfasis-en-seguridad-comercio-y-energia\/","title":{"rendered":"Ecuador y Colombia abren una nueva etapa de cooperaci\u00f3n con \u00e9nfasis en seguridad, comercio y energ\u00eda"},"content":{"rendered":"\n<p class=\"wp-block-paragraph\">El presidente de la Rep\u00fablica, Daniel Noboa, cumpli\u00f3 este viernes una agenda oficial en Colombia, donde mantuvo una reuni\u00f3n bilateral con el presidente electo, Abelardo De la Espriella, y particip\u00f3 en la ceremonia de posesi\u00f3n presidencial.<\/p>\n\n\n\n<p class=\"wp-block-paragraph\">El encuentro permiti\u00f3 avanzar en el fortalecimiento de las relaciones entre Ecuador y Colombia, as\u00ed como sentar las bases para una agenda de trabajo conjunto frente a desaf\u00edos compartidos por ambos pa\u00edses.<\/p>\n\n\n\n<p class=\"wp-block-paragraph\">Los mandatarios abordaron tres asuntos estrat\u00e9gicos para Ecuador y Colombia: seguridad fronteriza, apertura comercial y energ\u00eda. Como siguiente paso, se plante\u00f3 conformar mesas t\u00e9cnicas y de trabajo que permitan ampliar el di\u00e1logo y avanzar en acciones concretas en estos \u00e1mbitos.<\/p>\n\n\n\n<p class=\"wp-block-paragraph\">Al t\u00e9rmino de la reuni\u00f3n, el canciller del Ecuador, Roberto Kury, destac\u00f3 la voluntad de ambos gobiernos para trabajar conjuntamente en una agenda que responda a las necesidades actuales de ambas naciones.<\/p>\n\n\n\n<p class=\"wp-block-paragraph\"><em>\u201cSus l\u00edderes comparten la misma visi\u00f3n, una visi\u00f3n enfocada en el beneficio de los ciudadanos: en fortalecer la econom\u00eda, en fortalecer la seguridad en la frontera. As\u00ed que vamos a trabajar de la mano muy bien con el nuevo presidente electo\u201d<\/em>, afirm\u00f3 Kury.<\/p>\n\n\n\n<p class=\"wp-block-paragraph\">Posteriormente, el presidente Noboa particip\u00f3 en la ceremonia de posesi\u00f3n presidencial de Abelardo De la Espriella, realizada en la Arena de la Universidad Santiago de Cali, junto a mandatarios de la regi\u00f3n, autoridades e invitados especiales.<\/p>\n\n\n\n<p class=\"wp-block-paragraph\">La visita del presidente Daniel Noboa a Colombia reafirma los hist\u00f3ricos v\u00ednculos entre ambos pa\u00edses y la voluntad de sus gobiernos de profundizar una relaci\u00f3n bilateral orientada a generar nuevas oportunidades y beneficios para sus pueblos.<\/p>\n\n\n\n<figure class=\"wp-block-embed is-type-video is-provider-youtube wp-block-embed-youtube wp-embed-aspect-16-9 wp-has-aspect-ratio\"><div class=\"wp-block-embed__wrapper\">\n<iframe title=\"Ecuador y Colombia abren una nueva etapa de cooperaci\u00f3n con \u00e9nfasis en seguridad, comercio y energ\u00eda\" width=\"960\" height=\"540\" src=\"https:\/\/www.youtube.com\/embed\/ArMOeZCYukc?feature=oembed\" frameborder=\"0\" allow=\"accelerometer; autoplay; clipboard-write; encrypted-media; gyroscope; picture-in-picture; web-share\" referrerpolicy=\"strict-origin-when-cross-origin\" allowfullscreen><\/iframe>\n<\/div><\/figure>\n","protected":false},"excerpt":{"rendered":"<p>El encuentro permiti\u00f3 avanzar en el fortalecimiento de las relaciones entre Ecuador y Colombia<\/p>\n","protected":false},"author":2,"featured_media":4048,"comment_status":"closed","ping_status":"open","sticky":false,"template":"","format":"standard","meta":{"footnotes":""},"categories":[9],"tags":[1813,1812,1811,99],"class_list":["post-4047","post","type-post","status-publish","format-standard","has-post-thumbnail","hentry","category-politica","tag-abelardo-de-la-espriella","tag-cooperacion-con-enfasis-en-seguridad","tag-ecuador-y-colombia","tag-presidente-daniel-noboa-azin"],"yoast_head":"<!-- This site is optimized with the Yoast SEO plugin v28.4 - https:\/\/yoast.com\/product\/yoast-seo-wordpress\/ -->\n<title>Ecuador y Colombia abren una nueva etapa de cooperaci\u00f3n con \u00e9nfasis en seguridad, comercio y energ\u00eda - Emisario Ec<\/title>\n<meta name=\"robots\" content=\"index, follow, max-snippet:-1, max-image-preview:large, max-video-preview:-1\" \/>\n<link rel=\"canonical\" href=\"https:\/\/emisarioec.com\/index.php\/2026\/08\/07\/ecuador-y-colombia-abren-una-nueva-etapa-de-cooperacion-con-enfasis-en-seguridad-comercio-y-energia\/\" \/>\n<meta property=\"og:locale\" content=\"es_ES\" \/>\n<meta property=\"og:type\" content=\"article\" \/>\n<meta property=\"og:title\" content=\"Ecuador y Colombia abren una nueva etapa de cooperaci\u00f3n con \u00e9nfasis en seguridad, comercio y energ\u00eda - Emisario Ec\" \/>\n<meta property=\"og:description\" content=\"El encuentro permiti\u00f3 avanzar en el fortalecimiento de las relaciones entre Ecuador y Colombia\" \/>\n<meta property=\"og:url\" content=\"https:\/\/emisarioec.com\/index.php\/2026\/08\/07\/ecuador-y-colombia-abren-una-nueva-etapa-de-cooperacion-con-enfasis-en-seguridad-comercio-y-energia\/\" \/>\n<meta property=\"og:site_name\" content=\"Emisario Ec\" \/>\n<meta property=\"article:published_time\" content=\"2026-08-08T01:51:42+00:00\" \/>\n<meta property=\"article:modified_time\" content=\"2026-08-11T02:00:10+00:00\" \/>\n<meta property=\"og:image\" content=\"https:\/\/emisarioec.com\/wp-content\/uploads\/2026\/08\/1-9.jpg\" \/>\n\t<meta property=\"og:image:width\" content=\"800\" \/>\n\t<meta property=\"og:image:height\" content=\"599\" \/>\n\t<meta property=\"og:image:type\" content=\"image\/jpeg\" \/>\n<meta name=\"author\" content=\"Emisario Ec\" \/>\n<meta name=\"twitter:card\" content=\"summary_large_image\" \/>\n<meta name=\"twitter:label1\" content=\"Escrito por\" \/>\n\t<meta name=\"twitter:data1\" content=\"Emisario Ec\" \/>\n\t<meta name=\"twitter:label2\" content=\"Tiempo de lectura\" \/>\n\t<meta name=\"twitter:data2\" content=\"2 minutos\" \/>\n<script type=\"application\/ld+json\" class=\"yoast-schema-graph\">{\"@context\":\"https:\\\/\\\/schema.org\",\"@graph\":[{\"@type\":\"Article\",\"@id\":\"https:\\\/\\\/emisarioec.com\\\/index.php\\\/2026\\\/08\\\/07\\\/ecuador-y-colombia-abren-una-nueva-etapa-de-cooperacion-con-enfasis-en-seguridad-comercio-y-energia\\\/#article\",\"isPartOf\":{\"@id\":\"https:\\\/\\\/emisarioec.com\\\/index.php\\\/2026\\\/08\\\/07\\\/ecuador-y-colombia-abren-una-nueva-etapa-de-cooperacion-con-enfasis-en-seguridad-comercio-y-energia\\\/\"},\"author\":{\"name\":\"Emisario Ec\",\"@id\":\"https:\\\/\\\/emisarioec.com\\\/#\\\/schema\\\/person\\\/2afb9da152d200f9b3feecf5f92da2d5\"},\"headline\":\"Ecuador y Colombia abren una nueva etapa de cooperaci\u00f3n con \u00e9nfasis en seguridad, comercio y energ\u00eda\",\"datePublished\":\"2026-08-08T01:51:42+00:00\",\"dateModified\":\"2026-08-11T02:00:10+00:00\",\"mainEntityOfPage\":{\"@id\":\"https:\\\/\\\/emisarioec.com\\\/index.php\\\/2026\\\/08\\\/07\\\/ecuador-y-colombia-abren-una-nueva-etapa-de-cooperacion-con-enfasis-en-seguridad-comercio-y-energia\\\/\"},\"wordCount\":301,\"publisher\":{\"@id\":\"https:\\\/\\\/emisarioec.com\\\/#organization\"},\"image\":{\"@id\":\"https:\\\/\\\/emisarioec.com\\\/index.php\\\/2026\\\/08\\\/07\\\/ecuador-y-colombia-abren-una-nueva-etapa-de-cooperacion-con-enfasis-en-seguridad-comercio-y-energia\\\/#primaryimage\"},\"thumbnailUrl\":\"https:\\\/\\\/emisarioec.com\\\/wp-content\\\/uploads\\\/2026\\\/08\\\/1-9.jpg\",\"keywords\":[\"Abelardo De la Espriella\",\"cooperaci\u00f3n con \u00e9nfasis en seguridad\",\"Ecuador y Colombia\",\"presidente Daniel Noboa Azin\"],\"articleSection\":[\"Pol\u00edtica\"],\"inLanguage\":\"es\"},{\"@type\":\"WebPage\",\"@id\":\"https:\\\/\\\/emisarioec.com\\\/index.php\\\/2026\\\/08\\\/07\\\/ecuador-y-colombia-abren-una-nueva-etapa-de-cooperacion-con-enfasis-en-seguridad-comercio-y-energia\\\/\",\"url\":\"https:\\\/\\\/emisarioec.com\\\/index.php\\\/2026\\\/08\\\/07\\\/ecuador-y-colombia-abren-una-nueva-etapa-de-cooperacion-con-enfasis-en-seguridad-comercio-y-energia\\\/\",\"name\":\"Ecuador y Colombia abren una nueva etapa de cooperaci\u00f3n con \u00e9nfasis en seguridad, comercio y energ\u00eda - Emisario Ec\",\"isPartOf\":{\"@id\":\"https:\\\/\\\/emisarioec.com\\\/#website\"},\"primaryImageOfPage\":{\"@id\":\"https:\\\/\\\/emisarioec.com\\\/index.php\\\/2026\\\/08\\\/07\\\/ecuador-y-colombia-abren-una-nueva-etapa-de-cooperacion-con-enfasis-en-seguridad-comercio-y-energia\\\/#primaryimage\"},\"image\":{\"@id\":\"https:\\\/\\\/emisarioec.com\\\/index.php\\\/2026\\\/08\\\/07\\\/ecuador-y-colombia-abren-una-nueva-etapa-de-cooperacion-con-enfasis-en-seguridad-comercio-y-energia\\\/#primaryimage\"},\"thumbnailUrl\":\"https:\\\/\\\/emisarioec.com\\\/wp-content\\\/uploads\\\/2026\\\/08\\\/1-9.jpg\",\"datePublished\":\"2026-08-08T01:51:42+00:00\",\"dateModified\":\"2026-08-11T02:00:10+00:00\",\"breadcrumb\":{\"@id\":\"https:\\\/\\\/emisarioec.com\\\/index.php\\\/2026\\\/08\\\/07\\\/ecuador-y-colombia-abren-una-nueva-etapa-de-cooperacion-con-enfasis-en-seguridad-comercio-y-energia\\\/#breadcrumb\"},\"inLanguage\":\"es\",\"potentialAction\":[{\"@type\":\"ReadAction\",\"target\":[\"https:\\\/\\\/emisarioec.com\\\/index.php\\\/2026\\\/08\\\/07\\\/ecuador-y-colombia-abren-una-nueva-etapa-de-cooperacion-con-enfasis-en-seguridad-comercio-y-energia\\\/\"]}]},{\"@type\":\"ImageObject\",\"inLanguage\":\"es\",\"@id\":\"https:\\\/\\\/emisarioec.com\\\/index.php\\\/2026\\\/08\\\/07\\\/ecuador-y-colombia-abren-una-nueva-etapa-de-cooperacion-con-enfasis-en-seguridad-comercio-y-energia\\\/#primaryimage\",\"url\":\"https:\\\/\\\/emisarioec.com\\\/wp-content\\\/uploads\\\/2026\\\/08\\\/1-9.jpg\",\"contentUrl\":\"https:\\\/\\\/emisarioec.com\\\/wp-content\\\/uploads\\\/2026\\\/08\\\/1-9.jpg\",\"width\":800,\"height\":599},{\"@type\":\"BreadcrumbList\",\"@id\":\"https:\\\/\\\/emisarioec.com\\\/index.php\\\/2026\\\/08\\\/07\\\/ecuador-y-colombia-abren-una-nueva-etapa-de-cooperacion-con-enfasis-en-seguridad-comercio-y-energia\\\/#breadcrumb\",\"itemListElement\":[{\"@type\":\"ListItem\",\"position\":1,\"name\":\"Portada\",\"item\":\"https:\\\/\\\/emisarioec.com\\\/\"},{\"@type\":\"ListItem\",\"position\":2,\"name\":\"Ecuador y Colombia abren una nueva etapa de cooperaci\u00f3n con \u00e9nfasis en seguridad, comercio y energ\u00eda\"}]},{\"@type\":\"WebSite\",\"@id\":\"https:\\\/\\\/emisarioec.com\\\/#website\",\"url\":\"https:\\\/\\\/emisarioec.com\\\/\",\"name\":\"Emisario Ec\",\"description\":\"Informar es un derecho que corresponde a hechos\",\"publisher\":{\"@id\":\"https:\\\/\\\/emisarioec.com\\\/#organization\"},\"potentialAction\":[{\"@type\":\"SearchAction\",\"target\":{\"@type\":\"EntryPoint\",\"urlTemplate\":\"https:\\\/\\\/emisarioec.com\\\/?s={search_term_string}\"},\"query-input\":{\"@type\":\"PropertyValueSpecification\",\"valueRequired\":true,\"valueName\":\"search_term_string\"}}],\"inLanguage\":\"es\"},{\"@type\":\"Organization\",\"@id\":\"https:\\\/\\\/emisarioec.com\\\/#organization\",\"name\":\"Emisario Ec\",\"url\":\"https:\\\/\\\/emisarioec.com\\\/\",\"logo\":{\"@type\":\"ImageObject\",\"inLanguage\":\"es\",\"@id\":\"https:\\\/\\\/emisarioec.com\\\/#\\\/schema\\\/logo\\\/image\\\/\",\"url\":\"https:\\\/\\\/emisarioec.com\\\/wp-content\\\/uploads\\\/2025\\\/06\\\/cropped-cropped-emisario-ico.png\",\"contentUrl\":\"https:\\\/\\\/emisarioec.com\\\/wp-content\\\/uploads\\\/2025\\\/06\\\/cropped-cropped-emisario-ico.png\",\"width\":512,\"height\":512,\"caption\":\"Emisario Ec\"},\"image\":{\"@id\":\"https:\\\/\\\/emisarioec.com\\\/#\\\/schema\\\/logo\\\/image\\\/\"}},{\"@type\":\"Person\",\"@id\":\"https:\\\/\\\/emisarioec.com\\\/#\\\/schema\\\/person\\\/2afb9da152d200f9b3feecf5f92da2d5\",\"name\":\"Emisario Ec\",\"url\":\"https:\\\/\\\/emisarioec.com\\\/index.php\\\/author\\\/admin_roberto\\\/\"}]}<\/script>\n<!-- \/ Yoast SEO plugin. -->","yoast_head_json":{"title":"Ecuador y Colombia abren una nueva etapa de cooperaci\u00f3n con \u00e9nfasis en seguridad, comercio y energ\u00eda - Emisario Ec","robots":{"index":"index","follow":"follow","max-snippet":"max-snippet:-1","max-image-preview":"max-image-preview:large","max-video-preview":"max-video-preview:-1"},"canonical":"https:\/\/emisarioec.com\/index.php\/2026\/08\/07\/ecuador-y-colombia-abren-una-nueva-etapa-de-cooperacion-con-enfasis-en-seguridad-comercio-y-energia\/","og_locale":"es_ES","og_type":"article","og_title":"Ecuador y Colombia abren una nueva etapa de cooperaci\u00f3n con \u00e9nfasis en seguridad, comercio y energ\u00eda - Emisario Ec","og_description":"El encuentro permiti\u00f3 avanzar en el fortalecimiento de las relaciones entre Ecuador y Colombia","og_url":"https:\/\/emisarioec.com\/index.php\/2026\/08\/07\/ecuador-y-colombia-abren-una-nueva-etapa-de-cooperacion-con-enfasis-en-seguridad-comercio-y-energia\/","og_site_name":"Emisario Ec","article_published_time":"2026-08-08T01:51:42+00:00","article_modified_time":"2026-08-11T02:00:10+00:00","og_image":[{"width":800,"height":599,"url":"https:\/\/emisarioec.com\/wp-content\/uploads\/2026\/08\/1-9.jpg","type":"image\/jpeg"}],"author":"Emisario Ec","twitter_card":"summary_large_image","twitter_misc":{"Escrito por":"Emisario Ec","Tiempo de lectura":"2 minutos"},"schema":{"@context":"https:\/\/schema.org","@graph":[{"@type":"Article","@id":"https:\/\/emisarioec.com\/index.php\/2026\/08\/07\/ecuador-y-colombia-abren-una-nueva-etapa-de-cooperacion-con-enfasis-en-seguridad-comercio-y-energia\/#article","isPartOf":{"@id":"https:\/\/emisarioec.com\/index.php\/2026\/08\/07\/ecuador-y-colombia-abren-una-nueva-etapa-de-cooperacion-con-enfasis-en-seguridad-comercio-y-energia\/"},"author":{"name":"Emisario Ec","@id":"https:\/\/emisarioec.com\/#\/schema\/person\/2afb9da152d200f9b3feecf5f92da2d5"},"headline":"Ecuador y Colombia abren una nueva etapa de cooperaci\u00f3n con \u00e9nfasis en seguridad, comercio y energ\u00eda","datePublished":"2026-08-08T01:51:42+00:00","dateModified":"2026-08-11T02:00:10+00:00","mainEntityOfPage":{"@id":"https:\/\/emisarioec.com\/index.php\/2026\/08\/07\/ecuador-y-colombia-abren-una-nueva-etapa-de-cooperacion-con-enfasis-en-seguridad-comercio-y-energia\/"},"wordCount":301,"publisher":{"@id":"https:\/\/emisarioec.com\/#organization"},"image":{"@id":"https:\/\/emisarioec.com\/index.php\/2026\/08\/07\/ecuador-y-colombia-abren-una-nueva-etapa-de-cooperacion-con-enfasis-en-seguridad-comercio-y-energia\/#primaryimage"},"thumbnailUrl":"https:\/\/emisarioec.com\/wp-content\/uploads\/2026\/08\/1-9.jpg","keywords":["Abelardo De la Espriella","cooperaci\u00f3n con \u00e9nfasis en seguridad","Ecuador y Colombia","presidente Daniel Noboa Azin"],"articleSection":["Pol\u00edtica"],"inLanguage":"es"},{"@type":"WebPage","@id":"https:\/\/emisarioec.com\/index.php\/2026\/08\/07\/ecuador-y-colombia-abren-una-nueva-etapa-de-cooperacion-con-enfasis-en-seguridad-comercio-y-energia\/","url":"https:\/\/emisarioec.com\/index.php\/2026\/08\/07\/ecuador-y-colombia-abren-una-nueva-etapa-de-cooperacion-con-enfasis-en-seguridad-comercio-y-energia\/","name":"Ecuador y Colombia abren una nueva etapa de cooperaci\u00f3n con \u00e9nfasis en seguridad, comercio y energ\u00eda - Emisario Ec","isPartOf":{"@id":"https:\/\/emisarioec.com\/#website"},"primaryImageOfPage":{"@id":"https:\/\/emisarioec.com\/index.php\/2026\/08\/07\/ecuador-y-colombia-abren-una-nueva-etapa-de-cooperacion-con-enfasis-en-seguridad-comercio-y-energia\/#primaryimage"},"image":{"@id":"https:\/\/emisarioec.com\/index.php\/2026\/08\/07\/ecuador-y-colombia-abren-una-nueva-etapa-de-cooperacion-con-enfasis-en-seguridad-comercio-y-energia\/#primaryimage"},"thumbnailUrl":"https:\/\/emisarioec.com\/wp-content\/uploads\/2026\/08\/1-9.jpg","datePublished":"2026-08-08T01:51:42+00:00","dateModified":"2026-08-11T02:00:10+00:00","breadcrumb":{"@id":"https:\/\/emisarioec.com\/index.php\/2026\/08\/07\/ecuador-y-colombia-abren-una-nueva-etapa-de-cooperacion-con-enfasis-en-seguridad-comercio-y-energia\/#breadcrumb"},"inLanguage":"es","potentialAction":[{"@type":"ReadAction","target":["https:\/\/emisarioec.com\/index.php\/2026\/08\/07\/ecuador-y-colombia-abren-una-nueva-etapa-de-cooperacion-con-enfasis-en-seguridad-comercio-y-energia\/"]}]},{"@type":"ImageObject","inLanguage":"es","@id":"https:\/\/emisarioec.com\/index.php\/2026\/08\/07\/ecuador-y-colombia-abren-una-nueva-etapa-de-cooperacion-con-enfasis-en-seguridad-comercio-y-energia\/#primaryimage","url":"https:\/\/emisarioec.com\/wp-content\/uploads\/2026\/08\/1-9.jpg","contentUrl":"https:\/\/emisarioec.com\/wp-content\/uploads\/2026\/08\/1-9.jpg","width":800,"height":599},{"@type":"BreadcrumbList","@id":"https:\/\/emisarioec.com\/index.php\/2026\/08\/07\/ecuador-y-colombia-abren-una-nueva-etapa-de-cooperacion-con-enfasis-en-seguridad-comercio-y-energia\/#breadcrumb","itemListElement":[{"@type":"ListItem","position":1,"name":"Portada","item":"https:\/\/emisarioec.com\/"},{"@type":"ListItem","position":2,"name":"Ecuador y Colombia abren una nueva etapa de cooperaci\u00f3n con \u00e9nfasis en seguridad, comercio y energ\u00eda"}]},{"@type":"WebSite","@id":"https:\/\/emisarioec.com\/#website","url":"https:\/\/emisarioec.com\/","name":"Emisario Ec","description":"Informar es un derecho que corresponde a hechos","publisher":{"@id":"https:\/\/emisarioec.com\/#organization"},"potentialAction":[{"@type":"SearchAction","target":{"@type":"EntryPoint","urlTemplate":"https:\/\/emisarioec.com\/?s={search_term_string}"},"query-input":{"@type":"PropertyValueSpecification","valueRequired":true,"valueName":"search_term_string"}}],"inLanguage":"es"},{"@type":"Organization","@id":"https:\/\/emisarioec.com\/#organization","name":"Emisario Ec","url":"https:\/\/emisarioec.com\/","logo":{"@type":"ImageObject","inLanguage":"es","@id":"https:\/\/emisarioec.com\/#\/schema\/logo\/image\/","url":"https:\/\/emisarioec.com\/wp-content\/uploads\/2025\/06\/cropped-cropped-emisario-ico.png","contentUrl":"https:\/\/emisarioec.com\/wp-content\/uploads\/2025\/06\/cropped-cropped-emisario-ico.png","width":512,"height":512,"caption":"Emisario Ec"},"image":{"@id":"https:\/\/emisarioec.com\/#\/schema\/logo\/image\/"}},{"@type":"Person","@id":"https:\/\/emisarioec.com\/#\/schema\/person\/2afb9da152d200f9b3feecf5f92da2d5","name":"Emisario Ec","url":"https:\/\/emisarioec.com\/index.php\/author\/admin_roberto\/"}]}},"jetpack_featured_media_url":"https:\/\/emisarioec.com\/wp-content\/uploads\/2026\/08\/1-9.jpg","_links":{"self":[{"href":"https:\/\/emisarioec.com\/index.php\/wp-json\/wp\/v2\/posts\/4047","targetHints":{"allow":["GET"]}}],"collection":[{"href":"https:\/\/emisarioec.com\/index.php\/wp-json\/wp\/v2\/posts"}],"about":[{"href":"https:\/\/emisarioec.com\/index.php\/wp-json\/wp\/v2\/types\/post"}],"author":[{"embeddable":true,"href":"https:\/\/emisarioec.com\/index.php\/wp-json\/wp\/v2\/users\/2"}],"replies":[{"embeddable":true,"href":"https:\/\/emisarioec.com\/index.php\/wp-json\/wp\/v2\/comments?post=4047"}],"version-history":[{"count":2,"href":"https:\/\/emisarioec.com\/index.php\/wp-json\/wp\/v2\/posts\/4047\/revisions"}],"predecessor-version":[{"id":4051,"href":"https:\/\/emisarioec.com\/index.php\/wp-json\/wp\/v2\/posts\/4047\/revisions\/4051"}],"wp:featuredmedia":[{"embeddable":true,"href":"https:\/\/emisarioec.com\/index.php\/wp-json\/wp\/v2\/media\/4048"}],"wp:attachment":[{"href":"https:\/\/emisarioec.com\/index.php\/wp-json\/wp\/v2\/media?parent=4047"}],"wp:term":[{"taxonomy":"category","embeddable":true,"href":"https:\/\/emisarioec.com\/index.php\/wp-json\/wp\/v2\/categories?post=4047"},{"taxonomy":"post_tag","embeddable":true,"href":"https:\/\/emisarioec.com\/index.php\/wp-json\/wp\/v2\/tags?post=4047"}],"curies":[{"name":"wp","href":"https:\/\/api.w.org\/{rel}","templated":true}]}}