{"id":4068,"date":"2026-08-14T11:20:00","date_gmt":"2026-08-14T16:20:00","guid":{"rendered":"https:\/\/emisarioec.com\/?p=4068"},"modified":"2026-08-14T22:07:34","modified_gmt":"2026-08-15T03:07:34","slug":"ecuador-fortalece-la-respuesta-internacional-ante-emergencia-en-colombia","status":"publish","type":"post","link":"https:\/\/emisarioec.com\/index.php\/2026\/08\/14\/ecuador-fortalece-la-respuesta-internacional-ante-emergencia-en-colombia\/","title":{"rendered":"Ecuador fortalece la respuesta internacional ante emergencia en Colombia"},"content":{"rendered":"\n<p class=\"wp-block-paragraph\">Como parte de la respuesta articulada del Gobierno Nacional, Ecuador puso a disposici\u00f3n de Colombia capacidades especializadas de b\u00fasqueda, rescate y evaluaci\u00f3n de estructuras, con el objetivo de contribuir a las acciones de atenci\u00f3n y respuesta ante la emergencia registrada en el vecino pa\u00eds tras el terremoto.<\/p>\n\n\n\n<p class=\"wp-block-paragraph\">Este viernes 14 de agosto, desde Guayaquil parti\u00f3 un contingente especializado integrado por 32 rescatistas del Benem\u00e9rito Cuerpo de Bomberos de Guayaquil. Asimismo, el domingo 16 de agosto viajar\u00e1n once ingenieros estructurales en un vuelo humanitario, junto con equipamiento especializado, para apoyar las labores que sean requeridas por las autoridades colombianas.<\/p>\n\n\n\n<p class=\"wp-block-paragraph\">Los equipos ecuatorianos cuentan con formaci\u00f3n y experiencia para intervenir en escenarios que demandan capacidades t\u00e9cnicas de b\u00fasqueda y rescate, as\u00ed como para brindar apoyo en la evaluaci\u00f3n de las zonas afectadas.<\/p>\n\n\n\n<p class=\"wp-block-paragraph\">Los ingenieros estructurales contribuir\u00e1n a determinar las condiciones de seguridad y estabilidad de las estructuras afectadas, proporcionando informaci\u00f3n t\u00e9cnica que permita orientar las operaciones de respuesta y reducir los riesgos para las personas y los equipos que intervengan en las zonas de emergencia. Por su parte, los rescatistas del Benem\u00e9rito Cuerpo de Bomberos de Guayaquil estar\u00e1n preparados para apoyar las operaciones de b\u00fasqueda y rescate que sean requeridas, en coordinaci\u00f3n con las autoridades y los organismos de respuesta de Colombia.<\/p>\n\n\n\n<p class=\"wp-block-paragraph\">Este contingente, como parte de la ayuda humanitaria, refleja el compromiso del Gobierno Nacional del Ecuador con la cooperaci\u00f3n internacional y la solidaridad entre pa\u00edses, al poner a disposici\u00f3n capacidades especializadas para fortalecer la respuesta ante situaciones de emergencia y contribuir a la protecci\u00f3n de la poblaci\u00f3n afectada. La Secretar\u00eda Nacional de Gesti\u00f3n de Riesgos coordina y articula estas acciones de cooperaci\u00f3n, en el marco de los mecanismos de respuesta y asistencia internacional del Estado ecuatoriano.<\/p>\n\n\n\n<figure class=\"wp-block-embed is-type-video is-provider-tiktok wp-block-embed-tiktok\"><div class=\"wp-block-embed__wrapper\">\n<blockquote class=\"tiktok-embed\" cite=\"https:\/\/www.tiktok.com\/@emisarioec\/video\/7674089390452395272\" data-video-id=\"7674089390452395272\" data-embed-from=\"oembed\" style=\"max-width:605px; min-width:325px;\"> <section> <a target=\"_blank\" title=\"@emisarioec\" href=\"https:\/\/www.tiktok.com\/@emisarioec?refer=embed\">@emisarioec<\/a> <p>\ud83d\udccc ATENTOS\ud83d\udc4f  Ecuador fortalece la respuesta internacional ante emergencia en Colombia Como parte de la respuesta articulada del Gobierno Nacional, Ecuador puso a disposici\u00f3n de Colombia capacidades especializadas de b\u00fasqueda, rescate y evaluaci\u00f3n de estructuras, con el objetivo de contribuir a las acciones de atenci\u00f3n y respuesta ante la emergencia registrada en el vecino pa\u00eds tras el terremoto. Este viernes 14 de agosto, desde Guayaquil parti\u00f3 un contingente especializado integrado por 32 rescatistas del Benem\u00e9rito Cuerpo de Bomberos de Guayaquil. Asimismo, el domingo 16 de agosto viajar\u00e1n once ingenieros estructurales en un vuelo humanitario, junto con equipamiento especializado, para apoyar las labores que sean requeridas por las autoridades colombianas. Los equipos ecuatorianos cuentan con formaci\u00f3n y experiencia para intervenir en escenarios que demandan capacidades t\u00e9cnicas de b\u00fasqueda y rescate, as\u00ed como para brindar apoyo en la evaluaci\u00f3n de las zonas afectadas. Los ingenieros estructurales contribuir\u00e1n a determinar las condiciones de seguridad y estabilidad de las estructuras afectadas, proporcionando informaci\u00f3n t\u00e9cnica que permita orientar las operaciones de respuesta y reducir los riesgos para las personas y los equipos que intervengan en las zonas de emergencia. Por su parte, los rescatistas del Benem\u00e9rito Cuerpo de Bomberos de Guayaquil estar\u00e1n preparados para apoyar las operaciones de b\u00fasqueda y rescate que sean requeridas, en coordinaci\u00f3n con las autoridades y los organismos de respuesta de Colombia. Este contingente, como parte de la ayuda humanitaria, refleja el compromiso del Gobierno Nacional del Ecuador con la cooperaci\u00f3n internacional y la solidaridad entre pa\u00edses, al poner a disposici\u00f3n capacidades especializadas para fortalecer la respuesta ante situaciones de emergencia y contribuir a la protecci\u00f3n de la poblaci\u00f3n afectada. La Secretar\u00eda Nacional de Gesti\u00f3n de Riesgos coordina y articula estas acciones de cooperaci\u00f3n, en el marco de los mecanismos de respuesta y asistencia internacional del Estado ecuatoriano. @comunicacionec @presidenciaec @danielnoboaok @riesgos_ec<\/p> <a target=\"_blank\" title=\"\u266c sonido original - Emisario Ec - Emisario Ec\" href=\"https:\/\/www.tiktok.com\/music\/sonido-original-Emisario-Ec-7674089465127832328?refer=embed\">\u266c sonido original &#8211; Emisario Ec &#8211; Emisario Ec<\/a> <\/section> <\/blockquote> <script async src=\"https:\/\/www.tiktok.com\/embed.js\"><\/script>\n<\/div><\/figure>\n","protected":false},"excerpt":{"rendered":"<p>Este viernes 14 de agosto, desde Guayaquil parti\u00f3 un contingente especializado integrado por 32 rescatistas del Benem\u00e9rito Cuerpo de Bomberos de Guayaquil<\/p>\n","protected":false},"author":2,"featured_media":4070,"comment_status":"closed","ping_status":"open","sticky":false,"template":"","format":"standard","meta":{"footnotes":""},"categories":[6],"tags":[1077,33],"class_list":["post-4068","post","type-post","status-publish","format-standard","has-post-thumbnail","hentry","category-actualidad","tag-colombia","tag-ecuador"],"yoast_head":"<!-- This site is optimized with the Yoast SEO plugin v28.4 - https:\/\/yoast.com\/product\/yoast-seo-wordpress\/ -->\n<title>Ecuador fortalece la respuesta internacional ante emergencia en Colombia - Emisario Ec<\/title>\n<meta name=\"robots\" content=\"index, follow, max-snippet:-1, max-image-preview:large, max-video-preview:-1\" \/>\n<link rel=\"canonical\" href=\"https:\/\/emisarioec.com\/index.php\/2026\/08\/14\/ecuador-fortalece-la-respuesta-internacional-ante-emergencia-en-colombia\/\" \/>\n<meta property=\"og:locale\" content=\"es_ES\" \/>\n<meta property=\"og:type\" content=\"article\" \/>\n<meta property=\"og:title\" content=\"Ecuador fortalece la respuesta internacional ante emergencia en Colombia - Emisario Ec\" \/>\n<meta property=\"og:description\" content=\"Este viernes 14 de agosto, desde Guayaquil parti\u00f3 un contingente especializado integrado por 32 rescatistas del Benem\u00e9rito Cuerpo de Bomberos de Guayaquil\" \/>\n<meta property=\"og:url\" content=\"https:\/\/emisarioec.com\/index.php\/2026\/08\/14\/ecuador-fortalece-la-respuesta-internacional-ante-emergencia-en-colombia\/\" \/>\n<meta property=\"og:site_name\" content=\"Emisario Ec\" \/>\n<meta property=\"article:published_time\" content=\"2026-08-14T16:20:00+00:00\" \/>\n<meta property=\"article:modified_time\" content=\"2026-08-15T03:07:34+00:00\" \/>\n<meta property=\"og:image\" content=\"https:\/\/emisarioec.com\/wp-content\/uploads\/2026\/08\/1-12.jpg\" \/>\n\t<meta property=\"og:image:width\" content=\"800\" \/>\n\t<meta property=\"og:image:height\" content=\"533\" \/>\n\t<meta property=\"og:image:type\" content=\"image\/jpeg\" \/>\n<meta name=\"author\" content=\"Emisario Ec\" \/>\n<meta name=\"twitter:card\" content=\"summary_large_image\" \/>\n<meta name=\"twitter:label1\" content=\"Escrito por\" \/>\n\t<meta name=\"twitter:data1\" content=\"Emisario Ec\" \/>\n\t<meta name=\"twitter:label2\" content=\"Tiempo de lectura\" \/>\n\t<meta name=\"twitter:data2\" content=\"2 minutos\" \/>\n<script type=\"application\/ld+json\" class=\"yoast-schema-graph\">{\"@context\":\"https:\\\/\\\/schema.org\",\"@graph\":[{\"@type\":\"Article\",\"@id\":\"https:\\\/\\\/emisarioec.com\\\/index.php\\\/2026\\\/08\\\/14\\\/ecuador-fortalece-la-respuesta-internacional-ante-emergencia-en-colombia\\\/#article\",\"isPartOf\":{\"@id\":\"https:\\\/\\\/emisarioec.com\\\/index.php\\\/2026\\\/08\\\/14\\\/ecuador-fortalece-la-respuesta-internacional-ante-emergencia-en-colombia\\\/\"},\"author\":{\"name\":\"Emisario Ec\",\"@id\":\"https:\\\/\\\/emisarioec.com\\\/#\\\/schema\\\/person\\\/2afb9da152d200f9b3feecf5f92da2d5\"},\"headline\":\"Ecuador fortalece la respuesta internacional ante emergencia en Colombia\",\"datePublished\":\"2026-08-14T16:20:00+00:00\",\"dateModified\":\"2026-08-15T03:07:34+00:00\",\"mainEntityOfPage\":{\"@id\":\"https:\\\/\\\/emisarioec.com\\\/index.php\\\/2026\\\/08\\\/14\\\/ecuador-fortalece-la-respuesta-internacional-ante-emergencia-en-colombia\\\/\"},\"wordCount\":324,\"publisher\":{\"@id\":\"https:\\\/\\\/emisarioec.com\\\/#organization\"},\"image\":{\"@id\":\"https:\\\/\\\/emisarioec.com\\\/index.php\\\/2026\\\/08\\\/14\\\/ecuador-fortalece-la-respuesta-internacional-ante-emergencia-en-colombia\\\/#primaryimage\"},\"thumbnailUrl\":\"https:\\\/\\\/emisarioec.com\\\/wp-content\\\/uploads\\\/2026\\\/08\\\/1-12.jpg\",\"keywords\":[\"Colombia\",\"Ecuador\"],\"articleSection\":[\"Actualidad\"],\"inLanguage\":\"es\"},{\"@type\":\"WebPage\",\"@id\":\"https:\\\/\\\/emisarioec.com\\\/index.php\\\/2026\\\/08\\\/14\\\/ecuador-fortalece-la-respuesta-internacional-ante-emergencia-en-colombia\\\/\",\"url\":\"https:\\\/\\\/emisarioec.com\\\/index.php\\\/2026\\\/08\\\/14\\\/ecuador-fortalece-la-respuesta-internacional-ante-emergencia-en-colombia\\\/\",\"name\":\"Ecuador fortalece la respuesta internacional ante emergencia en Colombia - Emisario Ec\",\"isPartOf\":{\"@id\":\"https:\\\/\\\/emisarioec.com\\\/#website\"},\"primaryImageOfPage\":{\"@id\":\"https:\\\/\\\/emisarioec.com\\\/index.php\\\/2026\\\/08\\\/14\\\/ecuador-fortalece-la-respuesta-internacional-ante-emergencia-en-colombia\\\/#primaryimage\"},\"image\":{\"@id\":\"https:\\\/\\\/emisarioec.com\\\/index.php\\\/2026\\\/08\\\/14\\\/ecuador-fortalece-la-respuesta-internacional-ante-emergencia-en-colombia\\\/#primaryimage\"},\"thumbnailUrl\":\"https:\\\/\\\/emisarioec.com\\\/wp-content\\\/uploads\\\/2026\\\/08\\\/1-12.jpg\",\"datePublished\":\"2026-08-14T16:20:00+00:00\",\"dateModified\":\"2026-08-15T03:07:34+00:00\",\"breadcrumb\":{\"@id\":\"https:\\\/\\\/emisarioec.com\\\/index.php\\\/2026\\\/08\\\/14\\\/ecuador-fortalece-la-respuesta-internacional-ante-emergencia-en-colombia\\\/#breadcrumb\"},\"inLanguage\":\"es\",\"potentialAction\":[{\"@type\":\"ReadAction\",\"target\":[\"https:\\\/\\\/emisarioec.com\\\/index.php\\\/2026\\\/08\\\/14\\\/ecuador-fortalece-la-respuesta-internacional-ante-emergencia-en-colombia\\\/\"]}]},{\"@type\":\"ImageObject\",\"inLanguage\":\"es\",\"@id\":\"https:\\\/\\\/emisarioec.com\\\/index.php\\\/2026\\\/08\\\/14\\\/ecuador-fortalece-la-respuesta-internacional-ante-emergencia-en-colombia\\\/#primaryimage\",\"url\":\"https:\\\/\\\/emisarioec.com\\\/wp-content\\\/uploads\\\/2026\\\/08\\\/1-12.jpg\",\"contentUrl\":\"https:\\\/\\\/emisarioec.com\\\/wp-content\\\/uploads\\\/2026\\\/08\\\/1-12.jpg\",\"width\":800,\"height\":533},{\"@type\":\"BreadcrumbList\",\"@id\":\"https:\\\/\\\/emisarioec.com\\\/index.php\\\/2026\\\/08\\\/14\\\/ecuador-fortalece-la-respuesta-internacional-ante-emergencia-en-colombia\\\/#breadcrumb\",\"itemListElement\":[{\"@type\":\"ListItem\",\"position\":1,\"name\":\"Portada\",\"item\":\"https:\\\/\\\/emisarioec.com\\\/\"},{\"@type\":\"ListItem\",\"position\":2,\"name\":\"Ecuador fortalece la respuesta internacional ante emergencia en Colombia\"}]},{\"@type\":\"WebSite\",\"@id\":\"https:\\\/\\\/emisarioec.com\\\/#website\",\"url\":\"https:\\\/\\\/emisarioec.com\\\/\",\"name\":\"Emisario Ec\",\"description\":\"Informar es un derecho que corresponde a hechos\",\"publisher\":{\"@id\":\"https:\\\/\\\/emisarioec.com\\\/#organization\"},\"potentialAction\":[{\"@type\":\"SearchAction\",\"target\":{\"@type\":\"EntryPoint\",\"urlTemplate\":\"https:\\\/\\\/emisarioec.com\\\/?s={search_term_string}\"},\"query-input\":{\"@type\":\"PropertyValueSpecification\",\"valueRequired\":true,\"valueName\":\"search_term_string\"}}],\"inLanguage\":\"es\"},{\"@type\":\"Organization\",\"@id\":\"https:\\\/\\\/emisarioec.com\\\/#organization\",\"name\":\"Emisario Ec\",\"url\":\"https:\\\/\\\/emisarioec.com\\\/\",\"logo\":{\"@type\":\"ImageObject\",\"inLanguage\":\"es\",\"@id\":\"https:\\\/\\\/emisarioec.com\\\/#\\\/schema\\\/logo\\\/image\\\/\",\"url\":\"https:\\\/\\\/emisarioec.com\\\/wp-content\\\/uploads\\\/2025\\\/06\\\/cropped-cropped-emisario-ico.png\",\"contentUrl\":\"https:\\\/\\\/emisarioec.com\\\/wp-content\\\/uploads\\\/2025\\\/06\\\/cropped-cropped-emisario-ico.png\",\"width\":512,\"height\":512,\"caption\":\"Emisario Ec\"},\"image\":{\"@id\":\"https:\\\/\\\/emisarioec.com\\\/#\\\/schema\\\/logo\\\/image\\\/\"}},{\"@type\":\"Person\",\"@id\":\"https:\\\/\\\/emisarioec.com\\\/#\\\/schema\\\/person\\\/2afb9da152d200f9b3feecf5f92da2d5\",\"name\":\"Emisario Ec\",\"url\":\"https:\\\/\\\/emisarioec.com\\\/index.php\\\/author\\\/admin_roberto\\\/\"}]}<\/script>\n<!-- \/ Yoast SEO plugin. -->","yoast_head_json":{"title":"Ecuador fortalece la respuesta internacional ante emergencia en Colombia - Emisario Ec","robots":{"index":"index","follow":"follow","max-snippet":"max-snippet:-1","max-image-preview":"max-image-preview:large","max-video-preview":"max-video-preview:-1"},"canonical":"https:\/\/emisarioec.com\/index.php\/2026\/08\/14\/ecuador-fortalece-la-respuesta-internacional-ante-emergencia-en-colombia\/","og_locale":"es_ES","og_type":"article","og_title":"Ecuador fortalece la respuesta internacional ante emergencia en Colombia - Emisario Ec","og_description":"Este viernes 14 de agosto, desde Guayaquil parti\u00f3 un contingente especializado integrado por 32 rescatistas del Benem\u00e9rito Cuerpo de Bomberos de Guayaquil","og_url":"https:\/\/emisarioec.com\/index.php\/2026\/08\/14\/ecuador-fortalece-la-respuesta-internacional-ante-emergencia-en-colombia\/","og_site_name":"Emisario Ec","article_published_time":"2026-08-14T16:20:00+00:00","article_modified_time":"2026-08-15T03:07:34+00:00","og_image":[{"width":800,"height":533,"url":"https:\/\/emisarioec.com\/wp-content\/uploads\/2026\/08\/1-12.jpg","type":"image\/jpeg"}],"author":"Emisario Ec","twitter_card":"summary_large_image","twitter_misc":{"Escrito por":"Emisario Ec","Tiempo de lectura":"2 minutos"},"schema":{"@context":"https:\/\/schema.org","@graph":[{"@type":"Article","@id":"https:\/\/emisarioec.com\/index.php\/2026\/08\/14\/ecuador-fortalece-la-respuesta-internacional-ante-emergencia-en-colombia\/#article","isPartOf":{"@id":"https:\/\/emisarioec.com\/index.php\/2026\/08\/14\/ecuador-fortalece-la-respuesta-internacional-ante-emergencia-en-colombia\/"},"author":{"name":"Emisario Ec","@id":"https:\/\/emisarioec.com\/#\/schema\/person\/2afb9da152d200f9b3feecf5f92da2d5"},"headline":"Ecuador fortalece la respuesta internacional ante emergencia en Colombia","datePublished":"2026-08-14T16:20:00+00:00","dateModified":"2026-08-15T03:07:34+00:00","mainEntityOfPage":{"@id":"https:\/\/emisarioec.com\/index.php\/2026\/08\/14\/ecuador-fortalece-la-respuesta-internacional-ante-emergencia-en-colombia\/"},"wordCount":324,"publisher":{"@id":"https:\/\/emisarioec.com\/#organization"},"image":{"@id":"https:\/\/emisarioec.com\/index.php\/2026\/08\/14\/ecuador-fortalece-la-respuesta-internacional-ante-emergencia-en-colombia\/#primaryimage"},"thumbnailUrl":"https:\/\/emisarioec.com\/wp-content\/uploads\/2026\/08\/1-12.jpg","keywords":["Colombia","Ecuador"],"articleSection":["Actualidad"],"inLanguage":"es"},{"@type":"WebPage","@id":"https:\/\/emisarioec.com\/index.php\/2026\/08\/14\/ecuador-fortalece-la-respuesta-internacional-ante-emergencia-en-colombia\/","url":"https:\/\/emisarioec.com\/index.php\/2026\/08\/14\/ecuador-fortalece-la-respuesta-internacional-ante-emergencia-en-colombia\/","name":"Ecuador fortalece la respuesta internacional ante emergencia en Colombia - Emisario Ec","isPartOf":{"@id":"https:\/\/emisarioec.com\/#website"},"primaryImageOfPage":{"@id":"https:\/\/emisarioec.com\/index.php\/2026\/08\/14\/ecuador-fortalece-la-respuesta-internacional-ante-emergencia-en-colombia\/#primaryimage"},"image":{"@id":"https:\/\/emisarioec.com\/index.php\/2026\/08\/14\/ecuador-fortalece-la-respuesta-internacional-ante-emergencia-en-colombia\/#primaryimage"},"thumbnailUrl":"https:\/\/emisarioec.com\/wp-content\/uploads\/2026\/08\/1-12.jpg","datePublished":"2026-08-14T16:20:00+00:00","dateModified":"2026-08-15T03:07:34+00:00","breadcrumb":{"@id":"https:\/\/emisarioec.com\/index.php\/2026\/08\/14\/ecuador-fortalece-la-respuesta-internacional-ante-emergencia-en-colombia\/#breadcrumb"},"inLanguage":"es","potentialAction":[{"@type":"ReadAction","target":["https:\/\/emisarioec.com\/index.php\/2026\/08\/14\/ecuador-fortalece-la-respuesta-internacional-ante-emergencia-en-colombia\/"]}]},{"@type":"ImageObject","inLanguage":"es","@id":"https:\/\/emisarioec.com\/index.php\/2026\/08\/14\/ecuador-fortalece-la-respuesta-internacional-ante-emergencia-en-colombia\/#primaryimage","url":"https:\/\/emisarioec.com\/wp-content\/uploads\/2026\/08\/1-12.jpg","contentUrl":"https:\/\/emisarioec.com\/wp-content\/uploads\/2026\/08\/1-12.jpg","width":800,"height":533},{"@type":"BreadcrumbList","@id":"https:\/\/emisarioec.com\/index.php\/2026\/08\/14\/ecuador-fortalece-la-respuesta-internacional-ante-emergencia-en-colombia\/#breadcrumb","itemListElement":[{"@type":"ListItem","position":1,"name":"Portada","item":"https:\/\/emisarioec.com\/"},{"@type":"ListItem","position":2,"name":"Ecuador fortalece la respuesta internacional ante emergencia en Colombia"}]},{"@type":"WebSite","@id":"https:\/\/emisarioec.com\/#website","url":"https:\/\/emisarioec.com\/","name":"Emisario Ec","description":"Informar es un derecho que corresponde a hechos","publisher":{"@id":"https:\/\/emisarioec.com\/#organization"},"potentialAction":[{"@type":"SearchAction","target":{"@type":"EntryPoint","urlTemplate":"https:\/\/emisarioec.com\/?s={search_term_string}"},"query-input":{"@type":"PropertyValueSpecification","valueRequired":true,"valueName":"search_term_string"}}],"inLanguage":"es"},{"@type":"Organization","@id":"https:\/\/emisarioec.com\/#organization","name":"Emisario Ec","url":"https:\/\/emisarioec.com\/","logo":{"@type":"ImageObject","inLanguage":"es","@id":"https:\/\/emisarioec.com\/#\/schema\/logo\/image\/","url":"https:\/\/emisarioec.com\/wp-content\/uploads\/2025\/06\/cropped-cropped-emisario-ico.png","contentUrl":"https:\/\/emisarioec.com\/wp-content\/uploads\/2025\/06\/cropped-cropped-emisario-ico.png","width":512,"height":512,"caption":"Emisario Ec"},"image":{"@id":"https:\/\/emisarioec.com\/#\/schema\/logo\/image\/"}},{"@type":"Person","@id":"https:\/\/emisarioec.com\/#\/schema\/person\/2afb9da152d200f9b3feecf5f92da2d5","name":"Emisario Ec","url":"https:\/\/emisarioec.com\/index.php\/author\/admin_roberto\/"}]}},"jetpack_featured_media_url":"https:\/\/emisarioec.com\/wp-content\/uploads\/2026\/08\/1-12.jpg","_links":{"self":[{"href":"https:\/\/emisarioec.com\/index.php\/wp-json\/wp\/v2\/posts\/4068","targetHints":{"allow":["GET"]}}],"collection":[{"href":"https:\/\/emisarioec.com\/index.php\/wp-json\/wp\/v2\/posts"}],"about":[{"href":"https:\/\/emisarioec.com\/index.php\/wp-json\/wp\/v2\/types\/post"}],"author":[{"embeddable":true,"href":"https:\/\/emisarioec.com\/index.php\/wp-json\/wp\/v2\/users\/2"}],"replies":[{"embeddable":true,"href":"https:\/\/emisarioec.com\/index.php\/wp-json\/wp\/v2\/comments?post=4068"}],"version-history":[{"count":2,"href":"https:\/\/emisarioec.com\/index.php\/wp-json\/wp\/v2\/posts\/4068\/revisions"}],"predecessor-version":[{"id":4076,"href":"https:\/\/emisarioec.com\/index.php\/wp-json\/wp\/v2\/posts\/4068\/revisions\/4076"}],"wp:featuredmedia":[{"embeddable":true,"href":"https:\/\/emisarioec.com\/index.php\/wp-json\/wp\/v2\/media\/4070"}],"wp:attachment":[{"href":"https:\/\/emisarioec.com\/index.php\/wp-json\/wp\/v2\/media?parent=4068"}],"wp:term":[{"taxonomy":"category","embeddable":true,"href":"https:\/\/emisarioec.com\/index.php\/wp-json\/wp\/v2\/categories?post=4068"},{"taxonomy":"post_tag","embeddable":true,"href":"https:\/\/emisarioec.com\/index.php\/wp-json\/wp\/v2\/tags?post=4068"}],"curies":[{"name":"wp","href":"https:\/\/api.w.org\/{rel}","templated":true}]}}