{"id":4080,"date":"2026-08-16T16:00:00","date_gmt":"2026-08-16T21:00:00","guid":{"rendered":"https:\/\/emisarioec.com\/?p=4080"},"modified":"2026-08-17T19:49:50","modified_gmt":"2026-08-18T00:49:50","slug":"transformacion-integral-en-balzar-puente-sobre-el-rio-macul-rehabilitacion-de-vias-acciones-preventivas-y-atencion-social-mejoran-la-calidad-de-vida-de-cientos-de-familias-en-la-administracion-de","status":"publish","type":"post","link":"https:\/\/emisarioec.com\/index.php\/2026\/08\/16\/transformacion-integral-en-balzar-puente-sobre-el-rio-macul-rehabilitacion-de-vias-acciones-preventivas-y-atencion-social-mejoran-la-calidad-de-vida-de-cientos-de-familias-en-la-administracion-de\/","title":{"rendered":"Transformaci\u00f3n Integral en Balzar: Puente sobre el r\u00edo Macul, rehabilitaci\u00f3n de v\u00edas, acciones preventivas y atenci\u00f3n social, mejoran la calidad de vida de cientos de familias, en la administraci\u00f3n del prefecto Carlos Encalada"},"content":{"rendered":"\n<p class=\"wp-block-paragraph\">Con financiamiento de la CAF y bajo el liderazgo del prefecto Carlos Encalada, la pr\u00f3xima semana arranca un proyecto importante para las familias balzare\u00f1as, como la construcci\u00f3n del puente sobre el r\u00edo Macul, punto clave de conexi\u00f3n entre las provincias de Guayas y Los R\u00edos. La obra de $2.5 millones de d\u00f3lares contar\u00e1 con accesos viales asfaltados de alta resistencia, sistemas de drenaje y protecci\u00f3n hidr\u00e1ulica para asegurar su durabilidad frente a las lluvias, adem\u00e1s de se\u00f1alizaci\u00f3n integral para garantizar una movilidad segura y eficiente para todos los ciudadanos.<\/p>\n\n\n\n<p class=\"wp-block-paragraph\">Entre otros proyectos de infraestructura que apuntan a mejorar la calidad de vida de los habitantes de Balzar, tambi\u00e9n consta la ejecuci\u00f3n de un proyecto h\u00eddrico que integra el cant\u00f3n con las localidades vecinas de Palestina y Colimes; termina en el recinto Salamina y se conecta al sistema DAUVIN, garantizando agua eficiente y segura para miles de hect\u00e1reas productivas de arroz, cacao y palma. A esta intervenci\u00f3n, se suman los trabajos viales, en m\u00e1s de 6 km, con la apertura de caminos y el reforzamiento de 2 km de muros, en el recinto Los Abretones, ejecutado en un tiempo r\u00e9cord de 14 d\u00edas.<\/p>\n\n\n\n<p class=\"wp-block-paragraph\">La Coordinaci\u00f3n de Infraestructura de la Prefectura del Guayas, supervisa asimismo, las labores que se ejecutan en la red vial del cant\u00f3n, con la rehabilitaci\u00f3n y asfaltado de 12.25 km de acceso a San Isidro, Boca de Agua Fr\u00eda y el l\u00edmite provincial. La gesti\u00f3n en territorio, tambi\u00e9n involucra a la Subdirecci\u00f3n de Gesti\u00f3n de Riesgos, que capacit\u00f3 a 37 l\u00edderes comunitarios de 13 recintos, en medidas preventivas ante inundaciones y planes de emergencia. Este \u00faltimo despliegue abarc\u00f3 sectores como Negro Viejo, Monserrate, Pucon, La Palmira y Puerto Canoa.<\/p>\n\n\n\n<p class=\"wp-block-paragraph\">Por lo pronto, como parte de acciones emergentes, un total de 1042 familias que residen en puntos de riesgo de inundaciones, han recibido kits de ayuda humanitaria con alimentos y de dormir. En la l\u00ednea social, adem\u00e1s, se brind\u00f3 atenci\u00f3n m\u00e9dica preventiva a 200 ciudadanos y se han desarrollado brigadas de fumigaci\u00f3n, en beneficio de 9.600 personas en barrios urbanos y rurales del cant\u00f3n.<\/p>\n\n\n\n<p class=\"wp-block-paragraph\">En cuanto a la formaci\u00f3n acad\u00e9mica y art\u00edstica, derivada de programas que impulsa el Gobierno Provincial del Guayas, m\u00e1s de 250 ni\u00f1os y j\u00f3venes, aumentan sus oportunidades de desarrollo en las escuelas gratuitas de f\u00fatbol y ajedrez. Adem\u00e1s, con Guayas Sinf\u00f3nica, 70 beneficiarios potencian su talento musical, y con la plataforma Guayas Aprende, 30 ciudadanos fortalecieron sus conocimientos en el uso de herramientas digitales y contabilidad.<\/p>\n\n\n\n<p class=\"wp-block-paragraph\">La Instituci\u00f3n Guayasense, liderada por el prefecto Carlos Encalada, reafirma su compromiso con el progreso de Balzar, demostrando con obras y proyectos que el trabajo por la ruralidad no se detiene.<\/p>\n","protected":false},"excerpt":{"rendered":"<p>La obra de $2.5 millones de d\u00f3lares contar\u00e1 con accesos viales asfaltados de alta resistencia, sistemas de drenaje y protecci\u00f3n hidr\u00e1ulica<\/p>\n","protected":false},"author":2,"featured_media":4081,"comment_status":"closed","ping_status":"open","sticky":false,"template":"","format":"standard","meta":{"footnotes":""},"categories":[6],"tags":[1196,1447,11],"class_list":["post-4080","post","type-post","status-publish","format-standard","has-post-thumbnail","hentry","category-actualidad","tag-balzar","tag-prefecto-carlos-encalada","tag-prefectura-del-guayas"],"yoast_head":"<!-- This site is optimized with the Yoast SEO plugin v28.4 - https:\/\/yoast.com\/product\/yoast-seo-wordpress\/ -->\n<title>Transformaci\u00f3n Integral en Balzar: Puente sobre el r\u00edo Macul, rehabilitaci\u00f3n de v\u00edas, acciones preventivas y atenci\u00f3n social, mejoran la calidad de vida de cientos de familias, en la administraci\u00f3n del prefecto Carlos Encalada - Emisario Ec<\/title>\n<meta name=\"robots\" content=\"index, follow, max-snippet:-1, max-image-preview:large, max-video-preview:-1\" \/>\n<link rel=\"canonical\" href=\"https:\/\/emisarioec.com\/index.php\/2026\/08\/16\/transformacion-integral-en-balzar-puente-sobre-el-rio-macul-rehabilitacion-de-vias-acciones-preventivas-y-atencion-social-mejoran-la-calidad-de-vida-de-cientos-de-familias-en-la-administracion-de\/\" \/>\n<meta property=\"og:locale\" content=\"es_ES\" \/>\n<meta property=\"og:type\" content=\"article\" \/>\n<meta property=\"og:title\" content=\"Transformaci\u00f3n Integral en Balzar: Puente sobre el r\u00edo Macul, rehabilitaci\u00f3n de v\u00edas, acciones preventivas y atenci\u00f3n social, mejoran la calidad de vida de cientos de familias, en la administraci\u00f3n del prefecto Carlos Encalada - Emisario Ec\" \/>\n<meta property=\"og:description\" content=\"La obra de $2.5 millones de d\u00f3lares contar\u00e1 con accesos viales asfaltados de alta resistencia, sistemas de drenaje y protecci\u00f3n hidr\u00e1ulica\" \/>\n<meta property=\"og:url\" content=\"https:\/\/emisarioec.com\/index.php\/2026\/08\/16\/transformacion-integral-en-balzar-puente-sobre-el-rio-macul-rehabilitacion-de-vias-acciones-preventivas-y-atencion-social-mejoran-la-calidad-de-vida-de-cientos-de-familias-en-la-administracion-de\/\" \/>\n<meta property=\"og:site_name\" content=\"Emisario Ec\" \/>\n<meta property=\"article:published_time\" content=\"2026-08-16T21:00:00+00:00\" \/>\n<meta property=\"article:modified_time\" content=\"2026-08-18T00:49:50+00:00\" \/>\n<meta property=\"og:image\" content=\"https:\/\/emisarioec.com\/wp-content\/uploads\/2026\/08\/1-14.jpg\" \/>\n\t<meta property=\"og:image:width\" content=\"860\" \/>\n\t<meta property=\"og:image:height\" content=\"573\" \/>\n\t<meta property=\"og:image:type\" content=\"image\/jpeg\" \/>\n<meta name=\"author\" content=\"Emisario Ec\" \/>\n<meta name=\"twitter:card\" content=\"summary_large_image\" \/>\n<meta name=\"twitter:label1\" content=\"Escrito por\" \/>\n\t<meta name=\"twitter:data1\" content=\"Emisario Ec\" \/>\n\t<meta name=\"twitter:label2\" content=\"Tiempo de lectura\" \/>\n\t<meta name=\"twitter:data2\" content=\"3 minutos\" \/>\n<script type=\"application\/ld+json\" class=\"yoast-schema-graph\">{\"@context\":\"https:\\\/\\\/schema.org\",\"@graph\":[{\"@type\":\"Article\",\"@id\":\"https:\\\/\\\/emisarioec.com\\\/index.php\\\/2026\\\/08\\\/16\\\/transformacion-integral-en-balzar-puente-sobre-el-rio-macul-rehabilitacion-de-vias-acciones-preventivas-y-atencion-social-mejoran-la-calidad-de-vida-de-cientos-de-familias-en-la-administracion-de\\\/#article\",\"isPartOf\":{\"@id\":\"https:\\\/\\\/emisarioec.com\\\/index.php\\\/2026\\\/08\\\/16\\\/transformacion-integral-en-balzar-puente-sobre-el-rio-macul-rehabilitacion-de-vias-acciones-preventivas-y-atencion-social-mejoran-la-calidad-de-vida-de-cientos-de-familias-en-la-administracion-de\\\/\"},\"author\":{\"name\":\"Emisario Ec\",\"@id\":\"https:\\\/\\\/emisarioec.com\\\/#\\\/schema\\\/person\\\/2afb9da152d200f9b3feecf5f92da2d5\"},\"headline\":\"Transformaci\u00f3n Integral en Balzar: Puente sobre el r\u00edo Macul, rehabilitaci\u00f3n de v\u00edas, acciones preventivas y atenci\u00f3n social, mejoran la calidad de vida de cientos de familias, en la administraci\u00f3n del prefecto Carlos Encalada\",\"datePublished\":\"2026-08-16T21:00:00+00:00\",\"dateModified\":\"2026-08-18T00:49:50+00:00\",\"mainEntityOfPage\":{\"@id\":\"https:\\\/\\\/emisarioec.com\\\/index.php\\\/2026\\\/08\\\/16\\\/transformacion-integral-en-balzar-puente-sobre-el-rio-macul-rehabilitacion-de-vias-acciones-preventivas-y-atencion-social-mejoran-la-calidad-de-vida-de-cientos-de-familias-en-la-administracion-de\\\/\"},\"wordCount\":515,\"publisher\":{\"@id\":\"https:\\\/\\\/emisarioec.com\\\/#organization\"},\"image\":{\"@id\":\"https:\\\/\\\/emisarioec.com\\\/index.php\\\/2026\\\/08\\\/16\\\/transformacion-integral-en-balzar-puente-sobre-el-rio-macul-rehabilitacion-de-vias-acciones-preventivas-y-atencion-social-mejoran-la-calidad-de-vida-de-cientos-de-familias-en-la-administracion-de\\\/#primaryimage\"},\"thumbnailUrl\":\"https:\\\/\\\/emisarioec.com\\\/wp-content\\\/uploads\\\/2026\\\/08\\\/1-14.jpg\",\"keywords\":[\"Balzar\",\"Prefecto Carlos Encalada\",\"Prefectura del Guayas\"],\"articleSection\":[\"Actualidad\"],\"inLanguage\":\"es\"},{\"@type\":\"WebPage\",\"@id\":\"https:\\\/\\\/emisarioec.com\\\/index.php\\\/2026\\\/08\\\/16\\\/transformacion-integral-en-balzar-puente-sobre-el-rio-macul-rehabilitacion-de-vias-acciones-preventivas-y-atencion-social-mejoran-la-calidad-de-vida-de-cientos-de-familias-en-la-administracion-de\\\/\",\"url\":\"https:\\\/\\\/emisarioec.com\\\/index.php\\\/2026\\\/08\\\/16\\\/transformacion-integral-en-balzar-puente-sobre-el-rio-macul-rehabilitacion-de-vias-acciones-preventivas-y-atencion-social-mejoran-la-calidad-de-vida-de-cientos-de-familias-en-la-administracion-de\\\/\",\"name\":\"Transformaci\u00f3n Integral en Balzar: Puente sobre el r\u00edo Macul, rehabilitaci\u00f3n de v\u00edas, acciones preventivas y atenci\u00f3n social, mejoran la calidad de vida de cientos de familias, en la administraci\u00f3n del prefecto Carlos Encalada - Emisario Ec\",\"isPartOf\":{\"@id\":\"https:\\\/\\\/emisarioec.com\\\/#website\"},\"primaryImageOfPage\":{\"@id\":\"https:\\\/\\\/emisarioec.com\\\/index.php\\\/2026\\\/08\\\/16\\\/transformacion-integral-en-balzar-puente-sobre-el-rio-macul-rehabilitacion-de-vias-acciones-preventivas-y-atencion-social-mejoran-la-calidad-de-vida-de-cientos-de-familias-en-la-administracion-de\\\/#primaryimage\"},\"image\":{\"@id\":\"https:\\\/\\\/emisarioec.com\\\/index.php\\\/2026\\\/08\\\/16\\\/transformacion-integral-en-balzar-puente-sobre-el-rio-macul-rehabilitacion-de-vias-acciones-preventivas-y-atencion-social-mejoran-la-calidad-de-vida-de-cientos-de-familias-en-la-administracion-de\\\/#primaryimage\"},\"thumbnailUrl\":\"https:\\\/\\\/emisarioec.com\\\/wp-content\\\/uploads\\\/2026\\\/08\\\/1-14.jpg\",\"datePublished\":\"2026-08-16T21:00:00+00:00\",\"dateModified\":\"2026-08-18T00:49:50+00:00\",\"breadcrumb\":{\"@id\":\"https:\\\/\\\/emisarioec.com\\\/index.php\\\/2026\\\/08\\\/16\\\/transformacion-integral-en-balzar-puente-sobre-el-rio-macul-rehabilitacion-de-vias-acciones-preventivas-y-atencion-social-mejoran-la-calidad-de-vida-de-cientos-de-familias-en-la-administracion-de\\\/#breadcrumb\"},\"inLanguage\":\"es\",\"potentialAction\":[{\"@type\":\"ReadAction\",\"target\":[\"https:\\\/\\\/emisarioec.com\\\/index.php\\\/2026\\\/08\\\/16\\\/transformacion-integral-en-balzar-puente-sobre-el-rio-macul-rehabilitacion-de-vias-acciones-preventivas-y-atencion-social-mejoran-la-calidad-de-vida-de-cientos-de-familias-en-la-administracion-de\\\/\"]}]},{\"@type\":\"ImageObject\",\"inLanguage\":\"es\",\"@id\":\"https:\\\/\\\/emisarioec.com\\\/index.php\\\/2026\\\/08\\\/16\\\/transformacion-integral-en-balzar-puente-sobre-el-rio-macul-rehabilitacion-de-vias-acciones-preventivas-y-atencion-social-mejoran-la-calidad-de-vida-de-cientos-de-familias-en-la-administracion-de\\\/#primaryimage\",\"url\":\"https:\\\/\\\/emisarioec.com\\\/wp-content\\\/uploads\\\/2026\\\/08\\\/1-14.jpg\",\"contentUrl\":\"https:\\\/\\\/emisarioec.com\\\/wp-content\\\/uploads\\\/2026\\\/08\\\/1-14.jpg\",\"width\":860,\"height\":573},{\"@type\":\"BreadcrumbList\",\"@id\":\"https:\\\/\\\/emisarioec.com\\\/index.php\\\/2026\\\/08\\\/16\\\/transformacion-integral-en-balzar-puente-sobre-el-rio-macul-rehabilitacion-de-vias-acciones-preventivas-y-atencion-social-mejoran-la-calidad-de-vida-de-cientos-de-familias-en-la-administracion-de\\\/#breadcrumb\",\"itemListElement\":[{\"@type\":\"ListItem\",\"position\":1,\"name\":\"Portada\",\"item\":\"https:\\\/\\\/emisarioec.com\\\/\"},{\"@type\":\"ListItem\",\"position\":2,\"name\":\"Transformaci\u00f3n Integral en Balzar: Puente sobre el r\u00edo Macul, rehabilitaci\u00f3n de v\u00edas, acciones preventivas y atenci\u00f3n social, mejoran la calidad de vida de cientos de familias, en la administraci\u00f3n del prefecto Carlos Encalada\"}]},{\"@type\":\"WebSite\",\"@id\":\"https:\\\/\\\/emisarioec.com\\\/#website\",\"url\":\"https:\\\/\\\/emisarioec.com\\\/\",\"name\":\"Emisario Ec\",\"description\":\"Informar es un derecho que corresponde a hechos\",\"publisher\":{\"@id\":\"https:\\\/\\\/emisarioec.com\\\/#organization\"},\"potentialAction\":[{\"@type\":\"SearchAction\",\"target\":{\"@type\":\"EntryPoint\",\"urlTemplate\":\"https:\\\/\\\/emisarioec.com\\\/?s={search_term_string}\"},\"query-input\":{\"@type\":\"PropertyValueSpecification\",\"valueRequired\":true,\"valueName\":\"search_term_string\"}}],\"inLanguage\":\"es\"},{\"@type\":\"Organization\",\"@id\":\"https:\\\/\\\/emisarioec.com\\\/#organization\",\"name\":\"Emisario Ec\",\"url\":\"https:\\\/\\\/emisarioec.com\\\/\",\"logo\":{\"@type\":\"ImageObject\",\"inLanguage\":\"es\",\"@id\":\"https:\\\/\\\/emisarioec.com\\\/#\\\/schema\\\/logo\\\/image\\\/\",\"url\":\"https:\\\/\\\/emisarioec.com\\\/wp-content\\\/uploads\\\/2025\\\/06\\\/cropped-cropped-emisario-ico.png\",\"contentUrl\":\"https:\\\/\\\/emisarioec.com\\\/wp-content\\\/uploads\\\/2025\\\/06\\\/cropped-cropped-emisario-ico.png\",\"width\":512,\"height\":512,\"caption\":\"Emisario Ec\"},\"image\":{\"@id\":\"https:\\\/\\\/emisarioec.com\\\/#\\\/schema\\\/logo\\\/image\\\/\"}},{\"@type\":\"Person\",\"@id\":\"https:\\\/\\\/emisarioec.com\\\/#\\\/schema\\\/person\\\/2afb9da152d200f9b3feecf5f92da2d5\",\"name\":\"Emisario Ec\",\"url\":\"https:\\\/\\\/emisarioec.com\\\/index.php\\\/author\\\/admin_roberto\\\/\"}]}<\/script>\n<!-- \/ Yoast SEO plugin. -->","yoast_head_json":{"title":"Transformaci\u00f3n Integral en Balzar: Puente sobre el r\u00edo Macul, rehabilitaci\u00f3n de v\u00edas, acciones preventivas y atenci\u00f3n social, mejoran la calidad de vida de cientos de familias, en la administraci\u00f3n del prefecto Carlos Encalada - Emisario Ec","robots":{"index":"index","follow":"follow","max-snippet":"max-snippet:-1","max-image-preview":"max-image-preview:large","max-video-preview":"max-video-preview:-1"},"canonical":"https:\/\/emisarioec.com\/index.php\/2026\/08\/16\/transformacion-integral-en-balzar-puente-sobre-el-rio-macul-rehabilitacion-de-vias-acciones-preventivas-y-atencion-social-mejoran-la-calidad-de-vida-de-cientos-de-familias-en-la-administracion-de\/","og_locale":"es_ES","og_type":"article","og_title":"Transformaci\u00f3n Integral en Balzar: Puente sobre el r\u00edo Macul, rehabilitaci\u00f3n de v\u00edas, acciones preventivas y atenci\u00f3n social, mejoran la calidad de vida de cientos de familias, en la administraci\u00f3n del prefecto Carlos Encalada - Emisario Ec","og_description":"La obra de $2.5 millones de d\u00f3lares contar\u00e1 con accesos viales asfaltados de alta resistencia, sistemas de drenaje y protecci\u00f3n hidr\u00e1ulica","og_url":"https:\/\/emisarioec.com\/index.php\/2026\/08\/16\/transformacion-integral-en-balzar-puente-sobre-el-rio-macul-rehabilitacion-de-vias-acciones-preventivas-y-atencion-social-mejoran-la-calidad-de-vida-de-cientos-de-familias-en-la-administracion-de\/","og_site_name":"Emisario Ec","article_published_time":"2026-08-16T21:00:00+00:00","article_modified_time":"2026-08-18T00:49:50+00:00","og_image":[{"width":860,"height":573,"url":"https:\/\/emisarioec.com\/wp-content\/uploads\/2026\/08\/1-14.jpg","type":"image\/jpeg"}],"author":"Emisario Ec","twitter_card":"summary_large_image","twitter_misc":{"Escrito por":"Emisario Ec","Tiempo de lectura":"3 minutos"},"schema":{"@context":"https:\/\/schema.org","@graph":[{"@type":"Article","@id":"https:\/\/emisarioec.com\/index.php\/2026\/08\/16\/transformacion-integral-en-balzar-puente-sobre-el-rio-macul-rehabilitacion-de-vias-acciones-preventivas-y-atencion-social-mejoran-la-calidad-de-vida-de-cientos-de-familias-en-la-administracion-de\/#article","isPartOf":{"@id":"https:\/\/emisarioec.com\/index.php\/2026\/08\/16\/transformacion-integral-en-balzar-puente-sobre-el-rio-macul-rehabilitacion-de-vias-acciones-preventivas-y-atencion-social-mejoran-la-calidad-de-vida-de-cientos-de-familias-en-la-administracion-de\/"},"author":{"name":"Emisario Ec","@id":"https:\/\/emisarioec.com\/#\/schema\/person\/2afb9da152d200f9b3feecf5f92da2d5"},"headline":"Transformaci\u00f3n Integral en Balzar: Puente sobre el r\u00edo Macul, rehabilitaci\u00f3n de v\u00edas, acciones preventivas y atenci\u00f3n social, mejoran la calidad de vida de cientos de familias, en la administraci\u00f3n del prefecto Carlos Encalada","datePublished":"2026-08-16T21:00:00+00:00","dateModified":"2026-08-18T00:49:50+00:00","mainEntityOfPage":{"@id":"https:\/\/emisarioec.com\/index.php\/2026\/08\/16\/transformacion-integral-en-balzar-puente-sobre-el-rio-macul-rehabilitacion-de-vias-acciones-preventivas-y-atencion-social-mejoran-la-calidad-de-vida-de-cientos-de-familias-en-la-administracion-de\/"},"wordCount":515,"publisher":{"@id":"https:\/\/emisarioec.com\/#organization"},"image":{"@id":"https:\/\/emisarioec.com\/index.php\/2026\/08\/16\/transformacion-integral-en-balzar-puente-sobre-el-rio-macul-rehabilitacion-de-vias-acciones-preventivas-y-atencion-social-mejoran-la-calidad-de-vida-de-cientos-de-familias-en-la-administracion-de\/#primaryimage"},"thumbnailUrl":"https:\/\/emisarioec.com\/wp-content\/uploads\/2026\/08\/1-14.jpg","keywords":["Balzar","Prefecto Carlos Encalada","Prefectura del Guayas"],"articleSection":["Actualidad"],"inLanguage":"es"},{"@type":"WebPage","@id":"https:\/\/emisarioec.com\/index.php\/2026\/08\/16\/transformacion-integral-en-balzar-puente-sobre-el-rio-macul-rehabilitacion-de-vias-acciones-preventivas-y-atencion-social-mejoran-la-calidad-de-vida-de-cientos-de-familias-en-la-administracion-de\/","url":"https:\/\/emisarioec.com\/index.php\/2026\/08\/16\/transformacion-integral-en-balzar-puente-sobre-el-rio-macul-rehabilitacion-de-vias-acciones-preventivas-y-atencion-social-mejoran-la-calidad-de-vida-de-cientos-de-familias-en-la-administracion-de\/","name":"Transformaci\u00f3n Integral en Balzar: Puente sobre el r\u00edo Macul, rehabilitaci\u00f3n de v\u00edas, acciones preventivas y atenci\u00f3n social, mejoran la calidad de vida de cientos de familias, en la administraci\u00f3n del prefecto Carlos Encalada - Emisario Ec","isPartOf":{"@id":"https:\/\/emisarioec.com\/#website"},"primaryImageOfPage":{"@id":"https:\/\/emisarioec.com\/index.php\/2026\/08\/16\/transformacion-integral-en-balzar-puente-sobre-el-rio-macul-rehabilitacion-de-vias-acciones-preventivas-y-atencion-social-mejoran-la-calidad-de-vida-de-cientos-de-familias-en-la-administracion-de\/#primaryimage"},"image":{"@id":"https:\/\/emisarioec.com\/index.php\/2026\/08\/16\/transformacion-integral-en-balzar-puente-sobre-el-rio-macul-rehabilitacion-de-vias-acciones-preventivas-y-atencion-social-mejoran-la-calidad-de-vida-de-cientos-de-familias-en-la-administracion-de\/#primaryimage"},"thumbnailUrl":"https:\/\/emisarioec.com\/wp-content\/uploads\/2026\/08\/1-14.jpg","datePublished":"2026-08-16T21:00:00+00:00","dateModified":"2026-08-18T00:49:50+00:00","breadcrumb":{"@id":"https:\/\/emisarioec.com\/index.php\/2026\/08\/16\/transformacion-integral-en-balzar-puente-sobre-el-rio-macul-rehabilitacion-de-vias-acciones-preventivas-y-atencion-social-mejoran-la-calidad-de-vida-de-cientos-de-familias-en-la-administracion-de\/#breadcrumb"},"inLanguage":"es","potentialAction":[{"@type":"ReadAction","target":["https:\/\/emisarioec.com\/index.php\/2026\/08\/16\/transformacion-integral-en-balzar-puente-sobre-el-rio-macul-rehabilitacion-de-vias-acciones-preventivas-y-atencion-social-mejoran-la-calidad-de-vida-de-cientos-de-familias-en-la-administracion-de\/"]}]},{"@type":"ImageObject","inLanguage":"es","@id":"https:\/\/emisarioec.com\/index.php\/2026\/08\/16\/transformacion-integral-en-balzar-puente-sobre-el-rio-macul-rehabilitacion-de-vias-acciones-preventivas-y-atencion-social-mejoran-la-calidad-de-vida-de-cientos-de-familias-en-la-administracion-de\/#primaryimage","url":"https:\/\/emisarioec.com\/wp-content\/uploads\/2026\/08\/1-14.jpg","contentUrl":"https:\/\/emisarioec.com\/wp-content\/uploads\/2026\/08\/1-14.jpg","width":860,"height":573},{"@type":"BreadcrumbList","@id":"https:\/\/emisarioec.com\/index.php\/2026\/08\/16\/transformacion-integral-en-balzar-puente-sobre-el-rio-macul-rehabilitacion-de-vias-acciones-preventivas-y-atencion-social-mejoran-la-calidad-de-vida-de-cientos-de-familias-en-la-administracion-de\/#breadcrumb","itemListElement":[{"@type":"ListItem","position":1,"name":"Portada","item":"https:\/\/emisarioec.com\/"},{"@type":"ListItem","position":2,"name":"Transformaci\u00f3n Integral en Balzar: Puente sobre el r\u00edo Macul, rehabilitaci\u00f3n de v\u00edas, acciones preventivas y atenci\u00f3n social, mejoran la calidad de vida de cientos de familias, en la administraci\u00f3n del prefecto Carlos Encalada"}]},{"@type":"WebSite","@id":"https:\/\/emisarioec.com\/#website","url":"https:\/\/emisarioec.com\/","name":"Emisario Ec","description":"Informar es un derecho que corresponde a hechos","publisher":{"@id":"https:\/\/emisarioec.com\/#organization"},"potentialAction":[{"@type":"SearchAction","target":{"@type":"EntryPoint","urlTemplate":"https:\/\/emisarioec.com\/?s={search_term_string}"},"query-input":{"@type":"PropertyValueSpecification","valueRequired":true,"valueName":"search_term_string"}}],"inLanguage":"es"},{"@type":"Organization","@id":"https:\/\/emisarioec.com\/#organization","name":"Emisario Ec","url":"https:\/\/emisarioec.com\/","logo":{"@type":"ImageObject","inLanguage":"es","@id":"https:\/\/emisarioec.com\/#\/schema\/logo\/image\/","url":"https:\/\/emisarioec.com\/wp-content\/uploads\/2025\/06\/cropped-cropped-emisario-ico.png","contentUrl":"https:\/\/emisarioec.com\/wp-content\/uploads\/2025\/06\/cropped-cropped-emisario-ico.png","width":512,"height":512,"caption":"Emisario Ec"},"image":{"@id":"https:\/\/emisarioec.com\/#\/schema\/logo\/image\/"}},{"@type":"Person","@id":"https:\/\/emisarioec.com\/#\/schema\/person\/2afb9da152d200f9b3feecf5f92da2d5","name":"Emisario Ec","url":"https:\/\/emisarioec.com\/index.php\/author\/admin_roberto\/"}]}},"jetpack_featured_media_url":"https:\/\/emisarioec.com\/wp-content\/uploads\/2026\/08\/1-14.jpg","_links":{"self":[{"href":"https:\/\/emisarioec.com\/index.php\/wp-json\/wp\/v2\/posts\/4080","targetHints":{"allow":["GET"]}}],"collection":[{"href":"https:\/\/emisarioec.com\/index.php\/wp-json\/wp\/v2\/posts"}],"about":[{"href":"https:\/\/emisarioec.com\/index.php\/wp-json\/wp\/v2\/types\/post"}],"author":[{"embeddable":true,"href":"https:\/\/emisarioec.com\/index.php\/wp-json\/wp\/v2\/users\/2"}],"replies":[{"embeddable":true,"href":"https:\/\/emisarioec.com\/index.php\/wp-json\/wp\/v2\/comments?post=4080"}],"version-history":[{"count":1,"href":"https:\/\/emisarioec.com\/index.php\/wp-json\/wp\/v2\/posts\/4080\/revisions"}],"predecessor-version":[{"id":4082,"href":"https:\/\/emisarioec.com\/index.php\/wp-json\/wp\/v2\/posts\/4080\/revisions\/4082"}],"wp:featuredmedia":[{"embeddable":true,"href":"https:\/\/emisarioec.com\/index.php\/wp-json\/wp\/v2\/media\/4081"}],"wp:attachment":[{"href":"https:\/\/emisarioec.com\/index.php\/wp-json\/wp\/v2\/media?parent=4080"}],"wp:term":[{"taxonomy":"category","embeddable":true,"href":"https:\/\/emisarioec.com\/index.php\/wp-json\/wp\/v2\/categories?post=4080"},{"taxonomy":"post_tag","embeddable":true,"href":"https:\/\/emisarioec.com\/index.php\/wp-json\/wp\/v2\/tags?post=4080"}],"curies":[{"name":"wp","href":"https:\/\/api.w.org\/{rel}","templated":true}]}}