{"id":4096,"date":"2026-08-18T13:25:00","date_gmt":"2026-08-18T18:25:00","guid":{"rendered":"https:\/\/emisarioec.com\/?p=4096"},"modified":"2026-08-19T08:15:45","modified_gmt":"2026-08-19T13:15:45","slug":"banco-del-pacifico-y-banco-solidario-impulsan-una-alianza-que-amplia-oportunidades-para-miles-de-ecuatorianos","status":"publish","type":"post","link":"https:\/\/emisarioec.com\/index.php\/2026\/08\/18\/banco-del-pacifico-y-banco-solidario-impulsan-una-alianza-que-amplia-oportunidades-para-miles-de-ecuatorianos\/","title":{"rendered":"Banco del Pac\u00edfico y Banco Solidario impulsan una alianza que ampl\u00eda oportunidades para miles de ecuatorianos"},"content":{"rendered":"\n<p class=\"wp-block-paragraph\">Constan en la fotograf\u00eda de derecha a izquierda: Camilo Mu\u00f1oz (vicepresidente Medios de Pago Banco del Pac\u00edfico), Estevan Abad (vicepresidente de Negocios Banco Solidario), F\u00e1tima Miranda (Gerente de Vicepresidencia Ejecutiva Banco del Pac\u00edfico), Byron Garz\u00f3n (Gerente de Productos Tarjeta de Cr\u00e9dito Banco Solidario), Jorge Gonz\u00e1lez (Gerente de Negocios Tarjeta de Cr\u00e9dito Banco Solidario) y V\u00edctor Leone (Gerente Nacional de Medios de Pago Banco del Pac\u00edfico).<\/p>\n\n\n\n<p class=\"wp-block-paragraph\">Banco del Pac\u00edfico y Banco Solidario fortalecen su alianza estrat\u00e9gica para impulsar la inclusi\u00f3n financiera y ampliar las oportunidades de pago para miles de ecuatorianos.<\/p>\n\n\n\n<p class=\"wp-block-paragraph\">A trav\u00e9s de esta alianza, la tarjeta <strong>ALIA de Banco Solidario<\/strong> se integra al ecosistema de comercios afiliados a <strong>PacifiCard,<\/strong> ampliando su red de aceptaci\u00f3n de 47.000 a m\u00e1s de 80.000 establecimientos a nivel nacional.<br><br>Esta integraci\u00f3n cuenta con el respaldo de la infraestructura tecnol\u00f3gica de Datafast y la amplia cobertura de medios de pago de Banco del Pac\u00edfico, brindando mayor accesibilidad, seguridad y comodidad a los usuarios, y nuevas oportunidades de negocio para los comercios.<\/p>\n\n\n\n<p class=\"wp-block-paragraph\">Con esta alianza, ambas instituciones reafirman su compromiso de impulsar soluciones de pago innovadoras y fortalecer el ecosistema financiero ecuatoriano.<\/p>\n\n\n\n<p class=\"wp-block-paragraph\"><strong>Banco del Pac\u00edfico, tu banco banco.<\/strong><\/p>\n","protected":false},"excerpt":{"rendered":"<p>Constan en la fotograf\u00eda de derecha a izquierda: Camilo Mu\u00f1oz (vicepresidente Medios de Pago Banco del Pac\u00edfico), Estevan Abad (vicepresidente de Negocios Banco Solidario), F\u00e1tima Miranda (Gerente de Vicepresidencia Ejecutiva Banco del Pac\u00edfico), Byron Garz\u00f3n (Gerente de Productos Tarjeta de Cr\u00e9dito Banco Solidario), Jorge Gonz\u00e1lez (Gerente de Negocios Tarjeta de Cr\u00e9dito Banco Solidario) y V\u00edctor<\/p>\n","protected":false},"author":2,"featured_media":4097,"comment_status":"closed","ping_status":"open","sticky":false,"template":"","format":"standard","meta":{"footnotes":""},"categories":[2],"tags":[287,1817,33],"class_list":["post-4096","post","type-post","status-publish","format-standard","has-post-thumbnail","hentry","category-destacados","tag-banco-del-pacifico","tag-banco-solidario","tag-ecuador"],"yoast_head":"<!-- This site is optimized with the Yoast SEO plugin v28.4 - https:\/\/yoast.com\/product\/yoast-seo-wordpress\/ -->\n<title>Banco del Pac\u00edfico y Banco Solidario impulsan una alianza que ampl\u00eda oportunidades para miles de ecuatorianos - Emisario Ec<\/title>\n<meta name=\"robots\" content=\"index, follow, max-snippet:-1, max-image-preview:large, max-video-preview:-1\" \/>\n<link rel=\"canonical\" href=\"https:\/\/emisarioec.com\/index.php\/2026\/08\/18\/banco-del-pacifico-y-banco-solidario-impulsan-una-alianza-que-amplia-oportunidades-para-miles-de-ecuatorianos\/\" \/>\n<meta property=\"og:locale\" content=\"es_ES\" \/>\n<meta property=\"og:type\" content=\"article\" \/>\n<meta property=\"og:title\" content=\"Banco del Pac\u00edfico y Banco Solidario impulsan una alianza que ampl\u00eda oportunidades para miles de ecuatorianos - Emisario Ec\" \/>\n<meta property=\"og:description\" content=\"Constan en la fotograf\u00eda de derecha a izquierda: Camilo Mu\u00f1oz (vicepresidente Medios de Pago Banco del Pac\u00edfico), Estevan Abad (vicepresidente de Negocios Banco Solidario), F\u00e1tima Miranda (Gerente de Vicepresidencia Ejecutiva Banco del Pac\u00edfico), Byron Garz\u00f3n (Gerente de Productos Tarjeta de Cr\u00e9dito Banco Solidario), Jorge Gonz\u00e1lez (Gerente de Negocios Tarjeta de Cr\u00e9dito Banco Solidario) y V\u00edctor\" \/>\n<meta property=\"og:url\" content=\"https:\/\/emisarioec.com\/index.php\/2026\/08\/18\/banco-del-pacifico-y-banco-solidario-impulsan-una-alianza-que-amplia-oportunidades-para-miles-de-ecuatorianos\/\" \/>\n<meta property=\"og:site_name\" content=\"Emisario Ec\" \/>\n<meta property=\"article:published_time\" content=\"2026-08-18T18:25:00+00:00\" \/>\n<meta property=\"article:modified_time\" content=\"2026-08-19T13:15:45+00:00\" \/>\n<meta property=\"og:image\" content=\"https:\/\/emisarioec.com\/wp-content\/uploads\/2026\/08\/1-17.jpg\" \/>\n\t<meta property=\"og:image:width\" content=\"841\" \/>\n\t<meta property=\"og:image:height\" content=\"586\" \/>\n\t<meta property=\"og:image:type\" content=\"image\/jpeg\" \/>\n<meta name=\"author\" content=\"Emisario Ec\" \/>\n<meta name=\"twitter:card\" content=\"summary_large_image\" \/>\n<meta name=\"twitter:label1\" content=\"Escrito por\" \/>\n\t<meta name=\"twitter:data1\" content=\"Emisario Ec\" \/>\n\t<meta name=\"twitter:label2\" content=\"Tiempo de lectura\" \/>\n\t<meta name=\"twitter:data2\" content=\"2 minutos\" \/>\n<script type=\"application\/ld+json\" class=\"yoast-schema-graph\">{\"@context\":\"https:\\\/\\\/schema.org\",\"@graph\":[{\"@type\":\"Article\",\"@id\":\"https:\\\/\\\/emisarioec.com\\\/index.php\\\/2026\\\/08\\\/18\\\/banco-del-pacifico-y-banco-solidario-impulsan-una-alianza-que-amplia-oportunidades-para-miles-de-ecuatorianos\\\/#article\",\"isPartOf\":{\"@id\":\"https:\\\/\\\/emisarioec.com\\\/index.php\\\/2026\\\/08\\\/18\\\/banco-del-pacifico-y-banco-solidario-impulsan-una-alianza-que-amplia-oportunidades-para-miles-de-ecuatorianos\\\/\"},\"author\":{\"name\":\"Emisario Ec\",\"@id\":\"https:\\\/\\\/emisarioec.com\\\/#\\\/schema\\\/person\\\/2afb9da152d200f9b3feecf5f92da2d5\"},\"headline\":\"Banco del Pac\u00edfico y Banco Solidario impulsan una alianza que ampl\u00eda oportunidades para miles de ecuatorianos\",\"datePublished\":\"2026-08-18T18:25:00+00:00\",\"dateModified\":\"2026-08-19T13:15:45+00:00\",\"mainEntityOfPage\":{\"@id\":\"https:\\\/\\\/emisarioec.com\\\/index.php\\\/2026\\\/08\\\/18\\\/banco-del-pacifico-y-banco-solidario-impulsan-una-alianza-que-amplia-oportunidades-para-miles-de-ecuatorianos\\\/\"},\"wordCount\":229,\"publisher\":{\"@id\":\"https:\\\/\\\/emisarioec.com\\\/#organization\"},\"image\":{\"@id\":\"https:\\\/\\\/emisarioec.com\\\/index.php\\\/2026\\\/08\\\/18\\\/banco-del-pacifico-y-banco-solidario-impulsan-una-alianza-que-amplia-oportunidades-para-miles-de-ecuatorianos\\\/#primaryimage\"},\"thumbnailUrl\":\"https:\\\/\\\/emisarioec.com\\\/wp-content\\\/uploads\\\/2026\\\/08\\\/1-17.jpg\",\"keywords\":[\"Banco del Pac\u00edfico\",\"Banco Solidario\",\"Ecuador\"],\"articleSection\":[\"Destacados\"],\"inLanguage\":\"es\"},{\"@type\":\"WebPage\",\"@id\":\"https:\\\/\\\/emisarioec.com\\\/index.php\\\/2026\\\/08\\\/18\\\/banco-del-pacifico-y-banco-solidario-impulsan-una-alianza-que-amplia-oportunidades-para-miles-de-ecuatorianos\\\/\",\"url\":\"https:\\\/\\\/emisarioec.com\\\/index.php\\\/2026\\\/08\\\/18\\\/banco-del-pacifico-y-banco-solidario-impulsan-una-alianza-que-amplia-oportunidades-para-miles-de-ecuatorianos\\\/\",\"name\":\"Banco del Pac\u00edfico y Banco Solidario impulsan una alianza que ampl\u00eda oportunidades para miles de ecuatorianos - Emisario Ec\",\"isPartOf\":{\"@id\":\"https:\\\/\\\/emisarioec.com\\\/#website\"},\"primaryImageOfPage\":{\"@id\":\"https:\\\/\\\/emisarioec.com\\\/index.php\\\/2026\\\/08\\\/18\\\/banco-del-pacifico-y-banco-solidario-impulsan-una-alianza-que-amplia-oportunidades-para-miles-de-ecuatorianos\\\/#primaryimage\"},\"image\":{\"@id\":\"https:\\\/\\\/emisarioec.com\\\/index.php\\\/2026\\\/08\\\/18\\\/banco-del-pacifico-y-banco-solidario-impulsan-una-alianza-que-amplia-oportunidades-para-miles-de-ecuatorianos\\\/#primaryimage\"},\"thumbnailUrl\":\"https:\\\/\\\/emisarioec.com\\\/wp-content\\\/uploads\\\/2026\\\/08\\\/1-17.jpg\",\"datePublished\":\"2026-08-18T18:25:00+00:00\",\"dateModified\":\"2026-08-19T13:15:45+00:00\",\"breadcrumb\":{\"@id\":\"https:\\\/\\\/emisarioec.com\\\/index.php\\\/2026\\\/08\\\/18\\\/banco-del-pacifico-y-banco-solidario-impulsan-una-alianza-que-amplia-oportunidades-para-miles-de-ecuatorianos\\\/#breadcrumb\"},\"inLanguage\":\"es\",\"potentialAction\":[{\"@type\":\"ReadAction\",\"target\":[\"https:\\\/\\\/emisarioec.com\\\/index.php\\\/2026\\\/08\\\/18\\\/banco-del-pacifico-y-banco-solidario-impulsan-una-alianza-que-amplia-oportunidades-para-miles-de-ecuatorianos\\\/\"]}]},{\"@type\":\"ImageObject\",\"inLanguage\":\"es\",\"@id\":\"https:\\\/\\\/emisarioec.com\\\/index.php\\\/2026\\\/08\\\/18\\\/banco-del-pacifico-y-banco-solidario-impulsan-una-alianza-que-amplia-oportunidades-para-miles-de-ecuatorianos\\\/#primaryimage\",\"url\":\"https:\\\/\\\/emisarioec.com\\\/wp-content\\\/uploads\\\/2026\\\/08\\\/1-17.jpg\",\"contentUrl\":\"https:\\\/\\\/emisarioec.com\\\/wp-content\\\/uploads\\\/2026\\\/08\\\/1-17.jpg\",\"width\":841,\"height\":586},{\"@type\":\"BreadcrumbList\",\"@id\":\"https:\\\/\\\/emisarioec.com\\\/index.php\\\/2026\\\/08\\\/18\\\/banco-del-pacifico-y-banco-solidario-impulsan-una-alianza-que-amplia-oportunidades-para-miles-de-ecuatorianos\\\/#breadcrumb\",\"itemListElement\":[{\"@type\":\"ListItem\",\"position\":1,\"name\":\"Portada\",\"item\":\"https:\\\/\\\/emisarioec.com\\\/\"},{\"@type\":\"ListItem\",\"position\":2,\"name\":\"Banco del Pac\u00edfico y Banco Solidario impulsan una alianza que ampl\u00eda oportunidades para miles de ecuatorianos\"}]},{\"@type\":\"WebSite\",\"@id\":\"https:\\\/\\\/emisarioec.com\\\/#website\",\"url\":\"https:\\\/\\\/emisarioec.com\\\/\",\"name\":\"Emisario Ec\",\"description\":\"Informar es un derecho que corresponde a hechos\",\"publisher\":{\"@id\":\"https:\\\/\\\/emisarioec.com\\\/#organization\"},\"potentialAction\":[{\"@type\":\"SearchAction\",\"target\":{\"@type\":\"EntryPoint\",\"urlTemplate\":\"https:\\\/\\\/emisarioec.com\\\/?s={search_term_string}\"},\"query-input\":{\"@type\":\"PropertyValueSpecification\",\"valueRequired\":true,\"valueName\":\"search_term_string\"}}],\"inLanguage\":\"es\"},{\"@type\":\"Organization\",\"@id\":\"https:\\\/\\\/emisarioec.com\\\/#organization\",\"name\":\"Emisario Ec\",\"url\":\"https:\\\/\\\/emisarioec.com\\\/\",\"logo\":{\"@type\":\"ImageObject\",\"inLanguage\":\"es\",\"@id\":\"https:\\\/\\\/emisarioec.com\\\/#\\\/schema\\\/logo\\\/image\\\/\",\"url\":\"https:\\\/\\\/emisarioec.com\\\/wp-content\\\/uploads\\\/2025\\\/06\\\/cropped-cropped-emisario-ico.png\",\"contentUrl\":\"https:\\\/\\\/emisarioec.com\\\/wp-content\\\/uploads\\\/2025\\\/06\\\/cropped-cropped-emisario-ico.png\",\"width\":512,\"height\":512,\"caption\":\"Emisario Ec\"},\"image\":{\"@id\":\"https:\\\/\\\/emisarioec.com\\\/#\\\/schema\\\/logo\\\/image\\\/\"}},{\"@type\":\"Person\",\"@id\":\"https:\\\/\\\/emisarioec.com\\\/#\\\/schema\\\/person\\\/2afb9da152d200f9b3feecf5f92da2d5\",\"name\":\"Emisario Ec\",\"url\":\"https:\\\/\\\/emisarioec.com\\\/index.php\\\/author\\\/admin_roberto\\\/\"}]}<\/script>\n<!-- \/ Yoast SEO plugin. -->","yoast_head_json":{"title":"Banco del Pac\u00edfico y Banco Solidario impulsan una alianza que ampl\u00eda oportunidades para miles de ecuatorianos - Emisario Ec","robots":{"index":"index","follow":"follow","max-snippet":"max-snippet:-1","max-image-preview":"max-image-preview:large","max-video-preview":"max-video-preview:-1"},"canonical":"https:\/\/emisarioec.com\/index.php\/2026\/08\/18\/banco-del-pacifico-y-banco-solidario-impulsan-una-alianza-que-amplia-oportunidades-para-miles-de-ecuatorianos\/","og_locale":"es_ES","og_type":"article","og_title":"Banco del Pac\u00edfico y Banco Solidario impulsan una alianza que ampl\u00eda oportunidades para miles de ecuatorianos - Emisario Ec","og_description":"Constan en la fotograf\u00eda de derecha a izquierda: Camilo Mu\u00f1oz (vicepresidente Medios de Pago Banco del Pac\u00edfico), Estevan Abad (vicepresidente de Negocios Banco Solidario), F\u00e1tima Miranda (Gerente de Vicepresidencia Ejecutiva Banco del Pac\u00edfico), Byron Garz\u00f3n (Gerente de Productos Tarjeta de Cr\u00e9dito Banco Solidario), Jorge Gonz\u00e1lez (Gerente de Negocios Tarjeta de Cr\u00e9dito Banco Solidario) y V\u00edctor","og_url":"https:\/\/emisarioec.com\/index.php\/2026\/08\/18\/banco-del-pacifico-y-banco-solidario-impulsan-una-alianza-que-amplia-oportunidades-para-miles-de-ecuatorianos\/","og_site_name":"Emisario Ec","article_published_time":"2026-08-18T18:25:00+00:00","article_modified_time":"2026-08-19T13:15:45+00:00","og_image":[{"width":841,"height":586,"url":"https:\/\/emisarioec.com\/wp-content\/uploads\/2026\/08\/1-17.jpg","type":"image\/jpeg"}],"author":"Emisario Ec","twitter_card":"summary_large_image","twitter_misc":{"Escrito por":"Emisario Ec","Tiempo de lectura":"2 minutos"},"schema":{"@context":"https:\/\/schema.org","@graph":[{"@type":"Article","@id":"https:\/\/emisarioec.com\/index.php\/2026\/08\/18\/banco-del-pacifico-y-banco-solidario-impulsan-una-alianza-que-amplia-oportunidades-para-miles-de-ecuatorianos\/#article","isPartOf":{"@id":"https:\/\/emisarioec.com\/index.php\/2026\/08\/18\/banco-del-pacifico-y-banco-solidario-impulsan-una-alianza-que-amplia-oportunidades-para-miles-de-ecuatorianos\/"},"author":{"name":"Emisario Ec","@id":"https:\/\/emisarioec.com\/#\/schema\/person\/2afb9da152d200f9b3feecf5f92da2d5"},"headline":"Banco del Pac\u00edfico y Banco Solidario impulsan una alianza que ampl\u00eda oportunidades para miles de ecuatorianos","datePublished":"2026-08-18T18:25:00+00:00","dateModified":"2026-08-19T13:15:45+00:00","mainEntityOfPage":{"@id":"https:\/\/emisarioec.com\/index.php\/2026\/08\/18\/banco-del-pacifico-y-banco-solidario-impulsan-una-alianza-que-amplia-oportunidades-para-miles-de-ecuatorianos\/"},"wordCount":229,"publisher":{"@id":"https:\/\/emisarioec.com\/#organization"},"image":{"@id":"https:\/\/emisarioec.com\/index.php\/2026\/08\/18\/banco-del-pacifico-y-banco-solidario-impulsan-una-alianza-que-amplia-oportunidades-para-miles-de-ecuatorianos\/#primaryimage"},"thumbnailUrl":"https:\/\/emisarioec.com\/wp-content\/uploads\/2026\/08\/1-17.jpg","keywords":["Banco del Pac\u00edfico","Banco Solidario","Ecuador"],"articleSection":["Destacados"],"inLanguage":"es"},{"@type":"WebPage","@id":"https:\/\/emisarioec.com\/index.php\/2026\/08\/18\/banco-del-pacifico-y-banco-solidario-impulsan-una-alianza-que-amplia-oportunidades-para-miles-de-ecuatorianos\/","url":"https:\/\/emisarioec.com\/index.php\/2026\/08\/18\/banco-del-pacifico-y-banco-solidario-impulsan-una-alianza-que-amplia-oportunidades-para-miles-de-ecuatorianos\/","name":"Banco del Pac\u00edfico y Banco Solidario impulsan una alianza que ampl\u00eda oportunidades para miles de ecuatorianos - Emisario Ec","isPartOf":{"@id":"https:\/\/emisarioec.com\/#website"},"primaryImageOfPage":{"@id":"https:\/\/emisarioec.com\/index.php\/2026\/08\/18\/banco-del-pacifico-y-banco-solidario-impulsan-una-alianza-que-amplia-oportunidades-para-miles-de-ecuatorianos\/#primaryimage"},"image":{"@id":"https:\/\/emisarioec.com\/index.php\/2026\/08\/18\/banco-del-pacifico-y-banco-solidario-impulsan-una-alianza-que-amplia-oportunidades-para-miles-de-ecuatorianos\/#primaryimage"},"thumbnailUrl":"https:\/\/emisarioec.com\/wp-content\/uploads\/2026\/08\/1-17.jpg","datePublished":"2026-08-18T18:25:00+00:00","dateModified":"2026-08-19T13:15:45+00:00","breadcrumb":{"@id":"https:\/\/emisarioec.com\/index.php\/2026\/08\/18\/banco-del-pacifico-y-banco-solidario-impulsan-una-alianza-que-amplia-oportunidades-para-miles-de-ecuatorianos\/#breadcrumb"},"inLanguage":"es","potentialAction":[{"@type":"ReadAction","target":["https:\/\/emisarioec.com\/index.php\/2026\/08\/18\/banco-del-pacifico-y-banco-solidario-impulsan-una-alianza-que-amplia-oportunidades-para-miles-de-ecuatorianos\/"]}]},{"@type":"ImageObject","inLanguage":"es","@id":"https:\/\/emisarioec.com\/index.php\/2026\/08\/18\/banco-del-pacifico-y-banco-solidario-impulsan-una-alianza-que-amplia-oportunidades-para-miles-de-ecuatorianos\/#primaryimage","url":"https:\/\/emisarioec.com\/wp-content\/uploads\/2026\/08\/1-17.jpg","contentUrl":"https:\/\/emisarioec.com\/wp-content\/uploads\/2026\/08\/1-17.jpg","width":841,"height":586},{"@type":"BreadcrumbList","@id":"https:\/\/emisarioec.com\/index.php\/2026\/08\/18\/banco-del-pacifico-y-banco-solidario-impulsan-una-alianza-que-amplia-oportunidades-para-miles-de-ecuatorianos\/#breadcrumb","itemListElement":[{"@type":"ListItem","position":1,"name":"Portada","item":"https:\/\/emisarioec.com\/"},{"@type":"ListItem","position":2,"name":"Banco del Pac\u00edfico y Banco Solidario impulsan una alianza que ampl\u00eda oportunidades para miles de ecuatorianos"}]},{"@type":"WebSite","@id":"https:\/\/emisarioec.com\/#website","url":"https:\/\/emisarioec.com\/","name":"Emisario Ec","description":"Informar es un derecho que corresponde a hechos","publisher":{"@id":"https:\/\/emisarioec.com\/#organization"},"potentialAction":[{"@type":"SearchAction","target":{"@type":"EntryPoint","urlTemplate":"https:\/\/emisarioec.com\/?s={search_term_string}"},"query-input":{"@type":"PropertyValueSpecification","valueRequired":true,"valueName":"search_term_string"}}],"inLanguage":"es"},{"@type":"Organization","@id":"https:\/\/emisarioec.com\/#organization","name":"Emisario Ec","url":"https:\/\/emisarioec.com\/","logo":{"@type":"ImageObject","inLanguage":"es","@id":"https:\/\/emisarioec.com\/#\/schema\/logo\/image\/","url":"https:\/\/emisarioec.com\/wp-content\/uploads\/2025\/06\/cropped-cropped-emisario-ico.png","contentUrl":"https:\/\/emisarioec.com\/wp-content\/uploads\/2025\/06\/cropped-cropped-emisario-ico.png","width":512,"height":512,"caption":"Emisario Ec"},"image":{"@id":"https:\/\/emisarioec.com\/#\/schema\/logo\/image\/"}},{"@type":"Person","@id":"https:\/\/emisarioec.com\/#\/schema\/person\/2afb9da152d200f9b3feecf5f92da2d5","name":"Emisario Ec","url":"https:\/\/emisarioec.com\/index.php\/author\/admin_roberto\/"}]}},"jetpack_featured_media_url":"https:\/\/emisarioec.com\/wp-content\/uploads\/2026\/08\/1-17.jpg","_links":{"self":[{"href":"https:\/\/emisarioec.com\/index.php\/wp-json\/wp\/v2\/posts\/4096","targetHints":{"allow":["GET"]}}],"collection":[{"href":"https:\/\/emisarioec.com\/index.php\/wp-json\/wp\/v2\/posts"}],"about":[{"href":"https:\/\/emisarioec.com\/index.php\/wp-json\/wp\/v2\/types\/post"}],"author":[{"embeddable":true,"href":"https:\/\/emisarioec.com\/index.php\/wp-json\/wp\/v2\/users\/2"}],"replies":[{"embeddable":true,"href":"https:\/\/emisarioec.com\/index.php\/wp-json\/wp\/v2\/comments?post=4096"}],"version-history":[{"count":1,"href":"https:\/\/emisarioec.com\/index.php\/wp-json\/wp\/v2\/posts\/4096\/revisions"}],"predecessor-version":[{"id":4098,"href":"https:\/\/emisarioec.com\/index.php\/wp-json\/wp\/v2\/posts\/4096\/revisions\/4098"}],"wp:featuredmedia":[{"embeddable":true,"href":"https:\/\/emisarioec.com\/index.php\/wp-json\/wp\/v2\/media\/4097"}],"wp:attachment":[{"href":"https:\/\/emisarioec.com\/index.php\/wp-json\/wp\/v2\/media?parent=4096"}],"wp:term":[{"taxonomy":"category","embeddable":true,"href":"https:\/\/emisarioec.com\/index.php\/wp-json\/wp\/v2\/categories?post=4096"},{"taxonomy":"post_tag","embeddable":true,"href":"https:\/\/emisarioec.com\/index.php\/wp-json\/wp\/v2\/tags?post=4096"}],"curies":[{"name":"wp","href":"https:\/\/api.w.org\/{rel}","templated":true}]}}