{"id":4105,"date":"2026-08-21T16:45:00","date_gmt":"2026-08-21T21:45:00","guid":{"rendered":"https:\/\/emisarioec.com\/?p=4105"},"modified":"2026-08-21T22:50:04","modified_gmt":"2026-08-22T03:50:04","slug":"gobierno-nacional-fortalece-la-respuesta-humanitaria-con-capacitacion-especializada-y-atencion-ante-emergencias","status":"publish","type":"post","link":"https:\/\/emisarioec.com\/index.php\/2026\/08\/21\/gobierno-nacional-fortalece-la-respuesta-humanitaria-con-capacitacion-especializada-y-atencion-ante-emergencias\/","title":{"rendered":"Gobierno Nacional fortalece la respuesta humanitaria con capacitaci\u00f3n especializada y atenci\u00f3n ante emergencias"},"content":{"rendered":"\n<p class=\"wp-block-paragraph\">En el marco del D\u00eda Mundial de la Asistencia Humanitaria, el Gobierno Nacional, a trav\u00e9s de la Secretar\u00eda Nacional de Gesti\u00f3n de Riesgos (SNGR), destaca el trabajo de los equipos que se preparan y act\u00faan para atender a la poblaci\u00f3n ante emergencias y desastres. La asistencia humanitaria comienza antes de llegar a territorio y requiere preparaci\u00f3n, conocimiento, coordinaci\u00f3n y capacidad para tomar decisiones oportunas frente a escenarios que pueden cambiar en cuesti\u00f3n de minutos.<\/p>\n\n\n\n<p class=\"wp-block-paragraph\">En este contexto, se desarroll\u00f3 un evento conmemorativo en el Auditorio de la Unidad Escuela de Misiones de Paz \u201cEcuador\u201d (UEMPE), ubicado en el Fuerte Militar, en el cant\u00f3n Rumi\u00f1ahui, provincia de Pichincha. Durante la jornada, 30 representantes de diferentes instituciones participaron en un proceso de capacitaci\u00f3n orientado al fortalecimiento de capacidades para la gesti\u00f3n de alojamientos temporales, con el prop\u00f3sito de contar con personal preparado para brindar asistencia humanitaria y apoyar la respuesta ante situaciones de emergencia, dentro y fuera del pa\u00eds.<\/p>\n\n\n\n<p class=\"wp-block-paragraph\">Como parte de esta estrategia de preparaci\u00f3n, la SNGR lider\u00f3, del 17 al 21 de agosto de 2026, el Taller de Formador de Formadores en Gesti\u00f3n de Alojamientos Temporales (TOT-GAT), iniciativa orientada a fortalecer las capacidades t\u00e9cnicas nacionales y territoriales para la preparaci\u00f3n y respuesta ante emergencias y desastres. El proceso, desarrollado con el apoyo de la Organizaci\u00f3n Internacional para las Migraciones (OIM), en el marco del proyecto \u201cFortaleciendo Comunidades en Preparaci\u00f3n ante Desastres con Enfoque de G\u00e9nero, Desplazamiento y Migraci\u00f3n\u201d, permiti\u00f3 consolidar conocimientos especializados para garantizar la protecci\u00f3n, asistencia y prestaci\u00f3n de servicios esenciales a la poblaci\u00f3n damnificada y desplazada. El taller reuni\u00f3 a representantes de 13 Gobiernos Aut\u00f3nomos Descentralizados Municipales Distrito Metropolitano de Quito, Alaus\u00ed, Santa Isabel, Las Naves, Santa Ana, Urcuqu\u00ed, Putumayo, Aguarico, Santiago de P\u00edllaro, Jaramij\u00f3, Sevilla de Oro, C\u00e9lica y Pedro Moncayo, adem\u00e1s de la Cruz Roja Ecuatoriana, la UEMPE y la SNGR, consolidando una red nacional de facilitadores que fortalecer\u00e1 la capacidad de respuesta del pa\u00eds en materia de gesti\u00f3n de alojamientos temporales.<\/p>\n\n\n\n<p class=\"wp-block-paragraph\">La preparaci\u00f3n se traduce en capacidad para responder cuando las emergencias ocurren. Entre agosto de 2025 y julio de 2026, la asistencia humanitaria coordinada por la SNGR lleg\u00f3 a las 24 provincias del Ecuador, atendiendo a m\u00e1s de 224 mil personas, pertenecientes a m\u00e1s de 62 mil familias. Durante este per\u00edodo se entregaron m\u00e1s de 119 mil kits de asistencia humanitaria, entre kits de alimentos, higiene, limpieza y vajilla familiar, as\u00ed como bienes para dormir, de acuerdo con las necesidades identificadas en territorio. Cada entrega responde a un proceso de identificaci\u00f3n de necesidades, planificaci\u00f3n, movilizaci\u00f3n, distribuci\u00f3n y coordinaci\u00f3n institucional.<\/p>\n\n\n\n<p class=\"wp-block-paragraph\">Ante los terremotos registrados en Venezuela y Colombia, el Gobierno Nacional activ\u00f3 mecanismos de solidaridad y cooperaci\u00f3n. Hacia Venezuela, se movilizaron seis vuelos que transportaron aproximadamente 77 toneladas de asistencia humanitaria, en tanto que para Colombia se gestionaron m\u00e1s de 140 mil unidades de asistencia humanitaria, adem\u00e1s del env\u00edo a Venezuela de 108 bomberos rescatistas profesionales de Quito y Guayaquil, y 32 bomberos de Guayaquil para Colombia, priorizados de acuerdo con las necesidades identificadas en territorio.<\/p>\n\n\n\n<p class=\"wp-block-paragraph\">\u201cCuando el pa\u00eds nos necesita, tenemos que estar. Eso exige preparaci\u00f3n, responsabilidad y, sobre todo, una profunda vocaci\u00f3n de servicio. Porque ejercer una funci\u00f3n p\u00fablica no es simplemente cumplir una tarea; es entender que nuestras decisiones tienen consecuencias reales en la vida de las personas. Y esa responsabilidad nos obliga a estar preparados, a actuar con firmeza y a responder cuando el pa\u00eds m\u00e1s nos necesita.\u201d sostuvo Carolina Lozano, secretaria nacional de Gesti\u00f3n de Riesgos.<\/p>\n\n\n\n<p class=\"wp-block-paragraph\">Estas acciones reflejan que la asistencia humanitaria no se mide \u00fanicamente por la cantidad de ayuda movilizada, sino tambi\u00e9n por la preparaci\u00f3n de las personas, la coordinaci\u00f3n entre instituciones y la capacidad log\u00edstica para actuar de manera oportuna. En el D\u00eda Mundial de la Asistencia Humanitaria, el Gobierno Nacional reconoce a quienes se preparan, identifican necesidades, coordinan recursos, movilizan asistencia y llegan a territorio para atender a las familias afectadas. Prepararnos es fortalecer nuestra capacidad de responder. Responder es actuar por la humanidad.<\/p>\n\n\n\n<figure class=\"wp-block-embed is-type-video is-provider-youtube wp-block-embed-youtube wp-embed-aspect-16-9 wp-has-aspect-ratio\"><div class=\"wp-block-embed__wrapper\">\n<iframe title=\"Gobierno Nacional fortalece la respuesta humanitaria con capacitaci\u00f3n especializada y atenci\u00f3n\" width=\"960\" height=\"540\" src=\"https:\/\/www.youtube.com\/embed\/5rrVLBfns98?feature=oembed\" frameborder=\"0\" allow=\"accelerometer; autoplay; clipboard-write; encrypted-media; gyroscope; picture-in-picture; web-share\" referrerpolicy=\"strict-origin-when-cross-origin\" allowfullscreen><\/iframe>\n<\/div><\/figure>\n","protected":false},"excerpt":{"rendered":"<p>En este contexto, se desarroll\u00f3 un evento conmemorativo en el Auditorio de la Unidad Escuela de Misiones de Paz \u201cEcuador\u201d (UEMPE), ubicado en el Fuerte Militar<\/p>\n","protected":false},"author":2,"featured_media":4106,"comment_status":"closed","ping_status":"open","sticky":false,"template":"","format":"standard","meta":{"footnotes":""},"categories":[6],"tags":[33,158,1819],"class_list":["post-4105","post","type-post","status-publish","format-standard","has-post-thumbnail","hentry","category-actualidad","tag-ecuador","tag-gobierno-nacional","tag-respuesta-humanitaria"],"yoast_head":"<!-- This site is optimized with the Yoast SEO plugin v28.4 - https:\/\/yoast.com\/product\/yoast-seo-wordpress\/ -->\n<title>Gobierno Nacional fortalece la respuesta humanitaria con capacitaci\u00f3n especializada y atenci\u00f3n ante emergencias - Emisario Ec<\/title>\n<meta name=\"robots\" content=\"index, follow, max-snippet:-1, max-image-preview:large, max-video-preview:-1\" \/>\n<link rel=\"canonical\" href=\"https:\/\/emisarioec.com\/index.php\/2026\/08\/21\/gobierno-nacional-fortalece-la-respuesta-humanitaria-con-capacitacion-especializada-y-atencion-ante-emergencias\/\" \/>\n<meta property=\"og:locale\" content=\"es_ES\" \/>\n<meta property=\"og:type\" content=\"article\" \/>\n<meta property=\"og:title\" content=\"Gobierno Nacional fortalece la respuesta humanitaria con capacitaci\u00f3n especializada y atenci\u00f3n ante emergencias - Emisario Ec\" \/>\n<meta property=\"og:description\" content=\"En este contexto, se desarroll\u00f3 un evento conmemorativo en el Auditorio de la Unidad Escuela de Misiones de Paz \u201cEcuador\u201d (UEMPE), ubicado en el Fuerte Militar\" \/>\n<meta property=\"og:url\" content=\"https:\/\/emisarioec.com\/index.php\/2026\/08\/21\/gobierno-nacional-fortalece-la-respuesta-humanitaria-con-capacitacion-especializada-y-atencion-ante-emergencias\/\" \/>\n<meta property=\"og:site_name\" content=\"Emisario Ec\" \/>\n<meta property=\"article:published_time\" content=\"2026-08-21T21:45:00+00:00\" \/>\n<meta property=\"article:modified_time\" content=\"2026-08-22T03:50:04+00:00\" \/>\n<meta property=\"og:image\" content=\"https:\/\/emisarioec.com\/wp-content\/uploads\/2026\/08\/1-19.jpg\" \/>\n\t<meta property=\"og:image:width\" content=\"800\" \/>\n\t<meta property=\"og:image:height\" content=\"535\" \/>\n\t<meta property=\"og:image:type\" content=\"image\/jpeg\" \/>\n<meta name=\"author\" content=\"Emisario Ec\" \/>\n<meta name=\"twitter:card\" content=\"summary_large_image\" \/>\n<meta name=\"twitter:label1\" content=\"Escrito por\" \/>\n\t<meta name=\"twitter:data1\" content=\"Emisario Ec\" \/>\n\t<meta name=\"twitter:label2\" content=\"Tiempo de lectura\" \/>\n\t<meta name=\"twitter:data2\" content=\"4 minutos\" \/>\n<script type=\"application\/ld+json\" class=\"yoast-schema-graph\">{\"@context\":\"https:\\\/\\\/schema.org\",\"@graph\":[{\"@type\":\"Article\",\"@id\":\"https:\\\/\\\/emisarioec.com\\\/index.php\\\/2026\\\/08\\\/21\\\/gobierno-nacional-fortalece-la-respuesta-humanitaria-con-capacitacion-especializada-y-atencion-ante-emergencias\\\/#article\",\"isPartOf\":{\"@id\":\"https:\\\/\\\/emisarioec.com\\\/index.php\\\/2026\\\/08\\\/21\\\/gobierno-nacional-fortalece-la-respuesta-humanitaria-con-capacitacion-especializada-y-atencion-ante-emergencias\\\/\"},\"author\":{\"name\":\"Emisario Ec\",\"@id\":\"https:\\\/\\\/emisarioec.com\\\/#\\\/schema\\\/person\\\/2afb9da152d200f9b3feecf5f92da2d5\"},\"headline\":\"Gobierno Nacional fortalece la respuesta humanitaria con capacitaci\u00f3n especializada y atenci\u00f3n ante emergencias\",\"datePublished\":\"2026-08-21T21:45:00+00:00\",\"dateModified\":\"2026-08-22T03:50:04+00:00\",\"mainEntityOfPage\":{\"@id\":\"https:\\\/\\\/emisarioec.com\\\/index.php\\\/2026\\\/08\\\/21\\\/gobierno-nacional-fortalece-la-respuesta-humanitaria-con-capacitacion-especializada-y-atencion-ante-emergencias\\\/\"},\"wordCount\":722,\"publisher\":{\"@id\":\"https:\\\/\\\/emisarioec.com\\\/#organization\"},\"image\":{\"@id\":\"https:\\\/\\\/emisarioec.com\\\/index.php\\\/2026\\\/08\\\/21\\\/gobierno-nacional-fortalece-la-respuesta-humanitaria-con-capacitacion-especializada-y-atencion-ante-emergencias\\\/#primaryimage\"},\"thumbnailUrl\":\"https:\\\/\\\/emisarioec.com\\\/wp-content\\\/uploads\\\/2026\\\/08\\\/1-19.jpg\",\"keywords\":[\"Ecuador\",\"Gobierno Nacional\",\"respuesta humanitaria\"],\"articleSection\":[\"Actualidad\"],\"inLanguage\":\"es\"},{\"@type\":\"WebPage\",\"@id\":\"https:\\\/\\\/emisarioec.com\\\/index.php\\\/2026\\\/08\\\/21\\\/gobierno-nacional-fortalece-la-respuesta-humanitaria-con-capacitacion-especializada-y-atencion-ante-emergencias\\\/\",\"url\":\"https:\\\/\\\/emisarioec.com\\\/index.php\\\/2026\\\/08\\\/21\\\/gobierno-nacional-fortalece-la-respuesta-humanitaria-con-capacitacion-especializada-y-atencion-ante-emergencias\\\/\",\"name\":\"Gobierno Nacional fortalece la respuesta humanitaria con capacitaci\u00f3n especializada y atenci\u00f3n ante emergencias - Emisario Ec\",\"isPartOf\":{\"@id\":\"https:\\\/\\\/emisarioec.com\\\/#website\"},\"primaryImageOfPage\":{\"@id\":\"https:\\\/\\\/emisarioec.com\\\/index.php\\\/2026\\\/08\\\/21\\\/gobierno-nacional-fortalece-la-respuesta-humanitaria-con-capacitacion-especializada-y-atencion-ante-emergencias\\\/#primaryimage\"},\"image\":{\"@id\":\"https:\\\/\\\/emisarioec.com\\\/index.php\\\/2026\\\/08\\\/21\\\/gobierno-nacional-fortalece-la-respuesta-humanitaria-con-capacitacion-especializada-y-atencion-ante-emergencias\\\/#primaryimage\"},\"thumbnailUrl\":\"https:\\\/\\\/emisarioec.com\\\/wp-content\\\/uploads\\\/2026\\\/08\\\/1-19.jpg\",\"datePublished\":\"2026-08-21T21:45:00+00:00\",\"dateModified\":\"2026-08-22T03:50:04+00:00\",\"breadcrumb\":{\"@id\":\"https:\\\/\\\/emisarioec.com\\\/index.php\\\/2026\\\/08\\\/21\\\/gobierno-nacional-fortalece-la-respuesta-humanitaria-con-capacitacion-especializada-y-atencion-ante-emergencias\\\/#breadcrumb\"},\"inLanguage\":\"es\",\"potentialAction\":[{\"@type\":\"ReadAction\",\"target\":[\"https:\\\/\\\/emisarioec.com\\\/index.php\\\/2026\\\/08\\\/21\\\/gobierno-nacional-fortalece-la-respuesta-humanitaria-con-capacitacion-especializada-y-atencion-ante-emergencias\\\/\"]}]},{\"@type\":\"ImageObject\",\"inLanguage\":\"es\",\"@id\":\"https:\\\/\\\/emisarioec.com\\\/index.php\\\/2026\\\/08\\\/21\\\/gobierno-nacional-fortalece-la-respuesta-humanitaria-con-capacitacion-especializada-y-atencion-ante-emergencias\\\/#primaryimage\",\"url\":\"https:\\\/\\\/emisarioec.com\\\/wp-content\\\/uploads\\\/2026\\\/08\\\/1-19.jpg\",\"contentUrl\":\"https:\\\/\\\/emisarioec.com\\\/wp-content\\\/uploads\\\/2026\\\/08\\\/1-19.jpg\",\"width\":800,\"height\":535},{\"@type\":\"BreadcrumbList\",\"@id\":\"https:\\\/\\\/emisarioec.com\\\/index.php\\\/2026\\\/08\\\/21\\\/gobierno-nacional-fortalece-la-respuesta-humanitaria-con-capacitacion-especializada-y-atencion-ante-emergencias\\\/#breadcrumb\",\"itemListElement\":[{\"@type\":\"ListItem\",\"position\":1,\"name\":\"Portada\",\"item\":\"https:\\\/\\\/emisarioec.com\\\/\"},{\"@type\":\"ListItem\",\"position\":2,\"name\":\"Gobierno Nacional fortalece la respuesta humanitaria con capacitaci\u00f3n especializada y atenci\u00f3n ante emergencias\"}]},{\"@type\":\"WebSite\",\"@id\":\"https:\\\/\\\/emisarioec.com\\\/#website\",\"url\":\"https:\\\/\\\/emisarioec.com\\\/\",\"name\":\"Emisario Ec\",\"description\":\"Informar es un derecho que corresponde a hechos\",\"publisher\":{\"@id\":\"https:\\\/\\\/emisarioec.com\\\/#organization\"},\"potentialAction\":[{\"@type\":\"SearchAction\",\"target\":{\"@type\":\"EntryPoint\",\"urlTemplate\":\"https:\\\/\\\/emisarioec.com\\\/?s={search_term_string}\"},\"query-input\":{\"@type\":\"PropertyValueSpecification\",\"valueRequired\":true,\"valueName\":\"search_term_string\"}}],\"inLanguage\":\"es\"},{\"@type\":\"Organization\",\"@id\":\"https:\\\/\\\/emisarioec.com\\\/#organization\",\"name\":\"Emisario Ec\",\"url\":\"https:\\\/\\\/emisarioec.com\\\/\",\"logo\":{\"@type\":\"ImageObject\",\"inLanguage\":\"es\",\"@id\":\"https:\\\/\\\/emisarioec.com\\\/#\\\/schema\\\/logo\\\/image\\\/\",\"url\":\"https:\\\/\\\/emisarioec.com\\\/wp-content\\\/uploads\\\/2025\\\/06\\\/cropped-cropped-emisario-ico.png\",\"contentUrl\":\"https:\\\/\\\/emisarioec.com\\\/wp-content\\\/uploads\\\/2025\\\/06\\\/cropped-cropped-emisario-ico.png\",\"width\":512,\"height\":512,\"caption\":\"Emisario Ec\"},\"image\":{\"@id\":\"https:\\\/\\\/emisarioec.com\\\/#\\\/schema\\\/logo\\\/image\\\/\"}},{\"@type\":\"Person\",\"@id\":\"https:\\\/\\\/emisarioec.com\\\/#\\\/schema\\\/person\\\/2afb9da152d200f9b3feecf5f92da2d5\",\"name\":\"Emisario Ec\",\"url\":\"https:\\\/\\\/emisarioec.com\\\/index.php\\\/author\\\/admin_roberto\\\/\"}]}<\/script>\n<!-- \/ Yoast SEO plugin. -->","yoast_head_json":{"title":"Gobierno Nacional fortalece la respuesta humanitaria con capacitaci\u00f3n especializada y atenci\u00f3n ante emergencias - Emisario Ec","robots":{"index":"index","follow":"follow","max-snippet":"max-snippet:-1","max-image-preview":"max-image-preview:large","max-video-preview":"max-video-preview:-1"},"canonical":"https:\/\/emisarioec.com\/index.php\/2026\/08\/21\/gobierno-nacional-fortalece-la-respuesta-humanitaria-con-capacitacion-especializada-y-atencion-ante-emergencias\/","og_locale":"es_ES","og_type":"article","og_title":"Gobierno Nacional fortalece la respuesta humanitaria con capacitaci\u00f3n especializada y atenci\u00f3n ante emergencias - Emisario Ec","og_description":"En este contexto, se desarroll\u00f3 un evento conmemorativo en el Auditorio de la Unidad Escuela de Misiones de Paz \u201cEcuador\u201d (UEMPE), ubicado en el Fuerte Militar","og_url":"https:\/\/emisarioec.com\/index.php\/2026\/08\/21\/gobierno-nacional-fortalece-la-respuesta-humanitaria-con-capacitacion-especializada-y-atencion-ante-emergencias\/","og_site_name":"Emisario Ec","article_published_time":"2026-08-21T21:45:00+00:00","article_modified_time":"2026-08-22T03:50:04+00:00","og_image":[{"width":800,"height":535,"url":"https:\/\/emisarioec.com\/wp-content\/uploads\/2026\/08\/1-19.jpg","type":"image\/jpeg"}],"author":"Emisario Ec","twitter_card":"summary_large_image","twitter_misc":{"Escrito por":"Emisario Ec","Tiempo de lectura":"4 minutos"},"schema":{"@context":"https:\/\/schema.org","@graph":[{"@type":"Article","@id":"https:\/\/emisarioec.com\/index.php\/2026\/08\/21\/gobierno-nacional-fortalece-la-respuesta-humanitaria-con-capacitacion-especializada-y-atencion-ante-emergencias\/#article","isPartOf":{"@id":"https:\/\/emisarioec.com\/index.php\/2026\/08\/21\/gobierno-nacional-fortalece-la-respuesta-humanitaria-con-capacitacion-especializada-y-atencion-ante-emergencias\/"},"author":{"name":"Emisario Ec","@id":"https:\/\/emisarioec.com\/#\/schema\/person\/2afb9da152d200f9b3feecf5f92da2d5"},"headline":"Gobierno Nacional fortalece la respuesta humanitaria con capacitaci\u00f3n especializada y atenci\u00f3n ante emergencias","datePublished":"2026-08-21T21:45:00+00:00","dateModified":"2026-08-22T03:50:04+00:00","mainEntityOfPage":{"@id":"https:\/\/emisarioec.com\/index.php\/2026\/08\/21\/gobierno-nacional-fortalece-la-respuesta-humanitaria-con-capacitacion-especializada-y-atencion-ante-emergencias\/"},"wordCount":722,"publisher":{"@id":"https:\/\/emisarioec.com\/#organization"},"image":{"@id":"https:\/\/emisarioec.com\/index.php\/2026\/08\/21\/gobierno-nacional-fortalece-la-respuesta-humanitaria-con-capacitacion-especializada-y-atencion-ante-emergencias\/#primaryimage"},"thumbnailUrl":"https:\/\/emisarioec.com\/wp-content\/uploads\/2026\/08\/1-19.jpg","keywords":["Ecuador","Gobierno Nacional","respuesta humanitaria"],"articleSection":["Actualidad"],"inLanguage":"es"},{"@type":"WebPage","@id":"https:\/\/emisarioec.com\/index.php\/2026\/08\/21\/gobierno-nacional-fortalece-la-respuesta-humanitaria-con-capacitacion-especializada-y-atencion-ante-emergencias\/","url":"https:\/\/emisarioec.com\/index.php\/2026\/08\/21\/gobierno-nacional-fortalece-la-respuesta-humanitaria-con-capacitacion-especializada-y-atencion-ante-emergencias\/","name":"Gobierno Nacional fortalece la respuesta humanitaria con capacitaci\u00f3n especializada y atenci\u00f3n ante emergencias - Emisario Ec","isPartOf":{"@id":"https:\/\/emisarioec.com\/#website"},"primaryImageOfPage":{"@id":"https:\/\/emisarioec.com\/index.php\/2026\/08\/21\/gobierno-nacional-fortalece-la-respuesta-humanitaria-con-capacitacion-especializada-y-atencion-ante-emergencias\/#primaryimage"},"image":{"@id":"https:\/\/emisarioec.com\/index.php\/2026\/08\/21\/gobierno-nacional-fortalece-la-respuesta-humanitaria-con-capacitacion-especializada-y-atencion-ante-emergencias\/#primaryimage"},"thumbnailUrl":"https:\/\/emisarioec.com\/wp-content\/uploads\/2026\/08\/1-19.jpg","datePublished":"2026-08-21T21:45:00+00:00","dateModified":"2026-08-22T03:50:04+00:00","breadcrumb":{"@id":"https:\/\/emisarioec.com\/index.php\/2026\/08\/21\/gobierno-nacional-fortalece-la-respuesta-humanitaria-con-capacitacion-especializada-y-atencion-ante-emergencias\/#breadcrumb"},"inLanguage":"es","potentialAction":[{"@type":"ReadAction","target":["https:\/\/emisarioec.com\/index.php\/2026\/08\/21\/gobierno-nacional-fortalece-la-respuesta-humanitaria-con-capacitacion-especializada-y-atencion-ante-emergencias\/"]}]},{"@type":"ImageObject","inLanguage":"es","@id":"https:\/\/emisarioec.com\/index.php\/2026\/08\/21\/gobierno-nacional-fortalece-la-respuesta-humanitaria-con-capacitacion-especializada-y-atencion-ante-emergencias\/#primaryimage","url":"https:\/\/emisarioec.com\/wp-content\/uploads\/2026\/08\/1-19.jpg","contentUrl":"https:\/\/emisarioec.com\/wp-content\/uploads\/2026\/08\/1-19.jpg","width":800,"height":535},{"@type":"BreadcrumbList","@id":"https:\/\/emisarioec.com\/index.php\/2026\/08\/21\/gobierno-nacional-fortalece-la-respuesta-humanitaria-con-capacitacion-especializada-y-atencion-ante-emergencias\/#breadcrumb","itemListElement":[{"@type":"ListItem","position":1,"name":"Portada","item":"https:\/\/emisarioec.com\/"},{"@type":"ListItem","position":2,"name":"Gobierno Nacional fortalece la respuesta humanitaria con capacitaci\u00f3n especializada y atenci\u00f3n ante emergencias"}]},{"@type":"WebSite","@id":"https:\/\/emisarioec.com\/#website","url":"https:\/\/emisarioec.com\/","name":"Emisario Ec","description":"Informar es un derecho que corresponde a hechos","publisher":{"@id":"https:\/\/emisarioec.com\/#organization"},"potentialAction":[{"@type":"SearchAction","target":{"@type":"EntryPoint","urlTemplate":"https:\/\/emisarioec.com\/?s={search_term_string}"},"query-input":{"@type":"PropertyValueSpecification","valueRequired":true,"valueName":"search_term_string"}}],"inLanguage":"es"},{"@type":"Organization","@id":"https:\/\/emisarioec.com\/#organization","name":"Emisario Ec","url":"https:\/\/emisarioec.com\/","logo":{"@type":"ImageObject","inLanguage":"es","@id":"https:\/\/emisarioec.com\/#\/schema\/logo\/image\/","url":"https:\/\/emisarioec.com\/wp-content\/uploads\/2025\/06\/cropped-cropped-emisario-ico.png","contentUrl":"https:\/\/emisarioec.com\/wp-content\/uploads\/2025\/06\/cropped-cropped-emisario-ico.png","width":512,"height":512,"caption":"Emisario Ec"},"image":{"@id":"https:\/\/emisarioec.com\/#\/schema\/logo\/image\/"}},{"@type":"Person","@id":"https:\/\/emisarioec.com\/#\/schema\/person\/2afb9da152d200f9b3feecf5f92da2d5","name":"Emisario Ec","url":"https:\/\/emisarioec.com\/index.php\/author\/admin_roberto\/"}]}},"jetpack_featured_media_url":"https:\/\/emisarioec.com\/wp-content\/uploads\/2026\/08\/1-19.jpg","_links":{"self":[{"href":"https:\/\/emisarioec.com\/index.php\/wp-json\/wp\/v2\/posts\/4105","targetHints":{"allow":["GET"]}}],"collection":[{"href":"https:\/\/emisarioec.com\/index.php\/wp-json\/wp\/v2\/posts"}],"about":[{"href":"https:\/\/emisarioec.com\/index.php\/wp-json\/wp\/v2\/types\/post"}],"author":[{"embeddable":true,"href":"https:\/\/emisarioec.com\/index.php\/wp-json\/wp\/v2\/users\/2"}],"replies":[{"embeddable":true,"href":"https:\/\/emisarioec.com\/index.php\/wp-json\/wp\/v2\/comments?post=4105"}],"version-history":[{"count":2,"href":"https:\/\/emisarioec.com\/index.php\/wp-json\/wp\/v2\/posts\/4105\/revisions"}],"predecessor-version":[{"id":4108,"href":"https:\/\/emisarioec.com\/index.php\/wp-json\/wp\/v2\/posts\/4105\/revisions\/4108"}],"wp:featuredmedia":[{"embeddable":true,"href":"https:\/\/emisarioec.com\/index.php\/wp-json\/wp\/v2\/media\/4106"}],"wp:attachment":[{"href":"https:\/\/emisarioec.com\/index.php\/wp-json\/wp\/v2\/media?parent=4105"}],"wp:term":[{"taxonomy":"category","embeddable":true,"href":"https:\/\/emisarioec.com\/index.php\/wp-json\/wp\/v2\/categories?post=4105"},{"taxonomy":"post_tag","embeddable":true,"href":"https:\/\/emisarioec.com\/index.php\/wp-json\/wp\/v2\/tags?post=4105"}],"curies":[{"name":"wp","href":"https:\/\/api.w.org\/{rel}","templated":true}]}}