{"id":4115,"date":"2026-08-21T12:52:00","date_gmt":"2026-08-21T17:52:00","guid":{"rendered":"https:\/\/emisarioec.com\/?p=4115"},"modified":"2026-08-24T23:03:35","modified_gmt":"2026-08-25T04:03:35","slug":"en-naranjal-el-prefecto-carlos-encalada-cumple-con-obras-ante-dos-demandas-historicas-agua-para-producir-y-vias-para-conectar","status":"publish","type":"post","link":"https:\/\/emisarioec.com\/index.php\/2026\/08\/21\/en-naranjal-el-prefecto-carlos-encalada-cumple-con-obras-ante-dos-demandas-historicas-agua-para-producir-y-vias-para-conectar\/","title":{"rendered":"En Naranjal, el prefecto Carlos Encalada cumple con obras ante dos demandas hist\u00f3ricas: agua para producir y v\u00edas para conectar"},"content":{"rendered":"\n<p class=\"wp-block-paragraph\"><em>La m\u00e1xima autoridad en Guayas entreg\u00f3 la rehabilitaci\u00f3n del Canal D del sistema de riego Manuel J. Calle y anunci\u00f3 que la v\u00eda Naranjal-La Delicia ser\u00e1 una realidad. Tambi\u00e9n entreg\u00f3 semillas y llev\u00f3 atenci\u00f3n preventiva a la parroquia Taura.<\/em><\/p>\n\n\n\n<p class=\"wp-block-paragraph\">Con la premisa de que el desarrollo del Guayas se construye en territorio y con hechos, el prefecto Carlos Encalada lleg\u00f3 a Naranjal para cumplir una importante agenda territorial basada en atender al campo, fortalecer la productividad y conectar a las comunidades rurales con oportunidades de desarrollo.<\/p>\n\n\n\n<p class=\"wp-block-paragraph\">Uno de los principales hitos de la jornada fue la entrega oficial de la rehabilitaci\u00f3n del Canal D, perteneciente al sistema de riego y drenaje Manuel J. Calle. La obra representa una inversi\u00f3n que supera el $1.1 millones y permiti\u00f3 reconstruir 3,28 kil\u00f3metros de canal en hormig\u00f3n armado, beneficiando directamente a 217 usuarios de la Junta de Riego y Drenaje Manuel J. Calle y a m\u00e1s de 113.790 habitantes rurales de los cantones El Triunfo y Naranjal. Este proyecto permite recuperar la capacidad h\u00eddrica y de drenaje de la zona, optimizar el aprovechamiento del agua y contribuir a proteger los cultivos frente a eventos clim\u00e1ticos, fortaleciendo la productividad y la soberan\u00eda alimentaria.<\/p>\n\n\n\n<p class=\"wp-block-paragraph\">Jorge Coronel, presidente de la Junta de Riego Manuel J. Calle, traslad\u00f3 el agradecimiento de su comunidad por esta relevante obra. \u201cLa alegr\u00eda embarga el alma y cuando se nace para servir, se sirve para vivir. Y por antecedentes s\u00e9 de la capacidad de usted, de trabajo, de esfuerzo. Esta Junta de Riego lo que hace es agradecerle. No estamos para figurar, estamos para actuar y esta es una obra suya\u201d, dijo.<\/p>\n\n\n\n<p class=\"wp-block-paragraph\">Previamente, el Prefecto estuvo en la comunidad La Delicia, donde fue recibido por sus habitantes y comparti\u00f3 con productores y familias de esta zona altamente productiva de Naranjal. All\u00ed, Encalada anunci\u00f3 que la primera fase de la v\u00eda Naranjal-La Delicia est\u00e1 lista para avanzar hacia su contrataci\u00f3n. El proyecto contempla la rehabilitaci\u00f3n y mejoramiento de aproximadamente 5 kil\u00f3metros y ha sido trabajado junto al Municipio de Naranjal en conjunto con la colectividad, que particip\u00f3 en el levantamiento de informaci\u00f3n predial y en el trabajo de campo.<\/p>\n\n\n\n<p class=\"wp-block-paragraph\">Para una comunidad que, de acuerdo con sus habitantes, ha esperado alrededor de 20 a\u00f1os por esta conexi\u00f3n vial, el anuncio representa el inicio de una respuesta concreta a una demanda hist\u00f3rica. \u201cUstedes ya me conocen y saben c\u00f3mo soy: a m\u00ed no me gusta hablar mucho, a m\u00ed lo que me gusta es hacer. S\u00e9 lo que cuesta producir y tener v\u00edas en buen estado qu\u00e9 permitan sacar la producci\u00f3n. As\u00ed defendemos la soberan\u00eda alimentaria\u201d, se\u00f1al\u00f3 Encalada.<\/p>\n\n\n\n<p class=\"wp-block-paragraph\">La autoridad tambi\u00e9n ratific\u00f3 que el proyecto no terminar\u00eda en La Delicia. La administraci\u00f3n provincial contempla una segunda fase para completar el corredor vial hacia Tr\u00edpoli, con financiamiento proyectado de la CAF. De esta manera, la intervenci\u00f3n busca consolidar una conexi\u00f3n estrat\u00e9gica para una zona productiva y tur\u00edstica de Naranjal, acercando comunidades, facilitando la movilidad y generando mejores condiciones para que la producci\u00f3n, el comercio y el turismo puedan crecer.<\/p>\n\n\n\n<p class=\"wp-block-paragraph\">La presencia del ejecutivo provincial en Naranjal refleja una l\u00ednea de gesti\u00f3n enfocada en resolver necesidades hist\u00f3ricas con obras concretas: garantizar agua para el campo, mejorar la conectividad y acompa\u00f1ar a quienes producen. \u201cAqu\u00ed hay una gesti\u00f3n que no promete en vano; aqu\u00ed hay un Prefecto que cumple\u00bb, ratific\u00f3 el prefecto. Como parte de esta misma agenda de apoyo al sector rural, entreg\u00f3 semillas certificadas de arroz a 400 peque\u00f1os productores de Taura y traslad\u00f3 el cuidado preventivo con m\u00e1s de 500 atenciones m\u00e9dicas y veterinarias en la misma parroquia.<\/p>\n\n\n\n<figure class=\"wp-block-embed is-type-video is-provider-youtube wp-block-embed-youtube wp-embed-aspect-16-9 wp-has-aspect-ratio\"><div class=\"wp-block-embed__wrapper\">\n<iframe title=\"Prefecto Carlos Encalada cumple con obras ante dos demandas hist\u00f3ricas: agua para producir y v\u00edas\" width=\"960\" height=\"540\" src=\"https:\/\/www.youtube.com\/embed\/45KgtjGOJz8?feature=oembed\" frameborder=\"0\" allow=\"accelerometer; autoplay; clipboard-write; encrypted-media; gyroscope; picture-in-picture; web-share\" referrerpolicy=\"strict-origin-when-cross-origin\" allowfullscreen><\/iframe>\n<\/div><\/figure>\n","protected":false},"excerpt":{"rendered":"<p>La m\u00e1xima autoridad en Guayas entreg\u00f3 la rehabilitaci\u00f3n del Canal D del sistema de riego Manuel J. Calle y anunci\u00f3 que la v\u00eda Naranjal-La Delicia ser\u00e1 una realidad. Tambi\u00e9n entreg\u00f3 semillas y llev\u00f3 atenci\u00f3n preventiva a la parroquia Taura. Con la premisa de que el desarrollo del Guayas se construye en territorio y con hechos,<\/p>\n","protected":false},"author":2,"featured_media":4116,"comment_status":"closed","ping_status":"open","sticky":false,"template":"","format":"standard","meta":{"footnotes":""},"categories":[6],"tags":[197,1447,11],"class_list":["post-4115","post","type-post","status-publish","format-standard","has-post-thumbnail","hentry","category-actualidad","tag-naranjal","tag-prefecto-carlos-encalada","tag-prefectura-del-guayas"],"yoast_head":"<!-- This site is optimized with the Yoast SEO plugin v28.4 - https:\/\/yoast.com\/product\/yoast-seo-wordpress\/ -->\n<title>En Naranjal, el prefecto Carlos Encalada cumple con obras ante dos demandas hist\u00f3ricas: agua para producir y v\u00edas para conectar - Emisario Ec<\/title>\n<meta name=\"robots\" content=\"index, follow, max-snippet:-1, max-image-preview:large, max-video-preview:-1\" \/>\n<link rel=\"canonical\" href=\"https:\/\/emisarioec.com\/index.php\/2026\/08\/21\/en-naranjal-el-prefecto-carlos-encalada-cumple-con-obras-ante-dos-demandas-historicas-agua-para-producir-y-vias-para-conectar\/\" \/>\n<meta property=\"og:locale\" content=\"es_ES\" \/>\n<meta property=\"og:type\" content=\"article\" \/>\n<meta property=\"og:title\" content=\"En Naranjal, el prefecto Carlos Encalada cumple con obras ante dos demandas hist\u00f3ricas: agua para producir y v\u00edas para conectar - Emisario Ec\" \/>\n<meta property=\"og:description\" content=\"La m\u00e1xima autoridad en Guayas entreg\u00f3 la rehabilitaci\u00f3n del Canal D del sistema de riego Manuel J. Calle y anunci\u00f3 que la v\u00eda Naranjal-La Delicia ser\u00e1 una realidad. Tambi\u00e9n entreg\u00f3 semillas y llev\u00f3 atenci\u00f3n preventiva a la parroquia Taura. Con la premisa de que el desarrollo del Guayas se construye en territorio y con hechos,\" \/>\n<meta property=\"og:url\" content=\"https:\/\/emisarioec.com\/index.php\/2026\/08\/21\/en-naranjal-el-prefecto-carlos-encalada-cumple-con-obras-ante-dos-demandas-historicas-agua-para-producir-y-vias-para-conectar\/\" \/>\n<meta property=\"og:site_name\" content=\"Emisario Ec\" \/>\n<meta property=\"article:published_time\" content=\"2026-08-21T17:52:00+00:00\" \/>\n<meta property=\"article:modified_time\" content=\"2026-08-25T04:03:35+00:00\" \/>\n<meta property=\"og:image\" content=\"https:\/\/emisarioec.com\/wp-content\/uploads\/2026\/08\/1-21.jpg\" \/>\n\t<meta property=\"og:image:width\" content=\"860\" \/>\n\t<meta property=\"og:image:height\" content=\"573\" \/>\n\t<meta property=\"og:image:type\" content=\"image\/jpeg\" \/>\n<meta name=\"author\" content=\"Emisario Ec\" \/>\n<meta name=\"twitter:card\" content=\"summary_large_image\" \/>\n<meta name=\"twitter:label1\" content=\"Escrito por\" \/>\n\t<meta name=\"twitter:data1\" content=\"Emisario Ec\" \/>\n\t<meta name=\"twitter:label2\" content=\"Tiempo de lectura\" \/>\n\t<meta name=\"twitter:data2\" content=\"3 minutos\" \/>\n<script type=\"application\/ld+json\" class=\"yoast-schema-graph\">{\"@context\":\"https:\\\/\\\/schema.org\",\"@graph\":[{\"@type\":\"Article\",\"@id\":\"https:\\\/\\\/emisarioec.com\\\/index.php\\\/2026\\\/08\\\/21\\\/en-naranjal-el-prefecto-carlos-encalada-cumple-con-obras-ante-dos-demandas-historicas-agua-para-producir-y-vias-para-conectar\\\/#article\",\"isPartOf\":{\"@id\":\"https:\\\/\\\/emisarioec.com\\\/index.php\\\/2026\\\/08\\\/21\\\/en-naranjal-el-prefecto-carlos-encalada-cumple-con-obras-ante-dos-demandas-historicas-agua-para-producir-y-vias-para-conectar\\\/\"},\"author\":{\"name\":\"Emisario Ec\",\"@id\":\"https:\\\/\\\/emisarioec.com\\\/#\\\/schema\\\/person\\\/2afb9da152d200f9b3feecf5f92da2d5\"},\"headline\":\"En Naranjal, el prefecto Carlos Encalada cumple con obras ante dos demandas hist\u00f3ricas: agua para producir y v\u00edas para conectar\",\"datePublished\":\"2026-08-21T17:52:00+00:00\",\"dateModified\":\"2026-08-25T04:03:35+00:00\",\"mainEntityOfPage\":{\"@id\":\"https:\\\/\\\/emisarioec.com\\\/index.php\\\/2026\\\/08\\\/21\\\/en-naranjal-el-prefecto-carlos-encalada-cumple-con-obras-ante-dos-demandas-historicas-agua-para-producir-y-vias-para-conectar\\\/\"},\"wordCount\":659,\"publisher\":{\"@id\":\"https:\\\/\\\/emisarioec.com\\\/#organization\"},\"image\":{\"@id\":\"https:\\\/\\\/emisarioec.com\\\/index.php\\\/2026\\\/08\\\/21\\\/en-naranjal-el-prefecto-carlos-encalada-cumple-con-obras-ante-dos-demandas-historicas-agua-para-producir-y-vias-para-conectar\\\/#primaryimage\"},\"thumbnailUrl\":\"https:\\\/\\\/emisarioec.com\\\/wp-content\\\/uploads\\\/2026\\\/08\\\/1-21.jpg\",\"keywords\":[\"Naranjal\",\"Prefecto Carlos Encalada\",\"Prefectura del Guayas\"],\"articleSection\":[\"Actualidad\"],\"inLanguage\":\"es\"},{\"@type\":\"WebPage\",\"@id\":\"https:\\\/\\\/emisarioec.com\\\/index.php\\\/2026\\\/08\\\/21\\\/en-naranjal-el-prefecto-carlos-encalada-cumple-con-obras-ante-dos-demandas-historicas-agua-para-producir-y-vias-para-conectar\\\/\",\"url\":\"https:\\\/\\\/emisarioec.com\\\/index.php\\\/2026\\\/08\\\/21\\\/en-naranjal-el-prefecto-carlos-encalada-cumple-con-obras-ante-dos-demandas-historicas-agua-para-producir-y-vias-para-conectar\\\/\",\"name\":\"En Naranjal, el prefecto Carlos Encalada cumple con obras ante dos demandas hist\u00f3ricas: agua para producir y v\u00edas para conectar - Emisario Ec\",\"isPartOf\":{\"@id\":\"https:\\\/\\\/emisarioec.com\\\/#website\"},\"primaryImageOfPage\":{\"@id\":\"https:\\\/\\\/emisarioec.com\\\/index.php\\\/2026\\\/08\\\/21\\\/en-naranjal-el-prefecto-carlos-encalada-cumple-con-obras-ante-dos-demandas-historicas-agua-para-producir-y-vias-para-conectar\\\/#primaryimage\"},\"image\":{\"@id\":\"https:\\\/\\\/emisarioec.com\\\/index.php\\\/2026\\\/08\\\/21\\\/en-naranjal-el-prefecto-carlos-encalada-cumple-con-obras-ante-dos-demandas-historicas-agua-para-producir-y-vias-para-conectar\\\/#primaryimage\"},\"thumbnailUrl\":\"https:\\\/\\\/emisarioec.com\\\/wp-content\\\/uploads\\\/2026\\\/08\\\/1-21.jpg\",\"datePublished\":\"2026-08-21T17:52:00+00:00\",\"dateModified\":\"2026-08-25T04:03:35+00:00\",\"breadcrumb\":{\"@id\":\"https:\\\/\\\/emisarioec.com\\\/index.php\\\/2026\\\/08\\\/21\\\/en-naranjal-el-prefecto-carlos-encalada-cumple-con-obras-ante-dos-demandas-historicas-agua-para-producir-y-vias-para-conectar\\\/#breadcrumb\"},\"inLanguage\":\"es\",\"potentialAction\":[{\"@type\":\"ReadAction\",\"target\":[\"https:\\\/\\\/emisarioec.com\\\/index.php\\\/2026\\\/08\\\/21\\\/en-naranjal-el-prefecto-carlos-encalada-cumple-con-obras-ante-dos-demandas-historicas-agua-para-producir-y-vias-para-conectar\\\/\"]}]},{\"@type\":\"ImageObject\",\"inLanguage\":\"es\",\"@id\":\"https:\\\/\\\/emisarioec.com\\\/index.php\\\/2026\\\/08\\\/21\\\/en-naranjal-el-prefecto-carlos-encalada-cumple-con-obras-ante-dos-demandas-historicas-agua-para-producir-y-vias-para-conectar\\\/#primaryimage\",\"url\":\"https:\\\/\\\/emisarioec.com\\\/wp-content\\\/uploads\\\/2026\\\/08\\\/1-21.jpg\",\"contentUrl\":\"https:\\\/\\\/emisarioec.com\\\/wp-content\\\/uploads\\\/2026\\\/08\\\/1-21.jpg\",\"width\":860,\"height\":573},{\"@type\":\"BreadcrumbList\",\"@id\":\"https:\\\/\\\/emisarioec.com\\\/index.php\\\/2026\\\/08\\\/21\\\/en-naranjal-el-prefecto-carlos-encalada-cumple-con-obras-ante-dos-demandas-historicas-agua-para-producir-y-vias-para-conectar\\\/#breadcrumb\",\"itemListElement\":[{\"@type\":\"ListItem\",\"position\":1,\"name\":\"Portada\",\"item\":\"https:\\\/\\\/emisarioec.com\\\/\"},{\"@type\":\"ListItem\",\"position\":2,\"name\":\"En Naranjal, el prefecto Carlos Encalada cumple con obras ante dos demandas hist\u00f3ricas: agua para producir y v\u00edas para conectar\"}]},{\"@type\":\"WebSite\",\"@id\":\"https:\\\/\\\/emisarioec.com\\\/#website\",\"url\":\"https:\\\/\\\/emisarioec.com\\\/\",\"name\":\"Emisario Ec\",\"description\":\"Informar es un derecho que corresponde a hechos\",\"publisher\":{\"@id\":\"https:\\\/\\\/emisarioec.com\\\/#organization\"},\"potentialAction\":[{\"@type\":\"SearchAction\",\"target\":{\"@type\":\"EntryPoint\",\"urlTemplate\":\"https:\\\/\\\/emisarioec.com\\\/?s={search_term_string}\"},\"query-input\":{\"@type\":\"PropertyValueSpecification\",\"valueRequired\":true,\"valueName\":\"search_term_string\"}}],\"inLanguage\":\"es\"},{\"@type\":\"Organization\",\"@id\":\"https:\\\/\\\/emisarioec.com\\\/#organization\",\"name\":\"Emisario Ec\",\"url\":\"https:\\\/\\\/emisarioec.com\\\/\",\"logo\":{\"@type\":\"ImageObject\",\"inLanguage\":\"es\",\"@id\":\"https:\\\/\\\/emisarioec.com\\\/#\\\/schema\\\/logo\\\/image\\\/\",\"url\":\"https:\\\/\\\/emisarioec.com\\\/wp-content\\\/uploads\\\/2025\\\/06\\\/cropped-cropped-emisario-ico.png\",\"contentUrl\":\"https:\\\/\\\/emisarioec.com\\\/wp-content\\\/uploads\\\/2025\\\/06\\\/cropped-cropped-emisario-ico.png\",\"width\":512,\"height\":512,\"caption\":\"Emisario Ec\"},\"image\":{\"@id\":\"https:\\\/\\\/emisarioec.com\\\/#\\\/schema\\\/logo\\\/image\\\/\"}},{\"@type\":\"Person\",\"@id\":\"https:\\\/\\\/emisarioec.com\\\/#\\\/schema\\\/person\\\/2afb9da152d200f9b3feecf5f92da2d5\",\"name\":\"Emisario Ec\",\"url\":\"https:\\\/\\\/emisarioec.com\\\/index.php\\\/author\\\/admin_roberto\\\/\"}]}<\/script>\n<!-- \/ Yoast SEO plugin. -->","yoast_head_json":{"title":"En Naranjal, el prefecto Carlos Encalada cumple con obras ante dos demandas hist\u00f3ricas: agua para producir y v\u00edas para conectar - Emisario Ec","robots":{"index":"index","follow":"follow","max-snippet":"max-snippet:-1","max-image-preview":"max-image-preview:large","max-video-preview":"max-video-preview:-1"},"canonical":"https:\/\/emisarioec.com\/index.php\/2026\/08\/21\/en-naranjal-el-prefecto-carlos-encalada-cumple-con-obras-ante-dos-demandas-historicas-agua-para-producir-y-vias-para-conectar\/","og_locale":"es_ES","og_type":"article","og_title":"En Naranjal, el prefecto Carlos Encalada cumple con obras ante dos demandas hist\u00f3ricas: agua para producir y v\u00edas para conectar - Emisario Ec","og_description":"La m\u00e1xima autoridad en Guayas entreg\u00f3 la rehabilitaci\u00f3n del Canal D del sistema de riego Manuel J. Calle y anunci\u00f3 que la v\u00eda Naranjal-La Delicia ser\u00e1 una realidad. Tambi\u00e9n entreg\u00f3 semillas y llev\u00f3 atenci\u00f3n preventiva a la parroquia Taura. Con la premisa de que el desarrollo del Guayas se construye en territorio y con hechos,","og_url":"https:\/\/emisarioec.com\/index.php\/2026\/08\/21\/en-naranjal-el-prefecto-carlos-encalada-cumple-con-obras-ante-dos-demandas-historicas-agua-para-producir-y-vias-para-conectar\/","og_site_name":"Emisario Ec","article_published_time":"2026-08-21T17:52:00+00:00","article_modified_time":"2026-08-25T04:03:35+00:00","og_image":[{"width":860,"height":573,"url":"https:\/\/emisarioec.com\/wp-content\/uploads\/2026\/08\/1-21.jpg","type":"image\/jpeg"}],"author":"Emisario Ec","twitter_card":"summary_large_image","twitter_misc":{"Escrito por":"Emisario Ec","Tiempo de lectura":"3 minutos"},"schema":{"@context":"https:\/\/schema.org","@graph":[{"@type":"Article","@id":"https:\/\/emisarioec.com\/index.php\/2026\/08\/21\/en-naranjal-el-prefecto-carlos-encalada-cumple-con-obras-ante-dos-demandas-historicas-agua-para-producir-y-vias-para-conectar\/#article","isPartOf":{"@id":"https:\/\/emisarioec.com\/index.php\/2026\/08\/21\/en-naranjal-el-prefecto-carlos-encalada-cumple-con-obras-ante-dos-demandas-historicas-agua-para-producir-y-vias-para-conectar\/"},"author":{"name":"Emisario Ec","@id":"https:\/\/emisarioec.com\/#\/schema\/person\/2afb9da152d200f9b3feecf5f92da2d5"},"headline":"En Naranjal, el prefecto Carlos Encalada cumple con obras ante dos demandas hist\u00f3ricas: agua para producir y v\u00edas para conectar","datePublished":"2026-08-21T17:52:00+00:00","dateModified":"2026-08-25T04:03:35+00:00","mainEntityOfPage":{"@id":"https:\/\/emisarioec.com\/index.php\/2026\/08\/21\/en-naranjal-el-prefecto-carlos-encalada-cumple-con-obras-ante-dos-demandas-historicas-agua-para-producir-y-vias-para-conectar\/"},"wordCount":659,"publisher":{"@id":"https:\/\/emisarioec.com\/#organization"},"image":{"@id":"https:\/\/emisarioec.com\/index.php\/2026\/08\/21\/en-naranjal-el-prefecto-carlos-encalada-cumple-con-obras-ante-dos-demandas-historicas-agua-para-producir-y-vias-para-conectar\/#primaryimage"},"thumbnailUrl":"https:\/\/emisarioec.com\/wp-content\/uploads\/2026\/08\/1-21.jpg","keywords":["Naranjal","Prefecto Carlos Encalada","Prefectura del Guayas"],"articleSection":["Actualidad"],"inLanguage":"es"},{"@type":"WebPage","@id":"https:\/\/emisarioec.com\/index.php\/2026\/08\/21\/en-naranjal-el-prefecto-carlos-encalada-cumple-con-obras-ante-dos-demandas-historicas-agua-para-producir-y-vias-para-conectar\/","url":"https:\/\/emisarioec.com\/index.php\/2026\/08\/21\/en-naranjal-el-prefecto-carlos-encalada-cumple-con-obras-ante-dos-demandas-historicas-agua-para-producir-y-vias-para-conectar\/","name":"En Naranjal, el prefecto Carlos Encalada cumple con obras ante dos demandas hist\u00f3ricas: agua para producir y v\u00edas para conectar - Emisario Ec","isPartOf":{"@id":"https:\/\/emisarioec.com\/#website"},"primaryImageOfPage":{"@id":"https:\/\/emisarioec.com\/index.php\/2026\/08\/21\/en-naranjal-el-prefecto-carlos-encalada-cumple-con-obras-ante-dos-demandas-historicas-agua-para-producir-y-vias-para-conectar\/#primaryimage"},"image":{"@id":"https:\/\/emisarioec.com\/index.php\/2026\/08\/21\/en-naranjal-el-prefecto-carlos-encalada-cumple-con-obras-ante-dos-demandas-historicas-agua-para-producir-y-vias-para-conectar\/#primaryimage"},"thumbnailUrl":"https:\/\/emisarioec.com\/wp-content\/uploads\/2026\/08\/1-21.jpg","datePublished":"2026-08-21T17:52:00+00:00","dateModified":"2026-08-25T04:03:35+00:00","breadcrumb":{"@id":"https:\/\/emisarioec.com\/index.php\/2026\/08\/21\/en-naranjal-el-prefecto-carlos-encalada-cumple-con-obras-ante-dos-demandas-historicas-agua-para-producir-y-vias-para-conectar\/#breadcrumb"},"inLanguage":"es","potentialAction":[{"@type":"ReadAction","target":["https:\/\/emisarioec.com\/index.php\/2026\/08\/21\/en-naranjal-el-prefecto-carlos-encalada-cumple-con-obras-ante-dos-demandas-historicas-agua-para-producir-y-vias-para-conectar\/"]}]},{"@type":"ImageObject","inLanguage":"es","@id":"https:\/\/emisarioec.com\/index.php\/2026\/08\/21\/en-naranjal-el-prefecto-carlos-encalada-cumple-con-obras-ante-dos-demandas-historicas-agua-para-producir-y-vias-para-conectar\/#primaryimage","url":"https:\/\/emisarioec.com\/wp-content\/uploads\/2026\/08\/1-21.jpg","contentUrl":"https:\/\/emisarioec.com\/wp-content\/uploads\/2026\/08\/1-21.jpg","width":860,"height":573},{"@type":"BreadcrumbList","@id":"https:\/\/emisarioec.com\/index.php\/2026\/08\/21\/en-naranjal-el-prefecto-carlos-encalada-cumple-con-obras-ante-dos-demandas-historicas-agua-para-producir-y-vias-para-conectar\/#breadcrumb","itemListElement":[{"@type":"ListItem","position":1,"name":"Portada","item":"https:\/\/emisarioec.com\/"},{"@type":"ListItem","position":2,"name":"En Naranjal, el prefecto Carlos Encalada cumple con obras ante dos demandas hist\u00f3ricas: agua para producir y v\u00edas para conectar"}]},{"@type":"WebSite","@id":"https:\/\/emisarioec.com\/#website","url":"https:\/\/emisarioec.com\/","name":"Emisario Ec","description":"Informar es un derecho que corresponde a hechos","publisher":{"@id":"https:\/\/emisarioec.com\/#organization"},"potentialAction":[{"@type":"SearchAction","target":{"@type":"EntryPoint","urlTemplate":"https:\/\/emisarioec.com\/?s={search_term_string}"},"query-input":{"@type":"PropertyValueSpecification","valueRequired":true,"valueName":"search_term_string"}}],"inLanguage":"es"},{"@type":"Organization","@id":"https:\/\/emisarioec.com\/#organization","name":"Emisario Ec","url":"https:\/\/emisarioec.com\/","logo":{"@type":"ImageObject","inLanguage":"es","@id":"https:\/\/emisarioec.com\/#\/schema\/logo\/image\/","url":"https:\/\/emisarioec.com\/wp-content\/uploads\/2025\/06\/cropped-cropped-emisario-ico.png","contentUrl":"https:\/\/emisarioec.com\/wp-content\/uploads\/2025\/06\/cropped-cropped-emisario-ico.png","width":512,"height":512,"caption":"Emisario Ec"},"image":{"@id":"https:\/\/emisarioec.com\/#\/schema\/logo\/image\/"}},{"@type":"Person","@id":"https:\/\/emisarioec.com\/#\/schema\/person\/2afb9da152d200f9b3feecf5f92da2d5","name":"Emisario Ec","url":"https:\/\/emisarioec.com\/index.php\/author\/admin_roberto\/"}]}},"jetpack_featured_media_url":"https:\/\/emisarioec.com\/wp-content\/uploads\/2026\/08\/1-21.jpg","_links":{"self":[{"href":"https:\/\/emisarioec.com\/index.php\/wp-json\/wp\/v2\/posts\/4115","targetHints":{"allow":["GET"]}}],"collection":[{"href":"https:\/\/emisarioec.com\/index.php\/wp-json\/wp\/v2\/posts"}],"about":[{"href":"https:\/\/emisarioec.com\/index.php\/wp-json\/wp\/v2\/types\/post"}],"author":[{"embeddable":true,"href":"https:\/\/emisarioec.com\/index.php\/wp-json\/wp\/v2\/users\/2"}],"replies":[{"embeddable":true,"href":"https:\/\/emisarioec.com\/index.php\/wp-json\/wp\/v2\/comments?post=4115"}],"version-history":[{"count":2,"href":"https:\/\/emisarioec.com\/index.php\/wp-json\/wp\/v2\/posts\/4115\/revisions"}],"predecessor-version":[{"id":4118,"href":"https:\/\/emisarioec.com\/index.php\/wp-json\/wp\/v2\/posts\/4115\/revisions\/4118"}],"wp:featuredmedia":[{"embeddable":true,"href":"https:\/\/emisarioec.com\/index.php\/wp-json\/wp\/v2\/media\/4116"}],"wp:attachment":[{"href":"https:\/\/emisarioec.com\/index.php\/wp-json\/wp\/v2\/media?parent=4115"}],"wp:term":[{"taxonomy":"category","embeddable":true,"href":"https:\/\/emisarioec.com\/index.php\/wp-json\/wp\/v2\/categories?post=4115"},{"taxonomy":"post_tag","embeddable":true,"href":"https:\/\/emisarioec.com\/index.php\/wp-json\/wp\/v2\/tags?post=4115"}],"curies":[{"name":"wp","href":"https:\/\/api.w.org\/{rel}","templated":true}]}}