{"id":4154,"date":"2026-08-29T23:30:00","date_gmt":"2026-08-30T04:30:00","guid":{"rendered":"https:\/\/emisarioec.com\/?p=4154"},"modified":"2026-08-31T08:47:35","modified_gmt":"2026-08-31T13:47:35","slug":"ivanna-nicola-salazar-nueva-miss-ecuador-2026","status":"publish","type":"post","link":"https:\/\/emisarioec.com\/index.php\/2026\/08\/29\/ivanna-nicola-salazar-nueva-miss-ecuador-2026\/","title":{"rendered":"Ivanna Nicola Salazar, nueva Miss Ecuador 2026"},"content":{"rendered":"\n<p class=\"wp-block-paragraph\">La noche de este s\u00e1bado, Ivanna Nicola Salazar, de 23 a\u00f1os y nacida en Guayaquil, fue coronada Miss Ecuador 2026 durante la gran gala de elecci\u00f3n celebrada en la ciudad de Salinas.<\/p>\n\n\n\n<p class=\"wp-block-paragraph\">Con este t\u00edtulo, Ivanna asume el compromiso de representar al Ecuador en Miss International 2027, certamen que se celebrar\u00e1 en Jap\u00f3n, donde llevar\u00e1 consigo la identidad, cultura y diversidad de nuestro pa\u00eds.<\/p>\n\n\n\n<p class=\"wp-block-paragraph\">Durante la ceremonia, la nueva Miss Ecuador recibi\u00f3 la banda oficial de manos de Mar\u00eda del Carmen de Aguayo, directora de Miss Ecuador, mientras que Gisselle Rosales, Miss Ecuador 2025, fue la encargada de imponerle la corona.<\/p>\n\n\n\n<p class=\"wp-block-paragraph\">La noche tambi\u00e9n estuvo marcada por importantes reconocimientos para Ivanna, quien recibi\u00f3 las bandas de Miss Cielo y Miss Nubia, otorgadas por las marcas auspiciantes del certamen.<\/p>\n\n\n\n<p class=\"wp-block-paragraph\">La nueva corona que acompa\u00f1ar\u00e1 su reinado es una joya exclusiva creada por el orfebre ecuatoriano Jonathan Tello, quien fusion\u00f3 en su dise\u00f1o elementos de la identidad y tradici\u00f3n artesanal del Ecuador.<\/p>\n\n\n\n<p class=\"wp-block-paragraph\">Con su coronaci\u00f3n, Ivanna Nicola Salazar inicia oficialmente su reinado como nueva embajadora de Ecuador y emprende el camino hacia Miss International 2027, con la mirada puesta en Jap\u00f3n y el firme prop\u00f3sito de dejar en alto el nombre de nuestro pa\u00eds.<\/p>\n\n\n\n<figure class=\"wp-block-embed is-type-video is-provider-youtube wp-block-embed-youtube wp-embed-aspect-16-9 wp-has-aspect-ratio\"><div class=\"wp-block-embed__wrapper\">\n<iframe title=\"Ivanna Nicola Salazar, nueva Miss Ecuador 2026\" width=\"960\" height=\"540\" src=\"https:\/\/www.youtube.com\/embed\/x4GmwawJwT0?feature=oembed\" frameborder=\"0\" allow=\"accelerometer; autoplay; clipboard-write; encrypted-media; gyroscope; picture-in-picture; web-share\" referrerpolicy=\"strict-origin-when-cross-origin\" allowfullscreen><\/iframe>\n<\/div><\/figure>\n","protected":false},"excerpt":{"rendered":"<p>Con este t\u00edtulo, Ivanna asume el compromiso de representar al Ecuador en Miss International 2027<\/p>\n","protected":false},"author":2,"featured_media":4155,"comment_status":"closed","ping_status":"open","sticky":false,"template":"","format":"standard","meta":{"footnotes":""},"categories":[6],"tags":[1829,1830,40],"class_list":["post-4154","post","type-post","status-publish","format-standard","has-post-thumbnail","hentry","category-actualidad","tag-ivanna-nicola-salazar","tag-miss-international-2027","tag-salinas"],"yoast_head":"<!-- This site is optimized with the Yoast SEO plugin v28.4 - https:\/\/yoast.com\/product\/yoast-seo-wordpress\/ -->\n<title>Ivanna Nicola Salazar, nueva Miss Ecuador 2026 - Emisario Ec<\/title>\n<meta name=\"robots\" content=\"index, follow, max-snippet:-1, max-image-preview:large, max-video-preview:-1\" \/>\n<link rel=\"canonical\" href=\"https:\/\/emisarioec.com\/index.php\/2026\/08\/29\/ivanna-nicola-salazar-nueva-miss-ecuador-2026\/\" \/>\n<meta property=\"og:locale\" content=\"es_ES\" \/>\n<meta property=\"og:type\" content=\"article\" \/>\n<meta property=\"og:title\" content=\"Ivanna Nicola Salazar, nueva Miss Ecuador 2026 - Emisario Ec\" \/>\n<meta property=\"og:description\" content=\"Con este t\u00edtulo, Ivanna asume el compromiso de representar al Ecuador en Miss International 2027\" \/>\n<meta property=\"og:url\" content=\"https:\/\/emisarioec.com\/index.php\/2026\/08\/29\/ivanna-nicola-salazar-nueva-miss-ecuador-2026\/\" \/>\n<meta property=\"og:site_name\" content=\"Emisario Ec\" \/>\n<meta property=\"article:published_time\" content=\"2026-08-30T04:30:00+00:00\" \/>\n<meta property=\"article:modified_time\" content=\"2026-08-31T13:47:35+00:00\" \/>\n<meta property=\"og:image\" content=\"https:\/\/emisarioec.com\/wp-content\/uploads\/2026\/08\/1-27.jpg\" \/>\n\t<meta property=\"og:image:width\" content=\"840\" \/>\n\t<meta property=\"og:image:height\" content=\"840\" \/>\n\t<meta property=\"og:image:type\" content=\"image\/jpeg\" \/>\n<meta name=\"author\" content=\"Emisario Ec\" \/>\n<meta name=\"twitter:card\" content=\"summary_large_image\" \/>\n<meta name=\"twitter:label1\" content=\"Escrito por\" \/>\n\t<meta name=\"twitter:data1\" content=\"Emisario Ec\" \/>\n\t<meta name=\"twitter:label2\" content=\"Tiempo de lectura\" \/>\n\t<meta name=\"twitter:data2\" content=\"2 minutos\" \/>\n<script type=\"application\/ld+json\" class=\"yoast-schema-graph\">{\"@context\":\"https:\\\/\\\/schema.org\",\"@graph\":[{\"@type\":\"Article\",\"@id\":\"https:\\\/\\\/emisarioec.com\\\/index.php\\\/2026\\\/08\\\/29\\\/ivanna-nicola-salazar-nueva-miss-ecuador-2026\\\/#article\",\"isPartOf\":{\"@id\":\"https:\\\/\\\/emisarioec.com\\\/index.php\\\/2026\\\/08\\\/29\\\/ivanna-nicola-salazar-nueva-miss-ecuador-2026\\\/\"},\"author\":{\"name\":\"Emisario Ec\",\"@id\":\"https:\\\/\\\/emisarioec.com\\\/#\\\/schema\\\/person\\\/2afb9da152d200f9b3feecf5f92da2d5\"},\"headline\":\"Ivanna Nicola Salazar, nueva Miss Ecuador 2026\",\"datePublished\":\"2026-08-30T04:30:00+00:00\",\"dateModified\":\"2026-08-31T13:47:35+00:00\",\"mainEntityOfPage\":{\"@id\":\"https:\\\/\\\/emisarioec.com\\\/index.php\\\/2026\\\/08\\\/29\\\/ivanna-nicola-salazar-nueva-miss-ecuador-2026\\\/\"},\"wordCount\":223,\"publisher\":{\"@id\":\"https:\\\/\\\/emisarioec.com\\\/#organization\"},\"image\":{\"@id\":\"https:\\\/\\\/emisarioec.com\\\/index.php\\\/2026\\\/08\\\/29\\\/ivanna-nicola-salazar-nueva-miss-ecuador-2026\\\/#primaryimage\"},\"thumbnailUrl\":\"https:\\\/\\\/emisarioec.com\\\/wp-content\\\/uploads\\\/2026\\\/08\\\/1-27.jpg\",\"keywords\":[\"Ivanna Nicola Salazar\",\"Miss International 2027\",\"Salinas\"],\"articleSection\":[\"Actualidad\"],\"inLanguage\":\"es\"},{\"@type\":\"WebPage\",\"@id\":\"https:\\\/\\\/emisarioec.com\\\/index.php\\\/2026\\\/08\\\/29\\\/ivanna-nicola-salazar-nueva-miss-ecuador-2026\\\/\",\"url\":\"https:\\\/\\\/emisarioec.com\\\/index.php\\\/2026\\\/08\\\/29\\\/ivanna-nicola-salazar-nueva-miss-ecuador-2026\\\/\",\"name\":\"Ivanna Nicola Salazar, nueva Miss Ecuador 2026 - Emisario Ec\",\"isPartOf\":{\"@id\":\"https:\\\/\\\/emisarioec.com\\\/#website\"},\"primaryImageOfPage\":{\"@id\":\"https:\\\/\\\/emisarioec.com\\\/index.php\\\/2026\\\/08\\\/29\\\/ivanna-nicola-salazar-nueva-miss-ecuador-2026\\\/#primaryimage\"},\"image\":{\"@id\":\"https:\\\/\\\/emisarioec.com\\\/index.php\\\/2026\\\/08\\\/29\\\/ivanna-nicola-salazar-nueva-miss-ecuador-2026\\\/#primaryimage\"},\"thumbnailUrl\":\"https:\\\/\\\/emisarioec.com\\\/wp-content\\\/uploads\\\/2026\\\/08\\\/1-27.jpg\",\"datePublished\":\"2026-08-30T04:30:00+00:00\",\"dateModified\":\"2026-08-31T13:47:35+00:00\",\"breadcrumb\":{\"@id\":\"https:\\\/\\\/emisarioec.com\\\/index.php\\\/2026\\\/08\\\/29\\\/ivanna-nicola-salazar-nueva-miss-ecuador-2026\\\/#breadcrumb\"},\"inLanguage\":\"es\",\"potentialAction\":[{\"@type\":\"ReadAction\",\"target\":[\"https:\\\/\\\/emisarioec.com\\\/index.php\\\/2026\\\/08\\\/29\\\/ivanna-nicola-salazar-nueva-miss-ecuador-2026\\\/\"]}]},{\"@type\":\"ImageObject\",\"inLanguage\":\"es\",\"@id\":\"https:\\\/\\\/emisarioec.com\\\/index.php\\\/2026\\\/08\\\/29\\\/ivanna-nicola-salazar-nueva-miss-ecuador-2026\\\/#primaryimage\",\"url\":\"https:\\\/\\\/emisarioec.com\\\/wp-content\\\/uploads\\\/2026\\\/08\\\/1-27.jpg\",\"contentUrl\":\"https:\\\/\\\/emisarioec.com\\\/wp-content\\\/uploads\\\/2026\\\/08\\\/1-27.jpg\",\"width\":840,\"height\":840},{\"@type\":\"BreadcrumbList\",\"@id\":\"https:\\\/\\\/emisarioec.com\\\/index.php\\\/2026\\\/08\\\/29\\\/ivanna-nicola-salazar-nueva-miss-ecuador-2026\\\/#breadcrumb\",\"itemListElement\":[{\"@type\":\"ListItem\",\"position\":1,\"name\":\"Portada\",\"item\":\"https:\\\/\\\/emisarioec.com\\\/\"},{\"@type\":\"ListItem\",\"position\":2,\"name\":\"Ivanna Nicola Salazar, nueva Miss Ecuador 2026\"}]},{\"@type\":\"WebSite\",\"@id\":\"https:\\\/\\\/emisarioec.com\\\/#website\",\"url\":\"https:\\\/\\\/emisarioec.com\\\/\",\"name\":\"Emisario Ec\",\"description\":\"Informar es un derecho que corresponde a hechos\",\"publisher\":{\"@id\":\"https:\\\/\\\/emisarioec.com\\\/#organization\"},\"potentialAction\":[{\"@type\":\"SearchAction\",\"target\":{\"@type\":\"EntryPoint\",\"urlTemplate\":\"https:\\\/\\\/emisarioec.com\\\/?s={search_term_string}\"},\"query-input\":{\"@type\":\"PropertyValueSpecification\",\"valueRequired\":true,\"valueName\":\"search_term_string\"}}],\"inLanguage\":\"es\"},{\"@type\":\"Organization\",\"@id\":\"https:\\\/\\\/emisarioec.com\\\/#organization\",\"name\":\"Emisario Ec\",\"url\":\"https:\\\/\\\/emisarioec.com\\\/\",\"logo\":{\"@type\":\"ImageObject\",\"inLanguage\":\"es\",\"@id\":\"https:\\\/\\\/emisarioec.com\\\/#\\\/schema\\\/logo\\\/image\\\/\",\"url\":\"https:\\\/\\\/emisarioec.com\\\/wp-content\\\/uploads\\\/2025\\\/06\\\/cropped-cropped-emisario-ico.png\",\"contentUrl\":\"https:\\\/\\\/emisarioec.com\\\/wp-content\\\/uploads\\\/2025\\\/06\\\/cropped-cropped-emisario-ico.png\",\"width\":512,\"height\":512,\"caption\":\"Emisario Ec\"},\"image\":{\"@id\":\"https:\\\/\\\/emisarioec.com\\\/#\\\/schema\\\/logo\\\/image\\\/\"}},{\"@type\":\"Person\",\"@id\":\"https:\\\/\\\/emisarioec.com\\\/#\\\/schema\\\/person\\\/2afb9da152d200f9b3feecf5f92da2d5\",\"name\":\"Emisario Ec\",\"url\":\"https:\\\/\\\/emisarioec.com\\\/index.php\\\/author\\\/admin_roberto\\\/\"}]}<\/script>\n<!-- \/ Yoast SEO plugin. -->","yoast_head_json":{"title":"Ivanna Nicola Salazar, nueva Miss Ecuador 2026 - Emisario Ec","robots":{"index":"index","follow":"follow","max-snippet":"max-snippet:-1","max-image-preview":"max-image-preview:large","max-video-preview":"max-video-preview:-1"},"canonical":"https:\/\/emisarioec.com\/index.php\/2026\/08\/29\/ivanna-nicola-salazar-nueva-miss-ecuador-2026\/","og_locale":"es_ES","og_type":"article","og_title":"Ivanna Nicola Salazar, nueva Miss Ecuador 2026 - Emisario Ec","og_description":"Con este t\u00edtulo, Ivanna asume el compromiso de representar al Ecuador en Miss International 2027","og_url":"https:\/\/emisarioec.com\/index.php\/2026\/08\/29\/ivanna-nicola-salazar-nueva-miss-ecuador-2026\/","og_site_name":"Emisario Ec","article_published_time":"2026-08-30T04:30:00+00:00","article_modified_time":"2026-08-31T13:47:35+00:00","og_image":[{"width":840,"height":840,"url":"https:\/\/emisarioec.com\/wp-content\/uploads\/2026\/08\/1-27.jpg","type":"image\/jpeg"}],"author":"Emisario Ec","twitter_card":"summary_large_image","twitter_misc":{"Escrito por":"Emisario Ec","Tiempo de lectura":"2 minutos"},"schema":{"@context":"https:\/\/schema.org","@graph":[{"@type":"Article","@id":"https:\/\/emisarioec.com\/index.php\/2026\/08\/29\/ivanna-nicola-salazar-nueva-miss-ecuador-2026\/#article","isPartOf":{"@id":"https:\/\/emisarioec.com\/index.php\/2026\/08\/29\/ivanna-nicola-salazar-nueva-miss-ecuador-2026\/"},"author":{"name":"Emisario Ec","@id":"https:\/\/emisarioec.com\/#\/schema\/person\/2afb9da152d200f9b3feecf5f92da2d5"},"headline":"Ivanna Nicola Salazar, nueva Miss Ecuador 2026","datePublished":"2026-08-30T04:30:00+00:00","dateModified":"2026-08-31T13:47:35+00:00","mainEntityOfPage":{"@id":"https:\/\/emisarioec.com\/index.php\/2026\/08\/29\/ivanna-nicola-salazar-nueva-miss-ecuador-2026\/"},"wordCount":223,"publisher":{"@id":"https:\/\/emisarioec.com\/#organization"},"image":{"@id":"https:\/\/emisarioec.com\/index.php\/2026\/08\/29\/ivanna-nicola-salazar-nueva-miss-ecuador-2026\/#primaryimage"},"thumbnailUrl":"https:\/\/emisarioec.com\/wp-content\/uploads\/2026\/08\/1-27.jpg","keywords":["Ivanna Nicola Salazar","Miss International 2027","Salinas"],"articleSection":["Actualidad"],"inLanguage":"es"},{"@type":"WebPage","@id":"https:\/\/emisarioec.com\/index.php\/2026\/08\/29\/ivanna-nicola-salazar-nueva-miss-ecuador-2026\/","url":"https:\/\/emisarioec.com\/index.php\/2026\/08\/29\/ivanna-nicola-salazar-nueva-miss-ecuador-2026\/","name":"Ivanna Nicola Salazar, nueva Miss Ecuador 2026 - Emisario Ec","isPartOf":{"@id":"https:\/\/emisarioec.com\/#website"},"primaryImageOfPage":{"@id":"https:\/\/emisarioec.com\/index.php\/2026\/08\/29\/ivanna-nicola-salazar-nueva-miss-ecuador-2026\/#primaryimage"},"image":{"@id":"https:\/\/emisarioec.com\/index.php\/2026\/08\/29\/ivanna-nicola-salazar-nueva-miss-ecuador-2026\/#primaryimage"},"thumbnailUrl":"https:\/\/emisarioec.com\/wp-content\/uploads\/2026\/08\/1-27.jpg","datePublished":"2026-08-30T04:30:00+00:00","dateModified":"2026-08-31T13:47:35+00:00","breadcrumb":{"@id":"https:\/\/emisarioec.com\/index.php\/2026\/08\/29\/ivanna-nicola-salazar-nueva-miss-ecuador-2026\/#breadcrumb"},"inLanguage":"es","potentialAction":[{"@type":"ReadAction","target":["https:\/\/emisarioec.com\/index.php\/2026\/08\/29\/ivanna-nicola-salazar-nueva-miss-ecuador-2026\/"]}]},{"@type":"ImageObject","inLanguage":"es","@id":"https:\/\/emisarioec.com\/index.php\/2026\/08\/29\/ivanna-nicola-salazar-nueva-miss-ecuador-2026\/#primaryimage","url":"https:\/\/emisarioec.com\/wp-content\/uploads\/2026\/08\/1-27.jpg","contentUrl":"https:\/\/emisarioec.com\/wp-content\/uploads\/2026\/08\/1-27.jpg","width":840,"height":840},{"@type":"BreadcrumbList","@id":"https:\/\/emisarioec.com\/index.php\/2026\/08\/29\/ivanna-nicola-salazar-nueva-miss-ecuador-2026\/#breadcrumb","itemListElement":[{"@type":"ListItem","position":1,"name":"Portada","item":"https:\/\/emisarioec.com\/"},{"@type":"ListItem","position":2,"name":"Ivanna Nicola Salazar, nueva Miss Ecuador 2026"}]},{"@type":"WebSite","@id":"https:\/\/emisarioec.com\/#website","url":"https:\/\/emisarioec.com\/","name":"Emisario Ec","description":"Informar es un derecho que corresponde a hechos","publisher":{"@id":"https:\/\/emisarioec.com\/#organization"},"potentialAction":[{"@type":"SearchAction","target":{"@type":"EntryPoint","urlTemplate":"https:\/\/emisarioec.com\/?s={search_term_string}"},"query-input":{"@type":"PropertyValueSpecification","valueRequired":true,"valueName":"search_term_string"}}],"inLanguage":"es"},{"@type":"Organization","@id":"https:\/\/emisarioec.com\/#organization","name":"Emisario Ec","url":"https:\/\/emisarioec.com\/","logo":{"@type":"ImageObject","inLanguage":"es","@id":"https:\/\/emisarioec.com\/#\/schema\/logo\/image\/","url":"https:\/\/emisarioec.com\/wp-content\/uploads\/2025\/06\/cropped-cropped-emisario-ico.png","contentUrl":"https:\/\/emisarioec.com\/wp-content\/uploads\/2025\/06\/cropped-cropped-emisario-ico.png","width":512,"height":512,"caption":"Emisario Ec"},"image":{"@id":"https:\/\/emisarioec.com\/#\/schema\/logo\/image\/"}},{"@type":"Person","@id":"https:\/\/emisarioec.com\/#\/schema\/person\/2afb9da152d200f9b3feecf5f92da2d5","name":"Emisario Ec","url":"https:\/\/emisarioec.com\/index.php\/author\/admin_roberto\/"}]}},"jetpack_featured_media_url":"https:\/\/emisarioec.com\/wp-content\/uploads\/2026\/08\/1-27.jpg","_links":{"self":[{"href":"https:\/\/emisarioec.com\/index.php\/wp-json\/wp\/v2\/posts\/4154","targetHints":{"allow":["GET"]}}],"collection":[{"href":"https:\/\/emisarioec.com\/index.php\/wp-json\/wp\/v2\/posts"}],"about":[{"href":"https:\/\/emisarioec.com\/index.php\/wp-json\/wp\/v2\/types\/post"}],"author":[{"embeddable":true,"href":"https:\/\/emisarioec.com\/index.php\/wp-json\/wp\/v2\/users\/2"}],"replies":[{"embeddable":true,"href":"https:\/\/emisarioec.com\/index.php\/wp-json\/wp\/v2\/comments?post=4154"}],"version-history":[{"count":2,"href":"https:\/\/emisarioec.com\/index.php\/wp-json\/wp\/v2\/posts\/4154\/revisions"}],"predecessor-version":[{"id":4158,"href":"https:\/\/emisarioec.com\/index.php\/wp-json\/wp\/v2\/posts\/4154\/revisions\/4158"}],"wp:featuredmedia":[{"embeddable":true,"href":"https:\/\/emisarioec.com\/index.php\/wp-json\/wp\/v2\/media\/4155"}],"wp:attachment":[{"href":"https:\/\/emisarioec.com\/index.php\/wp-json\/wp\/v2\/media?parent=4154"}],"wp:term":[{"taxonomy":"category","embeddable":true,"href":"https:\/\/emisarioec.com\/index.php\/wp-json\/wp\/v2\/categories?post=4154"},{"taxonomy":"post_tag","embeddable":true,"href":"https:\/\/emisarioec.com\/index.php\/wp-json\/wp\/v2\/tags?post=4154"}],"curies":[{"name":"wp","href":"https:\/\/api.w.org\/{rel}","templated":true}]}}