{"id":4160,"date":"2026-08-28T10:30:00","date_gmt":"2026-08-28T15:30:00","guid":{"rendered":"https:\/\/emisarioec.com\/?p=4160"},"modified":"2026-08-31T09:06:36","modified_gmt":"2026-08-31T14:06:36","slug":"extendimos-sukanje-del-29-de-agosto-al-6-de-septiembre","status":"publish","type":"post","link":"https:\/\/emisarioec.com\/index.php\/2026\/08\/28\/extendimos-sukanje-del-29-de-agosto-al-6-de-septiembre\/","title":{"rendered":"Extendimos\u00a0Sukanje\u00a0del 29 de agosto al 6 de septiembre\u00a0"},"content":{"rendered":"\n<p class=\"wp-block-paragraph\"><strong>Sukasa impulsa la campa\u00f1a SUKANJE en beneficio de los ni\u00f1os y j\u00f3venes de la&nbsp;Fundacion&nbsp;Dejemos Huellas<\/strong><\/p>\n\n\n\n<p class=\"wp-block-paragraph\">SUKANJE ahora aplica&nbsp;tambi\u00e9n para tu televisor viejo de cualquier marca o tama\u00f1o vale el 20 por ciento de uno nuevo,&nbsp;extendemos la campa\u00f1a&nbsp;para que&nbsp;puedas aprovecharla en todos&nbsp;los productos de semanas anteriores: colchones, almohadas y protectores, refrigeradoras, cocinas, lavavajillas y empotrables, lavadoras y secadoras, BBQ, electrodom\u00e9sticos menores y bater\u00edas de cocina.&nbsp;<\/p>\n\n\n\n<p class=\"wp-block-paragraph\">Los equipos entregados ser\u00e1n donados a la Fundaci\u00f3n Dejemos Huellas para contribuir a su labor social y apoyar a familias que m\u00e1s lo necesitan. El retiro del&nbsp;producto o&nbsp;electrodom\u00e9stico usado se realizar\u00e1 al momento de la entrega del nuevo a domicilio,&nbsp;o si el cliente lo prefiere, podr\u00e1 llevarlo directamente a cualquier tienda Sukasa.&nbsp;<\/p>\n\n\n\n<p class=\"wp-block-paragraph\">Con&nbsp;<strong>SUKANJE<\/strong>, Sukasa reafirma que cada compra puede convertirse en una oportunidad para generar un impacto positivo en la comunidad, invitando a sus clientes a renovar sus hogares mientras contribuyen a una causa que promueve un mejor futuro para la ni\u00f1ez ecuatoriana.&nbsp;<\/p>\n","protected":false},"excerpt":{"rendered":"<p>Sukasa impulsa la campa\u00f1a SUKANJE en beneficio de los ni\u00f1os y j\u00f3venes de la\u00a0Fundacion\u00a0Dejemos Huellas<\/p>\n","protected":false},"author":2,"featured_media":4161,"comment_status":"closed","ping_status":"open","sticky":false,"template":"","format":"standard","meta":{"footnotes":""},"categories":[6],"tags":[33,1832,1831],"class_list":["post-4160","post","type-post","status-publish","format-standard","has-post-thumbnail","hentry","category-actualidad","tag-ecuador","tag-fundacion-dejemos-huellas","tag-sukanje"],"yoast_head":"<!-- This site is optimized with the Yoast SEO plugin v28.4 - https:\/\/yoast.com\/product\/yoast-seo-wordpress\/ -->\n<title>Extendimos\u00a0Sukanje\u00a0del 29 de agosto al 6 de septiembre\u00a0 - Emisario Ec<\/title>\n<meta name=\"robots\" content=\"index, follow, max-snippet:-1, max-image-preview:large, max-video-preview:-1\" \/>\n<link rel=\"canonical\" href=\"https:\/\/emisarioec.com\/index.php\/2026\/08\/28\/extendimos-sukanje-del-29-de-agosto-al-6-de-septiembre\/\" \/>\n<meta property=\"og:locale\" content=\"es_ES\" \/>\n<meta property=\"og:type\" content=\"article\" \/>\n<meta property=\"og:title\" content=\"Extendimos\u00a0Sukanje\u00a0del 29 de agosto al 6 de septiembre\u00a0 - Emisario Ec\" \/>\n<meta property=\"og:description\" content=\"Sukasa impulsa la campa\u00f1a SUKANJE en beneficio de los ni\u00f1os y j\u00f3venes de la\u00a0Fundacion\u00a0Dejemos Huellas\" \/>\n<meta property=\"og:url\" content=\"https:\/\/emisarioec.com\/index.php\/2026\/08\/28\/extendimos-sukanje-del-29-de-agosto-al-6-de-septiembre\/\" \/>\n<meta property=\"og:site_name\" content=\"Emisario Ec\" \/>\n<meta property=\"article:published_time\" content=\"2026-08-28T15:30:00+00:00\" \/>\n<meta property=\"article:modified_time\" content=\"2026-08-31T14:06:36+00:00\" \/>\n<meta property=\"og:image\" content=\"https:\/\/emisarioec.com\/wp-content\/uploads\/2026\/08\/Captura-de-pantalla-2026-08-07-a-las-11.38.51-a.-m.jpg\" \/>\n\t<meta property=\"og:image:width\" content=\"880\" \/>\n\t<meta property=\"og:image:height\" content=\"1244\" \/>\n\t<meta property=\"og:image:type\" content=\"image\/jpeg\" \/>\n<meta name=\"author\" content=\"Emisario Ec\" \/>\n<meta name=\"twitter:card\" content=\"summary_large_image\" \/>\n<meta name=\"twitter:label1\" content=\"Escrito por\" \/>\n\t<meta name=\"twitter:data1\" content=\"Emisario Ec\" \/>\n\t<meta name=\"twitter:label2\" content=\"Tiempo de lectura\" \/>\n\t<meta name=\"twitter:data2\" content=\"1 minuto\" \/>\n<script type=\"application\/ld+json\" class=\"yoast-schema-graph\">{\"@context\":\"https:\\\/\\\/schema.org\",\"@graph\":[{\"@type\":\"Article\",\"@id\":\"https:\\\/\\\/emisarioec.com\\\/index.php\\\/2026\\\/08\\\/28\\\/extendimos-sukanje-del-29-de-agosto-al-6-de-septiembre\\\/#article\",\"isPartOf\":{\"@id\":\"https:\\\/\\\/emisarioec.com\\\/index.php\\\/2026\\\/08\\\/28\\\/extendimos-sukanje-del-29-de-agosto-al-6-de-septiembre\\\/\"},\"author\":{\"name\":\"Emisario Ec\",\"@id\":\"https:\\\/\\\/emisarioec.com\\\/#\\\/schema\\\/person\\\/2afb9da152d200f9b3feecf5f92da2d5\"},\"headline\":\"Extendimos\u00a0Sukanje\u00a0del 29 de agosto al 6 de septiembre\u00a0\",\"datePublished\":\"2026-08-28T15:30:00+00:00\",\"dateModified\":\"2026-08-31T14:06:36+00:00\",\"mainEntityOfPage\":{\"@id\":\"https:\\\/\\\/emisarioec.com\\\/index.php\\\/2026\\\/08\\\/28\\\/extendimos-sukanje-del-29-de-agosto-al-6-de-septiembre\\\/\"},\"wordCount\":202,\"publisher\":{\"@id\":\"https:\\\/\\\/emisarioec.com\\\/#organization\"},\"image\":{\"@id\":\"https:\\\/\\\/emisarioec.com\\\/index.php\\\/2026\\\/08\\\/28\\\/extendimos-sukanje-del-29-de-agosto-al-6-de-septiembre\\\/#primaryimage\"},\"thumbnailUrl\":\"https:\\\/\\\/emisarioec.com\\\/wp-content\\\/uploads\\\/2026\\\/08\\\/Captura-de-pantalla-2026-08-07-a-las-11.38.51-a.-m.jpg\",\"keywords\":[\"Ecuador\",\"Fundacion Dejemos Huellas\",\"Sukanje\"],\"articleSection\":[\"Actualidad\"],\"inLanguage\":\"es\"},{\"@type\":\"WebPage\",\"@id\":\"https:\\\/\\\/emisarioec.com\\\/index.php\\\/2026\\\/08\\\/28\\\/extendimos-sukanje-del-29-de-agosto-al-6-de-septiembre\\\/\",\"url\":\"https:\\\/\\\/emisarioec.com\\\/index.php\\\/2026\\\/08\\\/28\\\/extendimos-sukanje-del-29-de-agosto-al-6-de-septiembre\\\/\",\"name\":\"Extendimos\u00a0Sukanje\u00a0del 29 de agosto al 6 de septiembre\u00a0 - Emisario Ec\",\"isPartOf\":{\"@id\":\"https:\\\/\\\/emisarioec.com\\\/#website\"},\"primaryImageOfPage\":{\"@id\":\"https:\\\/\\\/emisarioec.com\\\/index.php\\\/2026\\\/08\\\/28\\\/extendimos-sukanje-del-29-de-agosto-al-6-de-septiembre\\\/#primaryimage\"},\"image\":{\"@id\":\"https:\\\/\\\/emisarioec.com\\\/index.php\\\/2026\\\/08\\\/28\\\/extendimos-sukanje-del-29-de-agosto-al-6-de-septiembre\\\/#primaryimage\"},\"thumbnailUrl\":\"https:\\\/\\\/emisarioec.com\\\/wp-content\\\/uploads\\\/2026\\\/08\\\/Captura-de-pantalla-2026-08-07-a-las-11.38.51-a.-m.jpg\",\"datePublished\":\"2026-08-28T15:30:00+00:00\",\"dateModified\":\"2026-08-31T14:06:36+00:00\",\"breadcrumb\":{\"@id\":\"https:\\\/\\\/emisarioec.com\\\/index.php\\\/2026\\\/08\\\/28\\\/extendimos-sukanje-del-29-de-agosto-al-6-de-septiembre\\\/#breadcrumb\"},\"inLanguage\":\"es\",\"potentialAction\":[{\"@type\":\"ReadAction\",\"target\":[\"https:\\\/\\\/emisarioec.com\\\/index.php\\\/2026\\\/08\\\/28\\\/extendimos-sukanje-del-29-de-agosto-al-6-de-septiembre\\\/\"]}]},{\"@type\":\"ImageObject\",\"inLanguage\":\"es\",\"@id\":\"https:\\\/\\\/emisarioec.com\\\/index.php\\\/2026\\\/08\\\/28\\\/extendimos-sukanje-del-29-de-agosto-al-6-de-septiembre\\\/#primaryimage\",\"url\":\"https:\\\/\\\/emisarioec.com\\\/wp-content\\\/uploads\\\/2026\\\/08\\\/Captura-de-pantalla-2026-08-07-a-las-11.38.51-a.-m.jpg\",\"contentUrl\":\"https:\\\/\\\/emisarioec.com\\\/wp-content\\\/uploads\\\/2026\\\/08\\\/Captura-de-pantalla-2026-08-07-a-las-11.38.51-a.-m.jpg\",\"width\":880,\"height\":1244},{\"@type\":\"BreadcrumbList\",\"@id\":\"https:\\\/\\\/emisarioec.com\\\/index.php\\\/2026\\\/08\\\/28\\\/extendimos-sukanje-del-29-de-agosto-al-6-de-septiembre\\\/#breadcrumb\",\"itemListElement\":[{\"@type\":\"ListItem\",\"position\":1,\"name\":\"Portada\",\"item\":\"https:\\\/\\\/emisarioec.com\\\/\"},{\"@type\":\"ListItem\",\"position\":2,\"name\":\"Extendimos\u00a0Sukanje\u00a0del 29 de agosto al 6 de septiembre\u00a0\"}]},{\"@type\":\"WebSite\",\"@id\":\"https:\\\/\\\/emisarioec.com\\\/#website\",\"url\":\"https:\\\/\\\/emisarioec.com\\\/\",\"name\":\"Emisario Ec\",\"description\":\"Informar es un derecho que corresponde a hechos\",\"publisher\":{\"@id\":\"https:\\\/\\\/emisarioec.com\\\/#organization\"},\"potentialAction\":[{\"@type\":\"SearchAction\",\"target\":{\"@type\":\"EntryPoint\",\"urlTemplate\":\"https:\\\/\\\/emisarioec.com\\\/?s={search_term_string}\"},\"query-input\":{\"@type\":\"PropertyValueSpecification\",\"valueRequired\":true,\"valueName\":\"search_term_string\"}}],\"inLanguage\":\"es\"},{\"@type\":\"Organization\",\"@id\":\"https:\\\/\\\/emisarioec.com\\\/#organization\",\"name\":\"Emisario Ec\",\"url\":\"https:\\\/\\\/emisarioec.com\\\/\",\"logo\":{\"@type\":\"ImageObject\",\"inLanguage\":\"es\",\"@id\":\"https:\\\/\\\/emisarioec.com\\\/#\\\/schema\\\/logo\\\/image\\\/\",\"url\":\"https:\\\/\\\/emisarioec.com\\\/wp-content\\\/uploads\\\/2025\\\/06\\\/cropped-cropped-emisario-ico.png\",\"contentUrl\":\"https:\\\/\\\/emisarioec.com\\\/wp-content\\\/uploads\\\/2025\\\/06\\\/cropped-cropped-emisario-ico.png\",\"width\":512,\"height\":512,\"caption\":\"Emisario Ec\"},\"image\":{\"@id\":\"https:\\\/\\\/emisarioec.com\\\/#\\\/schema\\\/logo\\\/image\\\/\"}},{\"@type\":\"Person\",\"@id\":\"https:\\\/\\\/emisarioec.com\\\/#\\\/schema\\\/person\\\/2afb9da152d200f9b3feecf5f92da2d5\",\"name\":\"Emisario Ec\",\"url\":\"https:\\\/\\\/emisarioec.com\\\/index.php\\\/author\\\/admin_roberto\\\/\"}]}<\/script>\n<!-- \/ Yoast SEO plugin. -->","yoast_head_json":{"title":"Extendimos\u00a0Sukanje\u00a0del 29 de agosto al 6 de septiembre\u00a0 - Emisario Ec","robots":{"index":"index","follow":"follow","max-snippet":"max-snippet:-1","max-image-preview":"max-image-preview:large","max-video-preview":"max-video-preview:-1"},"canonical":"https:\/\/emisarioec.com\/index.php\/2026\/08\/28\/extendimos-sukanje-del-29-de-agosto-al-6-de-septiembre\/","og_locale":"es_ES","og_type":"article","og_title":"Extendimos\u00a0Sukanje\u00a0del 29 de agosto al 6 de septiembre\u00a0 - Emisario Ec","og_description":"Sukasa impulsa la campa\u00f1a SUKANJE en beneficio de los ni\u00f1os y j\u00f3venes de la\u00a0Fundacion\u00a0Dejemos Huellas","og_url":"https:\/\/emisarioec.com\/index.php\/2026\/08\/28\/extendimos-sukanje-del-29-de-agosto-al-6-de-septiembre\/","og_site_name":"Emisario Ec","article_published_time":"2026-08-28T15:30:00+00:00","article_modified_time":"2026-08-31T14:06:36+00:00","og_image":[{"width":880,"height":1244,"url":"https:\/\/emisarioec.com\/wp-content\/uploads\/2026\/08\/Captura-de-pantalla-2026-08-07-a-las-11.38.51-a.-m.jpg","type":"image\/jpeg"}],"author":"Emisario Ec","twitter_card":"summary_large_image","twitter_misc":{"Escrito por":"Emisario Ec","Tiempo de lectura":"1 minuto"},"schema":{"@context":"https:\/\/schema.org","@graph":[{"@type":"Article","@id":"https:\/\/emisarioec.com\/index.php\/2026\/08\/28\/extendimos-sukanje-del-29-de-agosto-al-6-de-septiembre\/#article","isPartOf":{"@id":"https:\/\/emisarioec.com\/index.php\/2026\/08\/28\/extendimos-sukanje-del-29-de-agosto-al-6-de-septiembre\/"},"author":{"name":"Emisario Ec","@id":"https:\/\/emisarioec.com\/#\/schema\/person\/2afb9da152d200f9b3feecf5f92da2d5"},"headline":"Extendimos\u00a0Sukanje\u00a0del 29 de agosto al 6 de septiembre\u00a0","datePublished":"2026-08-28T15:30:00+00:00","dateModified":"2026-08-31T14:06:36+00:00","mainEntityOfPage":{"@id":"https:\/\/emisarioec.com\/index.php\/2026\/08\/28\/extendimos-sukanje-del-29-de-agosto-al-6-de-septiembre\/"},"wordCount":202,"publisher":{"@id":"https:\/\/emisarioec.com\/#organization"},"image":{"@id":"https:\/\/emisarioec.com\/index.php\/2026\/08\/28\/extendimos-sukanje-del-29-de-agosto-al-6-de-septiembre\/#primaryimage"},"thumbnailUrl":"https:\/\/emisarioec.com\/wp-content\/uploads\/2026\/08\/Captura-de-pantalla-2026-08-07-a-las-11.38.51-a.-m.jpg","keywords":["Ecuador","Fundacion Dejemos Huellas","Sukanje"],"articleSection":["Actualidad"],"inLanguage":"es"},{"@type":"WebPage","@id":"https:\/\/emisarioec.com\/index.php\/2026\/08\/28\/extendimos-sukanje-del-29-de-agosto-al-6-de-septiembre\/","url":"https:\/\/emisarioec.com\/index.php\/2026\/08\/28\/extendimos-sukanje-del-29-de-agosto-al-6-de-septiembre\/","name":"Extendimos\u00a0Sukanje\u00a0del 29 de agosto al 6 de septiembre\u00a0 - Emisario Ec","isPartOf":{"@id":"https:\/\/emisarioec.com\/#website"},"primaryImageOfPage":{"@id":"https:\/\/emisarioec.com\/index.php\/2026\/08\/28\/extendimos-sukanje-del-29-de-agosto-al-6-de-septiembre\/#primaryimage"},"image":{"@id":"https:\/\/emisarioec.com\/index.php\/2026\/08\/28\/extendimos-sukanje-del-29-de-agosto-al-6-de-septiembre\/#primaryimage"},"thumbnailUrl":"https:\/\/emisarioec.com\/wp-content\/uploads\/2026\/08\/Captura-de-pantalla-2026-08-07-a-las-11.38.51-a.-m.jpg","datePublished":"2026-08-28T15:30:00+00:00","dateModified":"2026-08-31T14:06:36+00:00","breadcrumb":{"@id":"https:\/\/emisarioec.com\/index.php\/2026\/08\/28\/extendimos-sukanje-del-29-de-agosto-al-6-de-septiembre\/#breadcrumb"},"inLanguage":"es","potentialAction":[{"@type":"ReadAction","target":["https:\/\/emisarioec.com\/index.php\/2026\/08\/28\/extendimos-sukanje-del-29-de-agosto-al-6-de-septiembre\/"]}]},{"@type":"ImageObject","inLanguage":"es","@id":"https:\/\/emisarioec.com\/index.php\/2026\/08\/28\/extendimos-sukanje-del-29-de-agosto-al-6-de-septiembre\/#primaryimage","url":"https:\/\/emisarioec.com\/wp-content\/uploads\/2026\/08\/Captura-de-pantalla-2026-08-07-a-las-11.38.51-a.-m.jpg","contentUrl":"https:\/\/emisarioec.com\/wp-content\/uploads\/2026\/08\/Captura-de-pantalla-2026-08-07-a-las-11.38.51-a.-m.jpg","width":880,"height":1244},{"@type":"BreadcrumbList","@id":"https:\/\/emisarioec.com\/index.php\/2026\/08\/28\/extendimos-sukanje-del-29-de-agosto-al-6-de-septiembre\/#breadcrumb","itemListElement":[{"@type":"ListItem","position":1,"name":"Portada","item":"https:\/\/emisarioec.com\/"},{"@type":"ListItem","position":2,"name":"Extendimos\u00a0Sukanje\u00a0del 29 de agosto al 6 de septiembre\u00a0"}]},{"@type":"WebSite","@id":"https:\/\/emisarioec.com\/#website","url":"https:\/\/emisarioec.com\/","name":"Emisario Ec","description":"Informar es un derecho que corresponde a hechos","publisher":{"@id":"https:\/\/emisarioec.com\/#organization"},"potentialAction":[{"@type":"SearchAction","target":{"@type":"EntryPoint","urlTemplate":"https:\/\/emisarioec.com\/?s={search_term_string}"},"query-input":{"@type":"PropertyValueSpecification","valueRequired":true,"valueName":"search_term_string"}}],"inLanguage":"es"},{"@type":"Organization","@id":"https:\/\/emisarioec.com\/#organization","name":"Emisario Ec","url":"https:\/\/emisarioec.com\/","logo":{"@type":"ImageObject","inLanguage":"es","@id":"https:\/\/emisarioec.com\/#\/schema\/logo\/image\/","url":"https:\/\/emisarioec.com\/wp-content\/uploads\/2025\/06\/cropped-cropped-emisario-ico.png","contentUrl":"https:\/\/emisarioec.com\/wp-content\/uploads\/2025\/06\/cropped-cropped-emisario-ico.png","width":512,"height":512,"caption":"Emisario Ec"},"image":{"@id":"https:\/\/emisarioec.com\/#\/schema\/logo\/image\/"}},{"@type":"Person","@id":"https:\/\/emisarioec.com\/#\/schema\/person\/2afb9da152d200f9b3feecf5f92da2d5","name":"Emisario Ec","url":"https:\/\/emisarioec.com\/index.php\/author\/admin_roberto\/"}]}},"jetpack_featured_media_url":"https:\/\/emisarioec.com\/wp-content\/uploads\/2026\/08\/Captura-de-pantalla-2026-08-07-a-las-11.38.51-a.-m.jpg","_links":{"self":[{"href":"https:\/\/emisarioec.com\/index.php\/wp-json\/wp\/v2\/posts\/4160","targetHints":{"allow":["GET"]}}],"collection":[{"href":"https:\/\/emisarioec.com\/index.php\/wp-json\/wp\/v2\/posts"}],"about":[{"href":"https:\/\/emisarioec.com\/index.php\/wp-json\/wp\/v2\/types\/post"}],"author":[{"embeddable":true,"href":"https:\/\/emisarioec.com\/index.php\/wp-json\/wp\/v2\/users\/2"}],"replies":[{"embeddable":true,"href":"https:\/\/emisarioec.com\/index.php\/wp-json\/wp\/v2\/comments?post=4160"}],"version-history":[{"count":1,"href":"https:\/\/emisarioec.com\/index.php\/wp-json\/wp\/v2\/posts\/4160\/revisions"}],"predecessor-version":[{"id":4162,"href":"https:\/\/emisarioec.com\/index.php\/wp-json\/wp\/v2\/posts\/4160\/revisions\/4162"}],"wp:featuredmedia":[{"embeddable":true,"href":"https:\/\/emisarioec.com\/index.php\/wp-json\/wp\/v2\/media\/4161"}],"wp:attachment":[{"href":"https:\/\/emisarioec.com\/index.php\/wp-json\/wp\/v2\/media?parent=4160"}],"wp:term":[{"taxonomy":"category","embeddable":true,"href":"https:\/\/emisarioec.com\/index.php\/wp-json\/wp\/v2\/categories?post=4160"},{"taxonomy":"post_tag","embeddable":true,"href":"https:\/\/emisarioec.com\/index.php\/wp-json\/wp\/v2\/tags?post=4160"}],"curies":[{"name":"wp","href":"https:\/\/api.w.org\/{rel}","templated":true}]}}