{"id":4167,"date":"2026-08-29T18:45:00","date_gmt":"2026-08-29T23:45:00","guid":{"rendered":"https:\/\/emisarioec.com\/?p=4167"},"modified":"2026-08-31T21:54:20","modified_gmt":"2026-09-01T02:54:20","slug":"gobierno-nacional-fortalece-acciones-de-preparacion-ante-el-fenomeno-el-nino-y-declara-alerta-roja","status":"publish","type":"post","link":"https:\/\/emisarioec.com\/index.php\/2026\/08\/29\/gobierno-nacional-fortalece-acciones-de-preparacion-ante-el-fenomeno-el-nino-y-declara-alerta-roja\/","title":{"rendered":"Gobierno Nacional fortalece acciones de preparaci\u00f3n ante el fen\u00f3meno El Ni\u00f1o y declara Alerta Roja"},"content":{"rendered":"\n<p class=\"wp-block-paragraph\">La Secretar\u00eda Nacional de Gesti\u00f3n de Riesgos, mediante Resoluci\u00f3n Nro. SNGR-238-2026, declar\u00f3 Alerta Roja en todo el territorio nacional ante el evento El Ni\u00f1o. La medida se adopta considerando la evoluci\u00f3n de las condiciones oc\u00e9ano-atmosf\u00e9ricas.<\/p>\n\n\n\n<p class=\"wp-block-paragraph\">La resoluci\u00f3n establece la activaci\u00f3n de los Comit\u00e9s de Operaciones de Emergencia (COE) provinciales y cantonales para coordinar acciones de preparaci\u00f3n y respuesta. Tambi\u00e9n dispone la aplicaci\u00f3n de procedimientos, planes y protocolos para evacuaciones preventivas, mecanismos de respuesta, movilizaci\u00f3n de recursos y protecci\u00f3n de la poblaci\u00f3n en sectores con potencial afectaci\u00f3n. En este marco, los Gobiernos Aut\u00f3nomos Descentralizados deber\u00e1n cumplir y ejecutar sus planes de acci\u00f3n ante el evento El Ni\u00f1o.<\/p>\n\n\n\n<p class=\"wp-block-paragraph\">La Secretar\u00eda Nacional de Gesti\u00f3n de Riesgos mantendr\u00e1 el seguimiento y la articulaci\u00f3n con los distintos niveles de gobierno para fortalecer la preparaci\u00f3n y respuesta en territorio, con el objetivo de proteger a la poblaci\u00f3n y reducir los posibles impactos asociados al evento.<\/p>\n\n\n\n<p class=\"wp-block-paragraph\">El Gobierno Nacional act\u00faa de manera preventiva, responsable y coordinada frente al evento El Ni\u00f1o. La declaratoria de Alerta Roja permite fortalecer desde ahora las acciones, anticipar escenarios de riesgo y activar los mecanismos necesarios para proteger a la poblaci\u00f3n. La preparaci\u00f3n es una responsabilidad compartida y, por ello, se mantienen acciones permanentes de monitoreo, planificaci\u00f3n y coordinaci\u00f3n para responder de manera oportuna ante cualquier eventualidad.<\/p>\n","protected":false},"excerpt":{"rendered":"<p>La resoluci\u00f3n establece la activaci\u00f3n de los Comit\u00e9s de Operaciones de Emergencia (COE) provinciales y cantonales para coordinar acciones de preparaci\u00f3n y respuesta<\/p>\n","protected":false},"author":2,"featured_media":4168,"comment_status":"closed","ping_status":"open","sticky":false,"template":"","format":"standard","meta":{"footnotes":""},"categories":[6],"tags":[1834,1448,158],"class_list":["post-4167","post","type-post","status-publish","format-standard","has-post-thumbnail","hentry","category-actualidad","tag-alerta-roja","tag-fenomeno-el-nino","tag-gobierno-nacional"],"yoast_head":"<!-- This site is optimized with the Yoast SEO plugin v28.4 - https:\/\/yoast.com\/product\/yoast-seo-wordpress\/ -->\n<title>Gobierno Nacional fortalece acciones de preparaci\u00f3n ante el fen\u00f3meno El Ni\u00f1o y declara Alerta Roja - Emisario Ec<\/title>\n<meta name=\"robots\" content=\"index, follow, max-snippet:-1, max-image-preview:large, max-video-preview:-1\" \/>\n<link rel=\"canonical\" href=\"https:\/\/emisarioec.com\/index.php\/2026\/08\/29\/gobierno-nacional-fortalece-acciones-de-preparacion-ante-el-fenomeno-el-nino-y-declara-alerta-roja\/\" \/>\n<meta property=\"og:locale\" content=\"es_ES\" \/>\n<meta property=\"og:type\" content=\"article\" \/>\n<meta property=\"og:title\" content=\"Gobierno Nacional fortalece acciones de preparaci\u00f3n ante el fen\u00f3meno El Ni\u00f1o y declara Alerta Roja - Emisario Ec\" \/>\n<meta property=\"og:description\" content=\"La resoluci\u00f3n establece la activaci\u00f3n de los Comit\u00e9s de Operaciones de Emergencia (COE) provinciales y cantonales para coordinar acciones de preparaci\u00f3n y respuesta\" \/>\n<meta property=\"og:url\" content=\"https:\/\/emisarioec.com\/index.php\/2026\/08\/29\/gobierno-nacional-fortalece-acciones-de-preparacion-ante-el-fenomeno-el-nino-y-declara-alerta-roja\/\" \/>\n<meta property=\"og:site_name\" content=\"Emisario Ec\" \/>\n<meta property=\"article:published_time\" content=\"2026-08-29T23:45:00+00:00\" \/>\n<meta property=\"article:modified_time\" content=\"2026-09-01T02:54:20+00:00\" \/>\n<meta property=\"og:image\" content=\"https:\/\/emisarioec.com\/wp-content\/uploads\/2026\/08\/WhatsApp-Image-2026-08-29-at-18.41.10-1.jpeg\" \/>\n\t<meta property=\"og:image:width\" content=\"1280\" \/>\n\t<meta property=\"og:image:height\" content=\"567\" \/>\n\t<meta property=\"og:image:type\" content=\"image\/jpeg\" \/>\n<meta name=\"author\" content=\"Emisario Ec\" \/>\n<meta name=\"twitter:card\" content=\"summary_large_image\" \/>\n<meta name=\"twitter:label1\" content=\"Escrito por\" \/>\n\t<meta name=\"twitter:data1\" content=\"Emisario Ec\" \/>\n\t<meta name=\"twitter:label2\" content=\"Tiempo de lectura\" \/>\n\t<meta name=\"twitter:data2\" content=\"2 minutos\" \/>\n<script type=\"application\/ld+json\" class=\"yoast-schema-graph\">{\"@context\":\"https:\\\/\\\/schema.org\",\"@graph\":[{\"@type\":\"Article\",\"@id\":\"https:\\\/\\\/emisarioec.com\\\/index.php\\\/2026\\\/08\\\/29\\\/gobierno-nacional-fortalece-acciones-de-preparacion-ante-el-fenomeno-el-nino-y-declara-alerta-roja\\\/#article\",\"isPartOf\":{\"@id\":\"https:\\\/\\\/emisarioec.com\\\/index.php\\\/2026\\\/08\\\/29\\\/gobierno-nacional-fortalece-acciones-de-preparacion-ante-el-fenomeno-el-nino-y-declara-alerta-roja\\\/\"},\"author\":{\"name\":\"Emisario Ec\",\"@id\":\"https:\\\/\\\/emisarioec.com\\\/#\\\/schema\\\/person\\\/2afb9da152d200f9b3feecf5f92da2d5\"},\"headline\":\"Gobierno Nacional fortalece acciones de preparaci\u00f3n ante el fen\u00f3meno El Ni\u00f1o y declara Alerta Roja\",\"datePublished\":\"2026-08-29T23:45:00+00:00\",\"dateModified\":\"2026-09-01T02:54:20+00:00\",\"mainEntityOfPage\":{\"@id\":\"https:\\\/\\\/emisarioec.com\\\/index.php\\\/2026\\\/08\\\/29\\\/gobierno-nacional-fortalece-acciones-de-preparacion-ante-el-fenomeno-el-nino-y-declara-alerta-roja\\\/\"},\"wordCount\":266,\"publisher\":{\"@id\":\"https:\\\/\\\/emisarioec.com\\\/#organization\"},\"image\":{\"@id\":\"https:\\\/\\\/emisarioec.com\\\/index.php\\\/2026\\\/08\\\/29\\\/gobierno-nacional-fortalece-acciones-de-preparacion-ante-el-fenomeno-el-nino-y-declara-alerta-roja\\\/#primaryimage\"},\"thumbnailUrl\":\"https:\\\/\\\/emisarioec.com\\\/wp-content\\\/uploads\\\/2026\\\/08\\\/WhatsApp-Image-2026-08-29-at-18.41.10-1.jpeg\",\"keywords\":[\"Alerta Roja\",\"Fen\u00f3meno El Ni\u00f1o\",\"Gobierno Nacional\"],\"articleSection\":[\"Actualidad\"],\"inLanguage\":\"es\"},{\"@type\":\"WebPage\",\"@id\":\"https:\\\/\\\/emisarioec.com\\\/index.php\\\/2026\\\/08\\\/29\\\/gobierno-nacional-fortalece-acciones-de-preparacion-ante-el-fenomeno-el-nino-y-declara-alerta-roja\\\/\",\"url\":\"https:\\\/\\\/emisarioec.com\\\/index.php\\\/2026\\\/08\\\/29\\\/gobierno-nacional-fortalece-acciones-de-preparacion-ante-el-fenomeno-el-nino-y-declara-alerta-roja\\\/\",\"name\":\"Gobierno Nacional fortalece acciones de preparaci\u00f3n ante el fen\u00f3meno El Ni\u00f1o y declara Alerta Roja - Emisario Ec\",\"isPartOf\":{\"@id\":\"https:\\\/\\\/emisarioec.com\\\/#website\"},\"primaryImageOfPage\":{\"@id\":\"https:\\\/\\\/emisarioec.com\\\/index.php\\\/2026\\\/08\\\/29\\\/gobierno-nacional-fortalece-acciones-de-preparacion-ante-el-fenomeno-el-nino-y-declara-alerta-roja\\\/#primaryimage\"},\"image\":{\"@id\":\"https:\\\/\\\/emisarioec.com\\\/index.php\\\/2026\\\/08\\\/29\\\/gobierno-nacional-fortalece-acciones-de-preparacion-ante-el-fenomeno-el-nino-y-declara-alerta-roja\\\/#primaryimage\"},\"thumbnailUrl\":\"https:\\\/\\\/emisarioec.com\\\/wp-content\\\/uploads\\\/2026\\\/08\\\/WhatsApp-Image-2026-08-29-at-18.41.10-1.jpeg\",\"datePublished\":\"2026-08-29T23:45:00+00:00\",\"dateModified\":\"2026-09-01T02:54:20+00:00\",\"breadcrumb\":{\"@id\":\"https:\\\/\\\/emisarioec.com\\\/index.php\\\/2026\\\/08\\\/29\\\/gobierno-nacional-fortalece-acciones-de-preparacion-ante-el-fenomeno-el-nino-y-declara-alerta-roja\\\/#breadcrumb\"},\"inLanguage\":\"es\",\"potentialAction\":[{\"@type\":\"ReadAction\",\"target\":[\"https:\\\/\\\/emisarioec.com\\\/index.php\\\/2026\\\/08\\\/29\\\/gobierno-nacional-fortalece-acciones-de-preparacion-ante-el-fenomeno-el-nino-y-declara-alerta-roja\\\/\"]}]},{\"@type\":\"ImageObject\",\"inLanguage\":\"es\",\"@id\":\"https:\\\/\\\/emisarioec.com\\\/index.php\\\/2026\\\/08\\\/29\\\/gobierno-nacional-fortalece-acciones-de-preparacion-ante-el-fenomeno-el-nino-y-declara-alerta-roja\\\/#primaryimage\",\"url\":\"https:\\\/\\\/emisarioec.com\\\/wp-content\\\/uploads\\\/2026\\\/08\\\/WhatsApp-Image-2026-08-29-at-18.41.10-1.jpeg\",\"contentUrl\":\"https:\\\/\\\/emisarioec.com\\\/wp-content\\\/uploads\\\/2026\\\/08\\\/WhatsApp-Image-2026-08-29-at-18.41.10-1.jpeg\",\"width\":1280,\"height\":567},{\"@type\":\"BreadcrumbList\",\"@id\":\"https:\\\/\\\/emisarioec.com\\\/index.php\\\/2026\\\/08\\\/29\\\/gobierno-nacional-fortalece-acciones-de-preparacion-ante-el-fenomeno-el-nino-y-declara-alerta-roja\\\/#breadcrumb\",\"itemListElement\":[{\"@type\":\"ListItem\",\"position\":1,\"name\":\"Portada\",\"item\":\"https:\\\/\\\/emisarioec.com\\\/\"},{\"@type\":\"ListItem\",\"position\":2,\"name\":\"Gobierno Nacional fortalece acciones de preparaci\u00f3n ante el fen\u00f3meno El Ni\u00f1o y declara Alerta Roja\"}]},{\"@type\":\"WebSite\",\"@id\":\"https:\\\/\\\/emisarioec.com\\\/#website\",\"url\":\"https:\\\/\\\/emisarioec.com\\\/\",\"name\":\"Emisario Ec\",\"description\":\"Informar es un derecho que corresponde a hechos\",\"publisher\":{\"@id\":\"https:\\\/\\\/emisarioec.com\\\/#organization\"},\"potentialAction\":[{\"@type\":\"SearchAction\",\"target\":{\"@type\":\"EntryPoint\",\"urlTemplate\":\"https:\\\/\\\/emisarioec.com\\\/?s={search_term_string}\"},\"query-input\":{\"@type\":\"PropertyValueSpecification\",\"valueRequired\":true,\"valueName\":\"search_term_string\"}}],\"inLanguage\":\"es\"},{\"@type\":\"Organization\",\"@id\":\"https:\\\/\\\/emisarioec.com\\\/#organization\",\"name\":\"Emisario Ec\",\"url\":\"https:\\\/\\\/emisarioec.com\\\/\",\"logo\":{\"@type\":\"ImageObject\",\"inLanguage\":\"es\",\"@id\":\"https:\\\/\\\/emisarioec.com\\\/#\\\/schema\\\/logo\\\/image\\\/\",\"url\":\"https:\\\/\\\/emisarioec.com\\\/wp-content\\\/uploads\\\/2025\\\/06\\\/cropped-cropped-emisario-ico.png\",\"contentUrl\":\"https:\\\/\\\/emisarioec.com\\\/wp-content\\\/uploads\\\/2025\\\/06\\\/cropped-cropped-emisario-ico.png\",\"width\":512,\"height\":512,\"caption\":\"Emisario Ec\"},\"image\":{\"@id\":\"https:\\\/\\\/emisarioec.com\\\/#\\\/schema\\\/logo\\\/image\\\/\"}},{\"@type\":\"Person\",\"@id\":\"https:\\\/\\\/emisarioec.com\\\/#\\\/schema\\\/person\\\/2afb9da152d200f9b3feecf5f92da2d5\",\"name\":\"Emisario Ec\",\"url\":\"https:\\\/\\\/emisarioec.com\\\/index.php\\\/author\\\/admin_roberto\\\/\"}]}<\/script>\n<!-- \/ Yoast SEO plugin. -->","yoast_head_json":{"title":"Gobierno Nacional fortalece acciones de preparaci\u00f3n ante el fen\u00f3meno El Ni\u00f1o y declara Alerta Roja - Emisario Ec","robots":{"index":"index","follow":"follow","max-snippet":"max-snippet:-1","max-image-preview":"max-image-preview:large","max-video-preview":"max-video-preview:-1"},"canonical":"https:\/\/emisarioec.com\/index.php\/2026\/08\/29\/gobierno-nacional-fortalece-acciones-de-preparacion-ante-el-fenomeno-el-nino-y-declara-alerta-roja\/","og_locale":"es_ES","og_type":"article","og_title":"Gobierno Nacional fortalece acciones de preparaci\u00f3n ante el fen\u00f3meno El Ni\u00f1o y declara Alerta Roja - Emisario Ec","og_description":"La resoluci\u00f3n establece la activaci\u00f3n de los Comit\u00e9s de Operaciones de Emergencia (COE) provinciales y cantonales para coordinar acciones de preparaci\u00f3n y respuesta","og_url":"https:\/\/emisarioec.com\/index.php\/2026\/08\/29\/gobierno-nacional-fortalece-acciones-de-preparacion-ante-el-fenomeno-el-nino-y-declara-alerta-roja\/","og_site_name":"Emisario Ec","article_published_time":"2026-08-29T23:45:00+00:00","article_modified_time":"2026-09-01T02:54:20+00:00","og_image":[{"width":1280,"height":567,"url":"https:\/\/emisarioec.com\/wp-content\/uploads\/2026\/08\/WhatsApp-Image-2026-08-29-at-18.41.10-1.jpeg","type":"image\/jpeg"}],"author":"Emisario Ec","twitter_card":"summary_large_image","twitter_misc":{"Escrito por":"Emisario Ec","Tiempo de lectura":"2 minutos"},"schema":{"@context":"https:\/\/schema.org","@graph":[{"@type":"Article","@id":"https:\/\/emisarioec.com\/index.php\/2026\/08\/29\/gobierno-nacional-fortalece-acciones-de-preparacion-ante-el-fenomeno-el-nino-y-declara-alerta-roja\/#article","isPartOf":{"@id":"https:\/\/emisarioec.com\/index.php\/2026\/08\/29\/gobierno-nacional-fortalece-acciones-de-preparacion-ante-el-fenomeno-el-nino-y-declara-alerta-roja\/"},"author":{"name":"Emisario Ec","@id":"https:\/\/emisarioec.com\/#\/schema\/person\/2afb9da152d200f9b3feecf5f92da2d5"},"headline":"Gobierno Nacional fortalece acciones de preparaci\u00f3n ante el fen\u00f3meno El Ni\u00f1o y declara Alerta Roja","datePublished":"2026-08-29T23:45:00+00:00","dateModified":"2026-09-01T02:54:20+00:00","mainEntityOfPage":{"@id":"https:\/\/emisarioec.com\/index.php\/2026\/08\/29\/gobierno-nacional-fortalece-acciones-de-preparacion-ante-el-fenomeno-el-nino-y-declara-alerta-roja\/"},"wordCount":266,"publisher":{"@id":"https:\/\/emisarioec.com\/#organization"},"image":{"@id":"https:\/\/emisarioec.com\/index.php\/2026\/08\/29\/gobierno-nacional-fortalece-acciones-de-preparacion-ante-el-fenomeno-el-nino-y-declara-alerta-roja\/#primaryimage"},"thumbnailUrl":"https:\/\/emisarioec.com\/wp-content\/uploads\/2026\/08\/WhatsApp-Image-2026-08-29-at-18.41.10-1.jpeg","keywords":["Alerta Roja","Fen\u00f3meno El Ni\u00f1o","Gobierno Nacional"],"articleSection":["Actualidad"],"inLanguage":"es"},{"@type":"WebPage","@id":"https:\/\/emisarioec.com\/index.php\/2026\/08\/29\/gobierno-nacional-fortalece-acciones-de-preparacion-ante-el-fenomeno-el-nino-y-declara-alerta-roja\/","url":"https:\/\/emisarioec.com\/index.php\/2026\/08\/29\/gobierno-nacional-fortalece-acciones-de-preparacion-ante-el-fenomeno-el-nino-y-declara-alerta-roja\/","name":"Gobierno Nacional fortalece acciones de preparaci\u00f3n ante el fen\u00f3meno El Ni\u00f1o y declara Alerta Roja - Emisario Ec","isPartOf":{"@id":"https:\/\/emisarioec.com\/#website"},"primaryImageOfPage":{"@id":"https:\/\/emisarioec.com\/index.php\/2026\/08\/29\/gobierno-nacional-fortalece-acciones-de-preparacion-ante-el-fenomeno-el-nino-y-declara-alerta-roja\/#primaryimage"},"image":{"@id":"https:\/\/emisarioec.com\/index.php\/2026\/08\/29\/gobierno-nacional-fortalece-acciones-de-preparacion-ante-el-fenomeno-el-nino-y-declara-alerta-roja\/#primaryimage"},"thumbnailUrl":"https:\/\/emisarioec.com\/wp-content\/uploads\/2026\/08\/WhatsApp-Image-2026-08-29-at-18.41.10-1.jpeg","datePublished":"2026-08-29T23:45:00+00:00","dateModified":"2026-09-01T02:54:20+00:00","breadcrumb":{"@id":"https:\/\/emisarioec.com\/index.php\/2026\/08\/29\/gobierno-nacional-fortalece-acciones-de-preparacion-ante-el-fenomeno-el-nino-y-declara-alerta-roja\/#breadcrumb"},"inLanguage":"es","potentialAction":[{"@type":"ReadAction","target":["https:\/\/emisarioec.com\/index.php\/2026\/08\/29\/gobierno-nacional-fortalece-acciones-de-preparacion-ante-el-fenomeno-el-nino-y-declara-alerta-roja\/"]}]},{"@type":"ImageObject","inLanguage":"es","@id":"https:\/\/emisarioec.com\/index.php\/2026\/08\/29\/gobierno-nacional-fortalece-acciones-de-preparacion-ante-el-fenomeno-el-nino-y-declara-alerta-roja\/#primaryimage","url":"https:\/\/emisarioec.com\/wp-content\/uploads\/2026\/08\/WhatsApp-Image-2026-08-29-at-18.41.10-1.jpeg","contentUrl":"https:\/\/emisarioec.com\/wp-content\/uploads\/2026\/08\/WhatsApp-Image-2026-08-29-at-18.41.10-1.jpeg","width":1280,"height":567},{"@type":"BreadcrumbList","@id":"https:\/\/emisarioec.com\/index.php\/2026\/08\/29\/gobierno-nacional-fortalece-acciones-de-preparacion-ante-el-fenomeno-el-nino-y-declara-alerta-roja\/#breadcrumb","itemListElement":[{"@type":"ListItem","position":1,"name":"Portada","item":"https:\/\/emisarioec.com\/"},{"@type":"ListItem","position":2,"name":"Gobierno Nacional fortalece acciones de preparaci\u00f3n ante el fen\u00f3meno El Ni\u00f1o y declara Alerta Roja"}]},{"@type":"WebSite","@id":"https:\/\/emisarioec.com\/#website","url":"https:\/\/emisarioec.com\/","name":"Emisario Ec","description":"Informar es un derecho que corresponde a hechos","publisher":{"@id":"https:\/\/emisarioec.com\/#organization"},"potentialAction":[{"@type":"SearchAction","target":{"@type":"EntryPoint","urlTemplate":"https:\/\/emisarioec.com\/?s={search_term_string}"},"query-input":{"@type":"PropertyValueSpecification","valueRequired":true,"valueName":"search_term_string"}}],"inLanguage":"es"},{"@type":"Organization","@id":"https:\/\/emisarioec.com\/#organization","name":"Emisario Ec","url":"https:\/\/emisarioec.com\/","logo":{"@type":"ImageObject","inLanguage":"es","@id":"https:\/\/emisarioec.com\/#\/schema\/logo\/image\/","url":"https:\/\/emisarioec.com\/wp-content\/uploads\/2025\/06\/cropped-cropped-emisario-ico.png","contentUrl":"https:\/\/emisarioec.com\/wp-content\/uploads\/2025\/06\/cropped-cropped-emisario-ico.png","width":512,"height":512,"caption":"Emisario Ec"},"image":{"@id":"https:\/\/emisarioec.com\/#\/schema\/logo\/image\/"}},{"@type":"Person","@id":"https:\/\/emisarioec.com\/#\/schema\/person\/2afb9da152d200f9b3feecf5f92da2d5","name":"Emisario Ec","url":"https:\/\/emisarioec.com\/index.php\/author\/admin_roberto\/"}]}},"jetpack_featured_media_url":"https:\/\/emisarioec.com\/wp-content\/uploads\/2026\/08\/WhatsApp-Image-2026-08-29-at-18.41.10-1.jpeg","_links":{"self":[{"href":"https:\/\/emisarioec.com\/index.php\/wp-json\/wp\/v2\/posts\/4167","targetHints":{"allow":["GET"]}}],"collection":[{"href":"https:\/\/emisarioec.com\/index.php\/wp-json\/wp\/v2\/posts"}],"about":[{"href":"https:\/\/emisarioec.com\/index.php\/wp-json\/wp\/v2\/types\/post"}],"author":[{"embeddable":true,"href":"https:\/\/emisarioec.com\/index.php\/wp-json\/wp\/v2\/users\/2"}],"replies":[{"embeddable":true,"href":"https:\/\/emisarioec.com\/index.php\/wp-json\/wp\/v2\/comments?post=4167"}],"version-history":[{"count":1,"href":"https:\/\/emisarioec.com\/index.php\/wp-json\/wp\/v2\/posts\/4167\/revisions"}],"predecessor-version":[{"id":4169,"href":"https:\/\/emisarioec.com\/index.php\/wp-json\/wp\/v2\/posts\/4167\/revisions\/4169"}],"wp:featuredmedia":[{"embeddable":true,"href":"https:\/\/emisarioec.com\/index.php\/wp-json\/wp\/v2\/media\/4168"}],"wp:attachment":[{"href":"https:\/\/emisarioec.com\/index.php\/wp-json\/wp\/v2\/media?parent=4167"}],"wp:term":[{"taxonomy":"category","embeddable":true,"href":"https:\/\/emisarioec.com\/index.php\/wp-json\/wp\/v2\/categories?post=4167"},{"taxonomy":"post_tag","embeddable":true,"href":"https:\/\/emisarioec.com\/index.php\/wp-json\/wp\/v2\/tags?post=4167"}],"curies":[{"name":"wp","href":"https:\/\/api.w.org\/{rel}","templated":true}]}}