{"id":4171,"date":"2026-08-30T22:30:00","date_gmt":"2026-08-31T03:30:00","guid":{"rendered":"https:\/\/emisarioec.com\/?p=4171"},"modified":"2026-08-31T23:27:34","modified_gmt":"2026-09-01T04:27:34","slug":"mas-de-mil-jinetes-se-encontraron-en-una-jornada-que-volvio-a-poner-en-escena-las-raices-montubias-de-samborondon-y-daule","status":"publish","type":"post","link":"https:\/\/emisarioec.com\/index.php\/2026\/08\/30\/mas-de-mil-jinetes-se-encontraron-en-una-jornada-que-volvio-a-poner-en-escena-las-raices-montubias-de-samborondon-y-daule\/","title":{"rendered":"M\u00e1s de mil jinetes se encontraron en una jornada que volvi\u00f3 a poner en escena las ra\u00edces montubias de Samborond\u00f3n y Daule"},"content":{"rendered":"\n<p class=\"wp-block-paragraph\">Caballos, sombreros, familias y jinetes llegados desde distintos puntos del pa\u00eds fueron parte de una multitudinaria cabalgata realizada este s\u00e1bado en el sector de La Aurora, en Daule, en el marco de los 25 a\u00f1os de parroquializaci\u00f3n de La Aurora.<\/p>\n\n\n\n<p class=\"wp-block-paragraph\">Entre los participantes estuvo Niels Olsen, representando a Samborond\u00f3n, quien puso en valor algo que muchas veces queda opacado por el enorme crecimiento urbano de la zona: sus ra\u00edces siguen profundamente ligadas al campo, al caballo y a la tradici\u00f3n montubia.<\/p>\n\n\n\n<p class=\"wp-block-paragraph\">\u201cSamborond\u00f3n y Daule no olvidan de d\u00f3nde vienen: del campo, del caballo, de la tierra y del trabajo. Lo montubio no es folclor, es identidad viva\u201d, expres\u00f3 Olsen.<\/p>\n\n\n\n<p class=\"wp-block-paragraph\">La escena dej\u00f3 una postal poco habitual: caballos y jinetes avanzando entre urbanizaciones y sectores que hoy representan algunas de las zonas de mayor crecimiento urbano de Guayas.<\/p>\n\n\n\n<p class=\"wp-block-paragraph\">Pero antes de las urbanizaciones, las avenidas y los nuevos desarrollos, esta tierra fue \u2014y contin\u00faa siendo\u2014 territorio de agricultores, ganaderos, caballistas y familias cuya vida ha estado hist\u00f3ricamente vinculada al campo.<\/p>\n\n\n\n<p class=\"wp-block-paragraph\">Para Olsen, esa transformaci\u00f3n no deber\u00eda significar perder la memoria de lo que dio origen a estas comunidades.<\/p>\n\n\n\n<p class=\"wp-block-paragraph\">\u00abUna ciudad puede crecer, modernizarse y cambiar much\u00edsimo sin olvidarse de qui\u00e9n es. Hay cosas que no pertenecen al pasado. Pertenecen a nuestra identidad.\u201d, indic\u00f3.<\/p>\n\n\n\n<figure class=\"wp-block-embed is-type-video is-provider-tiktok wp-block-embed-tiktok\"><div class=\"wp-block-embed__wrapper\">\n<blockquote class=\"tiktok-embed\" cite=\"https:\/\/www.tiktok.com\/@emisarioec\/video\/7680417408716229896\" data-video-id=\"7680417408716229896\" data-embed-from=\"oembed\" style=\"max-width:605px; min-width:325px;\"> <section> <a target=\"_blank\" title=\"@emisarioec\" href=\"https:\/\/www.tiktok.com\/@emisarioec?refer=embed\">@emisarioec<\/a> <p>Gracias, Daule, por la invitaci\u00f3n y por recibirnos con tanto cari\u00f1o. \ud83d\udc0e Qu\u00e9 bonito ver a Samborond\u00f3n y Daule unidos por algo que nos identifica: el campo, el caballo, nuestra tierra y nuestras ra\u00edces. Somos vecinos, compartimos tradiciones, desaf\u00edos y much\u00edsimo potencial. Tenemos mucho en com\u00fan, pero sobre todo, mucho por construir juntos. Lo bueno se construye en equipo. Y esto reci\u00e9n comienza. \ud83d\udd30 @nielsolsenec<\/p> <a target=\"_blank\" title=\"\u266c sonido original - Emisario Ec - Emisario Ec\" href=\"https:\/\/www.tiktok.com\/music\/sonido-original-Emisario-Ec-7680417482960521992?refer=embed\">\u266c sonido original &#8211; Emisario Ec &#8211; Emisario Ec<\/a> <\/section> <\/blockquote> <script async src=\"https:\/\/www.tiktok.com\/embed.js\"><\/script>\n<\/div><\/figure>\n","protected":false},"excerpt":{"rendered":"<p>Entre los participantes estuvo Niels Olsen, representando a Samborond\u00f3n<\/p>\n","protected":false},"author":2,"featured_media":4172,"comment_status":"closed","ping_status":"open","sticky":false,"template":"","format":"standard","meta":{"footnotes":""},"categories":[6],"tags":[1835,1507,1836],"class_list":["post-4171","post","type-post","status-publish","format-standard","has-post-thumbnail","hentry","category-actualidad","tag-mas-de-mil-jinetes","tag-niels-olsen","tag-samborondon-y-daule"],"yoast_head":"<!-- This site is optimized with the Yoast SEO plugin v28.4 - https:\/\/yoast.com\/product\/yoast-seo-wordpress\/ -->\n<title>M\u00e1s de mil jinetes se encontraron en una jornada que volvi\u00f3 a poner en escena las ra\u00edces montubias de Samborond\u00f3n y Daule - Emisario Ec<\/title>\n<meta name=\"robots\" content=\"index, follow, max-snippet:-1, max-image-preview:large, max-video-preview:-1\" \/>\n<link rel=\"canonical\" href=\"https:\/\/emisarioec.com\/index.php\/2026\/08\/30\/mas-de-mil-jinetes-se-encontraron-en-una-jornada-que-volvio-a-poner-en-escena-las-raices-montubias-de-samborondon-y-daule\/\" \/>\n<meta property=\"og:locale\" content=\"es_ES\" \/>\n<meta property=\"og:type\" content=\"article\" \/>\n<meta property=\"og:title\" content=\"M\u00e1s de mil jinetes se encontraron en una jornada que volvi\u00f3 a poner en escena las ra\u00edces montubias de Samborond\u00f3n y Daule - Emisario Ec\" \/>\n<meta property=\"og:description\" content=\"Entre los participantes estuvo Niels Olsen, representando a Samborond\u00f3n\" \/>\n<meta property=\"og:url\" content=\"https:\/\/emisarioec.com\/index.php\/2026\/08\/30\/mas-de-mil-jinetes-se-encontraron-en-una-jornada-que-volvio-a-poner-en-escena-las-raices-montubias-de-samborondon-y-daule\/\" \/>\n<meta property=\"og:site_name\" content=\"Emisario Ec\" \/>\n<meta property=\"article:published_time\" content=\"2026-08-31T03:30:00+00:00\" \/>\n<meta property=\"article:modified_time\" content=\"2026-09-01T04:27:34+00:00\" \/>\n<meta property=\"og:image\" content=\"https:\/\/emisarioec.com\/wp-content\/uploads\/2026\/08\/788439077_1838175431314776_3287591965370816630_n-1.jpg\" \/>\n\t<meta property=\"og:image:width\" content=\"960\" \/>\n\t<meta property=\"og:image:height\" content=\"961\" \/>\n\t<meta property=\"og:image:type\" content=\"image\/jpeg\" \/>\n<meta name=\"author\" content=\"Emisario Ec\" \/>\n<meta name=\"twitter:card\" content=\"summary_large_image\" \/>\n<meta name=\"twitter:label1\" content=\"Escrito por\" \/>\n\t<meta name=\"twitter:data1\" content=\"Emisario Ec\" \/>\n\t<meta name=\"twitter:label2\" content=\"Tiempo de lectura\" \/>\n\t<meta name=\"twitter:data2\" content=\"2 minutos\" \/>\n<script type=\"application\/ld+json\" class=\"yoast-schema-graph\">{\"@context\":\"https:\\\/\\\/schema.org\",\"@graph\":[{\"@type\":\"Article\",\"@id\":\"https:\\\/\\\/emisarioec.com\\\/index.php\\\/2026\\\/08\\\/30\\\/mas-de-mil-jinetes-se-encontraron-en-una-jornada-que-volvio-a-poner-en-escena-las-raices-montubias-de-samborondon-y-daule\\\/#article\",\"isPartOf\":{\"@id\":\"https:\\\/\\\/emisarioec.com\\\/index.php\\\/2026\\\/08\\\/30\\\/mas-de-mil-jinetes-se-encontraron-en-una-jornada-que-volvio-a-poner-en-escena-las-raices-montubias-de-samborondon-y-daule\\\/\"},\"author\":{\"name\":\"Emisario Ec\",\"@id\":\"https:\\\/\\\/emisarioec.com\\\/#\\\/schema\\\/person\\\/2afb9da152d200f9b3feecf5f92da2d5\"},\"headline\":\"M\u00e1s de mil jinetes se encontraron en una jornada que volvi\u00f3 a poner en escena las ra\u00edces montubias de Samborond\u00f3n y Daule\",\"datePublished\":\"2026-08-31T03:30:00+00:00\",\"dateModified\":\"2026-09-01T04:27:34+00:00\",\"mainEntityOfPage\":{\"@id\":\"https:\\\/\\\/emisarioec.com\\\/index.php\\\/2026\\\/08\\\/30\\\/mas-de-mil-jinetes-se-encontraron-en-una-jornada-que-volvio-a-poner-en-escena-las-raices-montubias-de-samborondon-y-daule\\\/\"},\"wordCount\":257,\"publisher\":{\"@id\":\"https:\\\/\\\/emisarioec.com\\\/#organization\"},\"image\":{\"@id\":\"https:\\\/\\\/emisarioec.com\\\/index.php\\\/2026\\\/08\\\/30\\\/mas-de-mil-jinetes-se-encontraron-en-una-jornada-que-volvio-a-poner-en-escena-las-raices-montubias-de-samborondon-y-daule\\\/#primaryimage\"},\"thumbnailUrl\":\"https:\\\/\\\/emisarioec.com\\\/wp-content\\\/uploads\\\/2026\\\/08\\\/788439077_1838175431314776_3287591965370816630_n-1.jpg\",\"keywords\":[\"M\u00e1s de mil jinetes\",\"Niels Olsen\",\"Samborond\u00f3n y Daule.\"],\"articleSection\":[\"Actualidad\"],\"inLanguage\":\"es\"},{\"@type\":\"WebPage\",\"@id\":\"https:\\\/\\\/emisarioec.com\\\/index.php\\\/2026\\\/08\\\/30\\\/mas-de-mil-jinetes-se-encontraron-en-una-jornada-que-volvio-a-poner-en-escena-las-raices-montubias-de-samborondon-y-daule\\\/\",\"url\":\"https:\\\/\\\/emisarioec.com\\\/index.php\\\/2026\\\/08\\\/30\\\/mas-de-mil-jinetes-se-encontraron-en-una-jornada-que-volvio-a-poner-en-escena-las-raices-montubias-de-samborondon-y-daule\\\/\",\"name\":\"M\u00e1s de mil jinetes se encontraron en una jornada que volvi\u00f3 a poner en escena las ra\u00edces montubias de Samborond\u00f3n y Daule - Emisario Ec\",\"isPartOf\":{\"@id\":\"https:\\\/\\\/emisarioec.com\\\/#website\"},\"primaryImageOfPage\":{\"@id\":\"https:\\\/\\\/emisarioec.com\\\/index.php\\\/2026\\\/08\\\/30\\\/mas-de-mil-jinetes-se-encontraron-en-una-jornada-que-volvio-a-poner-en-escena-las-raices-montubias-de-samborondon-y-daule\\\/#primaryimage\"},\"image\":{\"@id\":\"https:\\\/\\\/emisarioec.com\\\/index.php\\\/2026\\\/08\\\/30\\\/mas-de-mil-jinetes-se-encontraron-en-una-jornada-que-volvio-a-poner-en-escena-las-raices-montubias-de-samborondon-y-daule\\\/#primaryimage\"},\"thumbnailUrl\":\"https:\\\/\\\/emisarioec.com\\\/wp-content\\\/uploads\\\/2026\\\/08\\\/788439077_1838175431314776_3287591965370816630_n-1.jpg\",\"datePublished\":\"2026-08-31T03:30:00+00:00\",\"dateModified\":\"2026-09-01T04:27:34+00:00\",\"breadcrumb\":{\"@id\":\"https:\\\/\\\/emisarioec.com\\\/index.php\\\/2026\\\/08\\\/30\\\/mas-de-mil-jinetes-se-encontraron-en-una-jornada-que-volvio-a-poner-en-escena-las-raices-montubias-de-samborondon-y-daule\\\/#breadcrumb\"},\"inLanguage\":\"es\",\"potentialAction\":[{\"@type\":\"ReadAction\",\"target\":[\"https:\\\/\\\/emisarioec.com\\\/index.php\\\/2026\\\/08\\\/30\\\/mas-de-mil-jinetes-se-encontraron-en-una-jornada-que-volvio-a-poner-en-escena-las-raices-montubias-de-samborondon-y-daule\\\/\"]}]},{\"@type\":\"ImageObject\",\"inLanguage\":\"es\",\"@id\":\"https:\\\/\\\/emisarioec.com\\\/index.php\\\/2026\\\/08\\\/30\\\/mas-de-mil-jinetes-se-encontraron-en-una-jornada-que-volvio-a-poner-en-escena-las-raices-montubias-de-samborondon-y-daule\\\/#primaryimage\",\"url\":\"https:\\\/\\\/emisarioec.com\\\/wp-content\\\/uploads\\\/2026\\\/08\\\/788439077_1838175431314776_3287591965370816630_n-1.jpg\",\"contentUrl\":\"https:\\\/\\\/emisarioec.com\\\/wp-content\\\/uploads\\\/2026\\\/08\\\/788439077_1838175431314776_3287591965370816630_n-1.jpg\",\"width\":960,\"height\":961},{\"@type\":\"BreadcrumbList\",\"@id\":\"https:\\\/\\\/emisarioec.com\\\/index.php\\\/2026\\\/08\\\/30\\\/mas-de-mil-jinetes-se-encontraron-en-una-jornada-que-volvio-a-poner-en-escena-las-raices-montubias-de-samborondon-y-daule\\\/#breadcrumb\",\"itemListElement\":[{\"@type\":\"ListItem\",\"position\":1,\"name\":\"Portada\",\"item\":\"https:\\\/\\\/emisarioec.com\\\/\"},{\"@type\":\"ListItem\",\"position\":2,\"name\":\"M\u00e1s de mil jinetes se encontraron en una jornada que volvi\u00f3 a poner en escena las ra\u00edces montubias de Samborond\u00f3n y Daule\"}]},{\"@type\":\"WebSite\",\"@id\":\"https:\\\/\\\/emisarioec.com\\\/#website\",\"url\":\"https:\\\/\\\/emisarioec.com\\\/\",\"name\":\"Emisario Ec\",\"description\":\"Informar es un derecho que corresponde a hechos\",\"publisher\":{\"@id\":\"https:\\\/\\\/emisarioec.com\\\/#organization\"},\"potentialAction\":[{\"@type\":\"SearchAction\",\"target\":{\"@type\":\"EntryPoint\",\"urlTemplate\":\"https:\\\/\\\/emisarioec.com\\\/?s={search_term_string}\"},\"query-input\":{\"@type\":\"PropertyValueSpecification\",\"valueRequired\":true,\"valueName\":\"search_term_string\"}}],\"inLanguage\":\"es\"},{\"@type\":\"Organization\",\"@id\":\"https:\\\/\\\/emisarioec.com\\\/#organization\",\"name\":\"Emisario Ec\",\"url\":\"https:\\\/\\\/emisarioec.com\\\/\",\"logo\":{\"@type\":\"ImageObject\",\"inLanguage\":\"es\",\"@id\":\"https:\\\/\\\/emisarioec.com\\\/#\\\/schema\\\/logo\\\/image\\\/\",\"url\":\"https:\\\/\\\/emisarioec.com\\\/wp-content\\\/uploads\\\/2025\\\/06\\\/cropped-cropped-emisario-ico.png\",\"contentUrl\":\"https:\\\/\\\/emisarioec.com\\\/wp-content\\\/uploads\\\/2025\\\/06\\\/cropped-cropped-emisario-ico.png\",\"width\":512,\"height\":512,\"caption\":\"Emisario Ec\"},\"image\":{\"@id\":\"https:\\\/\\\/emisarioec.com\\\/#\\\/schema\\\/logo\\\/image\\\/\"}},{\"@type\":\"Person\",\"@id\":\"https:\\\/\\\/emisarioec.com\\\/#\\\/schema\\\/person\\\/2afb9da152d200f9b3feecf5f92da2d5\",\"name\":\"Emisario Ec\",\"url\":\"https:\\\/\\\/emisarioec.com\\\/index.php\\\/author\\\/admin_roberto\\\/\"}]}<\/script>\n<!-- \/ Yoast SEO plugin. -->","yoast_head_json":{"title":"M\u00e1s de mil jinetes se encontraron en una jornada que volvi\u00f3 a poner en escena las ra\u00edces montubias de Samborond\u00f3n y Daule - Emisario Ec","robots":{"index":"index","follow":"follow","max-snippet":"max-snippet:-1","max-image-preview":"max-image-preview:large","max-video-preview":"max-video-preview:-1"},"canonical":"https:\/\/emisarioec.com\/index.php\/2026\/08\/30\/mas-de-mil-jinetes-se-encontraron-en-una-jornada-que-volvio-a-poner-en-escena-las-raices-montubias-de-samborondon-y-daule\/","og_locale":"es_ES","og_type":"article","og_title":"M\u00e1s de mil jinetes se encontraron en una jornada que volvi\u00f3 a poner en escena las ra\u00edces montubias de Samborond\u00f3n y Daule - Emisario Ec","og_description":"Entre los participantes estuvo Niels Olsen, representando a Samborond\u00f3n","og_url":"https:\/\/emisarioec.com\/index.php\/2026\/08\/30\/mas-de-mil-jinetes-se-encontraron-en-una-jornada-que-volvio-a-poner-en-escena-las-raices-montubias-de-samborondon-y-daule\/","og_site_name":"Emisario Ec","article_published_time":"2026-08-31T03:30:00+00:00","article_modified_time":"2026-09-01T04:27:34+00:00","og_image":[{"width":960,"height":961,"url":"https:\/\/emisarioec.com\/wp-content\/uploads\/2026\/08\/788439077_1838175431314776_3287591965370816630_n-1.jpg","type":"image\/jpeg"}],"author":"Emisario Ec","twitter_card":"summary_large_image","twitter_misc":{"Escrito por":"Emisario Ec","Tiempo de lectura":"2 minutos"},"schema":{"@context":"https:\/\/schema.org","@graph":[{"@type":"Article","@id":"https:\/\/emisarioec.com\/index.php\/2026\/08\/30\/mas-de-mil-jinetes-se-encontraron-en-una-jornada-que-volvio-a-poner-en-escena-las-raices-montubias-de-samborondon-y-daule\/#article","isPartOf":{"@id":"https:\/\/emisarioec.com\/index.php\/2026\/08\/30\/mas-de-mil-jinetes-se-encontraron-en-una-jornada-que-volvio-a-poner-en-escena-las-raices-montubias-de-samborondon-y-daule\/"},"author":{"name":"Emisario Ec","@id":"https:\/\/emisarioec.com\/#\/schema\/person\/2afb9da152d200f9b3feecf5f92da2d5"},"headline":"M\u00e1s de mil jinetes se encontraron en una jornada que volvi\u00f3 a poner en escena las ra\u00edces montubias de Samborond\u00f3n y Daule","datePublished":"2026-08-31T03:30:00+00:00","dateModified":"2026-09-01T04:27:34+00:00","mainEntityOfPage":{"@id":"https:\/\/emisarioec.com\/index.php\/2026\/08\/30\/mas-de-mil-jinetes-se-encontraron-en-una-jornada-que-volvio-a-poner-en-escena-las-raices-montubias-de-samborondon-y-daule\/"},"wordCount":257,"publisher":{"@id":"https:\/\/emisarioec.com\/#organization"},"image":{"@id":"https:\/\/emisarioec.com\/index.php\/2026\/08\/30\/mas-de-mil-jinetes-se-encontraron-en-una-jornada-que-volvio-a-poner-en-escena-las-raices-montubias-de-samborondon-y-daule\/#primaryimage"},"thumbnailUrl":"https:\/\/emisarioec.com\/wp-content\/uploads\/2026\/08\/788439077_1838175431314776_3287591965370816630_n-1.jpg","keywords":["M\u00e1s de mil jinetes","Niels Olsen","Samborond\u00f3n y Daule."],"articleSection":["Actualidad"],"inLanguage":"es"},{"@type":"WebPage","@id":"https:\/\/emisarioec.com\/index.php\/2026\/08\/30\/mas-de-mil-jinetes-se-encontraron-en-una-jornada-que-volvio-a-poner-en-escena-las-raices-montubias-de-samborondon-y-daule\/","url":"https:\/\/emisarioec.com\/index.php\/2026\/08\/30\/mas-de-mil-jinetes-se-encontraron-en-una-jornada-que-volvio-a-poner-en-escena-las-raices-montubias-de-samborondon-y-daule\/","name":"M\u00e1s de mil jinetes se encontraron en una jornada que volvi\u00f3 a poner en escena las ra\u00edces montubias de Samborond\u00f3n y Daule - Emisario Ec","isPartOf":{"@id":"https:\/\/emisarioec.com\/#website"},"primaryImageOfPage":{"@id":"https:\/\/emisarioec.com\/index.php\/2026\/08\/30\/mas-de-mil-jinetes-se-encontraron-en-una-jornada-que-volvio-a-poner-en-escena-las-raices-montubias-de-samborondon-y-daule\/#primaryimage"},"image":{"@id":"https:\/\/emisarioec.com\/index.php\/2026\/08\/30\/mas-de-mil-jinetes-se-encontraron-en-una-jornada-que-volvio-a-poner-en-escena-las-raices-montubias-de-samborondon-y-daule\/#primaryimage"},"thumbnailUrl":"https:\/\/emisarioec.com\/wp-content\/uploads\/2026\/08\/788439077_1838175431314776_3287591965370816630_n-1.jpg","datePublished":"2026-08-31T03:30:00+00:00","dateModified":"2026-09-01T04:27:34+00:00","breadcrumb":{"@id":"https:\/\/emisarioec.com\/index.php\/2026\/08\/30\/mas-de-mil-jinetes-se-encontraron-en-una-jornada-que-volvio-a-poner-en-escena-las-raices-montubias-de-samborondon-y-daule\/#breadcrumb"},"inLanguage":"es","potentialAction":[{"@type":"ReadAction","target":["https:\/\/emisarioec.com\/index.php\/2026\/08\/30\/mas-de-mil-jinetes-se-encontraron-en-una-jornada-que-volvio-a-poner-en-escena-las-raices-montubias-de-samborondon-y-daule\/"]}]},{"@type":"ImageObject","inLanguage":"es","@id":"https:\/\/emisarioec.com\/index.php\/2026\/08\/30\/mas-de-mil-jinetes-se-encontraron-en-una-jornada-que-volvio-a-poner-en-escena-las-raices-montubias-de-samborondon-y-daule\/#primaryimage","url":"https:\/\/emisarioec.com\/wp-content\/uploads\/2026\/08\/788439077_1838175431314776_3287591965370816630_n-1.jpg","contentUrl":"https:\/\/emisarioec.com\/wp-content\/uploads\/2026\/08\/788439077_1838175431314776_3287591965370816630_n-1.jpg","width":960,"height":961},{"@type":"BreadcrumbList","@id":"https:\/\/emisarioec.com\/index.php\/2026\/08\/30\/mas-de-mil-jinetes-se-encontraron-en-una-jornada-que-volvio-a-poner-en-escena-las-raices-montubias-de-samborondon-y-daule\/#breadcrumb","itemListElement":[{"@type":"ListItem","position":1,"name":"Portada","item":"https:\/\/emisarioec.com\/"},{"@type":"ListItem","position":2,"name":"M\u00e1s de mil jinetes se encontraron en una jornada que volvi\u00f3 a poner en escena las ra\u00edces montubias de Samborond\u00f3n y Daule"}]},{"@type":"WebSite","@id":"https:\/\/emisarioec.com\/#website","url":"https:\/\/emisarioec.com\/","name":"Emisario Ec","description":"Informar es un derecho que corresponde a hechos","publisher":{"@id":"https:\/\/emisarioec.com\/#organization"},"potentialAction":[{"@type":"SearchAction","target":{"@type":"EntryPoint","urlTemplate":"https:\/\/emisarioec.com\/?s={search_term_string}"},"query-input":{"@type":"PropertyValueSpecification","valueRequired":true,"valueName":"search_term_string"}}],"inLanguage":"es"},{"@type":"Organization","@id":"https:\/\/emisarioec.com\/#organization","name":"Emisario Ec","url":"https:\/\/emisarioec.com\/","logo":{"@type":"ImageObject","inLanguage":"es","@id":"https:\/\/emisarioec.com\/#\/schema\/logo\/image\/","url":"https:\/\/emisarioec.com\/wp-content\/uploads\/2025\/06\/cropped-cropped-emisario-ico.png","contentUrl":"https:\/\/emisarioec.com\/wp-content\/uploads\/2025\/06\/cropped-cropped-emisario-ico.png","width":512,"height":512,"caption":"Emisario Ec"},"image":{"@id":"https:\/\/emisarioec.com\/#\/schema\/logo\/image\/"}},{"@type":"Person","@id":"https:\/\/emisarioec.com\/#\/schema\/person\/2afb9da152d200f9b3feecf5f92da2d5","name":"Emisario Ec","url":"https:\/\/emisarioec.com\/index.php\/author\/admin_roberto\/"}]}},"jetpack_featured_media_url":"https:\/\/emisarioec.com\/wp-content\/uploads\/2026\/08\/788439077_1838175431314776_3287591965370816630_n-1.jpg","_links":{"self":[{"href":"https:\/\/emisarioec.com\/index.php\/wp-json\/wp\/v2\/posts\/4171","targetHints":{"allow":["GET"]}}],"collection":[{"href":"https:\/\/emisarioec.com\/index.php\/wp-json\/wp\/v2\/posts"}],"about":[{"href":"https:\/\/emisarioec.com\/index.php\/wp-json\/wp\/v2\/types\/post"}],"author":[{"embeddable":true,"href":"https:\/\/emisarioec.com\/index.php\/wp-json\/wp\/v2\/users\/2"}],"replies":[{"embeddable":true,"href":"https:\/\/emisarioec.com\/index.php\/wp-json\/wp\/v2\/comments?post=4171"}],"version-history":[{"count":2,"href":"https:\/\/emisarioec.com\/index.php\/wp-json\/wp\/v2\/posts\/4171\/revisions"}],"predecessor-version":[{"id":4174,"href":"https:\/\/emisarioec.com\/index.php\/wp-json\/wp\/v2\/posts\/4171\/revisions\/4174"}],"wp:featuredmedia":[{"embeddable":true,"href":"https:\/\/emisarioec.com\/index.php\/wp-json\/wp\/v2\/media\/4172"}],"wp:attachment":[{"href":"https:\/\/emisarioec.com\/index.php\/wp-json\/wp\/v2\/media?parent=4171"}],"wp:term":[{"taxonomy":"category","embeddable":true,"href":"https:\/\/emisarioec.com\/index.php\/wp-json\/wp\/v2\/categories?post=4171"},{"taxonomy":"post_tag","embeddable":true,"href":"https:\/\/emisarioec.com\/index.php\/wp-json\/wp\/v2\/tags?post=4171"}],"curies":[{"name":"wp","href":"https:\/\/api.w.org\/{rel}","templated":true}]}}