{"id":4179,"date":"2026-09-01T12:00:00","date_gmt":"2026-09-01T17:00:00","guid":{"rendered":"https:\/\/emisarioec.com\/?p=4179"},"modified":"2026-09-02T10:13:12","modified_gmt":"2026-09-02T15:13:12","slug":"consejo-provincial-del-guayas-liderado-por-el-prefecto-carlos-encalada-aprueba-inversion-historica-de-mas-de-66-millones-del-bde-para-prevencion-y-mitigacion-en-6-cantones","status":"publish","type":"post","link":"https:\/\/emisarioec.com\/index.php\/2026\/09\/01\/consejo-provincial-del-guayas-liderado-por-el-prefecto-carlos-encalada-aprueba-inversion-historica-de-mas-de-66-millones-del-bde-para-prevencion-y-mitigacion-en-6-cantones\/","title":{"rendered":"Consejo Provincial del Guayas, liderado por el prefecto Carlos Encalada, aprueba inversi\u00f3n hist\u00f3rica de m\u00e1s de $66 millones del BDE, para prevenci\u00f3n y mitigaci\u00f3n en 6 cantones"},"content":{"rendered":"\n<p class=\"wp-block-paragraph\"><em>Ante la llegada del Fen\u00f3meno El Ni\u00f1o, el financiamiento servir\u00e1 para intervenir integralmente en cuencas de Pedro Carbo, Lomas de Sargentillo, Isidro Ayora, Nobol, Daule y Naranjal<\/em><\/p>\n\n\n\n<p class=\"wp-block-paragraph\">En sesi\u00f3n ordinaria del Honorable Consejo Provincial del Guayas, presidida por el Prefecto Carlos Encalada, el pleno aprob\u00f3 por unanimidad la viabilidad t\u00e9cnica, financiera y jur\u00eddica del cr\u00e9dito otorgado por el Banco de Desarrollo del Ecuador B.P. (BDE), por un monto de hasta USD 66.076.255,96. La inyecci\u00f3n de recursos estrat\u00e9gicos, que demuestra confianza institucional en la Prefectura del Guayas, estar\u00e1 destinada a la ejecuci\u00f3n de dos megaproyectos de resiliencia h\u00eddrica, enfocados en mitigar los impactos del Fen\u00f3meno El Ni\u00f1o y el incremento de riesgos clim\u00e1ticos en la provincia:<\/p>\n\n\n\n<ul class=\"wp-block-list\">\n<li>Cuenca del R\u00edo Pedro Carbo: Obras de mejoramiento de la secci\u00f3n hidr\u00e1ulica, limpieza y desazolve de los cuerpos h\u00eddricos que conforman la cuenca, protegiendo a los cantones Pedro Carbo, Lomas de Sargentillo, Isidro Ayora, Nobol y Daule.<\/li>\n\n\n\n<li>Sistema La Molienda de Pauj\u00ed (Naranjal): Construcci\u00f3n y rehabilitaci\u00f3n integral de la infraestructura de riego y drenaje en la parroquia y cant\u00f3n Naranjal.<\/li>\n<\/ul>\n\n\n\n<p class=\"wp-block-paragraph\">En el Orden del D\u00eda, el Pleno tambi\u00e9n aprob\u00f3, en primer debate, el proyecto de Ordenanza que crea el Sistema Provincial de Cooperaci\u00f3n y Alianzas Estrat\u00e9gicas para el Desarrollo del Guayas, norma que busca estructurar esquemas de atracci\u00f3n de inversiones y alianzas p\u00fablico-privadas para acelerar la obra p\u00fablica.<\/p>\n\n\n\n<p class=\"wp-block-paragraph\">Asimismo, se dio paso a las resoluciones de declaratoria de utilidad p\u00fablica necesarias para viabilizar obras clave de conectividad, entre las que destacan el puente vehicular sobre el r\u00edo Macul en Balzar, el puente sobre el r\u00edo Ferm\u00edn en el recinto El Pedregal (Guayaquil), la rehabilitaci\u00f3n de la v\u00eda Pedro V\u00e9lez \u2013 Carlos Julio Arosemena en El Empalme, la v\u00eda Colimes \u2013 L\u00edmite Provincial en Colimes, y la v\u00eda Valle de la Virgen \u2013 Las Muras entre Pedro Carbo y Colimes.<\/p>\n\n\n\n<p class=\"wp-block-paragraph\">Posterior a esta sesi\u00f3n y durante una reuni\u00f3n de trabajo junto al BDE, el Gerente Zonal Litoral, Daniel Cevallos, resalt\u00f3 la gesti\u00f3n del Prefecto y su equipo de trabajo al viabilizar el proceso de financiamiento con agilidad y eficiencia. \u201c(Quiero) Felicitar al equipo de la Prefectura, reitero esas felicitaciones. En tiempo r\u00e9cord conseguir los requisitos ambientales que requer\u00edan estos proyectos (de riego y drenaje) y siempre, pues, trabajar con el sentido de urgencia va a ser excelente para trabajar de la mano, tanto ejecutivo, a trav\u00e9s del Banco de Desarrollo del Ecuador y el gobierno local provincial, liderado por el prefecto Carlos Encalada\u201d, apunt\u00f3.<\/p>\n\n\n\n<p class=\"wp-block-paragraph\">Adem\u00e1s, en esa jornada se conoci\u00f3 la posibilidad de concretar un nuevo financiamiento con la banca p\u00fablica para mejorar la vialidad en la provincia, apuntando a un corredor estrat\u00e9gico entre los cantones Isidro Ayora y Guayaquil, con una inversi\u00f3n que alcanza los $10 millones. Actualmente, ya se est\u00e1n concluyendo los estudios t\u00e9cnicos.<\/p>\n\n\n\n<figure class=\"wp-block-embed is-type-video is-provider-youtube wp-block-embed-youtube wp-embed-aspect-16-9 wp-has-aspect-ratio\"><div class=\"wp-block-embed__wrapper\">\n<iframe title=\"Consejo Provincial del Guayas, liderado por el prefecto Encalada, aprueba inversi\u00f3n hist\u00f3rica\" width=\"960\" height=\"540\" src=\"https:\/\/www.youtube.com\/embed\/VUDg_DhF76c?feature=oembed\" frameborder=\"0\" allow=\"accelerometer; autoplay; clipboard-write; encrypted-media; gyroscope; picture-in-picture; web-share\" referrerpolicy=\"strict-origin-when-cross-origin\" allowfullscreen><\/iframe>\n<\/div><\/figure>\n","protected":false},"excerpt":{"rendered":"<p>En sesi\u00f3n ordinaria del Honorable Consejo Provincial del Guayas, presidida por el Prefecto Carlos Encalada, el pleno aprob\u00f3 por unanimidad la viabilidad t\u00e9cnica, financiera y jur\u00eddica del cr\u00e9dito otorgado por el Banco de Desarrollo del Ecuador B.P. (BDE)<\/p>\n","protected":false},"author":2,"featured_media":4180,"comment_status":"closed","ping_status":"open","sticky":false,"template":"","format":"standard","meta":{"footnotes":""},"categories":[6],"tags":[1837,1447,11],"class_list":["post-4179","post","type-post","status-publish","format-standard","has-post-thumbnail","hentry","category-actualidad","tag-consejo-provincial-del-guayas","tag-prefecto-carlos-encalada","tag-prefectura-del-guayas"],"yoast_head":"<!-- This site is optimized with the Yoast SEO plugin v28.4 - https:\/\/yoast.com\/product\/yoast-seo-wordpress\/ -->\n<title>Consejo Provincial del Guayas, liderado por el prefecto Carlos Encalada, aprueba inversi\u00f3n hist\u00f3rica de m\u00e1s de $66 millones del BDE, para prevenci\u00f3n y mitigaci\u00f3n en 6 cantones - Emisario Ec<\/title>\n<meta name=\"robots\" content=\"index, follow, max-snippet:-1, max-image-preview:large, max-video-preview:-1\" \/>\n<link rel=\"canonical\" href=\"https:\/\/emisarioec.com\/index.php\/2026\/09\/01\/consejo-provincial-del-guayas-liderado-por-el-prefecto-carlos-encalada-aprueba-inversion-historica-de-mas-de-66-millones-del-bde-para-prevencion-y-mitigacion-en-6-cantones\/\" \/>\n<meta property=\"og:locale\" content=\"es_ES\" \/>\n<meta property=\"og:type\" content=\"article\" \/>\n<meta property=\"og:title\" content=\"Consejo Provincial del Guayas, liderado por el prefecto Carlos Encalada, aprueba inversi\u00f3n hist\u00f3rica de m\u00e1s de $66 millones del BDE, para prevenci\u00f3n y mitigaci\u00f3n en 6 cantones - Emisario Ec\" \/>\n<meta property=\"og:description\" content=\"En sesi\u00f3n ordinaria del Honorable Consejo Provincial del Guayas, presidida por el Prefecto Carlos Encalada, el pleno aprob\u00f3 por unanimidad la viabilidad t\u00e9cnica, financiera y jur\u00eddica del cr\u00e9dito otorgado por el Banco de Desarrollo del Ecuador B.P. (BDE)\" \/>\n<meta property=\"og:url\" content=\"https:\/\/emisarioec.com\/index.php\/2026\/09\/01\/consejo-provincial-del-guayas-liderado-por-el-prefecto-carlos-encalada-aprueba-inversion-historica-de-mas-de-66-millones-del-bde-para-prevencion-y-mitigacion-en-6-cantones\/\" \/>\n<meta property=\"og:site_name\" content=\"Emisario Ec\" \/>\n<meta property=\"article:published_time\" content=\"2026-09-01T17:00:00+00:00\" \/>\n<meta property=\"article:modified_time\" content=\"2026-09-02T15:13:12+00:00\" \/>\n<meta property=\"og:image\" content=\"https:\/\/emisarioec.com\/wp-content\/uploads\/2026\/09\/1.jpg\" \/>\n\t<meta property=\"og:image:width\" content=\"860\" \/>\n\t<meta property=\"og:image:height\" content=\"573\" \/>\n\t<meta property=\"og:image:type\" content=\"image\/jpeg\" \/>\n<meta name=\"author\" content=\"Emisario Ec\" \/>\n<meta name=\"twitter:card\" content=\"summary_large_image\" \/>\n<meta name=\"twitter:label1\" content=\"Escrito por\" \/>\n\t<meta name=\"twitter:data1\" content=\"Emisario Ec\" \/>\n\t<meta name=\"twitter:label2\" content=\"Tiempo de lectura\" \/>\n\t<meta name=\"twitter:data2\" content=\"3 minutos\" \/>\n<script type=\"application\/ld+json\" class=\"yoast-schema-graph\">{\"@context\":\"https:\\\/\\\/schema.org\",\"@graph\":[{\"@type\":\"Article\",\"@id\":\"https:\\\/\\\/emisarioec.com\\\/index.php\\\/2026\\\/09\\\/01\\\/consejo-provincial-del-guayas-liderado-por-el-prefecto-carlos-encalada-aprueba-inversion-historica-de-mas-de-66-millones-del-bde-para-prevencion-y-mitigacion-en-6-cantones\\\/#article\",\"isPartOf\":{\"@id\":\"https:\\\/\\\/emisarioec.com\\\/index.php\\\/2026\\\/09\\\/01\\\/consejo-provincial-del-guayas-liderado-por-el-prefecto-carlos-encalada-aprueba-inversion-historica-de-mas-de-66-millones-del-bde-para-prevencion-y-mitigacion-en-6-cantones\\\/\"},\"author\":{\"name\":\"Emisario Ec\",\"@id\":\"https:\\\/\\\/emisarioec.com\\\/#\\\/schema\\\/person\\\/2afb9da152d200f9b3feecf5f92da2d5\"},\"headline\":\"Consejo Provincial del Guayas, liderado por el prefecto Carlos Encalada, aprueba inversi\u00f3n hist\u00f3rica de m\u00e1s de $66 millones del BDE, para prevenci\u00f3n y mitigaci\u00f3n en 6 cantones\",\"datePublished\":\"2026-09-01T17:00:00+00:00\",\"dateModified\":\"2026-09-02T15:13:12+00:00\",\"mainEntityOfPage\":{\"@id\":\"https:\\\/\\\/emisarioec.com\\\/index.php\\\/2026\\\/09\\\/01\\\/consejo-provincial-del-guayas-liderado-por-el-prefecto-carlos-encalada-aprueba-inversion-historica-de-mas-de-66-millones-del-bde-para-prevencion-y-mitigacion-en-6-cantones\\\/\"},\"wordCount\":541,\"publisher\":{\"@id\":\"https:\\\/\\\/emisarioec.com\\\/#organization\"},\"image\":{\"@id\":\"https:\\\/\\\/emisarioec.com\\\/index.php\\\/2026\\\/09\\\/01\\\/consejo-provincial-del-guayas-liderado-por-el-prefecto-carlos-encalada-aprueba-inversion-historica-de-mas-de-66-millones-del-bde-para-prevencion-y-mitigacion-en-6-cantones\\\/#primaryimage\"},\"thumbnailUrl\":\"https:\\\/\\\/emisarioec.com\\\/wp-content\\\/uploads\\\/2026\\\/09\\\/1.jpg\",\"keywords\":[\"Consejo Provincial del Guayas\",\"Prefecto Carlos Encalada\",\"Prefectura del Guayas\"],\"articleSection\":[\"Actualidad\"],\"inLanguage\":\"es\"},{\"@type\":\"WebPage\",\"@id\":\"https:\\\/\\\/emisarioec.com\\\/index.php\\\/2026\\\/09\\\/01\\\/consejo-provincial-del-guayas-liderado-por-el-prefecto-carlos-encalada-aprueba-inversion-historica-de-mas-de-66-millones-del-bde-para-prevencion-y-mitigacion-en-6-cantones\\\/\",\"url\":\"https:\\\/\\\/emisarioec.com\\\/index.php\\\/2026\\\/09\\\/01\\\/consejo-provincial-del-guayas-liderado-por-el-prefecto-carlos-encalada-aprueba-inversion-historica-de-mas-de-66-millones-del-bde-para-prevencion-y-mitigacion-en-6-cantones\\\/\",\"name\":\"Consejo Provincial del Guayas, liderado por el prefecto Carlos Encalada, aprueba inversi\u00f3n hist\u00f3rica de m\u00e1s de $66 millones del BDE, para prevenci\u00f3n y mitigaci\u00f3n en 6 cantones - Emisario Ec\",\"isPartOf\":{\"@id\":\"https:\\\/\\\/emisarioec.com\\\/#website\"},\"primaryImageOfPage\":{\"@id\":\"https:\\\/\\\/emisarioec.com\\\/index.php\\\/2026\\\/09\\\/01\\\/consejo-provincial-del-guayas-liderado-por-el-prefecto-carlos-encalada-aprueba-inversion-historica-de-mas-de-66-millones-del-bde-para-prevencion-y-mitigacion-en-6-cantones\\\/#primaryimage\"},\"image\":{\"@id\":\"https:\\\/\\\/emisarioec.com\\\/index.php\\\/2026\\\/09\\\/01\\\/consejo-provincial-del-guayas-liderado-por-el-prefecto-carlos-encalada-aprueba-inversion-historica-de-mas-de-66-millones-del-bde-para-prevencion-y-mitigacion-en-6-cantones\\\/#primaryimage\"},\"thumbnailUrl\":\"https:\\\/\\\/emisarioec.com\\\/wp-content\\\/uploads\\\/2026\\\/09\\\/1.jpg\",\"datePublished\":\"2026-09-01T17:00:00+00:00\",\"dateModified\":\"2026-09-02T15:13:12+00:00\",\"breadcrumb\":{\"@id\":\"https:\\\/\\\/emisarioec.com\\\/index.php\\\/2026\\\/09\\\/01\\\/consejo-provincial-del-guayas-liderado-por-el-prefecto-carlos-encalada-aprueba-inversion-historica-de-mas-de-66-millones-del-bde-para-prevencion-y-mitigacion-en-6-cantones\\\/#breadcrumb\"},\"inLanguage\":\"es\",\"potentialAction\":[{\"@type\":\"ReadAction\",\"target\":[\"https:\\\/\\\/emisarioec.com\\\/index.php\\\/2026\\\/09\\\/01\\\/consejo-provincial-del-guayas-liderado-por-el-prefecto-carlos-encalada-aprueba-inversion-historica-de-mas-de-66-millones-del-bde-para-prevencion-y-mitigacion-en-6-cantones\\\/\"]}]},{\"@type\":\"ImageObject\",\"inLanguage\":\"es\",\"@id\":\"https:\\\/\\\/emisarioec.com\\\/index.php\\\/2026\\\/09\\\/01\\\/consejo-provincial-del-guayas-liderado-por-el-prefecto-carlos-encalada-aprueba-inversion-historica-de-mas-de-66-millones-del-bde-para-prevencion-y-mitigacion-en-6-cantones\\\/#primaryimage\",\"url\":\"https:\\\/\\\/emisarioec.com\\\/wp-content\\\/uploads\\\/2026\\\/09\\\/1.jpg\",\"contentUrl\":\"https:\\\/\\\/emisarioec.com\\\/wp-content\\\/uploads\\\/2026\\\/09\\\/1.jpg\",\"width\":860,\"height\":573},{\"@type\":\"BreadcrumbList\",\"@id\":\"https:\\\/\\\/emisarioec.com\\\/index.php\\\/2026\\\/09\\\/01\\\/consejo-provincial-del-guayas-liderado-por-el-prefecto-carlos-encalada-aprueba-inversion-historica-de-mas-de-66-millones-del-bde-para-prevencion-y-mitigacion-en-6-cantones\\\/#breadcrumb\",\"itemListElement\":[{\"@type\":\"ListItem\",\"position\":1,\"name\":\"Portada\",\"item\":\"https:\\\/\\\/emisarioec.com\\\/\"},{\"@type\":\"ListItem\",\"position\":2,\"name\":\"Consejo Provincial del Guayas, liderado por el prefecto Carlos Encalada, aprueba inversi\u00f3n hist\u00f3rica de m\u00e1s de $66 millones del BDE, para prevenci\u00f3n y mitigaci\u00f3n en 6 cantones\"}]},{\"@type\":\"WebSite\",\"@id\":\"https:\\\/\\\/emisarioec.com\\\/#website\",\"url\":\"https:\\\/\\\/emisarioec.com\\\/\",\"name\":\"Emisario Ec\",\"description\":\"Informar es un derecho que corresponde a hechos\",\"publisher\":{\"@id\":\"https:\\\/\\\/emisarioec.com\\\/#organization\"},\"potentialAction\":[{\"@type\":\"SearchAction\",\"target\":{\"@type\":\"EntryPoint\",\"urlTemplate\":\"https:\\\/\\\/emisarioec.com\\\/?s={search_term_string}\"},\"query-input\":{\"@type\":\"PropertyValueSpecification\",\"valueRequired\":true,\"valueName\":\"search_term_string\"}}],\"inLanguage\":\"es\"},{\"@type\":\"Organization\",\"@id\":\"https:\\\/\\\/emisarioec.com\\\/#organization\",\"name\":\"Emisario Ec\",\"url\":\"https:\\\/\\\/emisarioec.com\\\/\",\"logo\":{\"@type\":\"ImageObject\",\"inLanguage\":\"es\",\"@id\":\"https:\\\/\\\/emisarioec.com\\\/#\\\/schema\\\/logo\\\/image\\\/\",\"url\":\"https:\\\/\\\/emisarioec.com\\\/wp-content\\\/uploads\\\/2025\\\/06\\\/cropped-cropped-emisario-ico.png\",\"contentUrl\":\"https:\\\/\\\/emisarioec.com\\\/wp-content\\\/uploads\\\/2025\\\/06\\\/cropped-cropped-emisario-ico.png\",\"width\":512,\"height\":512,\"caption\":\"Emisario Ec\"},\"image\":{\"@id\":\"https:\\\/\\\/emisarioec.com\\\/#\\\/schema\\\/logo\\\/image\\\/\"}},{\"@type\":\"Person\",\"@id\":\"https:\\\/\\\/emisarioec.com\\\/#\\\/schema\\\/person\\\/2afb9da152d200f9b3feecf5f92da2d5\",\"name\":\"Emisario Ec\",\"url\":\"https:\\\/\\\/emisarioec.com\\\/index.php\\\/author\\\/admin_roberto\\\/\"}]}<\/script>\n<!-- \/ Yoast SEO plugin. -->","yoast_head_json":{"title":"Consejo Provincial del Guayas, liderado por el prefecto Carlos Encalada, aprueba inversi\u00f3n hist\u00f3rica de m\u00e1s de $66 millones del BDE, para prevenci\u00f3n y mitigaci\u00f3n en 6 cantones - Emisario Ec","robots":{"index":"index","follow":"follow","max-snippet":"max-snippet:-1","max-image-preview":"max-image-preview:large","max-video-preview":"max-video-preview:-1"},"canonical":"https:\/\/emisarioec.com\/index.php\/2026\/09\/01\/consejo-provincial-del-guayas-liderado-por-el-prefecto-carlos-encalada-aprueba-inversion-historica-de-mas-de-66-millones-del-bde-para-prevencion-y-mitigacion-en-6-cantones\/","og_locale":"es_ES","og_type":"article","og_title":"Consejo Provincial del Guayas, liderado por el prefecto Carlos Encalada, aprueba inversi\u00f3n hist\u00f3rica de m\u00e1s de $66 millones del BDE, para prevenci\u00f3n y mitigaci\u00f3n en 6 cantones - Emisario Ec","og_description":"En sesi\u00f3n ordinaria del Honorable Consejo Provincial del Guayas, presidida por el Prefecto Carlos Encalada, el pleno aprob\u00f3 por unanimidad la viabilidad t\u00e9cnica, financiera y jur\u00eddica del cr\u00e9dito otorgado por el Banco de Desarrollo del Ecuador B.P. (BDE)","og_url":"https:\/\/emisarioec.com\/index.php\/2026\/09\/01\/consejo-provincial-del-guayas-liderado-por-el-prefecto-carlos-encalada-aprueba-inversion-historica-de-mas-de-66-millones-del-bde-para-prevencion-y-mitigacion-en-6-cantones\/","og_site_name":"Emisario Ec","article_published_time":"2026-09-01T17:00:00+00:00","article_modified_time":"2026-09-02T15:13:12+00:00","og_image":[{"width":860,"height":573,"url":"https:\/\/emisarioec.com\/wp-content\/uploads\/2026\/09\/1.jpg","type":"image\/jpeg"}],"author":"Emisario Ec","twitter_card":"summary_large_image","twitter_misc":{"Escrito por":"Emisario Ec","Tiempo de lectura":"3 minutos"},"schema":{"@context":"https:\/\/schema.org","@graph":[{"@type":"Article","@id":"https:\/\/emisarioec.com\/index.php\/2026\/09\/01\/consejo-provincial-del-guayas-liderado-por-el-prefecto-carlos-encalada-aprueba-inversion-historica-de-mas-de-66-millones-del-bde-para-prevencion-y-mitigacion-en-6-cantones\/#article","isPartOf":{"@id":"https:\/\/emisarioec.com\/index.php\/2026\/09\/01\/consejo-provincial-del-guayas-liderado-por-el-prefecto-carlos-encalada-aprueba-inversion-historica-de-mas-de-66-millones-del-bde-para-prevencion-y-mitigacion-en-6-cantones\/"},"author":{"name":"Emisario Ec","@id":"https:\/\/emisarioec.com\/#\/schema\/person\/2afb9da152d200f9b3feecf5f92da2d5"},"headline":"Consejo Provincial del Guayas, liderado por el prefecto Carlos Encalada, aprueba inversi\u00f3n hist\u00f3rica de m\u00e1s de $66 millones del BDE, para prevenci\u00f3n y mitigaci\u00f3n en 6 cantones","datePublished":"2026-09-01T17:00:00+00:00","dateModified":"2026-09-02T15:13:12+00:00","mainEntityOfPage":{"@id":"https:\/\/emisarioec.com\/index.php\/2026\/09\/01\/consejo-provincial-del-guayas-liderado-por-el-prefecto-carlos-encalada-aprueba-inversion-historica-de-mas-de-66-millones-del-bde-para-prevencion-y-mitigacion-en-6-cantones\/"},"wordCount":541,"publisher":{"@id":"https:\/\/emisarioec.com\/#organization"},"image":{"@id":"https:\/\/emisarioec.com\/index.php\/2026\/09\/01\/consejo-provincial-del-guayas-liderado-por-el-prefecto-carlos-encalada-aprueba-inversion-historica-de-mas-de-66-millones-del-bde-para-prevencion-y-mitigacion-en-6-cantones\/#primaryimage"},"thumbnailUrl":"https:\/\/emisarioec.com\/wp-content\/uploads\/2026\/09\/1.jpg","keywords":["Consejo Provincial del Guayas","Prefecto Carlos Encalada","Prefectura del Guayas"],"articleSection":["Actualidad"],"inLanguage":"es"},{"@type":"WebPage","@id":"https:\/\/emisarioec.com\/index.php\/2026\/09\/01\/consejo-provincial-del-guayas-liderado-por-el-prefecto-carlos-encalada-aprueba-inversion-historica-de-mas-de-66-millones-del-bde-para-prevencion-y-mitigacion-en-6-cantones\/","url":"https:\/\/emisarioec.com\/index.php\/2026\/09\/01\/consejo-provincial-del-guayas-liderado-por-el-prefecto-carlos-encalada-aprueba-inversion-historica-de-mas-de-66-millones-del-bde-para-prevencion-y-mitigacion-en-6-cantones\/","name":"Consejo Provincial del Guayas, liderado por el prefecto Carlos Encalada, aprueba inversi\u00f3n hist\u00f3rica de m\u00e1s de $66 millones del BDE, para prevenci\u00f3n y mitigaci\u00f3n en 6 cantones - Emisario Ec","isPartOf":{"@id":"https:\/\/emisarioec.com\/#website"},"primaryImageOfPage":{"@id":"https:\/\/emisarioec.com\/index.php\/2026\/09\/01\/consejo-provincial-del-guayas-liderado-por-el-prefecto-carlos-encalada-aprueba-inversion-historica-de-mas-de-66-millones-del-bde-para-prevencion-y-mitigacion-en-6-cantones\/#primaryimage"},"image":{"@id":"https:\/\/emisarioec.com\/index.php\/2026\/09\/01\/consejo-provincial-del-guayas-liderado-por-el-prefecto-carlos-encalada-aprueba-inversion-historica-de-mas-de-66-millones-del-bde-para-prevencion-y-mitigacion-en-6-cantones\/#primaryimage"},"thumbnailUrl":"https:\/\/emisarioec.com\/wp-content\/uploads\/2026\/09\/1.jpg","datePublished":"2026-09-01T17:00:00+00:00","dateModified":"2026-09-02T15:13:12+00:00","breadcrumb":{"@id":"https:\/\/emisarioec.com\/index.php\/2026\/09\/01\/consejo-provincial-del-guayas-liderado-por-el-prefecto-carlos-encalada-aprueba-inversion-historica-de-mas-de-66-millones-del-bde-para-prevencion-y-mitigacion-en-6-cantones\/#breadcrumb"},"inLanguage":"es","potentialAction":[{"@type":"ReadAction","target":["https:\/\/emisarioec.com\/index.php\/2026\/09\/01\/consejo-provincial-del-guayas-liderado-por-el-prefecto-carlos-encalada-aprueba-inversion-historica-de-mas-de-66-millones-del-bde-para-prevencion-y-mitigacion-en-6-cantones\/"]}]},{"@type":"ImageObject","inLanguage":"es","@id":"https:\/\/emisarioec.com\/index.php\/2026\/09\/01\/consejo-provincial-del-guayas-liderado-por-el-prefecto-carlos-encalada-aprueba-inversion-historica-de-mas-de-66-millones-del-bde-para-prevencion-y-mitigacion-en-6-cantones\/#primaryimage","url":"https:\/\/emisarioec.com\/wp-content\/uploads\/2026\/09\/1.jpg","contentUrl":"https:\/\/emisarioec.com\/wp-content\/uploads\/2026\/09\/1.jpg","width":860,"height":573},{"@type":"BreadcrumbList","@id":"https:\/\/emisarioec.com\/index.php\/2026\/09\/01\/consejo-provincial-del-guayas-liderado-por-el-prefecto-carlos-encalada-aprueba-inversion-historica-de-mas-de-66-millones-del-bde-para-prevencion-y-mitigacion-en-6-cantones\/#breadcrumb","itemListElement":[{"@type":"ListItem","position":1,"name":"Portada","item":"https:\/\/emisarioec.com\/"},{"@type":"ListItem","position":2,"name":"Consejo Provincial del Guayas, liderado por el prefecto Carlos Encalada, aprueba inversi\u00f3n hist\u00f3rica de m\u00e1s de $66 millones del BDE, para prevenci\u00f3n y mitigaci\u00f3n en 6 cantones"}]},{"@type":"WebSite","@id":"https:\/\/emisarioec.com\/#website","url":"https:\/\/emisarioec.com\/","name":"Emisario Ec","description":"Informar es un derecho que corresponde a hechos","publisher":{"@id":"https:\/\/emisarioec.com\/#organization"},"potentialAction":[{"@type":"SearchAction","target":{"@type":"EntryPoint","urlTemplate":"https:\/\/emisarioec.com\/?s={search_term_string}"},"query-input":{"@type":"PropertyValueSpecification","valueRequired":true,"valueName":"search_term_string"}}],"inLanguage":"es"},{"@type":"Organization","@id":"https:\/\/emisarioec.com\/#organization","name":"Emisario Ec","url":"https:\/\/emisarioec.com\/","logo":{"@type":"ImageObject","inLanguage":"es","@id":"https:\/\/emisarioec.com\/#\/schema\/logo\/image\/","url":"https:\/\/emisarioec.com\/wp-content\/uploads\/2025\/06\/cropped-cropped-emisario-ico.png","contentUrl":"https:\/\/emisarioec.com\/wp-content\/uploads\/2025\/06\/cropped-cropped-emisario-ico.png","width":512,"height":512,"caption":"Emisario Ec"},"image":{"@id":"https:\/\/emisarioec.com\/#\/schema\/logo\/image\/"}},{"@type":"Person","@id":"https:\/\/emisarioec.com\/#\/schema\/person\/2afb9da152d200f9b3feecf5f92da2d5","name":"Emisario Ec","url":"https:\/\/emisarioec.com\/index.php\/author\/admin_roberto\/"}]}},"jetpack_featured_media_url":"https:\/\/emisarioec.com\/wp-content\/uploads\/2026\/09\/1.jpg","_links":{"self":[{"href":"https:\/\/emisarioec.com\/index.php\/wp-json\/wp\/v2\/posts\/4179","targetHints":{"allow":["GET"]}}],"collection":[{"href":"https:\/\/emisarioec.com\/index.php\/wp-json\/wp\/v2\/posts"}],"about":[{"href":"https:\/\/emisarioec.com\/index.php\/wp-json\/wp\/v2\/types\/post"}],"author":[{"embeddable":true,"href":"https:\/\/emisarioec.com\/index.php\/wp-json\/wp\/v2\/users\/2"}],"replies":[{"embeddable":true,"href":"https:\/\/emisarioec.com\/index.php\/wp-json\/wp\/v2\/comments?post=4179"}],"version-history":[{"count":2,"href":"https:\/\/emisarioec.com\/index.php\/wp-json\/wp\/v2\/posts\/4179\/revisions"}],"predecessor-version":[{"id":4182,"href":"https:\/\/emisarioec.com\/index.php\/wp-json\/wp\/v2\/posts\/4179\/revisions\/4182"}],"wp:featuredmedia":[{"embeddable":true,"href":"https:\/\/emisarioec.com\/index.php\/wp-json\/wp\/v2\/media\/4180"}],"wp:attachment":[{"href":"https:\/\/emisarioec.com\/index.php\/wp-json\/wp\/v2\/media?parent=4179"}],"wp:term":[{"taxonomy":"category","embeddable":true,"href":"https:\/\/emisarioec.com\/index.php\/wp-json\/wp\/v2\/categories?post=4179"},{"taxonomy":"post_tag","embeddable":true,"href":"https:\/\/emisarioec.com\/index.php\/wp-json\/wp\/v2\/tags?post=4179"}],"curies":[{"name":"wp","href":"https:\/\/api.w.org\/{rel}","templated":true}]}}