{"id":4213,"date":"2026-09-03T11:19:07","date_gmt":"2026-09-03T16:19:07","guid":{"rendered":"https:\/\/emisarioec.com\/?p=4213"},"modified":"2026-09-03T11:22:59","modified_gmt":"2026-09-03T16:22:59","slug":"machala-se-prepara-para-recibir-a-la-reina-mundial-del-banano-2026","status":"publish","type":"post","link":"https:\/\/emisarioec.com\/index.php\/2026\/09\/03\/machala-se-prepara-para-recibir-a-la-reina-mundial-del-banano-2026\/","title":{"rendered":"Machala se prepara para recibir a la Reina Mundial del Banano 2026"},"content":{"rendered":"\n<p class=\"wp-block-paragraph\">Machala, Ecuador. La capital bananera del mundo ser\u00e1 el escenario de uno de los cert\u00e1menes internacionales m\u00e1s importantes del pa\u00eds con la realizaci\u00f3n de Reina Mundial del Banano 2026, que se desarrollar\u00e1 del 8 al 18 de septiembre.<\/p>\n\n\n\n<p class=\"wp-block-paragraph\">Durante once d\u00edas, la ciudad de Machala recibir\u00e1 a las representantes de distintos pa\u00edses, quienes participar\u00e1n en una intensa agenda de actividades culturales, sociales, tur\u00edsticas y de promoci\u00f3n, resaltando la riqueza productiva, la hospitalidad y el potencial de la provincia de El Oro.<\/p>\n\n\n\n<p class=\"wp-block-paragraph\">El certamen busca fortalecer el intercambio cultural entre las delegaciones internacionales y proyectar al Ecuador como un destino de turismo, inversi\u00f3n y tradici\u00f3n bananera. A lo largo de la programaci\u00f3n, las participantes recorrer\u00e1n los principales atractivos de la provincia, compartir\u00e1n con la comunidad y conocer\u00e1n de cerca el proceso que ha convertido al pa\u00eds en el mayor exportador de banano del mundo.<\/p>\n\n\n\n<p class=\"wp-block-paragraph\">La agenda incluir\u00e1 visitas protocolarias, actividades ben\u00e9ficas, recorridos tur\u00edsticos, encuentros con autoridades, presentaciones culturales, desfiles y eventos especiales que culminar\u00e1n con la esperada Gala Final de Elecci\u00f3n y Coronaci\u00f3n, donde se conocer\u00e1 a la nueva Reina Mundial del Banano 2026.<\/p>\n\n\n\n<p class=\"wp-block-paragraph\">Con este importante evento internacional, Machala reafirma su liderazgo como la Capital Bananera del Mundo, promoviendo su identidad, cultura y desarrollo ante los ojos del mundo.<\/p>\n\n\n\n<p class=\"wp-block-paragraph\">Reina Mundial del Banano 2026 invita a la ciudadan\u00eda, medios de comunicaci\u00f3n y visitantes nacionales e internacionales a ser parte de esta gran celebraci\u00f3n, que convertir\u00e1 a Machala en el epicentro de la belleza, la cultura y la tradici\u00f3n bananera del 8 al 18 de septiembre.<\/p>\n\n\n\n<figure class=\"wp-block-embed is-type-video is-provider-tiktok wp-block-embed-tiktok\"><div class=\"wp-block-embed__wrapper\">\n<blockquote class=\"tiktok-embed\" cite=\"https:\/\/www.tiktok.com\/@emisarioec\/video\/7681345022167420167\" data-video-id=\"7681345022167420167\" data-embed-from=\"oembed\" style=\"max-width:605px; min-width:325px;\"> <section> <a target=\"_blank\" title=\"@emisarioec\" href=\"https:\/\/www.tiktok.com\/@emisarioec?refer=embed\">@emisarioec<\/a> <p>\ud83d\udccc ATENTOS\ud83d\udc4f  Machala se prepara para recibir a la Reina Mundial del Banano 2026 Machala, Ecuador. La capital bananera del mundo ser\u00e1 el escenario de uno de los cert\u00e1menes internacionales m\u00e1s importantes del pa\u00eds con la realizaci\u00f3n de Reina Mundial del Banano 2026, que se desarrollar\u00e1 del 8 al 18 de septiembre. Durante once d\u00edas, la ciudad de Machala recibir\u00e1 a las representantes de distintos pa\u00edses, quienes participar\u00e1n en una intensa agenda de actividades culturales, sociales, tur\u00edsticas y de promoci\u00f3n, resaltando la riqueza productiva, la hospitalidad y el potencial de la provincia de El Oro. El certamen busca fortalecer el intercambio cultural entre las delegaciones internacionales y proyectar al Ecuador como un destino de turismo, inversi\u00f3n y tradici\u00f3n bananera. A lo largo de la programaci\u00f3n, las participantes recorrer\u00e1n los principales atractivos de la provincia, compartir\u00e1n con la comunidad y conocer\u00e1n de cerca el proceso que ha convertido al pa\u00eds en el mayor exportador de banano del mundo. La agenda incluir\u00e1 visitas protocolarias, actividades ben\u00e9ficas, recorridos tur\u00edsticos, encuentros con autoridades, presentaciones culturales, desfiles y eventos especiales que culminar\u00e1n con la esperada Gala Final de Elecci\u00f3n y Coronaci\u00f3n, donde se conocer\u00e1 a la nueva Reina Mundial del Banano 2026. Con este importante evento internacional, Machala reafirma su liderazgo como la Capital Bananera del Mundo, promoviendo su identidad, cultura y desarrollo ante los ojos del mundo. Reina Mundial del Banano 2026 invita a la ciudadan\u00eda, medios de comunicaci\u00f3n y visitantes nacionales e internacionales a ser parte de esta gran celebraci\u00f3n, que convertir\u00e1 a Machala en el epicentro de la belleza, la cultura y la tradici\u00f3n bananera del 8 al 18 de septiembre.<\/p> <a target=\"_blank\" title=\"\u266c sonido original - Emisario Ec - Emisario Ec\" href=\"https:\/\/www.tiktok.com\/music\/sonido-original-Emisario-Ec-7681345159272876820?refer=embed\">\u266c sonido original &#8211; Emisario Ec &#8211; Emisario Ec<\/a> <\/section> <\/blockquote> <script async src=\"https:\/\/www.tiktok.com\/embed.js\"><\/script>\n<\/div><\/figure>\n","protected":false},"excerpt":{"rendered":"<p>Durante once d\u00edas, la ciudad de Machala recibir\u00e1 a las representantes de distintos pa\u00edses<\/p>\n","protected":false},"author":2,"featured_media":4214,"comment_status":"closed","ping_status":"open","sticky":false,"template":"","format":"standard","meta":{"footnotes":""},"categories":[6],"tags":[33,1849,1850],"class_list":["post-4213","post","type-post","status-publish","format-standard","has-post-thumbnail","hentry","category-actualidad","tag-ecuador","tag-machala","tag-reina-mundial-del-banano-2026"],"yoast_head":"<!-- This site is optimized with the Yoast SEO plugin v28.4 - https:\/\/yoast.com\/product\/yoast-seo-wordpress\/ -->\n<title>Machala se prepara para recibir a la Reina Mundial del Banano 2026 - Emisario Ec<\/title>\n<meta name=\"robots\" content=\"index, follow, max-snippet:-1, max-image-preview:large, max-video-preview:-1\" \/>\n<link rel=\"canonical\" href=\"https:\/\/emisarioec.com\/index.php\/2026\/09\/03\/machala-se-prepara-para-recibir-a-la-reina-mundial-del-banano-2026\/\" \/>\n<meta property=\"og:locale\" content=\"es_ES\" \/>\n<meta property=\"og:type\" content=\"article\" \/>\n<meta property=\"og:title\" content=\"Machala se prepara para recibir a la Reina Mundial del Banano 2026 - Emisario Ec\" \/>\n<meta property=\"og:description\" content=\"Durante once d\u00edas, la ciudad de Machala recibir\u00e1 a las representantes de distintos pa\u00edses\" \/>\n<meta property=\"og:url\" content=\"https:\/\/emisarioec.com\/index.php\/2026\/09\/03\/machala-se-prepara-para-recibir-a-la-reina-mundial-del-banano-2026\/\" \/>\n<meta property=\"og:site_name\" content=\"Emisario Ec\" \/>\n<meta property=\"article:published_time\" content=\"2026-09-03T16:19:07+00:00\" \/>\n<meta property=\"article:modified_time\" content=\"2026-09-03T16:22:59+00:00\" \/>\n<meta property=\"og:image\" content=\"https:\/\/emisarioec.com\/wp-content\/uploads\/2026\/09\/1-6.jpg\" \/>\n\t<meta property=\"og:image:width\" content=\"800\" \/>\n\t<meta property=\"og:image:height\" content=\"533\" \/>\n\t<meta property=\"og:image:type\" content=\"image\/jpeg\" \/>\n<meta name=\"author\" content=\"Emisario Ec\" \/>\n<meta name=\"twitter:card\" content=\"summary_large_image\" \/>\n<meta name=\"twitter:label1\" content=\"Escrito por\" \/>\n\t<meta name=\"twitter:data1\" content=\"Emisario Ec\" \/>\n\t<meta name=\"twitter:label2\" content=\"Tiempo de lectura\" \/>\n\t<meta name=\"twitter:data2\" content=\"2 minutos\" \/>\n<script type=\"application\/ld+json\" class=\"yoast-schema-graph\">{\"@context\":\"https:\\\/\\\/schema.org\",\"@graph\":[{\"@type\":\"Article\",\"@id\":\"https:\\\/\\\/emisarioec.com\\\/index.php\\\/2026\\\/09\\\/03\\\/machala-se-prepara-para-recibir-a-la-reina-mundial-del-banano-2026\\\/#article\",\"isPartOf\":{\"@id\":\"https:\\\/\\\/emisarioec.com\\\/index.php\\\/2026\\\/09\\\/03\\\/machala-se-prepara-para-recibir-a-la-reina-mundial-del-banano-2026\\\/\"},\"author\":{\"name\":\"Emisario Ec\",\"@id\":\"https:\\\/\\\/emisarioec.com\\\/#\\\/schema\\\/person\\\/2afb9da152d200f9b3feecf5f92da2d5\"},\"headline\":\"Machala se prepara para recibir a la Reina Mundial del Banano 2026\",\"datePublished\":\"2026-09-03T16:19:07+00:00\",\"dateModified\":\"2026-09-03T16:22:59+00:00\",\"mainEntityOfPage\":{\"@id\":\"https:\\\/\\\/emisarioec.com\\\/index.php\\\/2026\\\/09\\\/03\\\/machala-se-prepara-para-recibir-a-la-reina-mundial-del-banano-2026\\\/\"},\"wordCount\":290,\"publisher\":{\"@id\":\"https:\\\/\\\/emisarioec.com\\\/#organization\"},\"image\":{\"@id\":\"https:\\\/\\\/emisarioec.com\\\/index.php\\\/2026\\\/09\\\/03\\\/machala-se-prepara-para-recibir-a-la-reina-mundial-del-banano-2026\\\/#primaryimage\"},\"thumbnailUrl\":\"https:\\\/\\\/emisarioec.com\\\/wp-content\\\/uploads\\\/2026\\\/09\\\/1-6.jpg\",\"keywords\":[\"Ecuador\",\"Machala\",\"Reina Mundial del Banano 2026\"],\"articleSection\":[\"Actualidad\"],\"inLanguage\":\"es\"},{\"@type\":\"WebPage\",\"@id\":\"https:\\\/\\\/emisarioec.com\\\/index.php\\\/2026\\\/09\\\/03\\\/machala-se-prepara-para-recibir-a-la-reina-mundial-del-banano-2026\\\/\",\"url\":\"https:\\\/\\\/emisarioec.com\\\/index.php\\\/2026\\\/09\\\/03\\\/machala-se-prepara-para-recibir-a-la-reina-mundial-del-banano-2026\\\/\",\"name\":\"Machala se prepara para recibir a la Reina Mundial del Banano 2026 - Emisario Ec\",\"isPartOf\":{\"@id\":\"https:\\\/\\\/emisarioec.com\\\/#website\"},\"primaryImageOfPage\":{\"@id\":\"https:\\\/\\\/emisarioec.com\\\/index.php\\\/2026\\\/09\\\/03\\\/machala-se-prepara-para-recibir-a-la-reina-mundial-del-banano-2026\\\/#primaryimage\"},\"image\":{\"@id\":\"https:\\\/\\\/emisarioec.com\\\/index.php\\\/2026\\\/09\\\/03\\\/machala-se-prepara-para-recibir-a-la-reina-mundial-del-banano-2026\\\/#primaryimage\"},\"thumbnailUrl\":\"https:\\\/\\\/emisarioec.com\\\/wp-content\\\/uploads\\\/2026\\\/09\\\/1-6.jpg\",\"datePublished\":\"2026-09-03T16:19:07+00:00\",\"dateModified\":\"2026-09-03T16:22:59+00:00\",\"breadcrumb\":{\"@id\":\"https:\\\/\\\/emisarioec.com\\\/index.php\\\/2026\\\/09\\\/03\\\/machala-se-prepara-para-recibir-a-la-reina-mundial-del-banano-2026\\\/#breadcrumb\"},\"inLanguage\":\"es\",\"potentialAction\":[{\"@type\":\"ReadAction\",\"target\":[\"https:\\\/\\\/emisarioec.com\\\/index.php\\\/2026\\\/09\\\/03\\\/machala-se-prepara-para-recibir-a-la-reina-mundial-del-banano-2026\\\/\"]}]},{\"@type\":\"ImageObject\",\"inLanguage\":\"es\",\"@id\":\"https:\\\/\\\/emisarioec.com\\\/index.php\\\/2026\\\/09\\\/03\\\/machala-se-prepara-para-recibir-a-la-reina-mundial-del-banano-2026\\\/#primaryimage\",\"url\":\"https:\\\/\\\/emisarioec.com\\\/wp-content\\\/uploads\\\/2026\\\/09\\\/1-6.jpg\",\"contentUrl\":\"https:\\\/\\\/emisarioec.com\\\/wp-content\\\/uploads\\\/2026\\\/09\\\/1-6.jpg\",\"width\":800,\"height\":533},{\"@type\":\"BreadcrumbList\",\"@id\":\"https:\\\/\\\/emisarioec.com\\\/index.php\\\/2026\\\/09\\\/03\\\/machala-se-prepara-para-recibir-a-la-reina-mundial-del-banano-2026\\\/#breadcrumb\",\"itemListElement\":[{\"@type\":\"ListItem\",\"position\":1,\"name\":\"Portada\",\"item\":\"https:\\\/\\\/emisarioec.com\\\/\"},{\"@type\":\"ListItem\",\"position\":2,\"name\":\"Machala se prepara para recibir a la Reina Mundial del Banano 2026\"}]},{\"@type\":\"WebSite\",\"@id\":\"https:\\\/\\\/emisarioec.com\\\/#website\",\"url\":\"https:\\\/\\\/emisarioec.com\\\/\",\"name\":\"Emisario Ec\",\"description\":\"Informar es un derecho que corresponde a hechos\",\"publisher\":{\"@id\":\"https:\\\/\\\/emisarioec.com\\\/#organization\"},\"potentialAction\":[{\"@type\":\"SearchAction\",\"target\":{\"@type\":\"EntryPoint\",\"urlTemplate\":\"https:\\\/\\\/emisarioec.com\\\/?s={search_term_string}\"},\"query-input\":{\"@type\":\"PropertyValueSpecification\",\"valueRequired\":true,\"valueName\":\"search_term_string\"}}],\"inLanguage\":\"es\"},{\"@type\":\"Organization\",\"@id\":\"https:\\\/\\\/emisarioec.com\\\/#organization\",\"name\":\"Emisario Ec\",\"url\":\"https:\\\/\\\/emisarioec.com\\\/\",\"logo\":{\"@type\":\"ImageObject\",\"inLanguage\":\"es\",\"@id\":\"https:\\\/\\\/emisarioec.com\\\/#\\\/schema\\\/logo\\\/image\\\/\",\"url\":\"https:\\\/\\\/emisarioec.com\\\/wp-content\\\/uploads\\\/2025\\\/06\\\/cropped-cropped-emisario-ico.png\",\"contentUrl\":\"https:\\\/\\\/emisarioec.com\\\/wp-content\\\/uploads\\\/2025\\\/06\\\/cropped-cropped-emisario-ico.png\",\"width\":512,\"height\":512,\"caption\":\"Emisario Ec\"},\"image\":{\"@id\":\"https:\\\/\\\/emisarioec.com\\\/#\\\/schema\\\/logo\\\/image\\\/\"}},{\"@type\":\"Person\",\"@id\":\"https:\\\/\\\/emisarioec.com\\\/#\\\/schema\\\/person\\\/2afb9da152d200f9b3feecf5f92da2d5\",\"name\":\"Emisario Ec\",\"url\":\"https:\\\/\\\/emisarioec.com\\\/index.php\\\/author\\\/admin_roberto\\\/\"}]}<\/script>\n<!-- \/ Yoast SEO plugin. -->","yoast_head_json":{"title":"Machala se prepara para recibir a la Reina Mundial del Banano 2026 - Emisario Ec","robots":{"index":"index","follow":"follow","max-snippet":"max-snippet:-1","max-image-preview":"max-image-preview:large","max-video-preview":"max-video-preview:-1"},"canonical":"https:\/\/emisarioec.com\/index.php\/2026\/09\/03\/machala-se-prepara-para-recibir-a-la-reina-mundial-del-banano-2026\/","og_locale":"es_ES","og_type":"article","og_title":"Machala se prepara para recibir a la Reina Mundial del Banano 2026 - Emisario Ec","og_description":"Durante once d\u00edas, la ciudad de Machala recibir\u00e1 a las representantes de distintos pa\u00edses","og_url":"https:\/\/emisarioec.com\/index.php\/2026\/09\/03\/machala-se-prepara-para-recibir-a-la-reina-mundial-del-banano-2026\/","og_site_name":"Emisario Ec","article_published_time":"2026-09-03T16:19:07+00:00","article_modified_time":"2026-09-03T16:22:59+00:00","og_image":[{"width":800,"height":533,"url":"https:\/\/emisarioec.com\/wp-content\/uploads\/2026\/09\/1-6.jpg","type":"image\/jpeg"}],"author":"Emisario Ec","twitter_card":"summary_large_image","twitter_misc":{"Escrito por":"Emisario Ec","Tiempo de lectura":"2 minutos"},"schema":{"@context":"https:\/\/schema.org","@graph":[{"@type":"Article","@id":"https:\/\/emisarioec.com\/index.php\/2026\/09\/03\/machala-se-prepara-para-recibir-a-la-reina-mundial-del-banano-2026\/#article","isPartOf":{"@id":"https:\/\/emisarioec.com\/index.php\/2026\/09\/03\/machala-se-prepara-para-recibir-a-la-reina-mundial-del-banano-2026\/"},"author":{"name":"Emisario Ec","@id":"https:\/\/emisarioec.com\/#\/schema\/person\/2afb9da152d200f9b3feecf5f92da2d5"},"headline":"Machala se prepara para recibir a la Reina Mundial del Banano 2026","datePublished":"2026-09-03T16:19:07+00:00","dateModified":"2026-09-03T16:22:59+00:00","mainEntityOfPage":{"@id":"https:\/\/emisarioec.com\/index.php\/2026\/09\/03\/machala-se-prepara-para-recibir-a-la-reina-mundial-del-banano-2026\/"},"wordCount":290,"publisher":{"@id":"https:\/\/emisarioec.com\/#organization"},"image":{"@id":"https:\/\/emisarioec.com\/index.php\/2026\/09\/03\/machala-se-prepara-para-recibir-a-la-reina-mundial-del-banano-2026\/#primaryimage"},"thumbnailUrl":"https:\/\/emisarioec.com\/wp-content\/uploads\/2026\/09\/1-6.jpg","keywords":["Ecuador","Machala","Reina Mundial del Banano 2026"],"articleSection":["Actualidad"],"inLanguage":"es"},{"@type":"WebPage","@id":"https:\/\/emisarioec.com\/index.php\/2026\/09\/03\/machala-se-prepara-para-recibir-a-la-reina-mundial-del-banano-2026\/","url":"https:\/\/emisarioec.com\/index.php\/2026\/09\/03\/machala-se-prepara-para-recibir-a-la-reina-mundial-del-banano-2026\/","name":"Machala se prepara para recibir a la Reina Mundial del Banano 2026 - Emisario Ec","isPartOf":{"@id":"https:\/\/emisarioec.com\/#website"},"primaryImageOfPage":{"@id":"https:\/\/emisarioec.com\/index.php\/2026\/09\/03\/machala-se-prepara-para-recibir-a-la-reina-mundial-del-banano-2026\/#primaryimage"},"image":{"@id":"https:\/\/emisarioec.com\/index.php\/2026\/09\/03\/machala-se-prepara-para-recibir-a-la-reina-mundial-del-banano-2026\/#primaryimage"},"thumbnailUrl":"https:\/\/emisarioec.com\/wp-content\/uploads\/2026\/09\/1-6.jpg","datePublished":"2026-09-03T16:19:07+00:00","dateModified":"2026-09-03T16:22:59+00:00","breadcrumb":{"@id":"https:\/\/emisarioec.com\/index.php\/2026\/09\/03\/machala-se-prepara-para-recibir-a-la-reina-mundial-del-banano-2026\/#breadcrumb"},"inLanguage":"es","potentialAction":[{"@type":"ReadAction","target":["https:\/\/emisarioec.com\/index.php\/2026\/09\/03\/machala-se-prepara-para-recibir-a-la-reina-mundial-del-banano-2026\/"]}]},{"@type":"ImageObject","inLanguage":"es","@id":"https:\/\/emisarioec.com\/index.php\/2026\/09\/03\/machala-se-prepara-para-recibir-a-la-reina-mundial-del-banano-2026\/#primaryimage","url":"https:\/\/emisarioec.com\/wp-content\/uploads\/2026\/09\/1-6.jpg","contentUrl":"https:\/\/emisarioec.com\/wp-content\/uploads\/2026\/09\/1-6.jpg","width":800,"height":533},{"@type":"BreadcrumbList","@id":"https:\/\/emisarioec.com\/index.php\/2026\/09\/03\/machala-se-prepara-para-recibir-a-la-reina-mundial-del-banano-2026\/#breadcrumb","itemListElement":[{"@type":"ListItem","position":1,"name":"Portada","item":"https:\/\/emisarioec.com\/"},{"@type":"ListItem","position":2,"name":"Machala se prepara para recibir a la Reina Mundial del Banano 2026"}]},{"@type":"WebSite","@id":"https:\/\/emisarioec.com\/#website","url":"https:\/\/emisarioec.com\/","name":"Emisario Ec","description":"Informar es un derecho que corresponde a hechos","publisher":{"@id":"https:\/\/emisarioec.com\/#organization"},"potentialAction":[{"@type":"SearchAction","target":{"@type":"EntryPoint","urlTemplate":"https:\/\/emisarioec.com\/?s={search_term_string}"},"query-input":{"@type":"PropertyValueSpecification","valueRequired":true,"valueName":"search_term_string"}}],"inLanguage":"es"},{"@type":"Organization","@id":"https:\/\/emisarioec.com\/#organization","name":"Emisario Ec","url":"https:\/\/emisarioec.com\/","logo":{"@type":"ImageObject","inLanguage":"es","@id":"https:\/\/emisarioec.com\/#\/schema\/logo\/image\/","url":"https:\/\/emisarioec.com\/wp-content\/uploads\/2025\/06\/cropped-cropped-emisario-ico.png","contentUrl":"https:\/\/emisarioec.com\/wp-content\/uploads\/2025\/06\/cropped-cropped-emisario-ico.png","width":512,"height":512,"caption":"Emisario Ec"},"image":{"@id":"https:\/\/emisarioec.com\/#\/schema\/logo\/image\/"}},{"@type":"Person","@id":"https:\/\/emisarioec.com\/#\/schema\/person\/2afb9da152d200f9b3feecf5f92da2d5","name":"Emisario Ec","url":"https:\/\/emisarioec.com\/index.php\/author\/admin_roberto\/"}]}},"jetpack_featured_media_url":"https:\/\/emisarioec.com\/wp-content\/uploads\/2026\/09\/1-6.jpg","_links":{"self":[{"href":"https:\/\/emisarioec.com\/index.php\/wp-json\/wp\/v2\/posts\/4213","targetHints":{"allow":["GET"]}}],"collection":[{"href":"https:\/\/emisarioec.com\/index.php\/wp-json\/wp\/v2\/posts"}],"about":[{"href":"https:\/\/emisarioec.com\/index.php\/wp-json\/wp\/v2\/types\/post"}],"author":[{"embeddable":true,"href":"https:\/\/emisarioec.com\/index.php\/wp-json\/wp\/v2\/users\/2"}],"replies":[{"embeddable":true,"href":"https:\/\/emisarioec.com\/index.php\/wp-json\/wp\/v2\/comments?post=4213"}],"version-history":[{"count":2,"href":"https:\/\/emisarioec.com\/index.php\/wp-json\/wp\/v2\/posts\/4213\/revisions"}],"predecessor-version":[{"id":4216,"href":"https:\/\/emisarioec.com\/index.php\/wp-json\/wp\/v2\/posts\/4213\/revisions\/4216"}],"wp:featuredmedia":[{"embeddable":true,"href":"https:\/\/emisarioec.com\/index.php\/wp-json\/wp\/v2\/media\/4214"}],"wp:attachment":[{"href":"https:\/\/emisarioec.com\/index.php\/wp-json\/wp\/v2\/media?parent=4213"}],"wp:term":[{"taxonomy":"category","embeddable":true,"href":"https:\/\/emisarioec.com\/index.php\/wp-json\/wp\/v2\/categories?post=4213"},{"taxonomy":"post_tag","embeddable":true,"href":"https:\/\/emisarioec.com\/index.php\/wp-json\/wp\/v2\/tags?post=4213"}],"curies":[{"name":"wp","href":"https:\/\/api.w.org\/{rel}","templated":true}]}}