{"id":4226,"date":"2026-09-03T11:36:38","date_gmt":"2026-09-03T16:36:38","guid":{"rendered":"https:\/\/emisarioec.com\/?p=4226"},"modified":"2026-09-03T11:36:38","modified_gmt":"2026-09-03T16:36:38","slug":"lg-inverter-academy-forma-a-30-jovenes-como-especialistas-en-sistemas-de-aire-acondicionado","status":"publish","type":"post","link":"https:\/\/emisarioec.com\/index.php\/2026\/09\/03\/lg-inverter-academy-forma-a-30-jovenes-como-especialistas-en-sistemas-de-aire-acondicionado\/","title":{"rendered":"LG Inverter Academy forma a 30 j\u00f3venes como especialistas en sistemas de aire acondicionado"},"content":{"rendered":"\n<p class=\"wp-block-paragraph\"><em>Una iniciativa de LG Electronics Ecuador y Fundaci\u00f3n Acci\u00f3n Solidaria que impulsa la formaci\u00f3n t\u00e9cnica y genera nuevas oportunidades para j\u00f3venes.<\/em><\/p>\n\n\n\n<p class=\"wp-block-paragraph\">Por segundo a\u00f1o consecutivo, LG Electronics Ecuador, en alianza con Fundaci\u00f3n Acci\u00f3n Solidaria, llev\u00f3 adelante <strong>LG Inverter Academy<\/strong>, reafirmando su compromiso con la formaci\u00f3n t\u00e9cnica y la generaci\u00f3n de oportunidades para j\u00f3venes ecuatorianos. En esta nueva edici\u00f3n, <strong>30 participantes se graduaron<\/strong> tras adquirir conocimientos especializados en instalaci\u00f3n, mantenimiento y reparaci\u00f3n de sistemas de aire acondicionado con tecnolog\u00eda Inverter.<\/p>\n\n\n\n<p class=\"wp-block-paragraph\">A trav\u00e9s de esta iniciativa, los participantes fortalecieron sus competencias t\u00e9cnicas y adquirieron herramientas que les permiten ampliar sus oportunidades de inserci\u00f3n laboral y emprendimiento en el sector de la climatizaci\u00f3n.<\/p>\n\n\n\n<p class=\"wp-block-paragraph\">La ceremonia de graduaci\u00f3n reuni\u00f3 a representantes de LG Electronics Ecuador, Fundaci\u00f3n Acci\u00f3n Solidaria, autoridades y medios de comunicaci\u00f3n, quienes acompa\u00f1aron a los j\u00f3venes en este importante cierre de su proceso de formaci\u00f3n.<\/p>\n\n\n\n<p class=\"wp-block-paragraph\">Como parte de la culminaci\u00f3n del programa, los participantes recibieron su certificaci\u00f3n como <strong>Especialistas en Aire Acondicionado<\/strong>, avalada por LG Electronics Ecuador y Fundaci\u00f3n Acci\u00f3n Solidaria, que reconoce los conocimientos adquiridos durante su preparaci\u00f3n en el manejo de equipos con tecnolog\u00eda Inverter.<\/p>\n\n\n\n<p class=\"wp-block-paragraph\">\u201cEste programa representa una oportunidad para que los j\u00f3venes no solo desarrollen conocimientos t\u00e9cnicos, sino que tambi\u00e9n descubran nuevas posibilidades para construir su futuro. Desde LG Electronics, nos sentimos orgullosos de acompa\u00f1arlos en este proceso y de contribuir a una formaci\u00f3n que puede abrirles nuevas puertas en el \u00e1mbito profesional\u201d, afirm\u00f3 <strong>Sr. Sun Je Park, Presidente de LG Electronics Ecuador<\/strong><\/p>\n\n\n\n<h3 class=\"wp-block-heading\"><a><\/a>Formaci\u00f3n t\u00e9cnica que abre nuevas oportunidades<\/h3>\n\n\n\n<p class=\"wp-block-paragraph\">Durante tres meses, los participantes completaron <strong>80 horas de capacitaci\u00f3n distribuidas en 20 sesiones<\/strong>, combinando contenidos te\u00f3ricos con actividades pr\u00e1cticas realizadas con equipos residenciales y comerciales de LG Electronics. El proceso estuvo a cargo de instructores de Fundaci\u00f3n Acci\u00f3n Solidaria, con el acompa\u00f1amiento del equipo t\u00e9cnico de LG.<\/p>\n\n\n\n<p class=\"wp-block-paragraph\">Adem\u00e1s de la formaci\u00f3n especializada, el programa incorpor\u00f3 <strong>Masterclasses complementarias<\/strong> orientadas a fortalecer habilidades que aportan al desarrollo profesional de los participantes. Entre ellas se incluyeron:<\/p>\n\n\n\n<ul class=\"wp-block-list\">\n<li><strong>Redes sociales y marca personal profesional<\/strong>, con la elaboraci\u00f3n de un an\u00e1lisis FODA individual y explicaci\u00f3n del uso correcto de las redes sociales a nivel profesional.<\/li>\n\n\n\n<li><strong>Elaboraci\u00f3n de hojas de vida<\/strong>, con el acompa\u00f1amiento del equipo de Recursos Humanos de LG.<\/li>\n\n\n\n<li><strong>Tecnolog\u00eda y conectividad LG<\/strong>, enfocada en brindar conocimientos sobre las herramientas de Inteligencia Artificial y las funciones de conectividad integradas en los productos de la marca.<\/li>\n<\/ul>\n\n\n\n<p class=\"wp-block-paragraph\">\u00abDesde Fundaci\u00f3n Acci\u00f3n Solidaria celebramos esta alianza con LG, que nos permite brindar a 30 j\u00f3venes una formaci\u00f3n integral en instalaci\u00f3n y mantenimiento de aires acondicionados. Esta capacitaci\u00f3n fortalece sus conocimientos y habilidades t\u00e9cnicas, al tiempo que abre nuevas oportunidades de empleo y desarrollo profesional. A trav\u00e9s de esta iniciativa, reafirmamos nuestro compromiso de generar oportunidades que impulsen la autonom\u00eda, el crecimiento personal y una vida digna para cada participante.\u00bb afirm\u00f3 <strong>Daniel Uribe, Director de Programas y Sostenibilidad de Fundaci\u00f3n Acci\u00f3n Solidaria<\/strong><\/p>\n\n\n\n<p class=\"wp-block-paragraph\">La experiencia de LG Inverter Academy demuestra c\u00f3mo la articulaci\u00f3n entre el sector privado y organizaciones sociales puede contribuir a generar oportunidades concretas para j\u00f3venes a trav\u00e9s de la educaci\u00f3n y la capacitaci\u00f3n t\u00e9cnica.<\/p>\n\n\n\n<p class=\"wp-block-paragraph\">Con esta nueva edici\u00f3n, <strong>LG Electronics Ecuador y Fundaci\u00f3n Acci\u00f3n Solidaria reafirman su compromiso con el desarrollo del talento joven, la educaci\u00f3n t\u00e9cnica y la generaci\u00f3n de oportunidades que contribuyan a un crecimiento m\u00e1s inclusivo<\/strong><\/p>\n","protected":false},"excerpt":{"rendered":"<p>Una iniciativa de LG Electronics Ecuador y Fundaci\u00f3n Acci\u00f3n Solidaria que impulsa la formaci\u00f3n t\u00e9cnica y genera nuevas oportunidades para j\u00f3venes. Por segundo a\u00f1o consecutivo, LG Electronics Ecuador, en alianza con Fundaci\u00f3n Acci\u00f3n Solidaria, llev\u00f3 adelante LG Inverter Academy, reafirmando su compromiso con la formaci\u00f3n t\u00e9cnica y la generaci\u00f3n de oportunidades para j\u00f3venes ecuatorianos. En<\/p>\n","protected":false},"author":2,"featured_media":4227,"comment_status":"closed","ping_status":"open","sticky":false,"template":"","format":"standard","meta":{"footnotes":""},"categories":[6],"tags":[33,1855],"class_list":["post-4226","post","type-post","status-publish","format-standard","has-post-thumbnail","hentry","category-actualidad","tag-ecuador","tag-lg-inverter-academy"],"yoast_head":"<!-- This site is optimized with the Yoast SEO plugin v28.4 - https:\/\/yoast.com\/product\/yoast-seo-wordpress\/ -->\n<title>LG Inverter Academy forma a 30 j\u00f3venes como especialistas en sistemas de aire acondicionado - Emisario Ec<\/title>\n<meta name=\"robots\" content=\"index, follow, max-snippet:-1, max-image-preview:large, max-video-preview:-1\" \/>\n<link rel=\"canonical\" href=\"https:\/\/emisarioec.com\/index.php\/2026\/09\/03\/lg-inverter-academy-forma-a-30-jovenes-como-especialistas-en-sistemas-de-aire-acondicionado\/\" \/>\n<meta property=\"og:locale\" content=\"es_ES\" \/>\n<meta property=\"og:type\" content=\"article\" \/>\n<meta property=\"og:title\" content=\"LG Inverter Academy forma a 30 j\u00f3venes como especialistas en sistemas de aire acondicionado - Emisario Ec\" \/>\n<meta property=\"og:description\" content=\"Una iniciativa de LG Electronics Ecuador y Fundaci\u00f3n Acci\u00f3n Solidaria que impulsa la formaci\u00f3n t\u00e9cnica y genera nuevas oportunidades para j\u00f3venes. Por segundo a\u00f1o consecutivo, LG Electronics Ecuador, en alianza con Fundaci\u00f3n Acci\u00f3n Solidaria, llev\u00f3 adelante LG Inverter Academy, reafirmando su compromiso con la formaci\u00f3n t\u00e9cnica y la generaci\u00f3n de oportunidades para j\u00f3venes ecuatorianos. En\" \/>\n<meta property=\"og:url\" content=\"https:\/\/emisarioec.com\/index.php\/2026\/09\/03\/lg-inverter-academy-forma-a-30-jovenes-como-especialistas-en-sistemas-de-aire-acondicionado\/\" \/>\n<meta property=\"og:site_name\" content=\"Emisario Ec\" \/>\n<meta property=\"article:published_time\" content=\"2026-09-03T16:36:38+00:00\" \/>\n<meta property=\"og:image\" content=\"https:\/\/emisarioec.com\/wp-content\/uploads\/2026\/09\/1-9.jpg\" \/>\n\t<meta property=\"og:image:width\" content=\"800\" \/>\n\t<meta property=\"og:image:height\" content=\"533\" \/>\n\t<meta property=\"og:image:type\" content=\"image\/jpeg\" \/>\n<meta name=\"author\" content=\"Emisario Ec\" \/>\n<meta name=\"twitter:card\" content=\"summary_large_image\" \/>\n<meta name=\"twitter:label1\" content=\"Escrito por\" \/>\n\t<meta name=\"twitter:data1\" content=\"Emisario Ec\" \/>\n\t<meta name=\"twitter:label2\" content=\"Tiempo de lectura\" \/>\n\t<meta name=\"twitter:data2\" content=\"3 minutos\" \/>\n<script type=\"application\/ld+json\" class=\"yoast-schema-graph\">{\"@context\":\"https:\\\/\\\/schema.org\",\"@graph\":[{\"@type\":\"Article\",\"@id\":\"https:\\\/\\\/emisarioec.com\\\/index.php\\\/2026\\\/09\\\/03\\\/lg-inverter-academy-forma-a-30-jovenes-como-especialistas-en-sistemas-de-aire-acondicionado\\\/#article\",\"isPartOf\":{\"@id\":\"https:\\\/\\\/emisarioec.com\\\/index.php\\\/2026\\\/09\\\/03\\\/lg-inverter-academy-forma-a-30-jovenes-como-especialistas-en-sistemas-de-aire-acondicionado\\\/\"},\"author\":{\"name\":\"Emisario Ec\",\"@id\":\"https:\\\/\\\/emisarioec.com\\\/#\\\/schema\\\/person\\\/2afb9da152d200f9b3feecf5f92da2d5\"},\"headline\":\"LG Inverter Academy forma a 30 j\u00f3venes como especialistas en sistemas de aire acondicionado\",\"datePublished\":\"2026-09-03T16:36:38+00:00\",\"mainEntityOfPage\":{\"@id\":\"https:\\\/\\\/emisarioec.com\\\/index.php\\\/2026\\\/09\\\/03\\\/lg-inverter-academy-forma-a-30-jovenes-como-especialistas-en-sistemas-de-aire-acondicionado\\\/\"},\"wordCount\":633,\"publisher\":{\"@id\":\"https:\\\/\\\/emisarioec.com\\\/#organization\"},\"image\":{\"@id\":\"https:\\\/\\\/emisarioec.com\\\/index.php\\\/2026\\\/09\\\/03\\\/lg-inverter-academy-forma-a-30-jovenes-como-especialistas-en-sistemas-de-aire-acondicionado\\\/#primaryimage\"},\"thumbnailUrl\":\"https:\\\/\\\/emisarioec.com\\\/wp-content\\\/uploads\\\/2026\\\/09\\\/1-9.jpg\",\"keywords\":[\"Ecuador\",\"LG Inverter Academy\"],\"articleSection\":[\"Actualidad\"],\"inLanguage\":\"es\"},{\"@type\":\"WebPage\",\"@id\":\"https:\\\/\\\/emisarioec.com\\\/index.php\\\/2026\\\/09\\\/03\\\/lg-inverter-academy-forma-a-30-jovenes-como-especialistas-en-sistemas-de-aire-acondicionado\\\/\",\"url\":\"https:\\\/\\\/emisarioec.com\\\/index.php\\\/2026\\\/09\\\/03\\\/lg-inverter-academy-forma-a-30-jovenes-como-especialistas-en-sistemas-de-aire-acondicionado\\\/\",\"name\":\"LG Inverter Academy forma a 30 j\u00f3venes como especialistas en sistemas de aire acondicionado - Emisario Ec\",\"isPartOf\":{\"@id\":\"https:\\\/\\\/emisarioec.com\\\/#website\"},\"primaryImageOfPage\":{\"@id\":\"https:\\\/\\\/emisarioec.com\\\/index.php\\\/2026\\\/09\\\/03\\\/lg-inverter-academy-forma-a-30-jovenes-como-especialistas-en-sistemas-de-aire-acondicionado\\\/#primaryimage\"},\"image\":{\"@id\":\"https:\\\/\\\/emisarioec.com\\\/index.php\\\/2026\\\/09\\\/03\\\/lg-inverter-academy-forma-a-30-jovenes-como-especialistas-en-sistemas-de-aire-acondicionado\\\/#primaryimage\"},\"thumbnailUrl\":\"https:\\\/\\\/emisarioec.com\\\/wp-content\\\/uploads\\\/2026\\\/09\\\/1-9.jpg\",\"datePublished\":\"2026-09-03T16:36:38+00:00\",\"breadcrumb\":{\"@id\":\"https:\\\/\\\/emisarioec.com\\\/index.php\\\/2026\\\/09\\\/03\\\/lg-inverter-academy-forma-a-30-jovenes-como-especialistas-en-sistemas-de-aire-acondicionado\\\/#breadcrumb\"},\"inLanguage\":\"es\",\"potentialAction\":[{\"@type\":\"ReadAction\",\"target\":[\"https:\\\/\\\/emisarioec.com\\\/index.php\\\/2026\\\/09\\\/03\\\/lg-inverter-academy-forma-a-30-jovenes-como-especialistas-en-sistemas-de-aire-acondicionado\\\/\"]}]},{\"@type\":\"ImageObject\",\"inLanguage\":\"es\",\"@id\":\"https:\\\/\\\/emisarioec.com\\\/index.php\\\/2026\\\/09\\\/03\\\/lg-inverter-academy-forma-a-30-jovenes-como-especialistas-en-sistemas-de-aire-acondicionado\\\/#primaryimage\",\"url\":\"https:\\\/\\\/emisarioec.com\\\/wp-content\\\/uploads\\\/2026\\\/09\\\/1-9.jpg\",\"contentUrl\":\"https:\\\/\\\/emisarioec.com\\\/wp-content\\\/uploads\\\/2026\\\/09\\\/1-9.jpg\",\"width\":800,\"height\":533},{\"@type\":\"BreadcrumbList\",\"@id\":\"https:\\\/\\\/emisarioec.com\\\/index.php\\\/2026\\\/09\\\/03\\\/lg-inverter-academy-forma-a-30-jovenes-como-especialistas-en-sistemas-de-aire-acondicionado\\\/#breadcrumb\",\"itemListElement\":[{\"@type\":\"ListItem\",\"position\":1,\"name\":\"Portada\",\"item\":\"https:\\\/\\\/emisarioec.com\\\/\"},{\"@type\":\"ListItem\",\"position\":2,\"name\":\"LG Inverter Academy forma a 30 j\u00f3venes como especialistas en sistemas de aire acondicionado\"}]},{\"@type\":\"WebSite\",\"@id\":\"https:\\\/\\\/emisarioec.com\\\/#website\",\"url\":\"https:\\\/\\\/emisarioec.com\\\/\",\"name\":\"Emisario Ec\",\"description\":\"Informar es un derecho que corresponde a hechos\",\"publisher\":{\"@id\":\"https:\\\/\\\/emisarioec.com\\\/#organization\"},\"potentialAction\":[{\"@type\":\"SearchAction\",\"target\":{\"@type\":\"EntryPoint\",\"urlTemplate\":\"https:\\\/\\\/emisarioec.com\\\/?s={search_term_string}\"},\"query-input\":{\"@type\":\"PropertyValueSpecification\",\"valueRequired\":true,\"valueName\":\"search_term_string\"}}],\"inLanguage\":\"es\"},{\"@type\":\"Organization\",\"@id\":\"https:\\\/\\\/emisarioec.com\\\/#organization\",\"name\":\"Emisario Ec\",\"url\":\"https:\\\/\\\/emisarioec.com\\\/\",\"logo\":{\"@type\":\"ImageObject\",\"inLanguage\":\"es\",\"@id\":\"https:\\\/\\\/emisarioec.com\\\/#\\\/schema\\\/logo\\\/image\\\/\",\"url\":\"https:\\\/\\\/emisarioec.com\\\/wp-content\\\/uploads\\\/2025\\\/06\\\/cropped-cropped-emisario-ico.png\",\"contentUrl\":\"https:\\\/\\\/emisarioec.com\\\/wp-content\\\/uploads\\\/2025\\\/06\\\/cropped-cropped-emisario-ico.png\",\"width\":512,\"height\":512,\"caption\":\"Emisario Ec\"},\"image\":{\"@id\":\"https:\\\/\\\/emisarioec.com\\\/#\\\/schema\\\/logo\\\/image\\\/\"}},{\"@type\":\"Person\",\"@id\":\"https:\\\/\\\/emisarioec.com\\\/#\\\/schema\\\/person\\\/2afb9da152d200f9b3feecf5f92da2d5\",\"name\":\"Emisario Ec\",\"url\":\"https:\\\/\\\/emisarioec.com\\\/index.php\\\/author\\\/admin_roberto\\\/\"}]}<\/script>\n<!-- \/ Yoast SEO plugin. -->","yoast_head_json":{"title":"LG Inverter Academy forma a 30 j\u00f3venes como especialistas en sistemas de aire acondicionado - Emisario Ec","robots":{"index":"index","follow":"follow","max-snippet":"max-snippet:-1","max-image-preview":"max-image-preview:large","max-video-preview":"max-video-preview:-1"},"canonical":"https:\/\/emisarioec.com\/index.php\/2026\/09\/03\/lg-inverter-academy-forma-a-30-jovenes-como-especialistas-en-sistemas-de-aire-acondicionado\/","og_locale":"es_ES","og_type":"article","og_title":"LG Inverter Academy forma a 30 j\u00f3venes como especialistas en sistemas de aire acondicionado - Emisario Ec","og_description":"Una iniciativa de LG Electronics Ecuador y Fundaci\u00f3n Acci\u00f3n Solidaria que impulsa la formaci\u00f3n t\u00e9cnica y genera nuevas oportunidades para j\u00f3venes. Por segundo a\u00f1o consecutivo, LG Electronics Ecuador, en alianza con Fundaci\u00f3n Acci\u00f3n Solidaria, llev\u00f3 adelante LG Inverter Academy, reafirmando su compromiso con la formaci\u00f3n t\u00e9cnica y la generaci\u00f3n de oportunidades para j\u00f3venes ecuatorianos. En","og_url":"https:\/\/emisarioec.com\/index.php\/2026\/09\/03\/lg-inverter-academy-forma-a-30-jovenes-como-especialistas-en-sistemas-de-aire-acondicionado\/","og_site_name":"Emisario Ec","article_published_time":"2026-09-03T16:36:38+00:00","og_image":[{"width":800,"height":533,"url":"https:\/\/emisarioec.com\/wp-content\/uploads\/2026\/09\/1-9.jpg","type":"image\/jpeg"}],"author":"Emisario Ec","twitter_card":"summary_large_image","twitter_misc":{"Escrito por":"Emisario Ec","Tiempo de lectura":"3 minutos"},"schema":{"@context":"https:\/\/schema.org","@graph":[{"@type":"Article","@id":"https:\/\/emisarioec.com\/index.php\/2026\/09\/03\/lg-inverter-academy-forma-a-30-jovenes-como-especialistas-en-sistemas-de-aire-acondicionado\/#article","isPartOf":{"@id":"https:\/\/emisarioec.com\/index.php\/2026\/09\/03\/lg-inverter-academy-forma-a-30-jovenes-como-especialistas-en-sistemas-de-aire-acondicionado\/"},"author":{"name":"Emisario Ec","@id":"https:\/\/emisarioec.com\/#\/schema\/person\/2afb9da152d200f9b3feecf5f92da2d5"},"headline":"LG Inverter Academy forma a 30 j\u00f3venes como especialistas en sistemas de aire acondicionado","datePublished":"2026-09-03T16:36:38+00:00","mainEntityOfPage":{"@id":"https:\/\/emisarioec.com\/index.php\/2026\/09\/03\/lg-inverter-academy-forma-a-30-jovenes-como-especialistas-en-sistemas-de-aire-acondicionado\/"},"wordCount":633,"publisher":{"@id":"https:\/\/emisarioec.com\/#organization"},"image":{"@id":"https:\/\/emisarioec.com\/index.php\/2026\/09\/03\/lg-inverter-academy-forma-a-30-jovenes-como-especialistas-en-sistemas-de-aire-acondicionado\/#primaryimage"},"thumbnailUrl":"https:\/\/emisarioec.com\/wp-content\/uploads\/2026\/09\/1-9.jpg","keywords":["Ecuador","LG Inverter Academy"],"articleSection":["Actualidad"],"inLanguage":"es"},{"@type":"WebPage","@id":"https:\/\/emisarioec.com\/index.php\/2026\/09\/03\/lg-inverter-academy-forma-a-30-jovenes-como-especialistas-en-sistemas-de-aire-acondicionado\/","url":"https:\/\/emisarioec.com\/index.php\/2026\/09\/03\/lg-inverter-academy-forma-a-30-jovenes-como-especialistas-en-sistemas-de-aire-acondicionado\/","name":"LG Inverter Academy forma a 30 j\u00f3venes como especialistas en sistemas de aire acondicionado - Emisario Ec","isPartOf":{"@id":"https:\/\/emisarioec.com\/#website"},"primaryImageOfPage":{"@id":"https:\/\/emisarioec.com\/index.php\/2026\/09\/03\/lg-inverter-academy-forma-a-30-jovenes-como-especialistas-en-sistemas-de-aire-acondicionado\/#primaryimage"},"image":{"@id":"https:\/\/emisarioec.com\/index.php\/2026\/09\/03\/lg-inverter-academy-forma-a-30-jovenes-como-especialistas-en-sistemas-de-aire-acondicionado\/#primaryimage"},"thumbnailUrl":"https:\/\/emisarioec.com\/wp-content\/uploads\/2026\/09\/1-9.jpg","datePublished":"2026-09-03T16:36:38+00:00","breadcrumb":{"@id":"https:\/\/emisarioec.com\/index.php\/2026\/09\/03\/lg-inverter-academy-forma-a-30-jovenes-como-especialistas-en-sistemas-de-aire-acondicionado\/#breadcrumb"},"inLanguage":"es","potentialAction":[{"@type":"ReadAction","target":["https:\/\/emisarioec.com\/index.php\/2026\/09\/03\/lg-inverter-academy-forma-a-30-jovenes-como-especialistas-en-sistemas-de-aire-acondicionado\/"]}]},{"@type":"ImageObject","inLanguage":"es","@id":"https:\/\/emisarioec.com\/index.php\/2026\/09\/03\/lg-inverter-academy-forma-a-30-jovenes-como-especialistas-en-sistemas-de-aire-acondicionado\/#primaryimage","url":"https:\/\/emisarioec.com\/wp-content\/uploads\/2026\/09\/1-9.jpg","contentUrl":"https:\/\/emisarioec.com\/wp-content\/uploads\/2026\/09\/1-9.jpg","width":800,"height":533},{"@type":"BreadcrumbList","@id":"https:\/\/emisarioec.com\/index.php\/2026\/09\/03\/lg-inverter-academy-forma-a-30-jovenes-como-especialistas-en-sistemas-de-aire-acondicionado\/#breadcrumb","itemListElement":[{"@type":"ListItem","position":1,"name":"Portada","item":"https:\/\/emisarioec.com\/"},{"@type":"ListItem","position":2,"name":"LG Inverter Academy forma a 30 j\u00f3venes como especialistas en sistemas de aire acondicionado"}]},{"@type":"WebSite","@id":"https:\/\/emisarioec.com\/#website","url":"https:\/\/emisarioec.com\/","name":"Emisario Ec","description":"Informar es un derecho que corresponde a hechos","publisher":{"@id":"https:\/\/emisarioec.com\/#organization"},"potentialAction":[{"@type":"SearchAction","target":{"@type":"EntryPoint","urlTemplate":"https:\/\/emisarioec.com\/?s={search_term_string}"},"query-input":{"@type":"PropertyValueSpecification","valueRequired":true,"valueName":"search_term_string"}}],"inLanguage":"es"},{"@type":"Organization","@id":"https:\/\/emisarioec.com\/#organization","name":"Emisario Ec","url":"https:\/\/emisarioec.com\/","logo":{"@type":"ImageObject","inLanguage":"es","@id":"https:\/\/emisarioec.com\/#\/schema\/logo\/image\/","url":"https:\/\/emisarioec.com\/wp-content\/uploads\/2025\/06\/cropped-cropped-emisario-ico.png","contentUrl":"https:\/\/emisarioec.com\/wp-content\/uploads\/2025\/06\/cropped-cropped-emisario-ico.png","width":512,"height":512,"caption":"Emisario Ec"},"image":{"@id":"https:\/\/emisarioec.com\/#\/schema\/logo\/image\/"}},{"@type":"Person","@id":"https:\/\/emisarioec.com\/#\/schema\/person\/2afb9da152d200f9b3feecf5f92da2d5","name":"Emisario Ec","url":"https:\/\/emisarioec.com\/index.php\/author\/admin_roberto\/"}]}},"jetpack_featured_media_url":"https:\/\/emisarioec.com\/wp-content\/uploads\/2026\/09\/1-9.jpg","_links":{"self":[{"href":"https:\/\/emisarioec.com\/index.php\/wp-json\/wp\/v2\/posts\/4226","targetHints":{"allow":["GET"]}}],"collection":[{"href":"https:\/\/emisarioec.com\/index.php\/wp-json\/wp\/v2\/posts"}],"about":[{"href":"https:\/\/emisarioec.com\/index.php\/wp-json\/wp\/v2\/types\/post"}],"author":[{"embeddable":true,"href":"https:\/\/emisarioec.com\/index.php\/wp-json\/wp\/v2\/users\/2"}],"replies":[{"embeddable":true,"href":"https:\/\/emisarioec.com\/index.php\/wp-json\/wp\/v2\/comments?post=4226"}],"version-history":[{"count":1,"href":"https:\/\/emisarioec.com\/index.php\/wp-json\/wp\/v2\/posts\/4226\/revisions"}],"predecessor-version":[{"id":4228,"href":"https:\/\/emisarioec.com\/index.php\/wp-json\/wp\/v2\/posts\/4226\/revisions\/4228"}],"wp:featuredmedia":[{"embeddable":true,"href":"https:\/\/emisarioec.com\/index.php\/wp-json\/wp\/v2\/media\/4227"}],"wp:attachment":[{"href":"https:\/\/emisarioec.com\/index.php\/wp-json\/wp\/v2\/media?parent=4226"}],"wp:term":[{"taxonomy":"category","embeddable":true,"href":"https:\/\/emisarioec.com\/index.php\/wp-json\/wp\/v2\/categories?post=4226"},{"taxonomy":"post_tag","embeddable":true,"href":"https:\/\/emisarioec.com\/index.php\/wp-json\/wp\/v2\/tags?post=4226"}],"curies":[{"name":"wp","href":"https:\/\/api.w.org\/{rel}","templated":true}]}}