{"id":772,"date":"2025-09-08T11:14:00","date_gmt":"2025-09-08T16:14:00","guid":{"rendered":"https:\/\/emisarioec.com\/?p=772"},"modified":"2025-09-09T08:20:20","modified_gmt":"2025-09-09T13:20:20","slug":"gobierno-nacional-anuncia-nueva-infraestructura-vial-e-inversion-en-creditos-productivos","status":"publish","type":"post","link":"https:\/\/emisarioec.com\/index.php\/2025\/09\/08\/gobierno-nacional-anuncia-nueva-infraestructura-vial-e-inversion-en-creditos-productivos\/","title":{"rendered":"Gobierno Nacional anuncia nueva infraestructura vial e inversi\u00f3n en Cr\u00e9ditos productivos"},"content":{"rendered":"\n<p>La ma\u00f1ana de este lunes 8 de septiembre, la portavoz de la Presidencia del Ecuador, Carolina Jaramillo Garc\u00e9s, inform\u00f3 al pa\u00eds acciones del Gobierno Nacional en materia vial y productiva; ambas orientadas al desarrollo del pa\u00eds. Tambi\u00e9n dio a conocer sobre una nueva iniciativa en el Instituto Ecuatoriano de Seguridad Social (IESS) para tramitar las quejas y denuncias ciudadanas.<\/p>\n\n\n\n<h1 class=\"wp-block-heading\">LICITACI\u00d3N PARA EJE VIAL<\/h1>\n\n\n\n<p>La portavoz de Carondelet explic\u00f3 que el Gobierno Nacional, a trav\u00e9s del Ministerio de Infraestructura y Transporte, impulsa la licitaci\u00f3n para la construcci\u00f3n del IV eje vial \u201c<em>Tramo Bellavista \u2013 Zumba \u2013 La Balsa\u201d, <\/em>una arteria estrat\u00e9gica para la conexi\u00f3n entre Ecuador y Per\u00fa<em>. <\/em>\u201c<em>Este IV eje vial ser\u00e1 una obra emblem\u00e1tica para el Ecuador que beneficiar\u00e1 a 10.800 habitantes del cant\u00f3n Chinchipe y m\u00e1s de 114.000 ciudadanos de toda la provincia amaz\u00f3nica<\/em>\u201d, sostuvo Jaramillo.<\/p>\n\n\n\n<p>La funcionaria explic\u00f3 que la iniciativa de licitaci\u00f3n se lleva adelante mediante la concreci\u00f3n de un pr\u00e9stamo de USD 150 millones del Banco Interamericano de Desarrollo (BID). La infraestructura contempla: dise\u00f1o, construcci\u00f3n, mantenimiento y supervisi\u00f3n del tramo Bellavista &#8211; Zumba &#8211; La Balsa, de 54,57 kil\u00f3metros.<\/p>\n\n\n\n<p><em>\u201cLa inversi\u00f3n en vialidad es una prioridad del Gobierno para el desarrollo del pa\u00eds; por ello, se encuentra abierta la licitaci\u00f3n de la obra en la p\u00e1gina web del Ministerio de Infraestructura y Transporte, y en la p\u00e1gina web del BID\u201d.<\/em><\/p>\n\n\n\n<h1 class=\"wp-block-heading\">OPERACIONES CREDITICIAS DE BANECUADOR<\/h1>\n\n\n\n<p>Como segundo anuncio, la portavoz de la Presidencia de la Rep\u00fablica afirm\u00f3 que el Gobierno del Nuevo Ecuador, desde noviembre de 2023, ha fortalecido las operaciones de cr\u00e9dito PYME. Mediante Banecuador, se ha colocado USD 166,3 millones en 1.680 operaciones para peque\u00f1as y medianas empresas a nivel nacional. Mientras que, en lo que va del a\u00f1o, se han entregado para cr\u00e9ditos PYME por USD 76,3 millones en 739 operaciones.<\/p>\n\n\n\n<p><em>\u201cEstos cr\u00e9ditos no solo representan financiamiento, sino tambi\u00e9n oportunidades de crecimiento, generaci\u00f3n de empleo y dinamizaci\u00f3n de la econom\u00eda local, aportando directamente al bienestar de miles de familias ecuatorianas y demostrando el compromiso del Estado con el sector productivo<\/em>\u201d, reiter\u00f3 la vocera del gobierno.<\/p>\n\n\n\n<p>La portavoz detall\u00f3 que \u201c<em>BanEcuador impulsa la productividad y sostenibilidad de las PYME otorgando cr\u00e9ditos con condiciones accesibles que facilitan su crecimiento y fortalecimiento en el mercado<\/em>\u201d. Este apoyo financiero consta de montos que van desde los USD 5.000 a los USD 3 millones, a una tasa del 12,27%. A esto se suma un plazo de activo fijo de 10 a\u00f1os y capital de trabajo de hasta 3 a\u00f1os. Asimismo, los requisitos son tan simples como entregar informaci\u00f3n financiera de balances generales y RUC.<\/p>\n\n\n\n<p>Bajo esta perspectiva, Carolina Jaramillo dio a conocer que el segmento comercio es la actividad de mayor financiamiento y que el monto promedio de colocaci\u00f3n es de USD 114 mil por operaci\u00f3n de cr\u00e9dito.<\/p>\n\n\n\n<h1 class=\"wp-block-heading\">CANALES DE SERVICIO DEL IESS<\/h1>\n\n\n\n<p>Finalmente, el tercer anuncio del Gobierno Nacional estuvo orientado a su compromiso con la calidad del servicio a los afiliados del IESS y la lucha frontal contra la corrupci\u00f3n. Con este prop\u00f3sito, explic\u00f3 Jaramillo, se implementaron canales de atenci\u00f3n automatizada para dar tr\u00e1mite a quejas y denuncias de los ciudadanos.<\/p>\n\n\n\n<p>Los afiliados ahora pueden registrar sus denuncias de manera sencilla y directa a trav\u00e9s de la p\u00e1gina web: denuncias.iess.gob.ec y el WhatsApp: 096-253-2338. Estos canales estar\u00e1n disponibles las 24 horas del d\u00eda, los 7 d\u00edas de la semana, asegurando un seguimiento oportuno a los reclamos por mala atenci\u00f3n y a los reportes de presuntos actos irregulares.<\/p>\n\n\n\n<p><em>\u201cEl Gobierno del Ecuador avanza con pasos firmes en la defensa de los derechos de los ciudadanos, promoviendo un IESS m\u00e1s eficiente, transparente y cercano a la gente\u201d, <\/em>concluy\u00f3.<\/p>\n\n\n\n<figure class=\"wp-block-embed is-type-video is-provider-youtube wp-block-embed-youtube wp-embed-aspect-16-9 wp-has-aspect-ratio\"><div class=\"wp-block-embed__wrapper\">\n<iframe title=\"Gobierno Nacional anuncia nueva infraestructura vial e inversi\u00f3n en Cr\u00e9ditos productivos | Emisario\" width=\"960\" height=\"540\" src=\"https:\/\/www.youtube.com\/embed\/DDqbXVhZnHU?feature=oembed\" frameborder=\"0\" allow=\"accelerometer; autoplay; clipboard-write; encrypted-media; gyroscope; picture-in-picture; web-share\" referrerpolicy=\"strict-origin-when-cross-origin\" allowfullscreen><\/iframe>\n<\/div><\/figure>\n","protected":false},"excerpt":{"rendered":"<p>La funcionaria explic\u00f3 que la iniciativa de licitaci\u00f3n se lleva adelante mediante la concreci\u00f3n de un pr\u00e9stamo de USD 150 millones del Banco Interamericano de Desarrollo (BID)<\/p>\n","protected":false},"author":2,"featured_media":773,"comment_status":"closed","ping_status":"open","sticky":false,"template":"","format":"standard","meta":{"footnotes":""},"categories":[9],"tags":[120,33,158,339,99],"class_list":["post-772","post","type-post","status-publish","format-standard","has-post-thumbnail","hentry","category-politica","tag-carolina-jaramillo-garces","tag-ecuador","tag-gobierno-nacional","tag-infraestructura-vial","tag-presidente-daniel-noboa-azin"],"yoast_head":"<!-- This site is optimized with the Yoast SEO plugin v27.4 - https:\/\/yoast.com\/product\/yoast-seo-wordpress\/ -->\n<title>Gobierno Nacional anuncia nueva infraestructura vial e inversi\u00f3n en Cr\u00e9ditos productivos - Emisario Ec<\/title>\n<meta name=\"robots\" content=\"index, follow, max-snippet:-1, max-image-preview:large, max-video-preview:-1\" \/>\n<link rel=\"canonical\" href=\"https:\/\/emisarioec.com\/index.php\/2025\/09\/08\/gobierno-nacional-anuncia-nueva-infraestructura-vial-e-inversion-en-creditos-productivos\/\" \/>\n<meta property=\"og:locale\" content=\"es_ES\" \/>\n<meta property=\"og:type\" content=\"article\" \/>\n<meta property=\"og:title\" content=\"Gobierno Nacional anuncia nueva infraestructura vial e inversi\u00f3n en Cr\u00e9ditos productivos - Emisario Ec\" \/>\n<meta property=\"og:description\" content=\"La funcionaria explic\u00f3 que la iniciativa de licitaci\u00f3n se lleva adelante mediante la concreci\u00f3n de un pr\u00e9stamo de USD 150 millones del Banco Interamericano de Desarrollo (BID)\" \/>\n<meta property=\"og:url\" content=\"https:\/\/emisarioec.com\/index.php\/2025\/09\/08\/gobierno-nacional-anuncia-nueva-infraestructura-vial-e-inversion-en-creditos-productivos\/\" \/>\n<meta property=\"og:site_name\" content=\"Emisario Ec\" \/>\n<meta property=\"article:published_time\" content=\"2025-09-08T16:14:00+00:00\" \/>\n<meta property=\"article:modified_time\" content=\"2025-09-09T13:20:20+00:00\" \/>\n<meta property=\"og:image\" content=\"https:\/\/emisarioec.com\/wp-content\/uploads\/2025\/09\/54774086814_91e847c4cf_c.jpg\" \/>\n\t<meta property=\"og:image:width\" content=\"799\" \/>\n\t<meta property=\"og:image:height\" content=\"533\" \/>\n\t<meta property=\"og:image:type\" content=\"image\/jpeg\" \/>\n<meta name=\"author\" content=\"Emisario Ec\" \/>\n<meta name=\"twitter:card\" content=\"summary_large_image\" \/>\n<meta name=\"twitter:label1\" content=\"Escrito por\" \/>\n\t<meta name=\"twitter:data1\" content=\"Emisario Ec\" \/>\n\t<meta name=\"twitter:label2\" content=\"Tiempo de lectura\" \/>\n\t<meta name=\"twitter:data2\" content=\"3 minutos\" \/>\n<script type=\"application\/ld+json\" class=\"yoast-schema-graph\">{\"@context\":\"https:\\\/\\\/schema.org\",\"@graph\":[{\"@type\":\"Article\",\"@id\":\"https:\\\/\\\/emisarioec.com\\\/index.php\\\/2025\\\/09\\\/08\\\/gobierno-nacional-anuncia-nueva-infraestructura-vial-e-inversion-en-creditos-productivos\\\/#article\",\"isPartOf\":{\"@id\":\"https:\\\/\\\/emisarioec.com\\\/index.php\\\/2025\\\/09\\\/08\\\/gobierno-nacional-anuncia-nueva-infraestructura-vial-e-inversion-en-creditos-productivos\\\/\"},\"author\":{\"name\":\"Emisario Ec\",\"@id\":\"https:\\\/\\\/emisarioec.com\\\/#\\\/schema\\\/person\\\/2afb9da152d200f9b3feecf5f92da2d5\"},\"headline\":\"Gobierno Nacional anuncia nueva infraestructura vial e inversi\u00f3n en Cr\u00e9ditos productivos\",\"datePublished\":\"2025-09-08T16:14:00+00:00\",\"dateModified\":\"2025-09-09T13:20:20+00:00\",\"mainEntityOfPage\":{\"@id\":\"https:\\\/\\\/emisarioec.com\\\/index.php\\\/2025\\\/09\\\/08\\\/gobierno-nacional-anuncia-nueva-infraestructura-vial-e-inversion-en-creditos-productivos\\\/\"},\"wordCount\":656,\"publisher\":{\"@id\":\"https:\\\/\\\/emisarioec.com\\\/#organization\"},\"image\":{\"@id\":\"https:\\\/\\\/emisarioec.com\\\/index.php\\\/2025\\\/09\\\/08\\\/gobierno-nacional-anuncia-nueva-infraestructura-vial-e-inversion-en-creditos-productivos\\\/#primaryimage\"},\"thumbnailUrl\":\"https:\\\/\\\/emisarioec.com\\\/wp-content\\\/uploads\\\/2025\\\/09\\\/54774086814_91e847c4cf_c.jpg\",\"keywords\":[\"Carolina Jaramillo Garc\u00e9s\",\"Ecuador\",\"Gobierno Nacional\",\"infraestructura vial\",\"presidente Daniel Noboa Azin\"],\"articleSection\":[\"Pol\u00edtica\"],\"inLanguage\":\"es\"},{\"@type\":\"WebPage\",\"@id\":\"https:\\\/\\\/emisarioec.com\\\/index.php\\\/2025\\\/09\\\/08\\\/gobierno-nacional-anuncia-nueva-infraestructura-vial-e-inversion-en-creditos-productivos\\\/\",\"url\":\"https:\\\/\\\/emisarioec.com\\\/index.php\\\/2025\\\/09\\\/08\\\/gobierno-nacional-anuncia-nueva-infraestructura-vial-e-inversion-en-creditos-productivos\\\/\",\"name\":\"Gobierno Nacional anuncia nueva infraestructura vial e inversi\u00f3n en Cr\u00e9ditos productivos - Emisario Ec\",\"isPartOf\":{\"@id\":\"https:\\\/\\\/emisarioec.com\\\/#website\"},\"primaryImageOfPage\":{\"@id\":\"https:\\\/\\\/emisarioec.com\\\/index.php\\\/2025\\\/09\\\/08\\\/gobierno-nacional-anuncia-nueva-infraestructura-vial-e-inversion-en-creditos-productivos\\\/#primaryimage\"},\"image\":{\"@id\":\"https:\\\/\\\/emisarioec.com\\\/index.php\\\/2025\\\/09\\\/08\\\/gobierno-nacional-anuncia-nueva-infraestructura-vial-e-inversion-en-creditos-productivos\\\/#primaryimage\"},\"thumbnailUrl\":\"https:\\\/\\\/emisarioec.com\\\/wp-content\\\/uploads\\\/2025\\\/09\\\/54774086814_91e847c4cf_c.jpg\",\"datePublished\":\"2025-09-08T16:14:00+00:00\",\"dateModified\":\"2025-09-09T13:20:20+00:00\",\"breadcrumb\":{\"@id\":\"https:\\\/\\\/emisarioec.com\\\/index.php\\\/2025\\\/09\\\/08\\\/gobierno-nacional-anuncia-nueva-infraestructura-vial-e-inversion-en-creditos-productivos\\\/#breadcrumb\"},\"inLanguage\":\"es\",\"potentialAction\":[{\"@type\":\"ReadAction\",\"target\":[\"https:\\\/\\\/emisarioec.com\\\/index.php\\\/2025\\\/09\\\/08\\\/gobierno-nacional-anuncia-nueva-infraestructura-vial-e-inversion-en-creditos-productivos\\\/\"]}]},{\"@type\":\"ImageObject\",\"inLanguage\":\"es\",\"@id\":\"https:\\\/\\\/emisarioec.com\\\/index.php\\\/2025\\\/09\\\/08\\\/gobierno-nacional-anuncia-nueva-infraestructura-vial-e-inversion-en-creditos-productivos\\\/#primaryimage\",\"url\":\"https:\\\/\\\/emisarioec.com\\\/wp-content\\\/uploads\\\/2025\\\/09\\\/54774086814_91e847c4cf_c.jpg\",\"contentUrl\":\"https:\\\/\\\/emisarioec.com\\\/wp-content\\\/uploads\\\/2025\\\/09\\\/54774086814_91e847c4cf_c.jpg\",\"width\":799,\"height\":533},{\"@type\":\"BreadcrumbList\",\"@id\":\"https:\\\/\\\/emisarioec.com\\\/index.php\\\/2025\\\/09\\\/08\\\/gobierno-nacional-anuncia-nueva-infraestructura-vial-e-inversion-en-creditos-productivos\\\/#breadcrumb\",\"itemListElement\":[{\"@type\":\"ListItem\",\"position\":1,\"name\":\"Portada\",\"item\":\"https:\\\/\\\/emisarioec.com\\\/\"},{\"@type\":\"ListItem\",\"position\":2,\"name\":\"Gobierno Nacional anuncia nueva infraestructura vial e inversi\u00f3n en Cr\u00e9ditos productivos\"}]},{\"@type\":\"WebSite\",\"@id\":\"https:\\\/\\\/emisarioec.com\\\/#website\",\"url\":\"https:\\\/\\\/emisarioec.com\\\/\",\"name\":\"Emisario Ec\",\"description\":\"Informar es un derecho que corresponde a hechos\",\"publisher\":{\"@id\":\"https:\\\/\\\/emisarioec.com\\\/#organization\"},\"potentialAction\":[{\"@type\":\"SearchAction\",\"target\":{\"@type\":\"EntryPoint\",\"urlTemplate\":\"https:\\\/\\\/emisarioec.com\\\/?s={search_term_string}\"},\"query-input\":{\"@type\":\"PropertyValueSpecification\",\"valueRequired\":true,\"valueName\":\"search_term_string\"}}],\"inLanguage\":\"es\"},{\"@type\":\"Organization\",\"@id\":\"https:\\\/\\\/emisarioec.com\\\/#organization\",\"name\":\"Emisario Ec\",\"url\":\"https:\\\/\\\/emisarioec.com\\\/\",\"logo\":{\"@type\":\"ImageObject\",\"inLanguage\":\"es\",\"@id\":\"https:\\\/\\\/emisarioec.com\\\/#\\\/schema\\\/logo\\\/image\\\/\",\"url\":\"https:\\\/\\\/emisarioec.com\\\/wp-content\\\/uploads\\\/2025\\\/06\\\/cropped-cropped-emisario-ico.png\",\"contentUrl\":\"https:\\\/\\\/emisarioec.com\\\/wp-content\\\/uploads\\\/2025\\\/06\\\/cropped-cropped-emisario-ico.png\",\"width\":512,\"height\":512,\"caption\":\"Emisario Ec\"},\"image\":{\"@id\":\"https:\\\/\\\/emisarioec.com\\\/#\\\/schema\\\/logo\\\/image\\\/\"}},{\"@type\":\"Person\",\"@id\":\"https:\\\/\\\/emisarioec.com\\\/#\\\/schema\\\/person\\\/2afb9da152d200f9b3feecf5f92da2d5\",\"name\":\"Emisario Ec\",\"url\":\"https:\\\/\\\/emisarioec.com\\\/index.php\\\/author\\\/admin_roberto\\\/\"}]}<\/script>\n<!-- \/ Yoast SEO plugin. -->","yoast_head_json":{"title":"Gobierno Nacional anuncia nueva infraestructura vial e inversi\u00f3n en Cr\u00e9ditos productivos - Emisario Ec","robots":{"index":"index","follow":"follow","max-snippet":"max-snippet:-1","max-image-preview":"max-image-preview:large","max-video-preview":"max-video-preview:-1"},"canonical":"https:\/\/emisarioec.com\/index.php\/2025\/09\/08\/gobierno-nacional-anuncia-nueva-infraestructura-vial-e-inversion-en-creditos-productivos\/","og_locale":"es_ES","og_type":"article","og_title":"Gobierno Nacional anuncia nueva infraestructura vial e inversi\u00f3n en Cr\u00e9ditos productivos - Emisario Ec","og_description":"La funcionaria explic\u00f3 que la iniciativa de licitaci\u00f3n se lleva adelante mediante la concreci\u00f3n de un pr\u00e9stamo de USD 150 millones del Banco Interamericano de Desarrollo (BID)","og_url":"https:\/\/emisarioec.com\/index.php\/2025\/09\/08\/gobierno-nacional-anuncia-nueva-infraestructura-vial-e-inversion-en-creditos-productivos\/","og_site_name":"Emisario Ec","article_published_time":"2025-09-08T16:14:00+00:00","article_modified_time":"2025-09-09T13:20:20+00:00","og_image":[{"width":799,"height":533,"url":"https:\/\/emisarioec.com\/wp-content\/uploads\/2025\/09\/54774086814_91e847c4cf_c.jpg","type":"image\/jpeg"}],"author":"Emisario Ec","twitter_card":"summary_large_image","twitter_misc":{"Escrito por":"Emisario Ec","Tiempo de lectura":"3 minutos"},"schema":{"@context":"https:\/\/schema.org","@graph":[{"@type":"Article","@id":"https:\/\/emisarioec.com\/index.php\/2025\/09\/08\/gobierno-nacional-anuncia-nueva-infraestructura-vial-e-inversion-en-creditos-productivos\/#article","isPartOf":{"@id":"https:\/\/emisarioec.com\/index.php\/2025\/09\/08\/gobierno-nacional-anuncia-nueva-infraestructura-vial-e-inversion-en-creditos-productivos\/"},"author":{"name":"Emisario Ec","@id":"https:\/\/emisarioec.com\/#\/schema\/person\/2afb9da152d200f9b3feecf5f92da2d5"},"headline":"Gobierno Nacional anuncia nueva infraestructura vial e inversi\u00f3n en Cr\u00e9ditos productivos","datePublished":"2025-09-08T16:14:00+00:00","dateModified":"2025-09-09T13:20:20+00:00","mainEntityOfPage":{"@id":"https:\/\/emisarioec.com\/index.php\/2025\/09\/08\/gobierno-nacional-anuncia-nueva-infraestructura-vial-e-inversion-en-creditos-productivos\/"},"wordCount":656,"publisher":{"@id":"https:\/\/emisarioec.com\/#organization"},"image":{"@id":"https:\/\/emisarioec.com\/index.php\/2025\/09\/08\/gobierno-nacional-anuncia-nueva-infraestructura-vial-e-inversion-en-creditos-productivos\/#primaryimage"},"thumbnailUrl":"https:\/\/emisarioec.com\/wp-content\/uploads\/2025\/09\/54774086814_91e847c4cf_c.jpg","keywords":["Carolina Jaramillo Garc\u00e9s","Ecuador","Gobierno Nacional","infraestructura vial","presidente Daniel Noboa Azin"],"articleSection":["Pol\u00edtica"],"inLanguage":"es"},{"@type":"WebPage","@id":"https:\/\/emisarioec.com\/index.php\/2025\/09\/08\/gobierno-nacional-anuncia-nueva-infraestructura-vial-e-inversion-en-creditos-productivos\/","url":"https:\/\/emisarioec.com\/index.php\/2025\/09\/08\/gobierno-nacional-anuncia-nueva-infraestructura-vial-e-inversion-en-creditos-productivos\/","name":"Gobierno Nacional anuncia nueva infraestructura vial e inversi\u00f3n en Cr\u00e9ditos productivos - Emisario Ec","isPartOf":{"@id":"https:\/\/emisarioec.com\/#website"},"primaryImageOfPage":{"@id":"https:\/\/emisarioec.com\/index.php\/2025\/09\/08\/gobierno-nacional-anuncia-nueva-infraestructura-vial-e-inversion-en-creditos-productivos\/#primaryimage"},"image":{"@id":"https:\/\/emisarioec.com\/index.php\/2025\/09\/08\/gobierno-nacional-anuncia-nueva-infraestructura-vial-e-inversion-en-creditos-productivos\/#primaryimage"},"thumbnailUrl":"https:\/\/emisarioec.com\/wp-content\/uploads\/2025\/09\/54774086814_91e847c4cf_c.jpg","datePublished":"2025-09-08T16:14:00+00:00","dateModified":"2025-09-09T13:20:20+00:00","breadcrumb":{"@id":"https:\/\/emisarioec.com\/index.php\/2025\/09\/08\/gobierno-nacional-anuncia-nueva-infraestructura-vial-e-inversion-en-creditos-productivos\/#breadcrumb"},"inLanguage":"es","potentialAction":[{"@type":"ReadAction","target":["https:\/\/emisarioec.com\/index.php\/2025\/09\/08\/gobierno-nacional-anuncia-nueva-infraestructura-vial-e-inversion-en-creditos-productivos\/"]}]},{"@type":"ImageObject","inLanguage":"es","@id":"https:\/\/emisarioec.com\/index.php\/2025\/09\/08\/gobierno-nacional-anuncia-nueva-infraestructura-vial-e-inversion-en-creditos-productivos\/#primaryimage","url":"https:\/\/emisarioec.com\/wp-content\/uploads\/2025\/09\/54774086814_91e847c4cf_c.jpg","contentUrl":"https:\/\/emisarioec.com\/wp-content\/uploads\/2025\/09\/54774086814_91e847c4cf_c.jpg","width":799,"height":533},{"@type":"BreadcrumbList","@id":"https:\/\/emisarioec.com\/index.php\/2025\/09\/08\/gobierno-nacional-anuncia-nueva-infraestructura-vial-e-inversion-en-creditos-productivos\/#breadcrumb","itemListElement":[{"@type":"ListItem","position":1,"name":"Portada","item":"https:\/\/emisarioec.com\/"},{"@type":"ListItem","position":2,"name":"Gobierno Nacional anuncia nueva infraestructura vial e inversi\u00f3n en Cr\u00e9ditos productivos"}]},{"@type":"WebSite","@id":"https:\/\/emisarioec.com\/#website","url":"https:\/\/emisarioec.com\/","name":"Emisario Ec","description":"Informar es un derecho que corresponde a hechos","publisher":{"@id":"https:\/\/emisarioec.com\/#organization"},"potentialAction":[{"@type":"SearchAction","target":{"@type":"EntryPoint","urlTemplate":"https:\/\/emisarioec.com\/?s={search_term_string}"},"query-input":{"@type":"PropertyValueSpecification","valueRequired":true,"valueName":"search_term_string"}}],"inLanguage":"es"},{"@type":"Organization","@id":"https:\/\/emisarioec.com\/#organization","name":"Emisario Ec","url":"https:\/\/emisarioec.com\/","logo":{"@type":"ImageObject","inLanguage":"es","@id":"https:\/\/emisarioec.com\/#\/schema\/logo\/image\/","url":"https:\/\/emisarioec.com\/wp-content\/uploads\/2025\/06\/cropped-cropped-emisario-ico.png","contentUrl":"https:\/\/emisarioec.com\/wp-content\/uploads\/2025\/06\/cropped-cropped-emisario-ico.png","width":512,"height":512,"caption":"Emisario Ec"},"image":{"@id":"https:\/\/emisarioec.com\/#\/schema\/logo\/image\/"}},{"@type":"Person","@id":"https:\/\/emisarioec.com\/#\/schema\/person\/2afb9da152d200f9b3feecf5f92da2d5","name":"Emisario Ec","url":"https:\/\/emisarioec.com\/index.php\/author\/admin_roberto\/"}]}},"jetpack_featured_media_url":"https:\/\/emisarioec.com\/wp-content\/uploads\/2025\/09\/54774086814_91e847c4cf_c.jpg","_links":{"self":[{"href":"https:\/\/emisarioec.com\/index.php\/wp-json\/wp\/v2\/posts\/772","targetHints":{"allow":["GET"]}}],"collection":[{"href":"https:\/\/emisarioec.com\/index.php\/wp-json\/wp\/v2\/posts"}],"about":[{"href":"https:\/\/emisarioec.com\/index.php\/wp-json\/wp\/v2\/types\/post"}],"author":[{"embeddable":true,"href":"https:\/\/emisarioec.com\/index.php\/wp-json\/wp\/v2\/users\/2"}],"replies":[{"embeddable":true,"href":"https:\/\/emisarioec.com\/index.php\/wp-json\/wp\/v2\/comments?post=772"}],"version-history":[{"count":2,"href":"https:\/\/emisarioec.com\/index.php\/wp-json\/wp\/v2\/posts\/772\/revisions"}],"predecessor-version":[{"id":775,"href":"https:\/\/emisarioec.com\/index.php\/wp-json\/wp\/v2\/posts\/772\/revisions\/775"}],"wp:featuredmedia":[{"embeddable":true,"href":"https:\/\/emisarioec.com\/index.php\/wp-json\/wp\/v2\/media\/773"}],"wp:attachment":[{"href":"https:\/\/emisarioec.com\/index.php\/wp-json\/wp\/v2\/media?parent=772"}],"wp:term":[{"taxonomy":"category","embeddable":true,"href":"https:\/\/emisarioec.com\/index.php\/wp-json\/wp\/v2\/categories?post=772"},{"taxonomy":"post_tag","embeddable":true,"href":"https:\/\/emisarioec.com\/index.php\/wp-json\/wp\/v2\/tags?post=772"}],"curies":[{"name":"wp","href":"https:\/\/api.w.org\/{rel}","templated":true}]}}